{"id":68042,"date":"2013-01-25T12:38:57","date_gmt":"2013-01-25T11:38:57","guid":{"rendered":"http:\/\/www.visit-ulcinj.com\/blog\/?p=68042"},"modified":"2013-01-25T12:47:50","modified_gmt":"2013-01-25T11:47:50","slug":"gjorgje-cetkovic-i-bashkohet-vlaznise-ne-ulqin-video","status":"publish","type":"post","link":"https:\/\/www.visit-ulcinj.com\/blog\/2013\/01\/25\/gjorgje-cetkovic-i-bashkohet-vlaznise-ne-ulqin-video\/","title":{"rendered":"Gjorgje Cetkovic i bashkohet Vlaznis\u00eb n\u00eb Ulqin &#8211; Video"},"content":{"rendered":"<p><b><a href=\"http:\/\/www.visit-ulcinj.com\/blog\/wp-content\/uploads\/2013\/01\/Gjorgje-Cetkovic_Vllaznia_Shkoder.jpg\"><img loading=\"lazy\" class=\"alignleft  wp-image-68049\" alt=\"Gjorgje Cetkovic_Vllaznia_Shkoder\" src=\"http:\/\/www.visit-ulcinj.com\/blog\/wp-content\/uploads\/2013\/01\/Gjorgje-Cetkovic_Vllaznia_Shkoder.jpg\" width=\"508\" height=\"360\" \/><\/a>Nga Gjergj KOLA<\/b><\/p>\n<p><b>Sulmuesi malazez, i cili sezonin e kaluar pati nj\u00eb aventur\u00eb t\u00eb shkurt\u00ebr me Kastriotin, nuk ka ardhur p\u00ebr prov\u00eb dhe sot pritet t\u00eb bisedoj\u00eb p\u00ebr detajet e kontrat\u00ebs<\/b><\/p>\n<p>Pas 6 lojtar\u00ebve t\u00eb par\u00eb t\u00eb ardhur p\u00ebr prov\u00eb dhe t\u00eb larguar brenda dy dit\u00ebsh, te Vllaznia ka mb\u00ebrritur nj\u00eb tjetri huaj, i cili n\u00eb fakt nuk ka ardhur p\u00ebr prov\u00eb. B\u00ebhet fjal\u00eb p\u00ebr sulmuesin malazez, Xhorxhe Cetkovi\u00e7. Ai ka mb\u00ebrritur dje n\u00eb mesdit\u00eb n\u00eb hotel \u201cOlimpik\u201d p\u00ebr llogari t\u00eb skuadr\u00ebs shkodrane dhe pasdite, n\u00eb or\u00ebn 15:00, ka zhvilluar seanc\u00ebn e par\u00eb st\u00ebrvitore me kuqeblut\u00eb.<\/p>\n<p>Ndryshimi me futbollist\u00ebt e tjer\u00eb \u00ebsht\u00eb se Cetkovi\u00e7 nuk ka ardhur te Vllaznia p\u00ebr t\u2019u testuar. Ai do t\u00eb ulet t\u00eb bisedoj\u00eb me drejtuesit e saj p\u00ebr kushtet e kontrat\u00ebs. Ky lojtar nuk \u00ebsht\u00eb i panjohur p\u00ebr kampionatin shqiptar.<\/p>\n<p>Sezonin e kaluar luajti p\u00ebr pak koh\u00eb te Kastrioti, por \u00ebsht\u00eb larguar shpejt, duke kaluar n\u00eb Tailand\u00eb, tek ekipi Buriram United, me t\u00eb cilin ka luajtur deri para pak koh\u00ebsh. N\u00eb momentin e largimit nga Shqip\u00ebria ai i ka paguar nj\u00eb d\u00ebmshp\u00ebrblim klubit krutan p\u00ebr nd\u00ebrprerjen e kontrat\u00ebs. Tani mund t\u00eb kthehet, por k\u00ebt\u00eb her\u00eb p\u00ebr llogari t\u00eb Vllaznis\u00eb. Cetkovi\u00e7 \u00ebsht\u00eb nj\u00eb lojtar me shum\u00eb p\u00ebrvoj\u00eb.<\/p>\n<p>Ai sapo ka mbushur 30 vje\u00e7 dhe n\u00eb karrier\u00ebn e tij ka luajtur edhe n\u00eb Gjermani me Hansa Rostok. N\u00eb Mal t\u00eb Zi nd\u00ebrkoh\u00eb ka luajtur me Budu\u00e7nostin, por ka l\u00ebvizur edhe shum\u00eb jasht\u00eb vendit, teksa ka luajtur edhe me Osnabruckun po n\u00eb Gjermani, \u00ebsht\u00eb aktivizuar edhe n\u00eb Izrael me Bnei Sakhnin, me Gyor n\u00eb Hungari etj.<\/p>\n<p>Bisedimet Pas mb\u00ebrritjes rreth or\u00ebs 13:30 n\u00eb hotelin ku \u00ebsht\u00eb akomoduar ekipi shkodran, sulmuesi malazez nuk ka pasur koh\u00eb t\u00eb pushoj\u00eb, por menj\u00ebher\u00eb \u00ebsht\u00eb bashkuar me t\u00eb n\u00eb st\u00ebrvitje.<\/p>\n<p>Me siguri do t\u00eb bisedohet sot p\u00ebr termat e kontrat\u00ebs. Xhorxhe Cetkovi\u00e7 \u00ebsht\u00eb nj\u00eb lojtar me shum\u00eb p\u00ebrvoj\u00eb, i cili e njeh mir\u00eb port\u00ebn. Drejtuesit e Vllaznis\u00eb e kan\u00eb t\u00eb qart\u00eb se ai nuk ka ardhur p\u00ebr prov\u00eb, por thjesht kan\u00eb dashur t\u00eb shohin parametrat fizik\u00eb dhe sh\u00ebndetsor\u00eb t\u00eb tij para se t\u2019i b\u00ebjn\u00eb ofert\u00ebn.<br \/>\n<a href=\"http:\/\/www.visit-ulcinj.com\/blog\/wp-content\/uploads\/2013\/01\/Gjorgje-Cetkovic_Vllaznia_Shkoder.1.jpg\"><img loading=\"lazy\" class=\"alignleft  wp-image-68050\" alt=\"Gjorgje Cetkovic_Vllaznia_Shkoder.1\" src=\"http:\/\/www.visit-ulcinj.com\/blog\/wp-content\/uploads\/2013\/01\/Gjorgje-Cetkovic_Vllaznia_Shkoder.1.jpg\" width=\"508\" height=\"600\" \/><\/a><\/p>\n<p>Ende nuk ka asgj\u00eb t\u00eb qart\u00eb se p\u00ebr sa koh\u00eb do t\u2019i ofrohet kontrata atij, por me ajo do t\u00eb jet\u00eb p\u00ebr nj\u00eb sezon e gjysm\u00eb. Trajneri Bushati mendon edhe p\u00ebr sezonin e ardhsh\u00ebm, prandaj lojtar\u00ebt q\u00eb do t\u00eb marr\u00eb n\u00eb merkaton e tanishme, duhet t\u2019i ket\u00eb edhe sezonin tjet\u00ebr.<\/p>\n<p>Mili\u00e7 N\u00eb bisedime me drejtuesit e Vllaznis\u00eb ka qen\u00eb edhe nj\u00eb menaxher tjet\u00ebr, i cili k\u00ebrkon t\u00eb sjell\u00eb nj\u00eb sulmues cil\u00ebsor po nga Mali i Zi. B\u00ebhet fjal\u00eb p\u00ebr Bozho Mili\u00e7. Ai \u00ebsht\u00eb nj\u00eb nga sulmuesit m\u00eb t\u00eb mir\u00eb aktualisht t\u00eb kampionatit malazez, ku me Mogren t\u00eb Budvas ka sh\u00ebnuar 8 gola faz\u00ebn e par\u00eb.<\/p>\n<p>Por problemet financiare q\u00eb ka kjo skuad\u00ebr s\u00eb fundi e kan\u00eb detyruar k\u00ebt\u00eb sulmues t\u00eb k\u00ebrkoj\u00eb nj\u00eb \u201cstreh\u00eb\u201d t\u00eb re. N\u00eb fillim drejtuesit shkodran\u00eb i kan\u00eb k\u00ebrkuar q\u00eb t\u00eb vinte p\u00ebr prov\u00eb, por Mili\u00e7 nuk e ka pranuar nj\u00eb gj\u00eb t\u00eb till\u00eb. N\u00eb kushte t\u00eb tilla, mbetet p\u00ebr t\u2019u par\u00eb se cili do jet\u00eb fati i Cetkovi\u00e7it. N\u00ebse ai nuk bie dakord nga ana financiare me Vllaznin\u00eb, me shum\u00eb mund\u00ebsi do t\u00eb nisin bisedimet me Mili\u00e7in.<\/p>\n<p><strong>Sportishqiptar<br \/>\nShekulli Media Group<\/strong><\/p>\n<p><iframe loading=\"lazy\" src=\"http:\/\/www.youtube.com\/embed\/ZvUOjPq73mw?list=PL5492F21296EF7518\" height=\"360\" width=\"508\" allowfullscreen=\"\" frameborder=\"0\"><\/iframe><\/p>\n","protected":false},"excerpt":{"rendered":"<p>Nga Gjergj KOLA Sulmuesi malazez, i cili sezonin e kaluar pati nj\u00eb aventur\u00eb t\u00eb shkurt\u00ebr me Kastriotin, nuk ka ardhur p\u00ebr prov\u00eb dhe sot pritet t\u00eb bisedoj\u00eb p\u00ebr detajet e kontrat\u00ebs Pas 6 lojtar\u00ebve t\u00eb par\u00eb t\u00eb ardhur p\u00ebr prov\u00eb dhe t\u00eb larguar brenda dy dit\u00ebsh, te Vllaznia ka mb\u00ebrritur nj\u00eb tjetri huaj, i cili [&hellip;]<\/p>\n","protected":false},"author":1,"featured_media":0,"comment_status":"open","ping_status":"closed","sticky":false,"template":"","format":"standard","meta":{"spay_email":"","jetpack_publicize_message":"","jetpack_is_tweetstorm":false,"jetpack_publicize_feature_enabled":true},"categories":[6950],"tags":[21692,21727,21729,21726,3617,200,18,21728,21725],"jetpack_publicize_connections":[],"yoast_head":"<!-- This site is optimized with the Yoast SEO plugin v19.1 - https:\/\/yoast.com\/wordpress\/plugins\/seo\/ -->\n<title>Gjorgje Cetkovic i bashkohet Vlaznis\u00eb n\u00eb Ulqin - Video - Lajme nga Ulqini<\/title>\n<meta name=\"description\" content=\"Nga Gjergj KOLA Sulmuesi malazez, i cili sezonin e kaluar pati nj\u00eb aventur\u00eb t\u00eb shkurt\u00ebr me Kastriotin, nuk ka ardhur p\u00ebr prov\u00eb dhe sot pritet t\u00eb bisedoj\u00eb\" \/>\n<meta name=\"robots\" content=\"index, follow, max-snippet:-1, max-image-preview:large, max-video-preview:-1\" \/>\n<link rel=\"canonical\" href=\"https:\/\/www.visit-ulcinj.com\/blog\/2013\/01\/25\/gjorgje-cetkovic-i-bashkohet-vlaznise-ne-ulqin-video\/\" \/>\n<meta property=\"og:locale\" content=\"en_US\" \/>\n<meta property=\"og:type\" content=\"article\" \/>\n<meta property=\"og:title\" content=\"Gjorgje Cetkovic i bashkohet Vlaznis\u00eb n\u00eb Ulqin - Video - Lajme nga Ulqini\" \/>\n<meta property=\"og:description\" content=\"Nga Gjergj KOLA Sulmuesi malazez, i cili sezonin e kaluar pati nj\u00eb aventur\u00eb t\u00eb shkurt\u00ebr me Kastriotin, nuk ka ardhur p\u00ebr prov\u00eb dhe sot pritet t\u00eb bisedoj\u00eb\" \/>\n<meta property=\"og:url\" content=\"https:\/\/www.visit-ulcinj.com\/blog\/2013\/01\/25\/gjorgje-cetkovic-i-bashkohet-vlaznise-ne-ulqin-video\/\" \/>\n<meta property=\"og:site_name\" content=\"Lajme nga Ulqini\" \/>\n<meta property=\"article:published_time\" content=\"2013-01-25T11:38:57+00:00\" \/>\n<meta property=\"article:modified_time\" content=\"2013-01-25T11:47:50+00:00\" \/>\n<meta property=\"og:image\" content=\"http:\/\/www.visit-ulcinj.com\/blog\/wp-content\/uploads\/2013\/01\/Gjorgje-Cetkovic_Vllaznia_Shkoder.jpg\" \/>\n<meta name=\"twitter:label1\" content=\"Written by\" \/>\n\t<meta name=\"twitter:data1\" content=\"ulqini\" \/>\n\t<meta name=\"twitter:label2\" content=\"Est. reading time\" \/>\n\t<meta name=\"twitter:data2\" content=\"3 minutes\" \/>\n<script type=\"application\/ld+json\" class=\"yoast-schema-graph\">{\"@context\":\"https:\/\/schema.org\",\"@graph\":[{\"@type\":\"WebSite\",\"@id\":\"https:\/\/www.visit-ulcinj.com\/blog\/#website\",\"url\":\"https:\/\/www.visit-ulcinj.com\/blog\/\",\"name\":\"Lajme nga Ulqini\",\"description\":\"Lajme,Vijesti,Ulqini,Ulqin,Crna Gora,Mali i Zi\",\"potentialAction\":[{\"@type\":\"SearchAction\",\"target\":{\"@type\":\"EntryPoint\",\"urlTemplate\":\"https:\/\/www.visit-ulcinj.com\/blog\/?s={search_term_string}\"},\"query-input\":\"required name=search_term_string\"}],\"inLanguage\":\"en-US\"},{\"@type\":\"ImageObject\",\"inLanguage\":\"en-US\",\"@id\":\"https:\/\/www.visit-ulcinj.com\/blog\/2013\/01\/25\/gjorgje-cetkovic-i-bashkohet-vlaznise-ne-ulqin-video\/#primaryimage\",\"url\":\"https:\/\/www.visit-ulcinj.com\/blog\/wp-content\/uploads\/2013\/01\/Gjorgje-Cetkovic_Vllaznia_Shkoder.jpg\",\"contentUrl\":\"https:\/\/www.visit-ulcinj.com\/blog\/wp-content\/uploads\/2013\/01\/Gjorgje-Cetkovic_Vllaznia_Shkoder.jpg\",\"width\":608,\"height\":517},{\"@type\":\"WebPage\",\"@id\":\"https:\/\/www.visit-ulcinj.com\/blog\/2013\/01\/25\/gjorgje-cetkovic-i-bashkohet-vlaznise-ne-ulqin-video\/#webpage\",\"url\":\"https:\/\/www.visit-ulcinj.com\/blog\/2013\/01\/25\/gjorgje-cetkovic-i-bashkohet-vlaznise-ne-ulqin-video\/\",\"name\":\"Gjorgje Cetkovic i bashkohet Vlaznis\u00eb n\u00eb Ulqin - Video - Lajme nga Ulqini\",\"isPartOf\":{\"@id\":\"https:\/\/www.visit-ulcinj.com\/blog\/#website\"},\"primaryImageOfPage\":{\"@id\":\"https:\/\/www.visit-ulcinj.com\/blog\/2013\/01\/25\/gjorgje-cetkovic-i-bashkohet-vlaznise-ne-ulqin-video\/#primaryimage\"},\"datePublished\":\"2013-01-25T11:38:57+00:00\",\"dateModified\":\"2013-01-25T11:47:50+00:00\",\"author\":{\"@id\":\"https:\/\/www.visit-ulcinj.com\/blog\/#\/schema\/person\/dcab619c614d3038751c63bc2aadc06d\"},\"description\":\"Nga Gjergj KOLA Sulmuesi malazez, i cili sezonin e kaluar pati nj\u00eb aventur\u00eb t\u00eb shkurt\u00ebr me Kastriotin, nuk ka ardhur p\u00ebr prov\u00eb dhe sot pritet t\u00eb bisedoj\u00eb\",\"breadcrumb\":{\"@id\":\"https:\/\/www.visit-ulcinj.com\/blog\/2013\/01\/25\/gjorgje-cetkovic-i-bashkohet-vlaznise-ne-ulqin-video\/#breadcrumb\"},\"inLanguage\":\"en-US\",\"potentialAction\":[{\"@type\":\"ReadAction\",\"target\":[\"https:\/\/www.visit-ulcinj.com\/blog\/2013\/01\/25\/gjorgje-cetkovic-i-bashkohet-vlaznise-ne-ulqin-video\/\"]}]},{\"@type\":\"BreadcrumbList\",\"@id\":\"https:\/\/www.visit-ulcinj.com\/blog\/2013\/01\/25\/gjorgje-cetkovic-i-bashkohet-vlaznise-ne-ulqin-video\/#breadcrumb\",\"itemListElement\":[{\"@type\":\"ListItem\",\"position\":1,\"name\":\"Gjorgje Cetkovic i bashkohet Vlaznis\u00eb n\u00eb Ulqin &#8211; Video\"}]},{\"@type\":\"Person\",\"@id\":\"https:\/\/www.visit-ulcinj.com\/blog\/#\/schema\/person\/dcab619c614d3038751c63bc2aadc06d\",\"name\":\"ulqini\",\"sameAs\":[\"http:\/\/www.visit-ulcinj.com\"],\"url\":\"https:\/\/www.visit-ulcinj.com\/blog\/author\/admin\/\"}]}<\/script>\n<!-- \/ Yoast SEO plugin. -->","yoast_head_json":{"title":"Gjorgje Cetkovic i bashkohet Vlaznis\u00eb n\u00eb Ulqin - Video - Lajme nga Ulqini","description":"Nga Gjergj KOLA Sulmuesi malazez, i cili sezonin e kaluar pati nj\u00eb aventur\u00eb t\u00eb shkurt\u00ebr me Kastriotin, nuk ka ardhur p\u00ebr prov\u00eb dhe sot pritet t\u00eb bisedoj\u00eb","robots":{"index":"index","follow":"follow","max-snippet":"max-snippet:-1","max-image-preview":"max-image-preview:large","max-video-preview":"max-video-preview:-1"},"canonical":"https:\/\/www.visit-ulcinj.com\/blog\/2013\/01\/25\/gjorgje-cetkovic-i-bashkohet-vlaznise-ne-ulqin-video\/","og_locale":"en_US","og_type":"article","og_title":"Gjorgje Cetkovic i bashkohet Vlaznis\u00eb n\u00eb Ulqin - Video - Lajme nga Ulqini","og_description":"Nga Gjergj KOLA Sulmuesi malazez, i cili sezonin e kaluar pati nj\u00eb aventur\u00eb t\u00eb shkurt\u00ebr me Kastriotin, nuk ka ardhur p\u00ebr prov\u00eb dhe sot pritet t\u00eb bisedoj\u00eb","og_url":"https:\/\/www.visit-ulcinj.com\/blog\/2013\/01\/25\/gjorgje-cetkovic-i-bashkohet-vlaznise-ne-ulqin-video\/","og_site_name":"Lajme nga Ulqini","article_published_time":"2013-01-25T11:38:57+00:00","article_modified_time":"2013-01-25T11:47:50+00:00","og_image":[{"url":"http:\/\/www.visit-ulcinj.com\/blog\/wp-content\/uploads\/2013\/01\/Gjorgje-Cetkovic_Vllaznia_Shkoder.jpg"}],"twitter_misc":{"Written by":"ulqini","Est. reading time":"3 minutes"},"schema":{"@context":"https:\/\/schema.org","@graph":[{"@type":"WebSite","@id":"https:\/\/www.visit-ulcinj.com\/blog\/#website","url":"https:\/\/www.visit-ulcinj.com\/blog\/","name":"Lajme nga Ulqini","description":"Lajme,Vijesti,Ulqini,Ulqin,Crna Gora,Mali i Zi","potentialAction":[{"@type":"SearchAction","target":{"@type":"EntryPoint","urlTemplate":"https:\/\/www.visit-ulcinj.com\/blog\/?s={search_term_string}"},"query-input":"required name=search_term_string"}],"inLanguage":"en-US"},{"@type":"ImageObject","inLanguage":"en-US","@id":"https:\/\/www.visit-ulcinj.com\/blog\/2013\/01\/25\/gjorgje-cetkovic-i-bashkohet-vlaznise-ne-ulqin-video\/#primaryimage","url":"https:\/\/www.visit-ulcinj.com\/blog\/wp-content\/uploads\/2013\/01\/Gjorgje-Cetkovic_Vllaznia_Shkoder.jpg","contentUrl":"https:\/\/www.visit-ulcinj.com\/blog\/wp-content\/uploads\/2013\/01\/Gjorgje-Cetkovic_Vllaznia_Shkoder.jpg","width":608,"height":517},{"@type":"WebPage","@id":"https:\/\/www.visit-ulcinj.com\/blog\/2013\/01\/25\/gjorgje-cetkovic-i-bashkohet-vlaznise-ne-ulqin-video\/#webpage","url":"https:\/\/www.visit-ulcinj.com\/blog\/2013\/01\/25\/gjorgje-cetkovic-i-bashkohet-vlaznise-ne-ulqin-video\/","name":"Gjorgje Cetkovic i bashkohet Vlaznis\u00eb n\u00eb Ulqin - Video - Lajme nga Ulqini","isPartOf":{"@id":"https:\/\/www.visit-ulcinj.com\/blog\/#website"},"primaryImageOfPage":{"@id":"https:\/\/www.visit-ulcinj.com\/blog\/2013\/01\/25\/gjorgje-cetkovic-i-bashkohet-vlaznise-ne-ulqin-video\/#primaryimage"},"datePublished":"2013-01-25T11:38:57+00:00","dateModified":"2013-01-25T11:47:50+00:00","author":{"@id":"https:\/\/www.visit-ulcinj.com\/blog\/#\/schema\/person\/dcab619c614d3038751c63bc2aadc06d"},"description":"Nga Gjergj KOLA Sulmuesi malazez, i cili sezonin e kaluar pati nj\u00eb aventur\u00eb t\u00eb shkurt\u00ebr me Kastriotin, nuk ka ardhur p\u00ebr prov\u00eb dhe sot pritet t\u00eb bisedoj\u00eb","breadcrumb":{"@id":"https:\/\/www.visit-ulcinj.com\/blog\/2013\/01\/25\/gjorgje-cetkovic-i-bashkohet-vlaznise-ne-ulqin-video\/#breadcrumb"},"inLanguage":"en-US","potentialAction":[{"@type":"ReadAction","target":["https:\/\/www.visit-ulcinj.com\/blog\/2013\/01\/25\/gjorgje-cetkovic-i-bashkohet-vlaznise-ne-ulqin-video\/"]}]},{"@type":"BreadcrumbList","@id":"https:\/\/www.visit-ulcinj.com\/blog\/2013\/01\/25\/gjorgje-cetkovic-i-bashkohet-vlaznise-ne-ulqin-video\/#breadcrumb","itemListElement":[{"@type":"ListItem","position":1,"name":"Gjorgje Cetkovic i bashkohet Vlaznis\u00eb n\u00eb Ulqin &#8211; Video"}]},{"@type":"Person","@id":"https:\/\/www.visit-ulcinj.com\/blog\/#\/schema\/person\/dcab619c614d3038751c63bc2aadc06d","name":"ulqini","sameAs":["http:\/\/www.visit-ulcinj.com"],"url":"https:\/\/www.visit-ulcinj.com\/blog\/author\/admin\/"}]}},"jetpack_featured_media_url":"","jetpack_sharing_enabled":true,"jetpack_shortlink":"https:\/\/wp.me\/pe6lTn-hHs","_links":{"self":[{"href":"https:\/\/www.visit-ulcinj.com\/blog\/wp-json\/wp\/v2\/posts\/68042"}],"collection":[{"href":"https:\/\/www.visit-ulcinj.com\/blog\/wp-json\/wp\/v2\/posts"}],"about":[{"href":"https:\/\/www.visit-ulcinj.com\/blog\/wp-json\/wp\/v2\/types\/post"}],"author":[{"embeddable":true,"href":"https:\/\/www.visit-ulcinj.com\/blog\/wp-json\/wp\/v2\/users\/1"}],"replies":[{"embeddable":true,"href":"https:\/\/www.visit-ulcinj.com\/blog\/wp-json\/wp\/v2\/comments?post=68042"}],"version-history":[{"count":5,"href":"https:\/\/www.visit-ulcinj.com\/blog\/wp-json\/wp\/v2\/posts\/68042\/revisions"}],"predecessor-version":[{"id":68047,"href":"https:\/\/www.visit-ulcinj.com\/blog\/wp-json\/wp\/v2\/posts\/68042\/revisions\/68047"}],"wp:attachment":[{"href":"https:\/\/www.visit-ulcinj.com\/blog\/wp-json\/wp\/v2\/media?parent=68042"}],"wp:term":[{"taxonomy":"category","embeddable":true,"href":"https:\/\/www.visit-ulcinj.com\/blog\/wp-json\/wp\/v2\/categories?post=68042"},{"taxonomy":"post_tag","embeddable":true,"href":"https:\/\/www.visit-ulcinj.com\/blog\/wp-json\/wp\/v2\/tags?post=68042"}],"curies":[{"name":"wp","href":"https:\/\/api.w.org\/{rel}","templated":true}]}}