{"id":68056,"date":"2013-01-25T13:25:36","date_gmt":"2013-01-25T12:25:36","guid":{"rendered":"http:\/\/www.visit-ulcinj.com\/blog\/?p=68056"},"modified":"2013-01-25T13:25:36","modified_gmt":"2013-01-25T12:25:36","slug":"horizontin-e-ri-e-vizitoi-ambasadori-i-sllovenise-ne-mal-te-zi-z-vladimir-gasparic","status":"publish","type":"post","link":"https:\/\/www.visit-ulcinj.com\/blog\/2013\/01\/25\/horizontin-e-ri-e-vizitoi-ambasadori-i-sllovenise-ne-mal-te-zi-z-vladimir-gasparic\/","title":{"rendered":"HORIZONTIN e RI e vizitoi Ambasadori i Sllovenis\u00eb n\u00eb Mal t\u00eb Zi, z.Vladimir Gasparic"},"content":{"rendered":"<p><a href=\"http:\/\/www.visit-ulcinj.com\/blog\/wp-content\/uploads\/2013\/01\/Horizontin-e-ri-e-vizitoi-Ambasadori-Vladimir-Gasparic.jpg\"><img loading=\"lazy\" class=\"alignleft  wp-image-68057\" alt=\"Horizontin e ri e vizitoi Ambasadori Vladimir Gasparic\" src=\"http:\/\/www.visit-ulcinj.com\/blog\/wp-content\/uploads\/2013\/01\/Horizontin-e-ri-e-vizitoi-Ambasadori-Vladimir-Gasparic.jpg\" width=\"508\" height=\"360\" \/><\/a>Sot, HORIZONTIN e RI e vizitoi Ambasadori i Sllovenis\u00eb n\u00eb Mal t\u00eb Zi &#8211; Shk\u00eblqesia e tij Vladimir Gaspari\u00e7. Tem\u00eb e takimit ishte: organizimi i aktiviteteve q\u00eb rrisin mb\u00ebshtetjen e popullat\u00ebs p\u00ebr an\u00ebtar\u00ebsim n\u00eb NATO. Ambasada e Sllovenis\u00eb \u00ebsht\u00eb nj\u00ebheri edhe ambasada e kontaktit me NATO n\u00eb Mal t\u00eb Zi.<\/p>\n<p>______________________________________________<br \/>\n<a href=\"http:\/\/www.visit-ulcinj.com\/blog\/wp-content\/uploads\/2013\/01\/Horizontin-e-ri-e-vizitoi-Ambasadori-Vladimir-Gasparic.1.jpg\"><img loading=\"lazy\" class=\"alignleft  wp-image-68058\" alt=\"Horizontin e ri e vizitoi Ambasadori Vladimir Gasparic.1\" src=\"http:\/\/www.visit-ulcinj.com\/blog\/wp-content\/uploads\/2013\/01\/Horizontin-e-ri-e-vizitoi-Ambasadori-Vladimir-Gasparic.1.jpg\" width=\"508\" height=\"300\" \/><\/a><\/p>\n<p>Danas je Novi Horizont posjetio Ambasador Slovenije u Crnoj Gori &#8211; njegova Ekselencija Vladimir Gaspari\u010d. Tema sastanka bila je mogu\u0107nost organizacije aktivnosti koje \u0107e pove\u0107ati nivo podr\u0161ke na\u0161eg stanovni\u0161tva za ulazak u NATO. Ambasada Slovenije je ujedno i kontakt ambasada sa NATO Alijansom za Crnu Goru.<\/p>\n<p><strong><a id=\"js_35\" href=\"https:\/\/www.facebook.com\/horizonti.ngo\" data-hovercard=\"\/ajax\/hovercard\/user.php?id=100001634242248\">Horizonti Ngo Facebook<\/a><\/strong><\/p>\n<p>&nbsp;<\/p>\n","protected":false},"excerpt":{"rendered":"<p>Sot, HORIZONTIN e RI e vizitoi Ambasadori i Sllovenis\u00eb n\u00eb Mal t\u00eb Zi &#8211; Shk\u00eblqesia e tij Vladimir Gaspari\u00e7. Tem\u00eb e takimit ishte: organizimi i aktiviteteve q\u00eb rrisin mb\u00ebshtetjen e popullat\u00ebs p\u00ebr an\u00ebtar\u00ebsim n\u00eb NATO. Ambasada e Sllovenis\u00eb \u00ebsht\u00eb nj\u00ebheri edhe ambasada e kontaktit me NATO n\u00eb Mal t\u00eb Zi. ______________________________________________ Danas je Novi Horizont [&hellip;]<\/p>\n","protected":false},"author":1,"featured_media":0,"comment_status":"open","ping_status":"closed","sticky":false,"template":"","format":"standard","meta":{"spay_email":"","jetpack_publicize_message":"","jetpack_is_tweetstorm":false,"jetpack_publicize_feature_enabled":true},"categories":[6950],"tags":[21735,21734,20,16431,79,19,18,21732,21733],"jetpack_publicize_connections":[],"yoast_head":"<!-- This site is optimized with the Yoast SEO plugin v19.1 - https:\/\/yoast.com\/wordpress\/plugins\/seo\/ -->\n<title>HORIZONTIN e RI e vizitoi Ambasadori i Sllovenis\u00eb n\u00eb Mal t\u00eb Zi, z.Vladimir Gasparic - Lajme nga Ulqini<\/title>\n<meta name=\"description\" content=\"Sot, HORIZONTIN e RI e vizitoi Ambasadori i Sllovenis\u00eb n\u00eb Mal t\u00eb Zi - Shk\u00eblqesia e tij Vladimir Gaspari\u00e7. Tem\u00eb e takimit ishte: organizimi i aktiviteteve\" \/>\n<meta name=\"robots\" content=\"index, follow, max-snippet:-1, max-image-preview:large, max-video-preview:-1\" \/>\n<link rel=\"canonical\" href=\"https:\/\/www.visit-ulcinj.com\/blog\/2013\/01\/25\/horizontin-e-ri-e-vizitoi-ambasadori-i-sllovenise-ne-mal-te-zi-z-vladimir-gasparic\/\" \/>\n<meta property=\"og:locale\" content=\"en_US\" \/>\n<meta property=\"og:type\" content=\"article\" \/>\n<meta property=\"og:title\" content=\"HORIZONTIN e RI e vizitoi Ambasadori i Sllovenis\u00eb n\u00eb Mal t\u00eb Zi, z.Vladimir Gasparic - Lajme nga Ulqini\" \/>\n<meta property=\"og:description\" content=\"Sot, HORIZONTIN e RI e vizitoi Ambasadori i Sllovenis\u00eb n\u00eb Mal t\u00eb Zi - Shk\u00eblqesia e tij Vladimir Gaspari\u00e7. Tem\u00eb e takimit ishte: organizimi i aktiviteteve\" \/>\n<meta property=\"og:url\" content=\"https:\/\/www.visit-ulcinj.com\/blog\/2013\/01\/25\/horizontin-e-ri-e-vizitoi-ambasadori-i-sllovenise-ne-mal-te-zi-z-vladimir-gasparic\/\" \/>\n<meta property=\"og:site_name\" content=\"Lajme nga Ulqini\" \/>\n<meta property=\"article:published_time\" content=\"2013-01-25T12:25:36+00:00\" \/>\n<meta property=\"og:image\" content=\"http:\/\/www.visit-ulcinj.com\/blog\/wp-content\/uploads\/2013\/01\/Horizontin-e-ri-e-vizitoi-Ambasadori-Vladimir-Gasparic.jpg\" \/>\n<meta name=\"twitter:label1\" content=\"Written by\" \/>\n\t<meta name=\"twitter:data1\" content=\"ulqini\" \/>\n\t<meta name=\"twitter:label2\" content=\"Est. reading time\" \/>\n\t<meta name=\"twitter:data2\" content=\"1 minute\" \/>\n<script type=\"application\/ld+json\" class=\"yoast-schema-graph\">{\"@context\":\"https:\/\/schema.org\",\"@graph\":[{\"@type\":\"WebSite\",\"@id\":\"https:\/\/www.visit-ulcinj.com\/blog\/#website\",\"url\":\"https:\/\/www.visit-ulcinj.com\/blog\/\",\"name\":\"Lajme nga Ulqini\",\"description\":\"Lajme,Vijesti,Ulqini,Ulqin,Crna Gora,Mali i Zi\",\"potentialAction\":[{\"@type\":\"SearchAction\",\"target\":{\"@type\":\"EntryPoint\",\"urlTemplate\":\"https:\/\/www.visit-ulcinj.com\/blog\/?s={search_term_string}\"},\"query-input\":\"required name=search_term_string\"}],\"inLanguage\":\"en-US\"},{\"@type\":\"ImageObject\",\"inLanguage\":\"en-US\",\"@id\":\"https:\/\/www.visit-ulcinj.com\/blog\/2013\/01\/25\/horizontin-e-ri-e-vizitoi-ambasadori-i-sllovenise-ne-mal-te-zi-z-vladimir-gasparic\/#primaryimage\",\"url\":\"https:\/\/www.visit-ulcinj.com\/blog\/wp-content\/uploads\/2013\/01\/Horizontin-e-ri-e-vizitoi-Ambasadori-Vladimir-Gasparic.jpg\",\"contentUrl\":\"https:\/\/www.visit-ulcinj.com\/blog\/wp-content\/uploads\/2013\/01\/Horizontin-e-ri-e-vizitoi-Ambasadori-Vladimir-Gasparic.jpg\",\"width\":960,\"height\":720},{\"@type\":\"WebPage\",\"@id\":\"https:\/\/www.visit-ulcinj.com\/blog\/2013\/01\/25\/horizontin-e-ri-e-vizitoi-ambasadori-i-sllovenise-ne-mal-te-zi-z-vladimir-gasparic\/#webpage\",\"url\":\"https:\/\/www.visit-ulcinj.com\/blog\/2013\/01\/25\/horizontin-e-ri-e-vizitoi-ambasadori-i-sllovenise-ne-mal-te-zi-z-vladimir-gasparic\/\",\"name\":\"HORIZONTIN e RI e vizitoi Ambasadori i Sllovenis\u00eb n\u00eb Mal t\u00eb Zi, z.Vladimir Gasparic - Lajme nga Ulqini\",\"isPartOf\":{\"@id\":\"https:\/\/www.visit-ulcinj.com\/blog\/#website\"},\"primaryImageOfPage\":{\"@id\":\"https:\/\/www.visit-ulcinj.com\/blog\/2013\/01\/25\/horizontin-e-ri-e-vizitoi-ambasadori-i-sllovenise-ne-mal-te-zi-z-vladimir-gasparic\/#primaryimage\"},\"datePublished\":\"2013-01-25T12:25:36+00:00\",\"dateModified\":\"2013-01-25T12:25:36+00:00\",\"author\":{\"@id\":\"https:\/\/www.visit-ulcinj.com\/blog\/#\/schema\/person\/dcab619c614d3038751c63bc2aadc06d\"},\"description\":\"Sot, HORIZONTIN e RI e vizitoi Ambasadori i Sllovenis\u00eb n\u00eb Mal t\u00eb Zi - Shk\u00eblqesia e tij Vladimir Gaspari\u00e7. Tem\u00eb e takimit ishte: organizimi i aktiviteteve\",\"breadcrumb\":{\"@id\":\"https:\/\/www.visit-ulcinj.com\/blog\/2013\/01\/25\/horizontin-e-ri-e-vizitoi-ambasadori-i-sllovenise-ne-mal-te-zi-z-vladimir-gasparic\/#breadcrumb\"},\"inLanguage\":\"en-US\",\"potentialAction\":[{\"@type\":\"ReadAction\",\"target\":[\"https:\/\/www.visit-ulcinj.com\/blog\/2013\/01\/25\/horizontin-e-ri-e-vizitoi-ambasadori-i-sllovenise-ne-mal-te-zi-z-vladimir-gasparic\/\"]}]},{\"@type\":\"BreadcrumbList\",\"@id\":\"https:\/\/www.visit-ulcinj.com\/blog\/2013\/01\/25\/horizontin-e-ri-e-vizitoi-ambasadori-i-sllovenise-ne-mal-te-zi-z-vladimir-gasparic\/#breadcrumb\",\"itemListElement\":[{\"@type\":\"ListItem\",\"position\":1,\"name\":\"HORIZONTIN e RI e vizitoi Ambasadori i Sllovenis\u00eb n\u00eb Mal t\u00eb Zi, z.Vladimir Gasparic\"}]},{\"@type\":\"Person\",\"@id\":\"https:\/\/www.visit-ulcinj.com\/blog\/#\/schema\/person\/dcab619c614d3038751c63bc2aadc06d\",\"name\":\"ulqini\",\"sameAs\":[\"http:\/\/www.visit-ulcinj.com\"],\"url\":\"https:\/\/www.visit-ulcinj.com\/blog\/author\/admin\/\"}]}<\/script>\n<!-- \/ Yoast SEO plugin. -->","yoast_head_json":{"title":"HORIZONTIN e RI e vizitoi Ambasadori i Sllovenis\u00eb n\u00eb Mal t\u00eb Zi, z.Vladimir Gasparic - Lajme nga Ulqini","description":"Sot, HORIZONTIN e RI e vizitoi Ambasadori i Sllovenis\u00eb n\u00eb Mal t\u00eb Zi - Shk\u00eblqesia e tij Vladimir Gaspari\u00e7. Tem\u00eb e takimit ishte: organizimi i aktiviteteve","robots":{"index":"index","follow":"follow","max-snippet":"max-snippet:-1","max-image-preview":"max-image-preview:large","max-video-preview":"max-video-preview:-1"},"canonical":"https:\/\/www.visit-ulcinj.com\/blog\/2013\/01\/25\/horizontin-e-ri-e-vizitoi-ambasadori-i-sllovenise-ne-mal-te-zi-z-vladimir-gasparic\/","og_locale":"en_US","og_type":"article","og_title":"HORIZONTIN e RI e vizitoi Ambasadori i Sllovenis\u00eb n\u00eb Mal t\u00eb Zi, z.Vladimir Gasparic - Lajme nga Ulqini","og_description":"Sot, HORIZONTIN e RI e vizitoi Ambasadori i Sllovenis\u00eb n\u00eb Mal t\u00eb Zi - Shk\u00eblqesia e tij Vladimir Gaspari\u00e7. Tem\u00eb e takimit ishte: organizimi i aktiviteteve","og_url":"https:\/\/www.visit-ulcinj.com\/blog\/2013\/01\/25\/horizontin-e-ri-e-vizitoi-ambasadori-i-sllovenise-ne-mal-te-zi-z-vladimir-gasparic\/","og_site_name":"Lajme nga Ulqini","article_published_time":"2013-01-25T12:25:36+00:00","og_image":[{"url":"http:\/\/www.visit-ulcinj.com\/blog\/wp-content\/uploads\/2013\/01\/Horizontin-e-ri-e-vizitoi-Ambasadori-Vladimir-Gasparic.jpg"}],"twitter_misc":{"Written by":"ulqini","Est. reading time":"1 minute"},"schema":{"@context":"https:\/\/schema.org","@graph":[{"@type":"WebSite","@id":"https:\/\/www.visit-ulcinj.com\/blog\/#website","url":"https:\/\/www.visit-ulcinj.com\/blog\/","name":"Lajme nga Ulqini","description":"Lajme,Vijesti,Ulqini,Ulqin,Crna Gora,Mali i Zi","potentialAction":[{"@type":"SearchAction","target":{"@type":"EntryPoint","urlTemplate":"https:\/\/www.visit-ulcinj.com\/blog\/?s={search_term_string}"},"query-input":"required name=search_term_string"}],"inLanguage":"en-US"},{"@type":"ImageObject","inLanguage":"en-US","@id":"https:\/\/www.visit-ulcinj.com\/blog\/2013\/01\/25\/horizontin-e-ri-e-vizitoi-ambasadori-i-sllovenise-ne-mal-te-zi-z-vladimir-gasparic\/#primaryimage","url":"https:\/\/www.visit-ulcinj.com\/blog\/wp-content\/uploads\/2013\/01\/Horizontin-e-ri-e-vizitoi-Ambasadori-Vladimir-Gasparic.jpg","contentUrl":"https:\/\/www.visit-ulcinj.com\/blog\/wp-content\/uploads\/2013\/01\/Horizontin-e-ri-e-vizitoi-Ambasadori-Vladimir-Gasparic.jpg","width":960,"height":720},{"@type":"WebPage","@id":"https:\/\/www.visit-ulcinj.com\/blog\/2013\/01\/25\/horizontin-e-ri-e-vizitoi-ambasadori-i-sllovenise-ne-mal-te-zi-z-vladimir-gasparic\/#webpage","url":"https:\/\/www.visit-ulcinj.com\/blog\/2013\/01\/25\/horizontin-e-ri-e-vizitoi-ambasadori-i-sllovenise-ne-mal-te-zi-z-vladimir-gasparic\/","name":"HORIZONTIN e RI e vizitoi Ambasadori i Sllovenis\u00eb n\u00eb Mal t\u00eb Zi, z.Vladimir Gasparic - Lajme nga Ulqini","isPartOf":{"@id":"https:\/\/www.visit-ulcinj.com\/blog\/#website"},"primaryImageOfPage":{"@id":"https:\/\/www.visit-ulcinj.com\/blog\/2013\/01\/25\/horizontin-e-ri-e-vizitoi-ambasadori-i-sllovenise-ne-mal-te-zi-z-vladimir-gasparic\/#primaryimage"},"datePublished":"2013-01-25T12:25:36+00:00","dateModified":"2013-01-25T12:25:36+00:00","author":{"@id":"https:\/\/www.visit-ulcinj.com\/blog\/#\/schema\/person\/dcab619c614d3038751c63bc2aadc06d"},"description":"Sot, HORIZONTIN e RI e vizitoi Ambasadori i Sllovenis\u00eb n\u00eb Mal t\u00eb Zi - Shk\u00eblqesia e tij Vladimir Gaspari\u00e7. Tem\u00eb e takimit ishte: organizimi i aktiviteteve","breadcrumb":{"@id":"https:\/\/www.visit-ulcinj.com\/blog\/2013\/01\/25\/horizontin-e-ri-e-vizitoi-ambasadori-i-sllovenise-ne-mal-te-zi-z-vladimir-gasparic\/#breadcrumb"},"inLanguage":"en-US","potentialAction":[{"@type":"ReadAction","target":["https:\/\/www.visit-ulcinj.com\/blog\/2013\/01\/25\/horizontin-e-ri-e-vizitoi-ambasadori-i-sllovenise-ne-mal-te-zi-z-vladimir-gasparic\/"]}]},{"@type":"BreadcrumbList","@id":"https:\/\/www.visit-ulcinj.com\/blog\/2013\/01\/25\/horizontin-e-ri-e-vizitoi-ambasadori-i-sllovenise-ne-mal-te-zi-z-vladimir-gasparic\/#breadcrumb","itemListElement":[{"@type":"ListItem","position":1,"name":"HORIZONTIN e RI e vizitoi Ambasadori i Sllovenis\u00eb n\u00eb Mal t\u00eb Zi, z.Vladimir Gasparic"}]},{"@type":"Person","@id":"https:\/\/www.visit-ulcinj.com\/blog\/#\/schema\/person\/dcab619c614d3038751c63bc2aadc06d","name":"ulqini","sameAs":["http:\/\/www.visit-ulcinj.com"],"url":"https:\/\/www.visit-ulcinj.com\/blog\/author\/admin\/"}]}},"jetpack_featured_media_url":"","jetpack_sharing_enabled":true,"jetpack_shortlink":"https:\/\/wp.me\/pe6lTn-hHG","_links":{"self":[{"href":"https:\/\/www.visit-ulcinj.com\/blog\/wp-json\/wp\/v2\/posts\/68056"}],"collection":[{"href":"https:\/\/www.visit-ulcinj.com\/blog\/wp-json\/wp\/v2\/posts"}],"about":[{"href":"https:\/\/www.visit-ulcinj.com\/blog\/wp-json\/wp\/v2\/types\/post"}],"author":[{"embeddable":true,"href":"https:\/\/www.visit-ulcinj.com\/blog\/wp-json\/wp\/v2\/users\/1"}],"replies":[{"embeddable":true,"href":"https:\/\/www.visit-ulcinj.com\/blog\/wp-json\/wp\/v2\/comments?post=68056"}],"version-history":[{"count":1,"href":"https:\/\/www.visit-ulcinj.com\/blog\/wp-json\/wp\/v2\/posts\/68056\/revisions"}],"predecessor-version":[{"id":68059,"href":"https:\/\/www.visit-ulcinj.com\/blog\/wp-json\/wp\/v2\/posts\/68056\/revisions\/68059"}],"wp:attachment":[{"href":"https:\/\/www.visit-ulcinj.com\/blog\/wp-json\/wp\/v2\/media?parent=68056"}],"wp:term":[{"taxonomy":"category","embeddable":true,"href":"https:\/\/www.visit-ulcinj.com\/blog\/wp-json\/wp\/v2\/categories?post=68056"},{"taxonomy":"post_tag","embeddable":true,"href":"https:\/\/www.visit-ulcinj.com\/blog\/wp-json\/wp\/v2\/tags?post=68056"}],"curies":[{"name":"wp","href":"https:\/\/api.w.org\/{rel}","templated":true}]}}