{"id":68062,"date":"2013-01-25T16:27:35","date_gmt":"2013-01-25T15:27:35","guid":{"rendered":"http:\/\/www.visit-ulcinj.com\/blog\/?p=68062"},"modified":"2013-01-25T16:27:35","modified_gmt":"2013-01-25T15:27:35","slug":"kryetari-i-forces-cungu-takon-ambasadorin-slloven-gasparic","status":"publish","type":"post","link":"https:\/\/www.visit-ulcinj.com\/blog\/2013\/01\/25\/kryetari-i-forces-cungu-takon-ambasadorin-slloven-gasparic\/","title":{"rendered":"Kryetari i Forces Cungu takon ambasadorin slloven Gasparic"},"content":{"rendered":"<p><strong><a href=\"http:\/\/www.visit-ulcinj.com\/blog\/wp-content\/uploads\/2013\/01\/Cungu-takon-ambasadorin-slloven-Gasparic.jpg\"><img loading=\"lazy\" class=\"alignleft  wp-image-68063\" alt=\"Cungu takon ambasadorin slloven Gasparic\" src=\"http:\/\/www.visit-ulcinj.com\/blog\/wp-content\/uploads\/2013\/01\/Cungu-takon-ambasadorin-slloven-Gasparic.jpg\" width=\"508\" height=\"360\" \/><\/a>TAKIMI I KRYETARIT T\u00cb FORC\u00cbS ME AMBASADORIN SLLOVEN<\/strong><\/p>\n<p>Ambasadori slloven ne Mal te Zi zoteri Vlladimir Gaspari\u00e7 me k\u00ebrkes\u00eb t\u00eb tij u takua \u00a0me kryetarin e Forc\u00ebs s\u00eb re Demokratike dhe nj\u00ebherit edhe kryetar i Komun\u00ebs s\u00eb Ulqinit, zot\u00ebri Nazif Cungun.<\/p>\n<p>Arsye e takimit t\u00eb ambasadorit slloven me kryetarin Cungu ne nivel partiak, ishte integrimi i Malit t\u00eb Zi n\u00eb NATO dhe bisedimi lidhur me marrjen e postit t\u00eb ambasad\u00ebs sllovene si kontakt ambasad\u00eb gjat\u00eb dy viteve t\u00eb ardhshme p\u00ebr konsultime lidhur me hyrjen e Malit t\u00eb Zi n\u00eb NATO.<\/p>\n<p>Ambasadori Gaspari\u00e7 e njoftoi kryetarin Cungu me procesin e nd\u00ebrmarr\u00eb\u00a0 nga shteti i Sllovenis\u00eb n\u00eb faz\u00ebn p\u00ebrgatitore t\u00eb hyrjes n\u00eb NATO, e cila p\u00ebr Sllovenin\u00eb ka zgjatur 10 vite. Ai poashtu ka theksuar edhe te arriturat e shpejta t\u00eb Malit t\u00eb Zi n\u00eb k\u00ebt\u00eb proces duke shtuar se parashihet q\u00eb Mali i Zi s\u00eb shpejti do t\u00eb fitoj\u00eb ftes\u00ebn p\u00ebr hyrjen n\u00eb NATO.<\/p>\n<p>Zot\u00ebri Cungu duke e falenderuar ambasadorin p\u00ebr vizit\u00eb, e njoftoi me aktvivitetet partiake t\u00eb cilat i ka nd\u00ebrmarr\u00eb Forca gjat\u00eb viteve t\u00eb fundit duke e mb\u00ebshtetur n\u00eb t\u00ebr\u00ebsi procesin e integrimit t\u00eb Malit t\u00eb Zi n\u00eb NATO dhe n\u00eb p\u00ebrgjith\u00ebsi n\u00eb integrimet euroatlantike, si n\u00eb nivel lokal p\u00ebrmes strukturave lokale, ashtu edhe n\u00eb nivel republikan p\u00ebrmes deputetit.<br \/>\n<a href=\"http:\/\/www.visit-ulcinj.com\/blog\/wp-content\/uploads\/2013\/01\/Cungu-takon-ambasadorin-slloven-Gasparic.1.jpg\"><img loading=\"lazy\" class=\"alignleft  wp-image-68064\" alt=\"Cungu takon ambasadorin slloven Gasparic.1\" src=\"http:\/\/www.visit-ulcinj.com\/blog\/wp-content\/uploads\/2013\/01\/Cungu-takon-ambasadorin-slloven-Gasparic.1.jpg\" width=\"508\" height=\"300\" \/><\/a><\/p>\n<p>Ambasadori Gaspari\u00e7 nga kryetari Cungu k\u00ebrkoi edhe mendimin e tij lidhur me hyrjen n\u00eb NATO se si e parasheh ai mendimin e shqiptar\u00ebve n\u00eb k\u00ebt\u00eb proces.<\/p>\n<p>Kryetari Cungu ritheksoi se shqiptar\u00ebt cdoher\u00eb i kan\u00eb mb\u00ebshtetur proceset euroatlantike dhe k\u00ebt\u00eb do ta b\u00ebjn\u00eb edhe n\u00eb t\u00eb ardhmen pa asnj\u00eb rezerv\u00eb.<\/p>\n<p>Poashtu zot\u00ebri Cungu e njoftoi ambasadorin slloven edhe me \u00e7\u00ebshtjet aktuale n\u00eb komun\u00ebn e Ulqinit, me pun\u00ebt t\u00eb cilat po nd\u00ebrmerren,\u00a0 duke vler\u00ebsuar bashk\u00ebpunimin e mir\u00eb me Komun\u00ebn e Velenjes n\u00eb Slloveni e cila po e ndihmon komun\u00ebn e Ulqinit p\u00ebrmes projekteve IPA.<\/p>\n<p>Ambasadori Gaspari\u00e7 e falenderoi zot\u00ebri Cungun p\u00ebr k\u00ebt\u00eb takim dhe i premtoi mb\u00ebshtetje dhe bashk\u00ebpunim t\u00eb mir\u00eb n\u00eb periudh\u00ebn e ardhshme.<\/p>\n<p><strong>FORCA E RE DEMOKRATIKE<\/strong><\/p>\n<p><strong>NOVA DEMOKRATSKA SNAGA<\/strong><\/p>\n<p><strong>Bul. Skenderbeupn\/bb 85360 Ulqin\/Ulcinj<\/strong><\/p>\n<p><strong>Tel:. +382 030 401 760 Fax:; +382 030 401 761<\/strong><\/p>\n<p><strong>info@forca.me, www.forca.me<\/strong><\/p>\n","protected":false},"excerpt":{"rendered":"<p>TAKIMI I KRYETARIT T\u00cb FORC\u00cbS ME AMBASADORIN SLLOVEN Ambasadori slloven ne Mal te Zi zoteri Vlladimir Gaspari\u00e7 me k\u00ebrkes\u00eb t\u00eb tij u takua \u00a0me kryetarin e Forc\u00ebs s\u00eb re Demokratike dhe nj\u00ebherit edhe kryetar i Komun\u00ebs s\u00eb Ulqinit, zot\u00ebri Nazif Cungun. Arsye e takimit t\u00eb ambasadorit slloven me kryetarin Cungu ne nivel partiak, ishte integrimi [&hellip;]<\/p>\n","protected":false},"author":1,"featured_media":0,"comment_status":"open","ping_status":"closed","sticky":false,"template":"","format":"standard","meta":{"spay_email":"","jetpack_publicize_message":"","jetpack_is_tweetstorm":false,"jetpack_publicize_feature_enabled":true},"categories":[6],"tags":[21734,21737,21738,874,672,118,17635,21739,21733],"jetpack_publicize_connections":[],"yoast_head":"<!-- This site is optimized with the Yoast SEO plugin v19.1 - https:\/\/yoast.com\/wordpress\/plugins\/seo\/ -->\n<title>Kryetari i Forces Cungu takon ambasadorin slloven Gasparic - Lajme nga Ulqini<\/title>\n<meta name=\"description\" content=\"TAKIMI I KRYETARIT T\u00cb FORC\u00cbS ME AMBASADORIN SLLOVEN Ambasadori slloven ne Mal te Zi zoteri Vlladimir Gaspari\u00e7 me k\u00ebrkes\u00eb t\u00eb tij u takua \u00a0me kryetarin e\" \/>\n<meta name=\"robots\" content=\"index, follow, max-snippet:-1, max-image-preview:large, max-video-preview:-1\" \/>\n<link rel=\"canonical\" href=\"https:\/\/www.visit-ulcinj.com\/blog\/2013\/01\/25\/kryetari-i-forces-cungu-takon-ambasadorin-slloven-gasparic\/\" \/>\n<meta property=\"og:locale\" content=\"en_US\" \/>\n<meta property=\"og:type\" content=\"article\" \/>\n<meta property=\"og:title\" content=\"Kryetari i Forces Cungu takon ambasadorin slloven Gasparic - Lajme nga Ulqini\" \/>\n<meta property=\"og:description\" content=\"TAKIMI I KRYETARIT T\u00cb FORC\u00cbS ME AMBASADORIN SLLOVEN Ambasadori slloven ne Mal te Zi zoteri Vlladimir Gaspari\u00e7 me k\u00ebrkes\u00eb t\u00eb tij u takua \u00a0me kryetarin e\" \/>\n<meta property=\"og:url\" content=\"https:\/\/www.visit-ulcinj.com\/blog\/2013\/01\/25\/kryetari-i-forces-cungu-takon-ambasadorin-slloven-gasparic\/\" \/>\n<meta property=\"og:site_name\" content=\"Lajme nga Ulqini\" \/>\n<meta property=\"article:published_time\" content=\"2013-01-25T15:27:35+00:00\" \/>\n<meta property=\"og:image\" content=\"http:\/\/www.visit-ulcinj.com\/blog\/wp-content\/uploads\/2013\/01\/Cungu-takon-ambasadorin-slloven-Gasparic.jpg\" \/>\n<meta name=\"twitter:label1\" content=\"Written by\" \/>\n\t<meta name=\"twitter:data1\" content=\"ulqini\" \/>\n\t<meta name=\"twitter:label2\" content=\"Est. reading time\" \/>\n\t<meta name=\"twitter:data2\" content=\"2 minutes\" \/>\n<script type=\"application\/ld+json\" class=\"yoast-schema-graph\">{\"@context\":\"https:\/\/schema.org\",\"@graph\":[{\"@type\":\"WebSite\",\"@id\":\"https:\/\/www.visit-ulcinj.com\/blog\/#website\",\"url\":\"https:\/\/www.visit-ulcinj.com\/blog\/\",\"name\":\"Lajme nga Ulqini\",\"description\":\"Lajme,Vijesti,Ulqini,Ulqin,Crna Gora,Mali i Zi\",\"potentialAction\":[{\"@type\":\"SearchAction\",\"target\":{\"@type\":\"EntryPoint\",\"urlTemplate\":\"https:\/\/www.visit-ulcinj.com\/blog\/?s={search_term_string}\"},\"query-input\":\"required name=search_term_string\"}],\"inLanguage\":\"en-US\"},{\"@type\":\"ImageObject\",\"inLanguage\":\"en-US\",\"@id\":\"https:\/\/www.visit-ulcinj.com\/blog\/2013\/01\/25\/kryetari-i-forces-cungu-takon-ambasadorin-slloven-gasparic\/#primaryimage\",\"url\":\"https:\/\/www.visit-ulcinj.com\/blog\/wp-content\/uploads\/2013\/01\/Cungu-takon-ambasadorin-slloven-Gasparic.jpg\",\"contentUrl\":\"https:\/\/www.visit-ulcinj.com\/blog\/wp-content\/uploads\/2013\/01\/Cungu-takon-ambasadorin-slloven-Gasparic.jpg\",\"width\":1111,\"height\":736},{\"@type\":\"WebPage\",\"@id\":\"https:\/\/www.visit-ulcinj.com\/blog\/2013\/01\/25\/kryetari-i-forces-cungu-takon-ambasadorin-slloven-gasparic\/#webpage\",\"url\":\"https:\/\/www.visit-ulcinj.com\/blog\/2013\/01\/25\/kryetari-i-forces-cungu-takon-ambasadorin-slloven-gasparic\/\",\"name\":\"Kryetari i Forces Cungu takon ambasadorin slloven Gasparic - Lajme nga Ulqini\",\"isPartOf\":{\"@id\":\"https:\/\/www.visit-ulcinj.com\/blog\/#website\"},\"primaryImageOfPage\":{\"@id\":\"https:\/\/www.visit-ulcinj.com\/blog\/2013\/01\/25\/kryetari-i-forces-cungu-takon-ambasadorin-slloven-gasparic\/#primaryimage\"},\"datePublished\":\"2013-01-25T15:27:35+00:00\",\"dateModified\":\"2013-01-25T15:27:35+00:00\",\"author\":{\"@id\":\"https:\/\/www.visit-ulcinj.com\/blog\/#\/schema\/person\/dcab619c614d3038751c63bc2aadc06d\"},\"description\":\"TAKIMI I KRYETARIT T\u00cb FORC\u00cbS ME AMBASADORIN SLLOVEN Ambasadori slloven ne Mal te Zi zoteri Vlladimir Gaspari\u00e7 me k\u00ebrkes\u00eb t\u00eb tij u takua \u00a0me kryetarin e\",\"breadcrumb\":{\"@id\":\"https:\/\/www.visit-ulcinj.com\/blog\/2013\/01\/25\/kryetari-i-forces-cungu-takon-ambasadorin-slloven-gasparic\/#breadcrumb\"},\"inLanguage\":\"en-US\",\"potentialAction\":[{\"@type\":\"ReadAction\",\"target\":[\"https:\/\/www.visit-ulcinj.com\/blog\/2013\/01\/25\/kryetari-i-forces-cungu-takon-ambasadorin-slloven-gasparic\/\"]}]},{\"@type\":\"BreadcrumbList\",\"@id\":\"https:\/\/www.visit-ulcinj.com\/blog\/2013\/01\/25\/kryetari-i-forces-cungu-takon-ambasadorin-slloven-gasparic\/#breadcrumb\",\"itemListElement\":[{\"@type\":\"ListItem\",\"position\":1,\"name\":\"Kryetari i Forces Cungu takon ambasadorin slloven Gasparic\"}]},{\"@type\":\"Person\",\"@id\":\"https:\/\/www.visit-ulcinj.com\/blog\/#\/schema\/person\/dcab619c614d3038751c63bc2aadc06d\",\"name\":\"ulqini\",\"sameAs\":[\"http:\/\/www.visit-ulcinj.com\"],\"url\":\"https:\/\/www.visit-ulcinj.com\/blog\/author\/admin\/\"}]}<\/script>\n<!-- \/ Yoast SEO plugin. -->","yoast_head_json":{"title":"Kryetari i Forces Cungu takon ambasadorin slloven Gasparic - Lajme nga Ulqini","description":"TAKIMI I KRYETARIT T\u00cb FORC\u00cbS ME AMBASADORIN SLLOVEN Ambasadori slloven ne Mal te Zi zoteri Vlladimir Gaspari\u00e7 me k\u00ebrkes\u00eb t\u00eb tij u takua \u00a0me kryetarin e","robots":{"index":"index","follow":"follow","max-snippet":"max-snippet:-1","max-image-preview":"max-image-preview:large","max-video-preview":"max-video-preview:-1"},"canonical":"https:\/\/www.visit-ulcinj.com\/blog\/2013\/01\/25\/kryetari-i-forces-cungu-takon-ambasadorin-slloven-gasparic\/","og_locale":"en_US","og_type":"article","og_title":"Kryetari i Forces Cungu takon ambasadorin slloven Gasparic - Lajme nga Ulqini","og_description":"TAKIMI I KRYETARIT T\u00cb FORC\u00cbS ME AMBASADORIN SLLOVEN Ambasadori slloven ne Mal te Zi zoteri Vlladimir Gaspari\u00e7 me k\u00ebrkes\u00eb t\u00eb tij u takua \u00a0me kryetarin e","og_url":"https:\/\/www.visit-ulcinj.com\/blog\/2013\/01\/25\/kryetari-i-forces-cungu-takon-ambasadorin-slloven-gasparic\/","og_site_name":"Lajme nga Ulqini","article_published_time":"2013-01-25T15:27:35+00:00","og_image":[{"url":"http:\/\/www.visit-ulcinj.com\/blog\/wp-content\/uploads\/2013\/01\/Cungu-takon-ambasadorin-slloven-Gasparic.jpg"}],"twitter_misc":{"Written by":"ulqini","Est. reading time":"2 minutes"},"schema":{"@context":"https:\/\/schema.org","@graph":[{"@type":"WebSite","@id":"https:\/\/www.visit-ulcinj.com\/blog\/#website","url":"https:\/\/www.visit-ulcinj.com\/blog\/","name":"Lajme nga Ulqini","description":"Lajme,Vijesti,Ulqini,Ulqin,Crna Gora,Mali i Zi","potentialAction":[{"@type":"SearchAction","target":{"@type":"EntryPoint","urlTemplate":"https:\/\/www.visit-ulcinj.com\/blog\/?s={search_term_string}"},"query-input":"required name=search_term_string"}],"inLanguage":"en-US"},{"@type":"ImageObject","inLanguage":"en-US","@id":"https:\/\/www.visit-ulcinj.com\/blog\/2013\/01\/25\/kryetari-i-forces-cungu-takon-ambasadorin-slloven-gasparic\/#primaryimage","url":"https:\/\/www.visit-ulcinj.com\/blog\/wp-content\/uploads\/2013\/01\/Cungu-takon-ambasadorin-slloven-Gasparic.jpg","contentUrl":"https:\/\/www.visit-ulcinj.com\/blog\/wp-content\/uploads\/2013\/01\/Cungu-takon-ambasadorin-slloven-Gasparic.jpg","width":1111,"height":736},{"@type":"WebPage","@id":"https:\/\/www.visit-ulcinj.com\/blog\/2013\/01\/25\/kryetari-i-forces-cungu-takon-ambasadorin-slloven-gasparic\/#webpage","url":"https:\/\/www.visit-ulcinj.com\/blog\/2013\/01\/25\/kryetari-i-forces-cungu-takon-ambasadorin-slloven-gasparic\/","name":"Kryetari i Forces Cungu takon ambasadorin slloven Gasparic - Lajme nga Ulqini","isPartOf":{"@id":"https:\/\/www.visit-ulcinj.com\/blog\/#website"},"primaryImageOfPage":{"@id":"https:\/\/www.visit-ulcinj.com\/blog\/2013\/01\/25\/kryetari-i-forces-cungu-takon-ambasadorin-slloven-gasparic\/#primaryimage"},"datePublished":"2013-01-25T15:27:35+00:00","dateModified":"2013-01-25T15:27:35+00:00","author":{"@id":"https:\/\/www.visit-ulcinj.com\/blog\/#\/schema\/person\/dcab619c614d3038751c63bc2aadc06d"},"description":"TAKIMI I KRYETARIT T\u00cb FORC\u00cbS ME AMBASADORIN SLLOVEN Ambasadori slloven ne Mal te Zi zoteri Vlladimir Gaspari\u00e7 me k\u00ebrkes\u00eb t\u00eb tij u takua \u00a0me kryetarin e","breadcrumb":{"@id":"https:\/\/www.visit-ulcinj.com\/blog\/2013\/01\/25\/kryetari-i-forces-cungu-takon-ambasadorin-slloven-gasparic\/#breadcrumb"},"inLanguage":"en-US","potentialAction":[{"@type":"ReadAction","target":["https:\/\/www.visit-ulcinj.com\/blog\/2013\/01\/25\/kryetari-i-forces-cungu-takon-ambasadorin-slloven-gasparic\/"]}]},{"@type":"BreadcrumbList","@id":"https:\/\/www.visit-ulcinj.com\/blog\/2013\/01\/25\/kryetari-i-forces-cungu-takon-ambasadorin-slloven-gasparic\/#breadcrumb","itemListElement":[{"@type":"ListItem","position":1,"name":"Kryetari i Forces Cungu takon ambasadorin slloven Gasparic"}]},{"@type":"Person","@id":"https:\/\/www.visit-ulcinj.com\/blog\/#\/schema\/person\/dcab619c614d3038751c63bc2aadc06d","name":"ulqini","sameAs":["http:\/\/www.visit-ulcinj.com"],"url":"https:\/\/www.visit-ulcinj.com\/blog\/author\/admin\/"}]}},"jetpack_featured_media_url":"","jetpack_sharing_enabled":true,"jetpack_shortlink":"https:\/\/wp.me\/pe6lTn-hHM","_links":{"self":[{"href":"https:\/\/www.visit-ulcinj.com\/blog\/wp-json\/wp\/v2\/posts\/68062"}],"collection":[{"href":"https:\/\/www.visit-ulcinj.com\/blog\/wp-json\/wp\/v2\/posts"}],"about":[{"href":"https:\/\/www.visit-ulcinj.com\/blog\/wp-json\/wp\/v2\/types\/post"}],"author":[{"embeddable":true,"href":"https:\/\/www.visit-ulcinj.com\/blog\/wp-json\/wp\/v2\/users\/1"}],"replies":[{"embeddable":true,"href":"https:\/\/www.visit-ulcinj.com\/blog\/wp-json\/wp\/v2\/comments?post=68062"}],"version-history":[{"count":1,"href":"https:\/\/www.visit-ulcinj.com\/blog\/wp-json\/wp\/v2\/posts\/68062\/revisions"}],"predecessor-version":[{"id":68065,"href":"https:\/\/www.visit-ulcinj.com\/blog\/wp-json\/wp\/v2\/posts\/68062\/revisions\/68065"}],"wp:attachment":[{"href":"https:\/\/www.visit-ulcinj.com\/blog\/wp-json\/wp\/v2\/media?parent=68062"}],"wp:term":[{"taxonomy":"category","embeddable":true,"href":"https:\/\/www.visit-ulcinj.com\/blog\/wp-json\/wp\/v2\/categories?post=68062"},{"taxonomy":"post_tag","embeddable":true,"href":"https:\/\/www.visit-ulcinj.com\/blog\/wp-json\/wp\/v2\/tags?post=68062"}],"curies":[{"name":"wp","href":"https:\/\/api.w.org\/{rel}","templated":true}]}}