{"id":68067,"date":"2013-01-25T17:15:15","date_gmt":"2013-01-25T16:15:15","guid":{"rendered":"http:\/\/www.visit-ulcinj.com\/blog\/?p=68067"},"modified":"2013-01-25T17:17:03","modified_gmt":"2013-01-25T16:17:03","slug":"vjollca-luka-ben-humor-me-gjovanin-zanin-me-ma-cu-dreqi-than","status":"publish","type":"post","link":"https:\/\/www.visit-ulcinj.com\/blog\/2013\/01\/25\/vjollca-luka-ben-humor-me-gjovanin-zanin-me-ma-cu-dreqi-than\/","title":{"rendered":"Vjollca Luka ben humor me Gjovanin: Zanin me ma \u00e7u  dreqi t&#8217;han"},"content":{"rendered":"<p><a href=\"http:\/\/www.visit-ulcinj.com\/blog\/wp-content\/uploads\/2013\/01\/Vjollca-Luka-Gjovani-Gjoni.jpg\"><img loading=\"lazy\" class=\"alignleft  wp-image-68068\" alt=\"Vjollca-Luka-Gjovani-Gjoni\" src=\"http:\/\/www.visit-ulcinj.com\/blog\/wp-content\/uploads\/2013\/01\/Vjollca-Luka-Gjovani-Gjoni.jpg\" width=\"508\" height=\"360\" \/><\/a>Ne moshen 19 vje\u00e7are Gjovani Gjonaj u be kengtar i ngjohur dhe kenga e pare e tij ishte &#8221; Porosia e At Gjergj Fishtes &#8221; pas nje kohe ai shkoj ne Amerik per fame dhe u lidh me kengetaren e njohur Vjollca Luka dhe ata pas nje kohe u martuan dhe kane 2 vajza njera 9 vje\u00e7are dhe tjetra 6 vje\u00e7are. Keng e fundin e Gjovanit quhet &#8220;Lypsari&#8221; kenga u pelqye shume nga publiku i gjer\u00eb.<\/p>\n<p><a href=\"http:\/\/www.visit-ulcinj.com\/blog\/wp-content\/uploads\/2013\/01\/VjollcaLuka-GjovaniGjoni.3.jpg\"><img loading=\"lazy\" class=\"alignleft  wp-image-68069\" alt=\"VjollcaLuka-GjovaniGjoni.3\" src=\"http:\/\/www.visit-ulcinj.com\/blog\/wp-content\/uploads\/2013\/01\/VjollcaLuka-GjovaniGjoni.3.jpg\" width=\"508\" height=\"300\" \/><\/a><br \/>\nEdhe pse koh\u00ebve t\u00eb fundit nuk jan\u00eb par\u00eb shum\u00eb n\u00eb sken\u00eb, Vjollca Luka &amp; Gjovani \u00a0tani rikthehen fuqish\u00ebm duke sjell\u00eb k\u00ebng\u00eb dhe klipe t\u00eb ri.Ato filluan me k\u00ebngen \u201cBashkjetesa \u201d, nj\u00eb k\u00ebng\u00eb verore e punuar n\u00eb nje duet\u00a0 me shum mjeshteri nga Edi Balili,teksti i\u00a0 A. Trebi\u00e7kes,kurse videoklipi\u00a0 u realizua me produksionin \u201cMax Produktion\u201d,ku pati nj\u00eb sukses te konsiderueshem.<\/p>\n<p><a href=\"http:\/\/www.visit-ulcinj.com\/blog\/wp-content\/uploads\/2013\/01\/VjollcaLuka-GjovaniGjoni.2.jpg\"><img loading=\"lazy\" class=\"alignleft  wp-image-68070\" alt=\"VjollcaLuka-GjovaniGjoni.2\" src=\"http:\/\/www.visit-ulcinj.com\/blog\/wp-content\/uploads\/2013\/01\/VjollcaLuka-GjovaniGjoni.2.jpg\" width=\"508\" height=\"300\" \/><\/a><br \/>\nGj\u00ebja pa t\u00eb cilen nuk mundet Vjollca Luka asht\u00eb Humori shkodran. Shum\u00eb situata jet\u00ebsore t\u00eb pak\u00ebnd\u00ebshme i kam kaluar me humorin shkodran.K\u00ebshtu q\u00eb n\u00eb jeten e perdit\u00ebshme \u00e7ka nuk mundet t\u00eb ja thot\u00eb Gjovanit ja thot me keng\u00eb dhe humor&#8230;?!<\/p>\n<p><iframe loading=\"lazy\" width=\"508\" height=\"360\" src=\"http:\/\/www.youtube.com\/embed\/hka4LLFcgHg?rel=0\" frameborder=\"0\" allowfullscreen><\/iframe><\/p>\n<p><strong>Gjovani i thot Vjollca Lukes<\/strong><\/p>\n<p>sa here te kam than moj gru<br \/>\nrri moj pak rahate<br \/>\no je ardh n&#8217;amerik oj gru<br \/>\nzotin spo e din hak<\/p>\n<p>ti nji here moj gruja jem<br \/>\ns&#8217;ki guxoft mu nie<br \/>\no kur bojsha me shenje huu<br \/>\ntu ten ma ke dite<br \/>\nah medet per mu<br \/>\nune ku t&#8217;kam pru<br \/>\nmedet qka m&#8217;ka gjet<br \/>\nqe po ja qoj peshe<br \/>\nah medet per mu<br \/>\nune ku t&#8217;kam pru<br \/>\nmedet qka m&#8217;ka gjet<br \/>\nqe po ja qoj peshe<\/p>\n<p><strong>Vjollca Luka &#8211; Gjovanit<\/strong><\/p>\n<p>boll rahat kom nejt o burre<br \/>\npo ti sma ke dite<br \/>\njam ardh n&#8217;amerike o burre<br \/>\nzotit ja kam dite<br \/>\ne tash ti mem rreh o burre<br \/>\nvalla nuk guxone<br \/>\nedhe zanin me ma qu<br \/>\ndreqi t&#8217;han virane<br \/>\nah kuku per ty<br \/>\nti mu kum ke pru<br \/>\nkuku qa t&#8217;ka gjet<br \/>\nah u knaqa krejt<br \/>\nah kuku per tyyyy<br \/>\nti mu ku m&#8217;ke pruuuu<br \/>\nkuku qa t&#8217;ka gjet<br \/>\nah u knaqa krejt<\/p>\n<p><strong>Gjovani &#8211; Vjollca Lukes<\/strong><\/p>\n<p>m&#8217;ka marr malli gru aman ni buke me gatu<br \/>\no t&#8217;ka rrok shalltaneti moj gru<br \/>\ne spo don me i nie<br \/>\nqysh pom doket gru aman ka ardh taksirati<br \/>\npo mos um kqyr ashtuuu se pom myt inati<br \/>\nah medet per muuu<br \/>\nune ku t&#8217;kam pruuu<br \/>\nmedet qka m&#8217;ka gjeeet<br \/>\nqe po ja qoj peshe<br \/>\nah medet per mu<br \/>\nune ku t&#8217;kam pruuuu<br \/>\nmedet qka m&#8217;ka gjeeeet qe po ja qoj peeeesh<\/p>\n<p><strong>Vjollca &#8211; Gjovanit<\/strong><\/p>\n<p>qka po mendon burre aman<br \/>\nktu buke met gatue<br \/>\nshuj bre burre mos um shurdho<br \/>\nse nuk jem nkatun e<br \/>\nje msu ti si komandant qka ke dasht ke boe<br \/>\ne tash n&#8217;amerik aha renii m&#8217;ka ardh mue<br \/>\nah kuku per ty<br \/>\nti mu kum ke pruuuuu<br \/>\nkuku qa tka gjeeeet ah u knaqa krejt<br \/>\nah kuku per tyyyy<br \/>\nti mu kum ke pru<br \/>\nkuku qa t&#8217;ka gjet ah u knaqa krejt<\/p>\n<p>ah kuku per tyyyy<br \/>\nti mu kum ke pruuuuuu<br \/>\nkuku qa tka gjet<br \/>\nah u knaqa krejt<br \/>\nah kuku per tyyyyy<br \/>\nti mu kum ke pruuuu<br \/>\nkuku qa tka gjet ah u knaqa krejt<\/p>\n","protected":false},"excerpt":{"rendered":"<p>Ne moshen 19 vje\u00e7are Gjovani Gjonaj u be kengtar i ngjohur dhe kenga e pare e tij ishte &#8221; Porosia e At Gjergj Fishtes &#8221; pas nje kohe ai shkoj ne Amerik per fame dhe u lidh me kengetaren e njohur Vjollca Luka dhe ata pas nje kohe u martuan dhe kane 2 vajza njera [&hellip;]<\/p>\n","protected":false},"author":1,"featured_media":0,"comment_status":"open","ping_status":"closed","sticky":false,"template":"","format":"standard","meta":{"spay_email":"","jetpack_publicize_message":"","jetpack_is_tweetstorm":false,"jetpack_publicize_feature_enabled":true},"categories":[1],"tags":[19677,19806,13635,16036,19514,19511,41,19513,6693,4684,200,18,19460,20803],"jetpack_publicize_connections":[],"yoast_head":"<!-- This site is optimized with the Yoast SEO plugin v19.1 - https:\/\/yoast.com\/wordpress\/plugins\/seo\/ -->\n<title>Vjollca Luka ben humor me Gjovanin: Zanin me ma \u00e7u dreqi t&#039;han - Lajme nga Ulqini<\/title>\n<meta name=\"description\" content=\"Ne moshen 19 vje\u00e7are Gjovani Gjonaj u be kengtar i ngjohur dhe kenga e pare e tij ishte &quot; Porosia e At Gjergj Fishtes &quot; pas nje kohe ai shkoj ne Amerik\" \/>\n<meta name=\"robots\" content=\"index, follow, max-snippet:-1, max-image-preview:large, max-video-preview:-1\" \/>\n<link rel=\"canonical\" href=\"https:\/\/www.visit-ulcinj.com\/blog\/2013\/01\/25\/vjollca-luka-ben-humor-me-gjovanin-zanin-me-ma-cu-dreqi-than\/\" \/>\n<meta property=\"og:locale\" content=\"en_US\" \/>\n<meta property=\"og:type\" content=\"article\" \/>\n<meta property=\"og:title\" content=\"Vjollca Luka ben humor me Gjovanin: Zanin me ma \u00e7u dreqi t&#039;han - Lajme nga Ulqini\" \/>\n<meta property=\"og:description\" content=\"Ne moshen 19 vje\u00e7are Gjovani Gjonaj u be kengtar i ngjohur dhe kenga e pare e tij ishte &quot; Porosia e At Gjergj Fishtes &quot; pas nje kohe ai shkoj ne Amerik\" \/>\n<meta property=\"og:url\" content=\"https:\/\/www.visit-ulcinj.com\/blog\/2013\/01\/25\/vjollca-luka-ben-humor-me-gjovanin-zanin-me-ma-cu-dreqi-than\/\" \/>\n<meta property=\"og:site_name\" content=\"Lajme nga Ulqini\" \/>\n<meta property=\"article:published_time\" content=\"2013-01-25T16:15:15+00:00\" \/>\n<meta property=\"article:modified_time\" content=\"2013-01-25T16:17:03+00:00\" \/>\n<meta property=\"og:image\" content=\"http:\/\/www.visit-ulcinj.com\/blog\/wp-content\/uploads\/2013\/01\/Vjollca-Luka-Gjovani-Gjoni.jpg\" \/>\n<meta name=\"twitter:label1\" content=\"Written by\" \/>\n\t<meta name=\"twitter:data1\" content=\"ulqini\" \/>\n\t<meta name=\"twitter:label2\" content=\"Est. reading time\" \/>\n\t<meta name=\"twitter:data2\" content=\"3 minutes\" \/>\n<script type=\"application\/ld+json\" class=\"yoast-schema-graph\">{\"@context\":\"https:\/\/schema.org\",\"@graph\":[{\"@type\":\"WebSite\",\"@id\":\"https:\/\/www.visit-ulcinj.com\/blog\/#website\",\"url\":\"https:\/\/www.visit-ulcinj.com\/blog\/\",\"name\":\"Lajme nga Ulqini\",\"description\":\"Lajme,Vijesti,Ulqini,Ulqin,Crna Gora,Mali i Zi\",\"potentialAction\":[{\"@type\":\"SearchAction\",\"target\":{\"@type\":\"EntryPoint\",\"urlTemplate\":\"https:\/\/www.visit-ulcinj.com\/blog\/?s={search_term_string}\"},\"query-input\":\"required name=search_term_string\"}],\"inLanguage\":\"en-US\"},{\"@type\":\"ImageObject\",\"inLanguage\":\"en-US\",\"@id\":\"https:\/\/www.visit-ulcinj.com\/blog\/2013\/01\/25\/vjollca-luka-ben-humor-me-gjovanin-zanin-me-ma-cu-dreqi-than\/#primaryimage\",\"url\":\"https:\/\/www.visit-ulcinj.com\/blog\/wp-content\/uploads\/2013\/01\/Vjollca-Luka-Gjovani-Gjoni.jpg\",\"contentUrl\":\"https:\/\/www.visit-ulcinj.com\/blog\/wp-content\/uploads\/2013\/01\/Vjollca-Luka-Gjovani-Gjoni.jpg\",\"width\":720,\"height\":540},{\"@type\":\"WebPage\",\"@id\":\"https:\/\/www.visit-ulcinj.com\/blog\/2013\/01\/25\/vjollca-luka-ben-humor-me-gjovanin-zanin-me-ma-cu-dreqi-than\/#webpage\",\"url\":\"https:\/\/www.visit-ulcinj.com\/blog\/2013\/01\/25\/vjollca-luka-ben-humor-me-gjovanin-zanin-me-ma-cu-dreqi-than\/\",\"name\":\"Vjollca Luka ben humor me Gjovanin: Zanin me ma \u00e7u dreqi t'han - Lajme nga Ulqini\",\"isPartOf\":{\"@id\":\"https:\/\/www.visit-ulcinj.com\/blog\/#website\"},\"primaryImageOfPage\":{\"@id\":\"https:\/\/www.visit-ulcinj.com\/blog\/2013\/01\/25\/vjollca-luka-ben-humor-me-gjovanin-zanin-me-ma-cu-dreqi-than\/#primaryimage\"},\"datePublished\":\"2013-01-25T16:15:15+00:00\",\"dateModified\":\"2013-01-25T16:17:03+00:00\",\"author\":{\"@id\":\"https:\/\/www.visit-ulcinj.com\/blog\/#\/schema\/person\/dcab619c614d3038751c63bc2aadc06d\"},\"description\":\"Ne moshen 19 vje\u00e7are Gjovani Gjonaj u be kengtar i ngjohur dhe kenga e pare e tij ishte \\\" Porosia e At Gjergj Fishtes \\\" pas nje kohe ai shkoj ne Amerik\",\"breadcrumb\":{\"@id\":\"https:\/\/www.visit-ulcinj.com\/blog\/2013\/01\/25\/vjollca-luka-ben-humor-me-gjovanin-zanin-me-ma-cu-dreqi-than\/#breadcrumb\"},\"inLanguage\":\"en-US\",\"potentialAction\":[{\"@type\":\"ReadAction\",\"target\":[\"https:\/\/www.visit-ulcinj.com\/blog\/2013\/01\/25\/vjollca-luka-ben-humor-me-gjovanin-zanin-me-ma-cu-dreqi-than\/\"]}]},{\"@type\":\"BreadcrumbList\",\"@id\":\"https:\/\/www.visit-ulcinj.com\/blog\/2013\/01\/25\/vjollca-luka-ben-humor-me-gjovanin-zanin-me-ma-cu-dreqi-than\/#breadcrumb\",\"itemListElement\":[{\"@type\":\"ListItem\",\"position\":1,\"name\":\"Vjollca Luka ben humor me Gjovanin: Zanin me ma \u00e7u dreqi t&#8217;han\"}]},{\"@type\":\"Person\",\"@id\":\"https:\/\/www.visit-ulcinj.com\/blog\/#\/schema\/person\/dcab619c614d3038751c63bc2aadc06d\",\"name\":\"ulqini\",\"sameAs\":[\"http:\/\/www.visit-ulcinj.com\"],\"url\":\"https:\/\/www.visit-ulcinj.com\/blog\/author\/admin\/\"}]}<\/script>\n<!-- \/ Yoast SEO plugin. -->","yoast_head_json":{"title":"Vjollca Luka ben humor me Gjovanin: Zanin me ma \u00e7u dreqi t'han - Lajme nga Ulqini","description":"Ne moshen 19 vje\u00e7are Gjovani Gjonaj u be kengtar i ngjohur dhe kenga e pare e tij ishte \" Porosia e At Gjergj Fishtes \" pas nje kohe ai shkoj ne Amerik","robots":{"index":"index","follow":"follow","max-snippet":"max-snippet:-1","max-image-preview":"max-image-preview:large","max-video-preview":"max-video-preview:-1"},"canonical":"https:\/\/www.visit-ulcinj.com\/blog\/2013\/01\/25\/vjollca-luka-ben-humor-me-gjovanin-zanin-me-ma-cu-dreqi-than\/","og_locale":"en_US","og_type":"article","og_title":"Vjollca Luka ben humor me Gjovanin: Zanin me ma \u00e7u dreqi t'han - Lajme nga Ulqini","og_description":"Ne moshen 19 vje\u00e7are Gjovani Gjonaj u be kengtar i ngjohur dhe kenga e pare e tij ishte \" Porosia e At Gjergj Fishtes \" pas nje kohe ai shkoj ne Amerik","og_url":"https:\/\/www.visit-ulcinj.com\/blog\/2013\/01\/25\/vjollca-luka-ben-humor-me-gjovanin-zanin-me-ma-cu-dreqi-than\/","og_site_name":"Lajme nga Ulqini","article_published_time":"2013-01-25T16:15:15+00:00","article_modified_time":"2013-01-25T16:17:03+00:00","og_image":[{"url":"http:\/\/www.visit-ulcinj.com\/blog\/wp-content\/uploads\/2013\/01\/Vjollca-Luka-Gjovani-Gjoni.jpg"}],"twitter_misc":{"Written by":"ulqini","Est. reading time":"3 minutes"},"schema":{"@context":"https:\/\/schema.org","@graph":[{"@type":"WebSite","@id":"https:\/\/www.visit-ulcinj.com\/blog\/#website","url":"https:\/\/www.visit-ulcinj.com\/blog\/","name":"Lajme nga Ulqini","description":"Lajme,Vijesti,Ulqini,Ulqin,Crna Gora,Mali i Zi","potentialAction":[{"@type":"SearchAction","target":{"@type":"EntryPoint","urlTemplate":"https:\/\/www.visit-ulcinj.com\/blog\/?s={search_term_string}"},"query-input":"required name=search_term_string"}],"inLanguage":"en-US"},{"@type":"ImageObject","inLanguage":"en-US","@id":"https:\/\/www.visit-ulcinj.com\/blog\/2013\/01\/25\/vjollca-luka-ben-humor-me-gjovanin-zanin-me-ma-cu-dreqi-than\/#primaryimage","url":"https:\/\/www.visit-ulcinj.com\/blog\/wp-content\/uploads\/2013\/01\/Vjollca-Luka-Gjovani-Gjoni.jpg","contentUrl":"https:\/\/www.visit-ulcinj.com\/blog\/wp-content\/uploads\/2013\/01\/Vjollca-Luka-Gjovani-Gjoni.jpg","width":720,"height":540},{"@type":"WebPage","@id":"https:\/\/www.visit-ulcinj.com\/blog\/2013\/01\/25\/vjollca-luka-ben-humor-me-gjovanin-zanin-me-ma-cu-dreqi-than\/#webpage","url":"https:\/\/www.visit-ulcinj.com\/blog\/2013\/01\/25\/vjollca-luka-ben-humor-me-gjovanin-zanin-me-ma-cu-dreqi-than\/","name":"Vjollca Luka ben humor me Gjovanin: Zanin me ma \u00e7u dreqi t'han - Lajme nga Ulqini","isPartOf":{"@id":"https:\/\/www.visit-ulcinj.com\/blog\/#website"},"primaryImageOfPage":{"@id":"https:\/\/www.visit-ulcinj.com\/blog\/2013\/01\/25\/vjollca-luka-ben-humor-me-gjovanin-zanin-me-ma-cu-dreqi-than\/#primaryimage"},"datePublished":"2013-01-25T16:15:15+00:00","dateModified":"2013-01-25T16:17:03+00:00","author":{"@id":"https:\/\/www.visit-ulcinj.com\/blog\/#\/schema\/person\/dcab619c614d3038751c63bc2aadc06d"},"description":"Ne moshen 19 vje\u00e7are Gjovani Gjonaj u be kengtar i ngjohur dhe kenga e pare e tij ishte \" Porosia e At Gjergj Fishtes \" pas nje kohe ai shkoj ne Amerik","breadcrumb":{"@id":"https:\/\/www.visit-ulcinj.com\/blog\/2013\/01\/25\/vjollca-luka-ben-humor-me-gjovanin-zanin-me-ma-cu-dreqi-than\/#breadcrumb"},"inLanguage":"en-US","potentialAction":[{"@type":"ReadAction","target":["https:\/\/www.visit-ulcinj.com\/blog\/2013\/01\/25\/vjollca-luka-ben-humor-me-gjovanin-zanin-me-ma-cu-dreqi-than\/"]}]},{"@type":"BreadcrumbList","@id":"https:\/\/www.visit-ulcinj.com\/blog\/2013\/01\/25\/vjollca-luka-ben-humor-me-gjovanin-zanin-me-ma-cu-dreqi-than\/#breadcrumb","itemListElement":[{"@type":"ListItem","position":1,"name":"Vjollca Luka ben humor me Gjovanin: Zanin me ma \u00e7u dreqi t&#8217;han"}]},{"@type":"Person","@id":"https:\/\/www.visit-ulcinj.com\/blog\/#\/schema\/person\/dcab619c614d3038751c63bc2aadc06d","name":"ulqini","sameAs":["http:\/\/www.visit-ulcinj.com"],"url":"https:\/\/www.visit-ulcinj.com\/blog\/author\/admin\/"}]}},"jetpack_featured_media_url":"","jetpack_sharing_enabled":true,"jetpack_shortlink":"https:\/\/wp.me\/pe6lTn-hHR","_links":{"self":[{"href":"https:\/\/www.visit-ulcinj.com\/blog\/wp-json\/wp\/v2\/posts\/68067"}],"collection":[{"href":"https:\/\/www.visit-ulcinj.com\/blog\/wp-json\/wp\/v2\/posts"}],"about":[{"href":"https:\/\/www.visit-ulcinj.com\/blog\/wp-json\/wp\/v2\/types\/post"}],"author":[{"embeddable":true,"href":"https:\/\/www.visit-ulcinj.com\/blog\/wp-json\/wp\/v2\/users\/1"}],"replies":[{"embeddable":true,"href":"https:\/\/www.visit-ulcinj.com\/blog\/wp-json\/wp\/v2\/comments?post=68067"}],"version-history":[{"count":2,"href":"https:\/\/www.visit-ulcinj.com\/blog\/wp-json\/wp\/v2\/posts\/68067\/revisions"}],"predecessor-version":[{"id":68072,"href":"https:\/\/www.visit-ulcinj.com\/blog\/wp-json\/wp\/v2\/posts\/68067\/revisions\/68072"}],"wp:attachment":[{"href":"https:\/\/www.visit-ulcinj.com\/blog\/wp-json\/wp\/v2\/media?parent=68067"}],"wp:term":[{"taxonomy":"category","embeddable":true,"href":"https:\/\/www.visit-ulcinj.com\/blog\/wp-json\/wp\/v2\/categories?post=68067"},{"taxonomy":"post_tag","embeddable":true,"href":"https:\/\/www.visit-ulcinj.com\/blog\/wp-json\/wp\/v2\/tags?post=68067"}],"curies":[{"name":"wp","href":"https:\/\/api.w.org\/{rel}","templated":true}]}}