{"id":68073,"date":"2013-01-25T21:10:32","date_gmt":"2013-01-25T20:10:32","guid":{"rendered":"http:\/\/www.visit-ulcinj.com\/blog\/?p=68073"},"modified":"2013-01-25T21:11:15","modified_gmt":"2013-01-25T20:11:15","slug":"zeneli-narod-gladuje-vlast-ne-reaguje","status":"publish","type":"post","link":"https:\/\/www.visit-ulcinj.com\/blog\/2013\/01\/25\/zeneli-narod-gladuje-vlast-ne-reaguje\/","title":{"rendered":"Zeneli: Narod gladuje, vlast ne reaguje"},"content":{"rendered":"<p><strong><a href=\"http:\/\/www.visit-ulcinj.com\/blog\/wp-content\/uploads\/2013\/01\/Asllan-Zeneli.jpg\"><img loading=\"lazy\" class=\"alignleft  wp-image-68074\" alt=\"Asllan Zeneli\" src=\"http:\/\/www.visit-ulcinj.com\/blog\/wp-content\/uploads\/2013\/01\/Asllan-Zeneli.jpg\" width=\"350\" height=\"400\" \/><\/a>Aslan Zeneli ukazuje na te\u0161ku socioekonomsku situaciju u op\u0161tini<\/strong><\/p>\n<p>Gra\u0111anima Ulcinja je dosta ministarskih delegacija koje naj\u010de\u0161\u0107e do\u0111u da ne\u0161to procijene, ocijene, konstatuju ili obe\u0107aju. Ulcinjanima su potrebne konkretne socijalne i ekonomske mjere koje \u0107e ovaj grad izvu\u0107i iz ponora u kom se ve\u0107 dugo nalazi, ocijenio je povjerenik Unije slobodnih sindikata (USS) za Ulcinj Aslan Zeneli. Osvr\u0107u\u0107i se na posjetu ministra rada i socijalnog staranja mr Predraga Bo\u0161kovi\u0107a koji je dan ranije boravio u radnoj posjeti Ulcinju, Zeneli je kazao da je dobro \u0161to ministar nije ni\u0161ta obe\u0107avao kao njegovi prethodnici.<br \/>\n\u2013 I da je ne\u0161to obe\u0107ao to bi isparilo, jer je bio sun\u010dan dan. Da je kojim slu\u010dajem do\u0161ao danas, po velikom nevremenu, obe\u0107anja bi odnijela voda, kao \u0161to je to bio slu\u010daj svih ranijih godina. I bez ministra mi znamo da je socijalno-ekonomska situacija u op\u0161tini katastrofalna i da treba ne\u0161to hitno preduzeti, ali smo od Bo\u0161kovi\u0107a u najmanju ruku o\u010dekivali da \u0107e ponuditi neko rje\u0161enje i re\u0107i ne\u0161to konkretno. Umjesto toga, on je s predsjednikom op\u0161tine Nazifom Cunguom, novim koalicionim drugom, pri\u010dao ve\u0107 ispri\u010dane pri\u010de. Svi znamo da od pri\u010da nema koristi, jer nije va\u017eno ko je i \u0161ta rekao ve\u0107 ko je \u0161ta uradio za dobrobit grada i gra\u0111ana. Radnici ho\u0107e posao, a ne prazne pri\u010de \u2013 istakao je Zeneli. On smatra da su se posjete ministara Ulcinju dosad pokazale kao neuspje\u0161ne, jer se jo\u0161 nije desilo da od ne\u010dijeg dolaska gra\u0111anima imaju vajde.<br \/>\n\u2013 Vrijeme je to potvrdilo. Da je kojim slu\u010dajem druga\u010dije, u Ulcinju bi danas radilo pet hiljada ljudi, kao po\u010detkom devedestih, a ne svega 1.800, od \u010dega vi\u0161e od polovine ne prima platu od \u010detiri do 15 mjeseci. Prema podacima Monstata, mi smo najsiroma\u0161nija op\u0161tina u dr\u017eavi s prosje\u010dnom platom od 318 eura. Zbog ovako poraznih \u010dinjenica pet hiljada ljudi je na rubu egzistencije. Ulcinj je grad ste\u010daja, propalih preduze\u0107a i zatvorenih hotela i nema naznaka da \u0107e biti bolje \u2013 smatra Zeneli.<br \/>\nPrema njegovim rije\u010dima, ova zima je jedna od najgorih u novijoj istoriji op\u0161tine, \u0161to se vidi na svakom koraku.<br \/>\nDovoljno je pro\u0161etati gradom i popri\u010dati s ljudima da se shvati koliko se te\u0161ko \u017eivi. Jedina nada i svijetla ta\u010dka u tunelu Ulcinjanima je turisti\u010dka sezona, pa i gradona\u010delnik i ministar pola\u017eu nade u ta dva mjeseca tokom kojih se ne\u0161to radi. Ka\u017eu: \u201eSamo da stigne sezona pa \u0107e biti bolje\u201d. Misle da se za dva mjeseca mo\u017ee zaraditi dovoljno da se \u017eivi ostalih deset mjeseci. A da nije tako, jasno je svakom pismenijem gra\u0111aninu. Nema boljitka bez novih radnih mjesta, a njih nema bez razvojnih projekata. Te\u0161ko da \u0107e ih i biti, jer je op\u0161tina \u0161vorc, a u boljoj situaciji nije ni dr\u017eavna kasa. Umjesto da nam daju, oni nas dodatno oporezuju ote\u017eavaju\u0107i narodu ionako te\u0161ko stanje. Pla\u0107amo porez na telefone, na ra\u010dune za struju, na zarade, a najavljuju i zamrzavanje penzija. Nema projekata na osnovu kojih bi mogli da se nadamo da \u0107e nam biti bolje za dvije, tri ili vi\u0161e godina. Ni\u0161ta se ne gradi u ovom op\u0161tem haosu. Volio bih da grije\u0161im, ali mislim da \u0107e naredne zime biti jo\u0161 gore \u2013 uvjeren je Zeneli. On isti\u010de da je jedan od razloga te\u0161kog stanja u kom se na\u0161ao veliki broj gra\u0111ana \u201elopovska privatizacija u privredi, prije svega u turizmu\u201d.<br \/>\n\u2013 Ulcinj je ostao bez hotela, a preduze\u0107a su propala. Ni\u0161ta nije stalo na noge. Novi vlasnici ne po\u0161tuju kupoprodajne ugovore, \u0161to za posledicu ima gubitak radnih mjesta i pad standarda zaposlenih \u010dija se prava stalno kr\u0161e \u2013 tvrdi Zeneli i dodaje da je u najju\u017enijoj op\u0161tini mnogo primjera neuspje\u0161ne privatizacije.<\/p>\n<p><strong>Isparila radna mjesta<\/strong><br \/>\nO tome koliko se ekonomski i socijalni status zaposlenih, prije svega radnika, u me\u0111uvremenu pogor\u0161ao, kako zbog op\u0161te ekonomske krize tako i zbog neodgovornosti i grubog kr\u0161enja zakonskih propisa i obaveza iz privatizacionih ugovora, Zeneli ka\u017ee da najbolje svjedo\u010de podaci o zaposlenima u privatizovanim hotelima i pojedinim preduze\u0107ima.<br \/>\n\u2013 Hotel Otrant imao je 116 zaposlenih. Sada ih je svega 60, ali je zbog promjene vlasnika i njihov status doveden u pitanje, a platu nijesu primili vi\u0161e od godinu dana. Hotel Galeb trebalo je da po ugovoru 2008. godine zapo\u0161ljava preko 210 radnika. Na\u017ealost, hotel je sru\u0161en, a vrsni radnici sada prodaju cigarete i \u0161tampu za novog vlasnika ili su uzeli otpremnine i prijavili se na biro. U ulcinjskoj solani je 76 radnika koji neredovno primaju plate, a nekad je taj gigant zapo\u0161ljavao 600 radnika \u2013 kazao je Zeneli, isti\u010du\u0107i da radnici nijesu krivi \u0161to su im \u201eisparila\u201c radna mjesta.<\/p>\n<p><a href=\"http:\/\/www.visit-ulcinj.com\/blog\/wp-content\/uploads\/2013\/01\/Elez-Vukovic.jpg\"><img loading=\"lazy\" class=\"alignleft  wp-image-68075\" alt=\"Elez Vukovic\" src=\"http:\/\/www.visit-ulcinj.com\/blog\/wp-content\/uploads\/2013\/01\/Elez-Vukovic.jpg\" width=\"350\" height=\"390\" \/><\/a><strong>Te\u0161ko, a bi\u0107e jo\u0161 te\u017ee<\/strong><br \/>\nElez Vukovi\u0107: \u2013 Situacija nikad nije bila lo\u0161ija. Sve vi\u0161e je nezaposlenih, naro\u010dito u mojoj porodici, a rje\u0161enje vidim u mladim \u0161kolovanim snagama koje \u0107e profesionalno obavljati svoj posao. U gradu vlada dizbalans, jer preko devedeset procenata \u010dine siroma\u0161ni dok je samo deset procenata bogatih ljudi.<br \/>\nRade \u0106etkovi\u0107: \u2013 Situacija u op\u0161tini je veoma lo\u0161a. S obzirom na dr\u017eavnu, a naro\u010dito globalnu ekonomsku krizu, ne vidim bitnije pomake u dogledno vrijeme. Zbog sve ve\u0107e nezaposlenosti pred mladima je te\u0161ka i neizvjesna budu\u0107nost.<br \/>\nFikret Hajdinaga: \u2013 Stanje je veoma lo\u0161e. Mnogi radnici mjesecima nijesu primili plate i to ih je dovelo na ivicu egzistencije. Situacija je jo\u0161 gora kod onih koji ne rade. Najgore je mladima koji su zavr\u0161ili \u0161kolu i jo\u0161 \u010dekaju posao. Kako sada stvari stoje, bi\u0107e jo\u0161 te\u017ee. Va.R<\/p>\n<p><a href=\"http:\/\/www.dan.co.me\/?nivo=3&amp;rubrika=Regioni&amp;clanak=364572&amp;datum=2013-01-25&amp;naslov=Narod+gladuje%2C+vlast+ne+reaguje&amp;kliknut=1359138245556&amp;fasb=22\" target=\"_blank\"><strong>Izvor: DAN<\/strong><\/a><\/p>\n<p>&nbsp;<\/p>\n","protected":false},"excerpt":{"rendered":"<p>Aslan Zeneli ukazuje na te\u0161ku socioekonomsku situaciju u op\u0161tini Gra\u0111anima Ulcinja je dosta ministarskih delegacija koje naj\u010de\u0161\u0107e do\u0111u da ne\u0161to procijene, ocijene, konstatuju ili obe\u0107aju. Ulcinjanima su potrebne konkretne socijalne i ekonomske mjere koje \u0107e ovaj grad izvu\u0107i iz ponora u kom se ve\u0107 dugo nalazi, ocijenio je povjerenik Unije slobodnih sindikata (USS) za Ulcinj [&hellip;]<\/p>\n","protected":false},"author":1,"featured_media":0,"comment_status":"open","ping_status":"closed","sticky":false,"template":"","format":"standard","meta":{"spay_email":"","jetpack_publicize_message":"","jetpack_is_tweetstorm":false,"jetpack_publicize_feature_enabled":true},"categories":[8337],"tags":[7208,19],"jetpack_publicize_connections":[],"yoast_head":"<!-- This site is optimized with the Yoast SEO plugin v19.1 - https:\/\/yoast.com\/wordpress\/plugins\/seo\/ -->\n<title>Zeneli: Narod gladuje, vlast ne reaguje - Lajme nga Ulqini<\/title>\n<meta name=\"description\" content=\"Aslan Zeneli ukazuje na te\u0161ku socioekonomsku situaciju u op\u0161tini Gra\u0111anima Ulcinja je dosta ministarskih delegacija koje naj\u010de\u0161\u0107e do\u0111u da ne\u0161to procijene,\" \/>\n<meta name=\"robots\" content=\"index, follow, max-snippet:-1, max-image-preview:large, max-video-preview:-1\" \/>\n<link rel=\"canonical\" href=\"https:\/\/www.visit-ulcinj.com\/blog\/2013\/01\/25\/zeneli-narod-gladuje-vlast-ne-reaguje\/\" \/>\n<meta property=\"og:locale\" content=\"en_US\" \/>\n<meta property=\"og:type\" content=\"article\" \/>\n<meta property=\"og:title\" content=\"Zeneli: Narod gladuje, vlast ne reaguje - Lajme nga Ulqini\" \/>\n<meta property=\"og:description\" content=\"Aslan Zeneli ukazuje na te\u0161ku socioekonomsku situaciju u op\u0161tini Gra\u0111anima Ulcinja je dosta ministarskih delegacija koje naj\u010de\u0161\u0107e do\u0111u da ne\u0161to procijene,\" \/>\n<meta property=\"og:url\" content=\"https:\/\/www.visit-ulcinj.com\/blog\/2013\/01\/25\/zeneli-narod-gladuje-vlast-ne-reaguje\/\" \/>\n<meta property=\"og:site_name\" content=\"Lajme nga Ulqini\" \/>\n<meta property=\"article:published_time\" content=\"2013-01-25T20:10:32+00:00\" \/>\n<meta property=\"article:modified_time\" content=\"2013-01-25T20:11:15+00:00\" \/>\n<meta property=\"og:image\" content=\"http:\/\/www.visit-ulcinj.com\/blog\/wp-content\/uploads\/2013\/01\/Asllan-Zeneli.jpg\" \/>\n<meta name=\"twitter:label1\" content=\"Written by\" \/>\n\t<meta name=\"twitter:data1\" content=\"ulqini\" \/>\n\t<meta name=\"twitter:label2\" content=\"Est. reading time\" \/>\n\t<meta name=\"twitter:data2\" content=\"5 minutes\" \/>\n<script type=\"application\/ld+json\" class=\"yoast-schema-graph\">{\"@context\":\"https:\/\/schema.org\",\"@graph\":[{\"@type\":\"WebSite\",\"@id\":\"https:\/\/www.visit-ulcinj.com\/blog\/#website\",\"url\":\"https:\/\/www.visit-ulcinj.com\/blog\/\",\"name\":\"Lajme nga Ulqini\",\"description\":\"Lajme,Vijesti,Ulqini,Ulqin,Crna Gora,Mali i Zi\",\"potentialAction\":[{\"@type\":\"SearchAction\",\"target\":{\"@type\":\"EntryPoint\",\"urlTemplate\":\"https:\/\/www.visit-ulcinj.com\/blog\/?s={search_term_string}\"},\"query-input\":\"required name=search_term_string\"}],\"inLanguage\":\"en-US\"},{\"@type\":\"ImageObject\",\"inLanguage\":\"en-US\",\"@id\":\"https:\/\/www.visit-ulcinj.com\/blog\/2013\/01\/25\/zeneli-narod-gladuje-vlast-ne-reaguje\/#primaryimage\",\"url\":\"https:\/\/www.visit-ulcinj.com\/blog\/wp-content\/uploads\/2013\/01\/Asllan-Zeneli.jpg\",\"contentUrl\":\"https:\/\/www.visit-ulcinj.com\/blog\/wp-content\/uploads\/2013\/01\/Asllan-Zeneli.jpg\",\"width\":391,\"height\":463},{\"@type\":\"WebPage\",\"@id\":\"https:\/\/www.visit-ulcinj.com\/blog\/2013\/01\/25\/zeneli-narod-gladuje-vlast-ne-reaguje\/#webpage\",\"url\":\"https:\/\/www.visit-ulcinj.com\/blog\/2013\/01\/25\/zeneli-narod-gladuje-vlast-ne-reaguje\/\",\"name\":\"Zeneli: Narod gladuje, vlast ne reaguje - Lajme nga Ulqini\",\"isPartOf\":{\"@id\":\"https:\/\/www.visit-ulcinj.com\/blog\/#website\"},\"primaryImageOfPage\":{\"@id\":\"https:\/\/www.visit-ulcinj.com\/blog\/2013\/01\/25\/zeneli-narod-gladuje-vlast-ne-reaguje\/#primaryimage\"},\"datePublished\":\"2013-01-25T20:10:32+00:00\",\"dateModified\":\"2013-01-25T20:11:15+00:00\",\"author\":{\"@id\":\"https:\/\/www.visit-ulcinj.com\/blog\/#\/schema\/person\/dcab619c614d3038751c63bc2aadc06d\"},\"description\":\"Aslan Zeneli ukazuje na te\u0161ku socioekonomsku situaciju u op\u0161tini Gra\u0111anima Ulcinja je dosta ministarskih delegacija koje naj\u010de\u0161\u0107e do\u0111u da ne\u0161to procijene,\",\"breadcrumb\":{\"@id\":\"https:\/\/www.visit-ulcinj.com\/blog\/2013\/01\/25\/zeneli-narod-gladuje-vlast-ne-reaguje\/#breadcrumb\"},\"inLanguage\":\"en-US\",\"potentialAction\":[{\"@type\":\"ReadAction\",\"target\":[\"https:\/\/www.visit-ulcinj.com\/blog\/2013\/01\/25\/zeneli-narod-gladuje-vlast-ne-reaguje\/\"]}]},{\"@type\":\"BreadcrumbList\",\"@id\":\"https:\/\/www.visit-ulcinj.com\/blog\/2013\/01\/25\/zeneli-narod-gladuje-vlast-ne-reaguje\/#breadcrumb\",\"itemListElement\":[{\"@type\":\"ListItem\",\"position\":1,\"name\":\"Zeneli: Narod gladuje, vlast ne reaguje\"}]},{\"@type\":\"Person\",\"@id\":\"https:\/\/www.visit-ulcinj.com\/blog\/#\/schema\/person\/dcab619c614d3038751c63bc2aadc06d\",\"name\":\"ulqini\",\"sameAs\":[\"http:\/\/www.visit-ulcinj.com\"],\"url\":\"https:\/\/www.visit-ulcinj.com\/blog\/author\/admin\/\"}]}<\/script>\n<!-- \/ Yoast SEO plugin. -->","yoast_head_json":{"title":"Zeneli: Narod gladuje, vlast ne reaguje - Lajme nga Ulqini","description":"Aslan Zeneli ukazuje na te\u0161ku socioekonomsku situaciju u op\u0161tini Gra\u0111anima Ulcinja je dosta ministarskih delegacija koje naj\u010de\u0161\u0107e do\u0111u da ne\u0161to procijene,","robots":{"index":"index","follow":"follow","max-snippet":"max-snippet:-1","max-image-preview":"max-image-preview:large","max-video-preview":"max-video-preview:-1"},"canonical":"https:\/\/www.visit-ulcinj.com\/blog\/2013\/01\/25\/zeneli-narod-gladuje-vlast-ne-reaguje\/","og_locale":"en_US","og_type":"article","og_title":"Zeneli: Narod gladuje, vlast ne reaguje - Lajme nga Ulqini","og_description":"Aslan Zeneli ukazuje na te\u0161ku socioekonomsku situaciju u op\u0161tini Gra\u0111anima Ulcinja je dosta ministarskih delegacija koje naj\u010de\u0161\u0107e do\u0111u da ne\u0161to procijene,","og_url":"https:\/\/www.visit-ulcinj.com\/blog\/2013\/01\/25\/zeneli-narod-gladuje-vlast-ne-reaguje\/","og_site_name":"Lajme nga Ulqini","article_published_time":"2013-01-25T20:10:32+00:00","article_modified_time":"2013-01-25T20:11:15+00:00","og_image":[{"url":"http:\/\/www.visit-ulcinj.com\/blog\/wp-content\/uploads\/2013\/01\/Asllan-Zeneli.jpg"}],"twitter_misc":{"Written by":"ulqini","Est. reading time":"5 minutes"},"schema":{"@context":"https:\/\/schema.org","@graph":[{"@type":"WebSite","@id":"https:\/\/www.visit-ulcinj.com\/blog\/#website","url":"https:\/\/www.visit-ulcinj.com\/blog\/","name":"Lajme nga Ulqini","description":"Lajme,Vijesti,Ulqini,Ulqin,Crna Gora,Mali i Zi","potentialAction":[{"@type":"SearchAction","target":{"@type":"EntryPoint","urlTemplate":"https:\/\/www.visit-ulcinj.com\/blog\/?s={search_term_string}"},"query-input":"required name=search_term_string"}],"inLanguage":"en-US"},{"@type":"ImageObject","inLanguage":"en-US","@id":"https:\/\/www.visit-ulcinj.com\/blog\/2013\/01\/25\/zeneli-narod-gladuje-vlast-ne-reaguje\/#primaryimage","url":"https:\/\/www.visit-ulcinj.com\/blog\/wp-content\/uploads\/2013\/01\/Asllan-Zeneli.jpg","contentUrl":"https:\/\/www.visit-ulcinj.com\/blog\/wp-content\/uploads\/2013\/01\/Asllan-Zeneli.jpg","width":391,"height":463},{"@type":"WebPage","@id":"https:\/\/www.visit-ulcinj.com\/blog\/2013\/01\/25\/zeneli-narod-gladuje-vlast-ne-reaguje\/#webpage","url":"https:\/\/www.visit-ulcinj.com\/blog\/2013\/01\/25\/zeneli-narod-gladuje-vlast-ne-reaguje\/","name":"Zeneli: Narod gladuje, vlast ne reaguje - Lajme nga Ulqini","isPartOf":{"@id":"https:\/\/www.visit-ulcinj.com\/blog\/#website"},"primaryImageOfPage":{"@id":"https:\/\/www.visit-ulcinj.com\/blog\/2013\/01\/25\/zeneli-narod-gladuje-vlast-ne-reaguje\/#primaryimage"},"datePublished":"2013-01-25T20:10:32+00:00","dateModified":"2013-01-25T20:11:15+00:00","author":{"@id":"https:\/\/www.visit-ulcinj.com\/blog\/#\/schema\/person\/dcab619c614d3038751c63bc2aadc06d"},"description":"Aslan Zeneli ukazuje na te\u0161ku socioekonomsku situaciju u op\u0161tini Gra\u0111anima Ulcinja je dosta ministarskih delegacija koje naj\u010de\u0161\u0107e do\u0111u da ne\u0161to procijene,","breadcrumb":{"@id":"https:\/\/www.visit-ulcinj.com\/blog\/2013\/01\/25\/zeneli-narod-gladuje-vlast-ne-reaguje\/#breadcrumb"},"inLanguage":"en-US","potentialAction":[{"@type":"ReadAction","target":["https:\/\/www.visit-ulcinj.com\/blog\/2013\/01\/25\/zeneli-narod-gladuje-vlast-ne-reaguje\/"]}]},{"@type":"BreadcrumbList","@id":"https:\/\/www.visit-ulcinj.com\/blog\/2013\/01\/25\/zeneli-narod-gladuje-vlast-ne-reaguje\/#breadcrumb","itemListElement":[{"@type":"ListItem","position":1,"name":"Zeneli: Narod gladuje, vlast ne reaguje"}]},{"@type":"Person","@id":"https:\/\/www.visit-ulcinj.com\/blog\/#\/schema\/person\/dcab619c614d3038751c63bc2aadc06d","name":"ulqini","sameAs":["http:\/\/www.visit-ulcinj.com"],"url":"https:\/\/www.visit-ulcinj.com\/blog\/author\/admin\/"}]}},"jetpack_featured_media_url":"","jetpack_sharing_enabled":true,"jetpack_shortlink":"https:\/\/wp.me\/pe6lTn-hHX","_links":{"self":[{"href":"https:\/\/www.visit-ulcinj.com\/blog\/wp-json\/wp\/v2\/posts\/68073"}],"collection":[{"href":"https:\/\/www.visit-ulcinj.com\/blog\/wp-json\/wp\/v2\/posts"}],"about":[{"href":"https:\/\/www.visit-ulcinj.com\/blog\/wp-json\/wp\/v2\/types\/post"}],"author":[{"embeddable":true,"href":"https:\/\/www.visit-ulcinj.com\/blog\/wp-json\/wp\/v2\/users\/1"}],"replies":[{"embeddable":true,"href":"https:\/\/www.visit-ulcinj.com\/blog\/wp-json\/wp\/v2\/comments?post=68073"}],"version-history":[{"count":2,"href":"https:\/\/www.visit-ulcinj.com\/blog\/wp-json\/wp\/v2\/posts\/68073\/revisions"}],"predecessor-version":[{"id":68077,"href":"https:\/\/www.visit-ulcinj.com\/blog\/wp-json\/wp\/v2\/posts\/68073\/revisions\/68077"}],"wp:attachment":[{"href":"https:\/\/www.visit-ulcinj.com\/blog\/wp-json\/wp\/v2\/media?parent=68073"}],"wp:term":[{"taxonomy":"category","embeddable":true,"href":"https:\/\/www.visit-ulcinj.com\/blog\/wp-json\/wp\/v2\/categories?post=68073"},{"taxonomy":"post_tag","embeddable":true,"href":"https:\/\/www.visit-ulcinj.com\/blog\/wp-json\/wp\/v2\/tags?post=68073"}],"curies":[{"name":"wp","href":"https:\/\/api.w.org\/{rel}","templated":true}]}}