{"id":68081,"date":"2013-01-25T23:54:18","date_gmt":"2013-01-25T22:54:18","guid":{"rendered":"http:\/\/www.visit-ulcinj.com\/blog\/?p=68081"},"modified":"2013-01-29T23:58:38","modified_gmt":"2013-01-29T22:58:38","slug":"martesa-me-e-perfolur-e-vitit-2012-ne-ulqin","status":"publish","type":"post","link":"https:\/\/www.visit-ulcinj.com\/blog\/2013\/01\/25\/martesa-me-e-perfolur-e-vitit-2012-ne-ulqin\/","title":{"rendered":"Martesa m\u00eb e p\u00ebrfolur e vitit 2012 n\u00eb Ulqin"},"content":{"rendered":"<p><a href=\"http:\/\/www.visit-ulcinj.com\/blog\/wp-content\/uploads\/2013\/01\/Ceremonia-e-marteses-Nadir-Sulejmani-Ulqin.1.jpg\"><img loading=\"lazy\" class=\"alignleft  wp-image-68083\" alt=\"Ceremonia e marteses-Nadir Sulejmani-Ulqin.1\" src=\"http:\/\/www.visit-ulcinj.com\/blog\/wp-content\/uploads\/2013\/01\/Ceremonia-e-marteses-Nadir-Sulejmani-Ulqin.1.jpg\" width=\"508\" height=\"360\" \/><\/a> Viti 2012 ka sh\u00ebnuar nj\u00eb s\u00ebr\u00eb martesash n\u00eb komun t\u00eb Ulqinit q\u00eb u ben t\u00eb perfolur dhe t\u00eb njohur. Me nj\u00eb pompozitet t\u00eb jasht\u00ebzakonsh\u00ebm mediatike u p\u00ebrcoll ceremonia martesore e motoristit t\u00eb klubit &#8220;Pirates&#8221; nga Ulqini me bukuroshen nj\u00ebsoj nga Ulqini. Nd\u00ebrkoh\u00eb, nga shum\u00eb media \u00a0shqiptare dasma e Nadir Sulejmanit \u00ebsht\u00eb konsideruar si dasma m\u00eb madh\u00ebshtore e vitit 2012.<br \/>\nN\u00eb ceremonin martesore perpos grupit te Ulqinit &#8220;PIRATES&#8221; ishin edhe motoristat nga te gjithe vendet e Malit te Zi,ku u priten ne nje koktej dhe u mirpriten ne menyren me te bukur nga te gjithe.<\/p>\n<p>\u201dNj\u00eb fustan glamur i punuar nga \u201cGeraldina sposa\u201d, nd\u00ebrsa fotografit\u00eb t\u00eb punuara nga\u00a0Bledar Hasimi i cili punon p\u00ebr nj\u00eb agjenci Foto + Mode n\u00eb Tiran\u00eb , organizator i gjith\u00eb ceremonis\u00eb ka qen\u00eb Nadir Sulejmani bashk\u00eb me bashk\u00ebshorten, k\u00ebto jan\u00eb vet\u00ebm disa detaje t\u00eb ceremonis\u00eb martesore.<\/p>\n<p>Ju ftojm\u00eb t\u00eb shikoni Fotografiat nga ceremonia martesore.<\/p>\n<p><a href=\"https:\/\/www.facebook.com\/media\/set\/?set=a.4783515834927.335296.1506684530&amp;type=3\" target=\"_blank\"><strong>Foto nga Nadir Sulejmani Facebook<\/strong><\/a><br \/>\n\n\t\t<style type=\"text\/css\">\n\t\t\t#gallery-1 {\n\t\t\t\tmargin: auto;\n\t\t\t}\n\t\t\t#gallery-1 .gallery-item {\n\t\t\t\tfloat: left;\n\t\t\t\tmargin-top: 10px;\n\t\t\t\ttext-align: center;\n\t\t\t\twidth: 33%;\n\t\t\t}\n\t\t\t#gallery-1 img {\n\t\t\t\tborder: 2px solid #cfcfcf;\n\t\t\t}\n\t\t\t#gallery-1 .gallery-caption {\n\t\t\t\tmargin-left: 0;\n\t\t\t}\n\t\t\t\/* see gallery_shortcode() in wp-includes\/media.php *\/\n\t\t<\/style>\n\t\t<div id='gallery-1' class='gallery galleryid-68081 gallery-columns-3 gallery-size-thumbnail'><dl class='gallery-item'>\n\t\t\t<dt class='gallery-icon landscape'>\n\t\t\t\t<a href='https:\/\/www.visit-ulcinj.com\/blog\/2013\/01\/25\/martesa-me-e-perfolur-e-vitit-2012-ne-ulqin\/ceremonia-e-marteses-nadir-sulejmani-ulqin-6\/'><img width=\"150\" height=\"150\" src=\"https:\/\/www.visit-ulcinj.com\/blog\/wp-content\/uploads\/2013\/01\/Ceremonia-e-marteses-Nadir-Sulejmani-Ulqin.6-150x150.jpg\" class=\"attachment-thumbnail size-thumbnail\" alt=\"\" loading=\"lazy\" \/><\/a>\n\t\t\t<\/dt><\/dl><dl class='gallery-item'>\n\t\t\t<dt class='gallery-icon landscape'>\n\t\t\t\t<a href='https:\/\/www.visit-ulcinj.com\/blog\/2013\/01\/25\/martesa-me-e-perfolur-e-vitit-2012-ne-ulqin\/ceremonia-e-marteses-nadir-sulejmani-ulqin-4\/'><img width=\"150\" height=\"150\" src=\"https:\/\/www.visit-ulcinj.com\/blog\/wp-content\/uploads\/2013\/01\/Ceremonia-e-marteses-Nadir-Sulejmani-Ulqin.4-150x150.jpg\" class=\"attachment-thumbnail size-thumbnail\" alt=\"\" loading=\"lazy\" \/><\/a>\n\t\t\t<\/dt><\/dl><dl class='gallery-item'>\n\t\t\t<dt class='gallery-icon landscape'>\n\t\t\t\t<a href='https:\/\/www.visit-ulcinj.com\/blog\/2013\/01\/25\/martesa-me-e-perfolur-e-vitit-2012-ne-ulqin\/ceremonia-e-marteses-nadir-sulejmani-ulqin-3\/'><img width=\"150\" height=\"150\" src=\"https:\/\/www.visit-ulcinj.com\/blog\/wp-content\/uploads\/2013\/01\/Ceremonia-e-marteses-Nadir-Sulejmani-Ulqin.3-150x150.jpg\" class=\"attachment-thumbnail size-thumbnail\" alt=\"\" loading=\"lazy\" \/><\/a>\n\t\t\t<\/dt><\/dl><br style=\"clear: both\" \/><dl class='gallery-item'>\n\t\t\t<dt class='gallery-icon portrait'>\n\t\t\t\t<a href='https:\/\/www.visit-ulcinj.com\/blog\/2013\/01\/25\/martesa-me-e-perfolur-e-vitit-2012-ne-ulqin\/ceremonia-e-marteses-nadir-sulejmani-ulqin-2\/'><img width=\"150\" height=\"150\" src=\"https:\/\/www.visit-ulcinj.com\/blog\/wp-content\/uploads\/2013\/01\/Ceremonia-e-marteses-Nadir-Sulejmani-Ulqin.2-150x150.jpg\" class=\"attachment-thumbnail size-thumbnail\" alt=\"\" loading=\"lazy\" \/><\/a>\n\t\t\t<\/dt><\/dl><dl class='gallery-item'>\n\t\t\t<dt class='gallery-icon landscape'>\n\t\t\t\t<a href='https:\/\/www.visit-ulcinj.com\/blog\/2013\/01\/25\/martesa-me-e-perfolur-e-vitit-2012-ne-ulqin\/ceremonia-e-marteses-nadir-sulejmani-ulqin-5\/'><img width=\"150\" height=\"150\" src=\"https:\/\/www.visit-ulcinj.com\/blog\/wp-content\/uploads\/2013\/01\/Ceremonia-e-marteses-Nadir-Sulejmani-Ulqin.5-150x150.jpg\" class=\"attachment-thumbnail size-thumbnail\" alt=\"\" loading=\"lazy\" \/><\/a>\n\t\t\t<\/dt><\/dl><dl class='gallery-item'>\n\t\t\t<dt class='gallery-icon landscape'>\n\t\t\t\t<a href='https:\/\/www.visit-ulcinj.com\/blog\/2013\/01\/25\/martesa-me-e-perfolur-e-vitit-2012-ne-ulqin\/ceremonia-e-marteses-nadir-sulejmani-ulqin-7\/'><img width=\"150\" height=\"150\" src=\"https:\/\/www.visit-ulcinj.com\/blog\/wp-content\/uploads\/2013\/01\/Ceremonia-e-marteses-Nadir-Sulejmani-Ulqin.7-150x150.jpg\" class=\"attachment-thumbnail size-thumbnail\" alt=\"\" loading=\"lazy\" \/><\/a>\n\t\t\t<\/dt><\/dl><br style=\"clear: both\" \/><dl class='gallery-item'>\n\t\t\t<dt class='gallery-icon landscape'>\n\t\t\t\t<a href='https:\/\/www.visit-ulcinj.com\/blog\/2013\/01\/25\/martesa-me-e-perfolur-e-vitit-2012-ne-ulqin\/ceremonia-e-marteses-nadir-sulejmani-ulqin-8\/'><img width=\"150\" height=\"150\" src=\"https:\/\/www.visit-ulcinj.com\/blog\/wp-content\/uploads\/2013\/01\/Ceremonia-e-marteses-Nadir-Sulejmani-Ulqin.8-150x150.jpg\" class=\"attachment-thumbnail size-thumbnail\" alt=\"\" loading=\"lazy\" \/><\/a>\n\t\t\t<\/dt><\/dl><dl class='gallery-item'>\n\t\t\t<dt class='gallery-icon landscape'>\n\t\t\t\t<a href='https:\/\/www.visit-ulcinj.com\/blog\/2013\/01\/25\/martesa-me-e-perfolur-e-vitit-2012-ne-ulqin\/ceremonia-e-marteses-nadir-sulejmani-ulqin-9\/'><img width=\"150\" height=\"150\" src=\"https:\/\/www.visit-ulcinj.com\/blog\/wp-content\/uploads\/2013\/01\/Ceremonia-e-marteses-Nadir-Sulejmani-Ulqin.9-150x150.jpg\" class=\"attachment-thumbnail size-thumbnail\" alt=\"\" loading=\"lazy\" \/><\/a>\n\t\t\t<\/dt><\/dl><dl class='gallery-item'>\n\t\t\t<dt class='gallery-icon landscape'>\n\t\t\t\t<a href='https:\/\/www.visit-ulcinj.com\/blog\/2013\/01\/25\/martesa-me-e-perfolur-e-vitit-2012-ne-ulqin\/ceremonia-e-marteses-nadir-sulejmani-ulqin-10\/'><img width=\"150\" height=\"150\" src=\"https:\/\/www.visit-ulcinj.com\/blog\/wp-content\/uploads\/2013\/01\/Ceremonia-e-marteses-Nadir-Sulejmani-Ulqin.10-150x150.jpg\" class=\"attachment-thumbnail size-thumbnail\" alt=\"\" loading=\"lazy\" \/><\/a>\n\t\t\t<\/dt><\/dl><br style=\"clear: both\" \/><dl class='gallery-item'>\n\t\t\t<dt class='gallery-icon landscape'>\n\t\t\t\t<a href='https:\/\/www.visit-ulcinj.com\/blog\/2013\/01\/25\/martesa-me-e-perfolur-e-vitit-2012-ne-ulqin\/ceremonia-e-marteses-nadir-sulejmani-ulqin\/'><img width=\"150\" height=\"150\" src=\"https:\/\/www.visit-ulcinj.com\/blog\/wp-content\/uploads\/2013\/01\/Ceremonia-e-marteses-Nadir-Sulejmani-Ulqin-150x150.jpg\" class=\"attachment-thumbnail size-thumbnail\" alt=\"\" loading=\"lazy\" \/><\/a>\n\t\t\t<\/dt><\/dl><dl class='gallery-item'>\n\t\t\t<dt class='gallery-icon landscape'>\n\t\t\t\t<a href='https:\/\/www.visit-ulcinj.com\/blog\/2013\/01\/25\/martesa-me-e-perfolur-e-vitit-2012-ne-ulqin\/ceremonia-e-marteses-nadir-sulejmani-ulqin-15\/'><img width=\"150\" height=\"150\" src=\"https:\/\/www.visit-ulcinj.com\/blog\/wp-content\/uploads\/2013\/01\/Ceremonia-e-marteses-Nadir-Sulejmani-Ulqin.15-150x150.jpg\" class=\"attachment-thumbnail size-thumbnail\" alt=\"\" loading=\"lazy\" \/><\/a>\n\t\t\t<\/dt><\/dl><dl class='gallery-item'>\n\t\t\t<dt class='gallery-icon landscape'>\n\t\t\t\t<a href='https:\/\/www.visit-ulcinj.com\/blog\/2013\/01\/25\/martesa-me-e-perfolur-e-vitit-2012-ne-ulqin\/ceremonia-e-marteses-nadir-sulejmani-ulqin-14\/'><img width=\"150\" height=\"150\" src=\"https:\/\/www.visit-ulcinj.com\/blog\/wp-content\/uploads\/2013\/01\/Ceremonia-e-marteses-Nadir-Sulejmani-Ulqin.14-150x150.jpg\" class=\"attachment-thumbnail size-thumbnail\" alt=\"\" loading=\"lazy\" \/><\/a>\n\t\t\t<\/dt><\/dl><br style=\"clear: both\" \/><dl class='gallery-item'>\n\t\t\t<dt class='gallery-icon portrait'>\n\t\t\t\t<a href='https:\/\/www.visit-ulcinj.com\/blog\/2013\/01\/25\/martesa-me-e-perfolur-e-vitit-2012-ne-ulqin\/ceremonia-e-marteses-nadir-sulejmani-ulqin-13\/'><img width=\"150\" height=\"150\" src=\"https:\/\/www.visit-ulcinj.com\/blog\/wp-content\/uploads\/2013\/01\/Ceremonia-e-marteses-Nadir-Sulejmani-Ulqin.13-150x150.jpg\" class=\"attachment-thumbnail size-thumbnail\" alt=\"\" loading=\"lazy\" \/><\/a>\n\t\t\t<\/dt><\/dl><dl class='gallery-item'>\n\t\t\t<dt class='gallery-icon landscape'>\n\t\t\t\t<a href='https:\/\/www.visit-ulcinj.com\/blog\/2013\/01\/25\/martesa-me-e-perfolur-e-vitit-2012-ne-ulqin\/ceremonia-e-marteses-nadir-sulejmani-ulqin-11\/'><img width=\"150\" height=\"150\" src=\"https:\/\/www.visit-ulcinj.com\/blog\/wp-content\/uploads\/2013\/01\/Ceremonia-e-marteses-Nadir-Sulejmani-Ulqin.11-150x150.jpg\" class=\"attachment-thumbnail size-thumbnail\" alt=\"\" loading=\"lazy\" \/><\/a>\n\t\t\t<\/dt><\/dl><dl class='gallery-item'>\n\t\t\t<dt class='gallery-icon landscape'>\n\t\t\t\t<a href='https:\/\/www.visit-ulcinj.com\/blog\/2013\/01\/25\/martesa-me-e-perfolur-e-vitit-2012-ne-ulqin\/ceremonia-e-marteses-nadir-sulejmani-ulqin-12\/'><img width=\"150\" height=\"150\" src=\"https:\/\/www.visit-ulcinj.com\/blog\/wp-content\/uploads\/2013\/01\/Ceremonia-e-marteses-Nadir-Sulejmani-Ulqin.12-150x150.jpg\" class=\"attachment-thumbnail size-thumbnail\" alt=\"\" loading=\"lazy\" \/><\/a>\n\t\t\t<\/dt><\/dl><br style=\"clear: both\" \/>\n\t\t<\/div>\n<\/p>\n","protected":false},"excerpt":{"rendered":"<p>Viti 2012 ka sh\u00ebnuar nj\u00eb s\u00ebr\u00eb martesash n\u00eb komun t\u00eb Ulqinit q\u00eb u ben t\u00eb perfolur dhe t\u00eb njohur. Me nj\u00eb pompozitet t\u00eb jasht\u00ebzakonsh\u00ebm mediatike u p\u00ebrcoll ceremonia martesore e motoristit t\u00eb klubit &#8220;Pirates&#8221; nga Ulqini me bukuroshen nj\u00ebsoj nga Ulqini. Nd\u00ebrkoh\u00eb, nga shum\u00eb media \u00a0shqiptare dasma e Nadir Sulejmanit \u00ebsht\u00eb konsideruar si dasma m\u00eb [&hellip;]<\/p>\n","protected":false},"author":1,"featured_media":0,"comment_status":"open","ping_status":"closed","sticky":false,"template":"","format":"standard","meta":{"spay_email":"","jetpack_publicize_message":"","jetpack_is_tweetstorm":false,"jetpack_publicize_feature_enabled":true},"categories":[5,1],"tags":[21741,21740,10803,19,200,18],"jetpack_publicize_connections":[],"yoast_head":"<!-- This site is optimized with the Yoast SEO plugin v19.1 - https:\/\/yoast.com\/wordpress\/plugins\/seo\/ -->\n<title>Martesa m\u00eb e p\u00ebrfolur e vitit 2012 n\u00eb Ulqin - Lajme nga Ulqini<\/title>\n<meta name=\"description\" content=\"Viti 2012 ka sh\u00ebnuar nj\u00eb s\u00ebr\u00eb martesash n\u00eb komun t\u00eb Ulqinit q\u00eb u ben t\u00eb perfolur dhe t\u00eb njohur. Me nj\u00eb pompozitet t\u00eb jasht\u00ebzakonsh\u00ebm mediatike u p\u00ebrcoll\" \/>\n<meta name=\"robots\" content=\"index, follow, max-snippet:-1, max-image-preview:large, max-video-preview:-1\" \/>\n<link rel=\"canonical\" href=\"https:\/\/www.visit-ulcinj.com\/blog\/2013\/01\/25\/martesa-me-e-perfolur-e-vitit-2012-ne-ulqin\/\" \/>\n<meta property=\"og:locale\" content=\"en_US\" \/>\n<meta property=\"og:type\" content=\"article\" \/>\n<meta property=\"og:title\" content=\"Martesa m\u00eb e p\u00ebrfolur e vitit 2012 n\u00eb Ulqin - Lajme nga Ulqini\" \/>\n<meta property=\"og:description\" content=\"Viti 2012 ka sh\u00ebnuar nj\u00eb s\u00ebr\u00eb martesash n\u00eb komun t\u00eb Ulqinit q\u00eb u ben t\u00eb perfolur dhe t\u00eb njohur. Me nj\u00eb pompozitet t\u00eb jasht\u00ebzakonsh\u00ebm mediatike u p\u00ebrcoll\" \/>\n<meta property=\"og:url\" content=\"https:\/\/www.visit-ulcinj.com\/blog\/2013\/01\/25\/martesa-me-e-perfolur-e-vitit-2012-ne-ulqin\/\" \/>\n<meta property=\"og:site_name\" content=\"Lajme nga Ulqini\" \/>\n<meta property=\"article:published_time\" content=\"2013-01-25T22:54:18+00:00\" \/>\n<meta property=\"article:modified_time\" content=\"2013-01-29T22:58:38+00:00\" \/>\n<meta property=\"og:image\" content=\"https:\/\/www.visit-ulcinj.com\/blog\/wp-content\/uploads\/2013\/01\/Ceremonia-e-marteses-Nadir-Sulejmani-Ulqin.6-150x150.jpg\" \/>\n<meta name=\"twitter:label1\" content=\"Written by\" \/>\n\t<meta name=\"twitter:data1\" content=\"ulqini\" \/>\n\t<meta name=\"twitter:label2\" content=\"Est. reading time\" \/>\n\t<meta name=\"twitter:data2\" content=\"1 minute\" \/>\n<script type=\"application\/ld+json\" class=\"yoast-schema-graph\">{\"@context\":\"https:\/\/schema.org\",\"@graph\":[{\"@type\":\"WebSite\",\"@id\":\"https:\/\/www.visit-ulcinj.com\/blog\/#website\",\"url\":\"https:\/\/www.visit-ulcinj.com\/blog\/\",\"name\":\"Lajme nga Ulqini\",\"description\":\"Lajme,Vijesti,Ulqini,Ulqin,Crna Gora,Mali i Zi\",\"potentialAction\":[{\"@type\":\"SearchAction\",\"target\":{\"@type\":\"EntryPoint\",\"urlTemplate\":\"https:\/\/www.visit-ulcinj.com\/blog\/?s={search_term_string}\"},\"query-input\":\"required name=search_term_string\"}],\"inLanguage\":\"en-US\"},{\"@type\":\"ImageObject\",\"inLanguage\":\"en-US\",\"@id\":\"https:\/\/www.visit-ulcinj.com\/blog\/2013\/01\/25\/martesa-me-e-perfolur-e-vitit-2012-ne-ulqin\/#primaryimage\",\"url\":\"https:\/\/www.visit-ulcinj.com\/blog\/wp-content\/uploads\/2013\/01\/Ceremonia-e-marteses-Nadir-Sulejmani-Ulqin.1.jpg\",\"contentUrl\":\"https:\/\/www.visit-ulcinj.com\/blog\/wp-content\/uploads\/2013\/01\/Ceremonia-e-marteses-Nadir-Sulejmani-Ulqin.1.jpg\",\"width\":960,\"height\":640},{\"@type\":\"WebPage\",\"@id\":\"https:\/\/www.visit-ulcinj.com\/blog\/2013\/01\/25\/martesa-me-e-perfolur-e-vitit-2012-ne-ulqin\/#webpage\",\"url\":\"https:\/\/www.visit-ulcinj.com\/blog\/2013\/01\/25\/martesa-me-e-perfolur-e-vitit-2012-ne-ulqin\/\",\"name\":\"Martesa m\u00eb e p\u00ebrfolur e vitit 2012 n\u00eb Ulqin - Lajme nga Ulqini\",\"isPartOf\":{\"@id\":\"https:\/\/www.visit-ulcinj.com\/blog\/#website\"},\"primaryImageOfPage\":{\"@id\":\"https:\/\/www.visit-ulcinj.com\/blog\/2013\/01\/25\/martesa-me-e-perfolur-e-vitit-2012-ne-ulqin\/#primaryimage\"},\"datePublished\":\"2013-01-25T22:54:18+00:00\",\"dateModified\":\"2013-01-29T22:58:38+00:00\",\"author\":{\"@id\":\"https:\/\/www.visit-ulcinj.com\/blog\/#\/schema\/person\/dcab619c614d3038751c63bc2aadc06d\"},\"description\":\"Viti 2012 ka sh\u00ebnuar nj\u00eb s\u00ebr\u00eb martesash n\u00eb komun t\u00eb Ulqinit q\u00eb u ben t\u00eb perfolur dhe t\u00eb njohur. Me nj\u00eb pompozitet t\u00eb jasht\u00ebzakonsh\u00ebm mediatike u p\u00ebrcoll\",\"breadcrumb\":{\"@id\":\"https:\/\/www.visit-ulcinj.com\/blog\/2013\/01\/25\/martesa-me-e-perfolur-e-vitit-2012-ne-ulqin\/#breadcrumb\"},\"inLanguage\":\"en-US\",\"potentialAction\":[{\"@type\":\"ReadAction\",\"target\":[\"https:\/\/www.visit-ulcinj.com\/blog\/2013\/01\/25\/martesa-me-e-perfolur-e-vitit-2012-ne-ulqin\/\"]}]},{\"@type\":\"BreadcrumbList\",\"@id\":\"https:\/\/www.visit-ulcinj.com\/blog\/2013\/01\/25\/martesa-me-e-perfolur-e-vitit-2012-ne-ulqin\/#breadcrumb\",\"itemListElement\":[{\"@type\":\"ListItem\",\"position\":1,\"name\":\"Martesa m\u00eb e p\u00ebrfolur e vitit 2012 n\u00eb Ulqin\"}]},{\"@type\":\"Person\",\"@id\":\"https:\/\/www.visit-ulcinj.com\/blog\/#\/schema\/person\/dcab619c614d3038751c63bc2aadc06d\",\"name\":\"ulqini\",\"sameAs\":[\"http:\/\/www.visit-ulcinj.com\"],\"url\":\"https:\/\/www.visit-ulcinj.com\/blog\/author\/admin\/\"}]}<\/script>\n<!-- \/ Yoast SEO plugin. -->","yoast_head_json":{"title":"Martesa m\u00eb e p\u00ebrfolur e vitit 2012 n\u00eb Ulqin - Lajme nga Ulqini","description":"Viti 2012 ka sh\u00ebnuar nj\u00eb s\u00ebr\u00eb martesash n\u00eb komun t\u00eb Ulqinit q\u00eb u ben t\u00eb perfolur dhe t\u00eb njohur. Me nj\u00eb pompozitet t\u00eb jasht\u00ebzakonsh\u00ebm mediatike u p\u00ebrcoll","robots":{"index":"index","follow":"follow","max-snippet":"max-snippet:-1","max-image-preview":"max-image-preview:large","max-video-preview":"max-video-preview:-1"},"canonical":"https:\/\/www.visit-ulcinj.com\/blog\/2013\/01\/25\/martesa-me-e-perfolur-e-vitit-2012-ne-ulqin\/","og_locale":"en_US","og_type":"article","og_title":"Martesa m\u00eb e p\u00ebrfolur e vitit 2012 n\u00eb Ulqin - Lajme nga Ulqini","og_description":"Viti 2012 ka sh\u00ebnuar nj\u00eb s\u00ebr\u00eb martesash n\u00eb komun t\u00eb Ulqinit q\u00eb u ben t\u00eb perfolur dhe t\u00eb njohur. Me nj\u00eb pompozitet t\u00eb jasht\u00ebzakonsh\u00ebm mediatike u p\u00ebrcoll","og_url":"https:\/\/www.visit-ulcinj.com\/blog\/2013\/01\/25\/martesa-me-e-perfolur-e-vitit-2012-ne-ulqin\/","og_site_name":"Lajme nga Ulqini","article_published_time":"2013-01-25T22:54:18+00:00","article_modified_time":"2013-01-29T22:58:38+00:00","og_image":[{"url":"https:\/\/www.visit-ulcinj.com\/blog\/wp-content\/uploads\/2013\/01\/Ceremonia-e-marteses-Nadir-Sulejmani-Ulqin.6-150x150.jpg"}],"twitter_misc":{"Written by":"ulqini","Est. reading time":"1 minute"},"schema":{"@context":"https:\/\/schema.org","@graph":[{"@type":"WebSite","@id":"https:\/\/www.visit-ulcinj.com\/blog\/#website","url":"https:\/\/www.visit-ulcinj.com\/blog\/","name":"Lajme nga Ulqini","description":"Lajme,Vijesti,Ulqini,Ulqin,Crna Gora,Mali i Zi","potentialAction":[{"@type":"SearchAction","target":{"@type":"EntryPoint","urlTemplate":"https:\/\/www.visit-ulcinj.com\/blog\/?s={search_term_string}"},"query-input":"required name=search_term_string"}],"inLanguage":"en-US"},{"@type":"ImageObject","inLanguage":"en-US","@id":"https:\/\/www.visit-ulcinj.com\/blog\/2013\/01\/25\/martesa-me-e-perfolur-e-vitit-2012-ne-ulqin\/#primaryimage","url":"https:\/\/www.visit-ulcinj.com\/blog\/wp-content\/uploads\/2013\/01\/Ceremonia-e-marteses-Nadir-Sulejmani-Ulqin.1.jpg","contentUrl":"https:\/\/www.visit-ulcinj.com\/blog\/wp-content\/uploads\/2013\/01\/Ceremonia-e-marteses-Nadir-Sulejmani-Ulqin.1.jpg","width":960,"height":640},{"@type":"WebPage","@id":"https:\/\/www.visit-ulcinj.com\/blog\/2013\/01\/25\/martesa-me-e-perfolur-e-vitit-2012-ne-ulqin\/#webpage","url":"https:\/\/www.visit-ulcinj.com\/blog\/2013\/01\/25\/martesa-me-e-perfolur-e-vitit-2012-ne-ulqin\/","name":"Martesa m\u00eb e p\u00ebrfolur e vitit 2012 n\u00eb Ulqin - Lajme nga Ulqini","isPartOf":{"@id":"https:\/\/www.visit-ulcinj.com\/blog\/#website"},"primaryImageOfPage":{"@id":"https:\/\/www.visit-ulcinj.com\/blog\/2013\/01\/25\/martesa-me-e-perfolur-e-vitit-2012-ne-ulqin\/#primaryimage"},"datePublished":"2013-01-25T22:54:18+00:00","dateModified":"2013-01-29T22:58:38+00:00","author":{"@id":"https:\/\/www.visit-ulcinj.com\/blog\/#\/schema\/person\/dcab619c614d3038751c63bc2aadc06d"},"description":"Viti 2012 ka sh\u00ebnuar nj\u00eb s\u00ebr\u00eb martesash n\u00eb komun t\u00eb Ulqinit q\u00eb u ben t\u00eb perfolur dhe t\u00eb njohur. Me nj\u00eb pompozitet t\u00eb jasht\u00ebzakonsh\u00ebm mediatike u p\u00ebrcoll","breadcrumb":{"@id":"https:\/\/www.visit-ulcinj.com\/blog\/2013\/01\/25\/martesa-me-e-perfolur-e-vitit-2012-ne-ulqin\/#breadcrumb"},"inLanguage":"en-US","potentialAction":[{"@type":"ReadAction","target":["https:\/\/www.visit-ulcinj.com\/blog\/2013\/01\/25\/martesa-me-e-perfolur-e-vitit-2012-ne-ulqin\/"]}]},{"@type":"BreadcrumbList","@id":"https:\/\/www.visit-ulcinj.com\/blog\/2013\/01\/25\/martesa-me-e-perfolur-e-vitit-2012-ne-ulqin\/#breadcrumb","itemListElement":[{"@type":"ListItem","position":1,"name":"Martesa m\u00eb e p\u00ebrfolur e vitit 2012 n\u00eb Ulqin"}]},{"@type":"Person","@id":"https:\/\/www.visit-ulcinj.com\/blog\/#\/schema\/person\/dcab619c614d3038751c63bc2aadc06d","name":"ulqini","sameAs":["http:\/\/www.visit-ulcinj.com"],"url":"https:\/\/www.visit-ulcinj.com\/blog\/author\/admin\/"}]}},"jetpack_featured_media_url":"","jetpack_sharing_enabled":true,"jetpack_shortlink":"https:\/\/wp.me\/pe6lTn-hI5","_links":{"self":[{"href":"https:\/\/www.visit-ulcinj.com\/blog\/wp-json\/wp\/v2\/posts\/68081"}],"collection":[{"href":"https:\/\/www.visit-ulcinj.com\/blog\/wp-json\/wp\/v2\/posts"}],"about":[{"href":"https:\/\/www.visit-ulcinj.com\/blog\/wp-json\/wp\/v2\/types\/post"}],"author":[{"embeddable":true,"href":"https:\/\/www.visit-ulcinj.com\/blog\/wp-json\/wp\/v2\/users\/1"}],"replies":[{"embeddable":true,"href":"https:\/\/www.visit-ulcinj.com\/blog\/wp-json\/wp\/v2\/comments?post=68081"}],"version-history":[{"count":2,"href":"https:\/\/www.visit-ulcinj.com\/blog\/wp-json\/wp\/v2\/posts\/68081\/revisions"}],"predecessor-version":[{"id":68129,"href":"https:\/\/www.visit-ulcinj.com\/blog\/wp-json\/wp\/v2\/posts\/68081\/revisions\/68129"}],"wp:attachment":[{"href":"https:\/\/www.visit-ulcinj.com\/blog\/wp-json\/wp\/v2\/media?parent=68081"}],"wp:term":[{"taxonomy":"category","embeddable":true,"href":"https:\/\/www.visit-ulcinj.com\/blog\/wp-json\/wp\/v2\/categories?post=68081"},{"taxonomy":"post_tag","embeddable":true,"href":"https:\/\/www.visit-ulcinj.com\/blog\/wp-json\/wp\/v2\/tags?post=68081"}],"curies":[{"name":"wp","href":"https:\/\/api.w.org\/{rel}","templated":true}]}}