{"id":68104,"date":"2013-01-29T21:21:49","date_gmt":"2013-01-29T20:21:49","guid":{"rendered":"http:\/\/www.visit-ulcinj.com\/blog\/?p=68104"},"modified":"2013-01-29T21:22:26","modified_gmt":"2013-01-29T20:22:26","slug":"uslov-force-ili-referendum-tuzi-ili-kandidat-dps-ostaje-bez-njihove-podrske","status":"publish","type":"post","link":"https:\/\/www.visit-ulcinj.com\/blog\/2013\/01\/29\/uslov-force-ili-referendum-tuzi-ili-kandidat-dps-ostaje-bez-njihove-podrske\/","title":{"rendered":"Uslov Force: Ili referendum Tuzi ili kandidat DPS ostaje bez njihove podr\u0161ke"},"content":{"rendered":"<p><strong><a href=\"http:\/\/www.visit-ulcinj.com\/blog\/wp-content\/uploads\/2013\/01\/Milosevic_Nimanbegu_Sinistaj.jpg\"><img loading=\"lazy\" class=\"alignleft  wp-image-68105\" alt=\"Milosevic_Nimanbegu_Sinistaj\" src=\"http:\/\/www.visit-ulcinj.com\/blog\/wp-content\/uploads\/2013\/01\/Milosevic_Nimanbegu_Sinistaj.jpg\" width=\"508\" height=\"400\" \/><\/a>Milo\u0161evi\u0107: Bi\u0107e referendum, samo jo\u0161 ne znamo kad<\/strong><\/p>\n<p>&nbsp;<\/p>\n<p>Predstavnicima Force je dosadilo da im DPS od izbora do izbora obe\u0107ava da \u0107e konstitutivni referendum za dobijanje statusa op\u0161tine Tuzi biti raspisan. Zbog toga su oni odlu\u010dili da predstoje\u0107e predsjedni\u010dke izbore iskoriste kako bi dobili ono \u0161to godinama tra\u017ee.<\/p>\n<p>Uslov je sljede\u0107i ili referendum ili kandidat DPS ostaje bez njihove podr\u0161ke. Me\u0111utim, u DPS su spremni da spuste loptu i porazgovaraju sa koalicionim partnerima, jer referendum \u0107e se odr\u017eati, samo ne znaju kad, pi\u0161u Dnevne novine.<\/p>\n<p>Izgleda da \u0107e predsjednik Filip Vujanovi\u0107 predstoje\u0107e predsjedni\u010dke izbore da izgura samo uz podr\u0161ku svoje partije i eventualno Bo\u0161njaka i liberala. Naravno, ukoliko SDP i albanske partije ostanu dosljedne svojim zahtjevima.<\/p>\n<p>Naime, nakon \u0161to je SDP najavila da \u0107e uskratiti podr\u0161ku Vujanovi\u0107u zato \u0161to je neustavan kandidat, oglasile su se i albanske partije, koje ne \u017eele vi\u0161e da ih DPS vu\u010de za nos. U prevodu, podr\u0161ka Albanaca Vujanovi\u0107u zavisi\u0107e od odre\u0111ivanja preciznog datuma odr\u017eavanja referenduma o op\u0161tini Tuzi.<\/p>\n<p>Tako makar tvrdi funkcioner Force Vaselj Sini\u0161taj. On isti\u010de da Albanci jo\u0161 ne znaju ta\u010dan datum referenduma, te da upravo od toga zavisi njihov dalji stav prema kandidatu vladaju\u0107e partije.<\/p>\n<p>&#8220;Od ta\u010dnog definisanja datuma referenduma za op\u0161tinu Malesija zavisi podr\u0161ka Vujanovi\u0107u. Pri\u017eelj kujemo da referendum bude istovremeno sa predsjedni\u010dkim izborima&#8221;, smatra Sini\u0161taj.<\/p>\n<p>Sa njim je saglasan i njegov koalicioni kolega Genci Nimanbegu, koji je kazao da on u potpunosti stoji iza Sini\u0161tajevih zahtjeva.<\/p>\n<p>Sa druge strane, u DPS vjeruju u dogovor sa predstavnicima albanskog naroda.<\/p>\n<p>Politi\u010dki direktor te partije Tarzan Milo\u0161evi\u0107 obja\u0161njava da ako je predsjednik DPS Milo \u0110ukanovi\u0107 obe\u0107ao da \u0107e mje\u0161tani Malesije dobiti op\u0161tinu, on \u0107e to i ispuniti. Me\u0111utim, Milo\u0161evi\u0107 nije mogao da precizira datum odr\u017eavanja referenduma, a to je upravo ono \u0161to Sini\u0161taj tra\u017ei.<\/p>\n<p>&#8220;Imamo ozbiljne koalicione partnere i sa njima \u0107emo sigurno da se dogovorimo o na\u0161em predsjedni\u010dkom kandidatu. Na njihove zahtjeve \u0107emo odgovoriti i na\u0107i najbolje rje\u0161enje za gra\u0111ane Malesije. Procijeni\u0107emo kada je najbolji tajming za referendum i da li \u0107e ga biti&#8221;, kazao je Milo\u0161evi\u0107.<\/p>\n<p>Povodom ovog pitanja se oglasio i poslanik DPS Ljui\u0111 \u0160krelja. On je za Radion Antena M kazao da u koalicionom sporazumu pi\u0161e da \u0107e Albanci podr\u017eati kandidata DPS. No, i on, kao i Milo\u0161evi\u0107, vjeruje da \u0107e se dvije strane dogovoriti o spornom pitanju i da \u0107e Vujanovi\u0107 dobiti podr\u0161ku kakvu zaslu\u017euje.<\/p>\n<p>Podsje\u0107anja radi, \u0110ukanovi\u0107 je na jednom od predizbornih skupova krajem septembra pro\u0161le godine kazao da \u0107e referendum u Malesiji biti odr\u017ean na prolje\u0107e. Tako je, nakon \u0110ukanovi\u0107evog obe\u0107anja za raspisivanje referenduma gradska op\u0161tina Tuzi poslala inicijativu za odr\u017eavanje referenduma upravi glavnog grada.<\/p>\n<p>Prvi \u010dovjek Podgorice Miomir Mugo\u0161a tada im je odgovorio da se jo\u0161 nijesu stekli uslovi za njegovo odr\u017eavanje, jer se prije raspisivanja referenduma moraju ispuniti uslovi iz finansijske studije opravdanosti teritorijalne promjene.<\/p>\n<p>Sini\u0161taj je ranije kazao, nakon \u0161to su Gusinje a prije toga Petnjica dobile status op\u0161tine, da to nije dobro jer te teritorije nemaju finansijskih kapaciteta da se same izdr\u017eavaju, dok Malesija ima.<\/p>\n<p><strong>Izvor: CDM<\/strong><\/p>\n","protected":false},"excerpt":{"rendered":"<p>Milo\u0161evi\u0107: Bi\u0107e referendum, samo jo\u0161 ne znamo kad &nbsp; Predstavnicima Force je dosadilo da im DPS od izbora do izbora obe\u0107ava da \u0107e konstitutivni referendum za dobijanje statusa op\u0161tine Tuzi biti raspisan. Zbog toga su oni odlu\u010dili da predstoje\u0107e predsjedni\u010dke izbore iskoriste kako bi dobili ono \u0161to godinama tra\u017ee. Uslov je sljede\u0107i ili referendum ili [&hellip;]<\/p>\n","protected":false},"author":1,"featured_media":0,"comment_status":"open","ping_status":"closed","sticky":false,"template":"","format":"standard","meta":{"spay_email":"","jetpack_publicize_message":"","jetpack_is_tweetstorm":false,"jetpack_publicize_feature_enabled":true},"categories":[8337],"tags":[117,201,19],"jetpack_publicize_connections":[],"yoast_head":"<!-- This site is optimized with the Yoast SEO plugin v19.1 - https:\/\/yoast.com\/wordpress\/plugins\/seo\/ -->\n<title>Uslov Force: Ili referendum Tuzi ili kandidat DPS ostaje bez njihove podr\u0161ke - Lajme nga Ulqini<\/title>\n<meta name=\"description\" content=\"Milo\u0161evi\u0107: Bi\u0107e referendum, samo jo\u0161 ne znamo kad &nbsp; Predstavnicima Force je dosadilo da im DPS od izbora do izbora obe\u0107ava da \u0107e konstitutivni\" \/>\n<meta name=\"robots\" content=\"index, follow, max-snippet:-1, max-image-preview:large, max-video-preview:-1\" \/>\n<link rel=\"canonical\" href=\"https:\/\/www.visit-ulcinj.com\/blog\/2013\/01\/29\/uslov-force-ili-referendum-tuzi-ili-kandidat-dps-ostaje-bez-njihove-podrske\/\" \/>\n<meta property=\"og:locale\" content=\"en_US\" \/>\n<meta property=\"og:type\" content=\"article\" \/>\n<meta property=\"og:title\" content=\"Uslov Force: Ili referendum Tuzi ili kandidat DPS ostaje bez njihove podr\u0161ke - Lajme nga Ulqini\" \/>\n<meta property=\"og:description\" content=\"Milo\u0161evi\u0107: Bi\u0107e referendum, samo jo\u0161 ne znamo kad &nbsp; Predstavnicima Force je dosadilo da im DPS od izbora do izbora obe\u0107ava da \u0107e konstitutivni\" \/>\n<meta property=\"og:url\" content=\"https:\/\/www.visit-ulcinj.com\/blog\/2013\/01\/29\/uslov-force-ili-referendum-tuzi-ili-kandidat-dps-ostaje-bez-njihove-podrske\/\" \/>\n<meta property=\"og:site_name\" content=\"Lajme nga Ulqini\" \/>\n<meta property=\"article:published_time\" content=\"2013-01-29T20:21:49+00:00\" \/>\n<meta property=\"article:modified_time\" content=\"2013-01-29T20:22:26+00:00\" \/>\n<meta property=\"og:image\" content=\"http:\/\/www.visit-ulcinj.com\/blog\/wp-content\/uploads\/2013\/01\/Milosevic_Nimanbegu_Sinistaj.jpg\" \/>\n<meta name=\"twitter:label1\" content=\"Written by\" \/>\n\t<meta name=\"twitter:data1\" content=\"ulqini\" \/>\n\t<meta name=\"twitter:label2\" content=\"Est. reading time\" \/>\n\t<meta name=\"twitter:data2\" content=\"3 minutes\" \/>\n<script type=\"application\/ld+json\" class=\"yoast-schema-graph\">{\"@context\":\"https:\/\/schema.org\",\"@graph\":[{\"@type\":\"WebSite\",\"@id\":\"https:\/\/www.visit-ulcinj.com\/blog\/#website\",\"url\":\"https:\/\/www.visit-ulcinj.com\/blog\/\",\"name\":\"Lajme nga Ulqini\",\"description\":\"Lajme,Vijesti,Ulqini,Ulqin,Crna Gora,Mali i Zi\",\"potentialAction\":[{\"@type\":\"SearchAction\",\"target\":{\"@type\":\"EntryPoint\",\"urlTemplate\":\"https:\/\/www.visit-ulcinj.com\/blog\/?s={search_term_string}\"},\"query-input\":\"required name=search_term_string\"}],\"inLanguage\":\"en-US\"},{\"@type\":\"ImageObject\",\"inLanguage\":\"en-US\",\"@id\":\"https:\/\/www.visit-ulcinj.com\/blog\/2013\/01\/29\/uslov-force-ili-referendum-tuzi-ili-kandidat-dps-ostaje-bez-njihove-podrske\/#primaryimage\",\"url\":\"https:\/\/www.visit-ulcinj.com\/blog\/wp-content\/uploads\/2013\/01\/Milosevic_Nimanbegu_Sinistaj.jpg\",\"contentUrl\":\"https:\/\/www.visit-ulcinj.com\/blog\/wp-content\/uploads\/2013\/01\/Milosevic_Nimanbegu_Sinistaj.jpg\",\"width\":508,\"height\":508},{\"@type\":\"WebPage\",\"@id\":\"https:\/\/www.visit-ulcinj.com\/blog\/2013\/01\/29\/uslov-force-ili-referendum-tuzi-ili-kandidat-dps-ostaje-bez-njihove-podrske\/#webpage\",\"url\":\"https:\/\/www.visit-ulcinj.com\/blog\/2013\/01\/29\/uslov-force-ili-referendum-tuzi-ili-kandidat-dps-ostaje-bez-njihove-podrske\/\",\"name\":\"Uslov Force: Ili referendum Tuzi ili kandidat DPS ostaje bez njihove podr\u0161ke - Lajme nga Ulqini\",\"isPartOf\":{\"@id\":\"https:\/\/www.visit-ulcinj.com\/blog\/#website\"},\"primaryImageOfPage\":{\"@id\":\"https:\/\/www.visit-ulcinj.com\/blog\/2013\/01\/29\/uslov-force-ili-referendum-tuzi-ili-kandidat-dps-ostaje-bez-njihove-podrske\/#primaryimage\"},\"datePublished\":\"2013-01-29T20:21:49+00:00\",\"dateModified\":\"2013-01-29T20:22:26+00:00\",\"author\":{\"@id\":\"https:\/\/www.visit-ulcinj.com\/blog\/#\/schema\/person\/dcab619c614d3038751c63bc2aadc06d\"},\"description\":\"Milo\u0161evi\u0107: Bi\u0107e referendum, samo jo\u0161 ne znamo kad &nbsp; Predstavnicima Force je dosadilo da im DPS od izbora do izbora obe\u0107ava da \u0107e konstitutivni\",\"breadcrumb\":{\"@id\":\"https:\/\/www.visit-ulcinj.com\/blog\/2013\/01\/29\/uslov-force-ili-referendum-tuzi-ili-kandidat-dps-ostaje-bez-njihove-podrske\/#breadcrumb\"},\"inLanguage\":\"en-US\",\"potentialAction\":[{\"@type\":\"ReadAction\",\"target\":[\"https:\/\/www.visit-ulcinj.com\/blog\/2013\/01\/29\/uslov-force-ili-referendum-tuzi-ili-kandidat-dps-ostaje-bez-njihove-podrske\/\"]}]},{\"@type\":\"BreadcrumbList\",\"@id\":\"https:\/\/www.visit-ulcinj.com\/blog\/2013\/01\/29\/uslov-force-ili-referendum-tuzi-ili-kandidat-dps-ostaje-bez-njihove-podrske\/#breadcrumb\",\"itemListElement\":[{\"@type\":\"ListItem\",\"position\":1,\"name\":\"Uslov Force: Ili referendum Tuzi ili kandidat DPS ostaje bez njihove podr\u0161ke\"}]},{\"@type\":\"Person\",\"@id\":\"https:\/\/www.visit-ulcinj.com\/blog\/#\/schema\/person\/dcab619c614d3038751c63bc2aadc06d\",\"name\":\"ulqini\",\"sameAs\":[\"http:\/\/www.visit-ulcinj.com\"],\"url\":\"https:\/\/www.visit-ulcinj.com\/blog\/author\/admin\/\"}]}<\/script>\n<!-- \/ Yoast SEO plugin. -->","yoast_head_json":{"title":"Uslov Force: Ili referendum Tuzi ili kandidat DPS ostaje bez njihove podr\u0161ke - Lajme nga Ulqini","description":"Milo\u0161evi\u0107: Bi\u0107e referendum, samo jo\u0161 ne znamo kad &nbsp; Predstavnicima Force je dosadilo da im DPS od izbora do izbora obe\u0107ava da \u0107e konstitutivni","robots":{"index":"index","follow":"follow","max-snippet":"max-snippet:-1","max-image-preview":"max-image-preview:large","max-video-preview":"max-video-preview:-1"},"canonical":"https:\/\/www.visit-ulcinj.com\/blog\/2013\/01\/29\/uslov-force-ili-referendum-tuzi-ili-kandidat-dps-ostaje-bez-njihove-podrske\/","og_locale":"en_US","og_type":"article","og_title":"Uslov Force: Ili referendum Tuzi ili kandidat DPS ostaje bez njihove podr\u0161ke - Lajme nga Ulqini","og_description":"Milo\u0161evi\u0107: Bi\u0107e referendum, samo jo\u0161 ne znamo kad &nbsp; Predstavnicima Force je dosadilo da im DPS od izbora do izbora obe\u0107ava da \u0107e konstitutivni","og_url":"https:\/\/www.visit-ulcinj.com\/blog\/2013\/01\/29\/uslov-force-ili-referendum-tuzi-ili-kandidat-dps-ostaje-bez-njihove-podrske\/","og_site_name":"Lajme nga Ulqini","article_published_time":"2013-01-29T20:21:49+00:00","article_modified_time":"2013-01-29T20:22:26+00:00","og_image":[{"url":"http:\/\/www.visit-ulcinj.com\/blog\/wp-content\/uploads\/2013\/01\/Milosevic_Nimanbegu_Sinistaj.jpg"}],"twitter_misc":{"Written by":"ulqini","Est. reading time":"3 minutes"},"schema":{"@context":"https:\/\/schema.org","@graph":[{"@type":"WebSite","@id":"https:\/\/www.visit-ulcinj.com\/blog\/#website","url":"https:\/\/www.visit-ulcinj.com\/blog\/","name":"Lajme nga Ulqini","description":"Lajme,Vijesti,Ulqini,Ulqin,Crna Gora,Mali i Zi","potentialAction":[{"@type":"SearchAction","target":{"@type":"EntryPoint","urlTemplate":"https:\/\/www.visit-ulcinj.com\/blog\/?s={search_term_string}"},"query-input":"required name=search_term_string"}],"inLanguage":"en-US"},{"@type":"ImageObject","inLanguage":"en-US","@id":"https:\/\/www.visit-ulcinj.com\/blog\/2013\/01\/29\/uslov-force-ili-referendum-tuzi-ili-kandidat-dps-ostaje-bez-njihove-podrske\/#primaryimage","url":"https:\/\/www.visit-ulcinj.com\/blog\/wp-content\/uploads\/2013\/01\/Milosevic_Nimanbegu_Sinistaj.jpg","contentUrl":"https:\/\/www.visit-ulcinj.com\/blog\/wp-content\/uploads\/2013\/01\/Milosevic_Nimanbegu_Sinistaj.jpg","width":508,"height":508},{"@type":"WebPage","@id":"https:\/\/www.visit-ulcinj.com\/blog\/2013\/01\/29\/uslov-force-ili-referendum-tuzi-ili-kandidat-dps-ostaje-bez-njihove-podrske\/#webpage","url":"https:\/\/www.visit-ulcinj.com\/blog\/2013\/01\/29\/uslov-force-ili-referendum-tuzi-ili-kandidat-dps-ostaje-bez-njihove-podrske\/","name":"Uslov Force: Ili referendum Tuzi ili kandidat DPS ostaje bez njihove podr\u0161ke - Lajme nga Ulqini","isPartOf":{"@id":"https:\/\/www.visit-ulcinj.com\/blog\/#website"},"primaryImageOfPage":{"@id":"https:\/\/www.visit-ulcinj.com\/blog\/2013\/01\/29\/uslov-force-ili-referendum-tuzi-ili-kandidat-dps-ostaje-bez-njihove-podrske\/#primaryimage"},"datePublished":"2013-01-29T20:21:49+00:00","dateModified":"2013-01-29T20:22:26+00:00","author":{"@id":"https:\/\/www.visit-ulcinj.com\/blog\/#\/schema\/person\/dcab619c614d3038751c63bc2aadc06d"},"description":"Milo\u0161evi\u0107: Bi\u0107e referendum, samo jo\u0161 ne znamo kad &nbsp; Predstavnicima Force je dosadilo da im DPS od izbora do izbora obe\u0107ava da \u0107e konstitutivni","breadcrumb":{"@id":"https:\/\/www.visit-ulcinj.com\/blog\/2013\/01\/29\/uslov-force-ili-referendum-tuzi-ili-kandidat-dps-ostaje-bez-njihove-podrske\/#breadcrumb"},"inLanguage":"en-US","potentialAction":[{"@type":"ReadAction","target":["https:\/\/www.visit-ulcinj.com\/blog\/2013\/01\/29\/uslov-force-ili-referendum-tuzi-ili-kandidat-dps-ostaje-bez-njihove-podrske\/"]}]},{"@type":"BreadcrumbList","@id":"https:\/\/www.visit-ulcinj.com\/blog\/2013\/01\/29\/uslov-force-ili-referendum-tuzi-ili-kandidat-dps-ostaje-bez-njihove-podrske\/#breadcrumb","itemListElement":[{"@type":"ListItem","position":1,"name":"Uslov Force: Ili referendum Tuzi ili kandidat DPS ostaje bez njihove podr\u0161ke"}]},{"@type":"Person","@id":"https:\/\/www.visit-ulcinj.com\/blog\/#\/schema\/person\/dcab619c614d3038751c63bc2aadc06d","name":"ulqini","sameAs":["http:\/\/www.visit-ulcinj.com"],"url":"https:\/\/www.visit-ulcinj.com\/blog\/author\/admin\/"}]}},"jetpack_featured_media_url":"","jetpack_sharing_enabled":true,"jetpack_shortlink":"https:\/\/wp.me\/pe6lTn-hIs","_links":{"self":[{"href":"https:\/\/www.visit-ulcinj.com\/blog\/wp-json\/wp\/v2\/posts\/68104"}],"collection":[{"href":"https:\/\/www.visit-ulcinj.com\/blog\/wp-json\/wp\/v2\/posts"}],"about":[{"href":"https:\/\/www.visit-ulcinj.com\/blog\/wp-json\/wp\/v2\/types\/post"}],"author":[{"embeddable":true,"href":"https:\/\/www.visit-ulcinj.com\/blog\/wp-json\/wp\/v2\/users\/1"}],"replies":[{"embeddable":true,"href":"https:\/\/www.visit-ulcinj.com\/blog\/wp-json\/wp\/v2\/comments?post=68104"}],"version-history":[{"count":2,"href":"https:\/\/www.visit-ulcinj.com\/blog\/wp-json\/wp\/v2\/posts\/68104\/revisions"}],"predecessor-version":[{"id":68107,"href":"https:\/\/www.visit-ulcinj.com\/blog\/wp-json\/wp\/v2\/posts\/68104\/revisions\/68107"}],"wp:attachment":[{"href":"https:\/\/www.visit-ulcinj.com\/blog\/wp-json\/wp\/v2\/media?parent=68104"}],"wp:term":[{"taxonomy":"category","embeddable":true,"href":"https:\/\/www.visit-ulcinj.com\/blog\/wp-json\/wp\/v2\/categories?post=68104"},{"taxonomy":"post_tag","embeddable":true,"href":"https:\/\/www.visit-ulcinj.com\/blog\/wp-json\/wp\/v2\/tags?post=68104"}],"curies":[{"name":"wp","href":"https:\/\/api.w.org\/{rel}","templated":true}]}}