{"id":68108,"date":"2013-01-29T21:31:05","date_gmt":"2013-01-29T20:31:05","guid":{"rendered":"http:\/\/www.visit-ulcinj.com\/blog\/?p=68108"},"modified":"2013-01-29T22:04:06","modified_gmt":"2013-01-29T21:04:06","slug":"dritan-abazovic-pozitivna-ce-glasati-protiv-uvodenja-kriznog-poreza","status":"publish","type":"post","link":"https:\/\/www.visit-ulcinj.com\/blog\/2013\/01\/29\/dritan-abazovic-pozitivna-ce-glasati-protiv-uvodenja-kriznog-poreza\/","title":{"rendered":"Dritan Abazovic: Pozitivna \u0107e glasati protiv uvo\u0111enja kriznog poreza"},"content":{"rendered":"<p><a href=\"http:\/\/www.visit-ulcinj.com\/blog\/wp-content\/uploads\/2013\/01\/Dritan-Abazovic-protiv-kriznog-poreza.jpg\"><img loading=\"lazy\" class=\"alignleft  wp-image-68109\" alt=\"Dritan Abazovic protiv kriznog poreza\" src=\"http:\/\/www.visit-ulcinj.com\/blog\/wp-content\/uploads\/2013\/01\/Dritan-Abazovic-protiv-kriznog-poreza.jpg\" width=\"508\" height=\"360\" \/><\/a>Poslanik Pozitivne Crne Gore Dritan Abazovi\u0107, koji se pridru\u017eio dana\u0161njem protestu USSCG ispred Skup\u0161tine Crne Gore, kazao je za Portal Analitika da ova partija ne\u0107e glasati za uvo\u0111enje kriznog poreza, te da je on produkt Vladine lo\u0161e ekonomske politike.<\/p>\n<p>&#8211; Smatram da je uvo\u0111enje kriznog poreza nepravedno prema gra\u0111anima. Li\u010dno ne bih podr\u017eao ni porez od 0.01 odsto, zato \u0161to on nije produkt krize, ve\u0107 neozbiljog rada i ekonomske politike koja nam se sada svima obija o glavu, izri\u010dit je Abazovi\u0107.<\/p>\n<p>Prema njegovim rije\u010dima, iako je Vlada predlo\u017eila bud\u017eet prije ta\u010dno mjesec dana, on nije pro\u0161ao test odr\u017eivosti, i da to, kako ka\u017ee, dosta govori o njihovom radu.<\/p>\n<p>&#8211; Mislim da je ovo neodgovorno. Ima raznih na\u010dina da se do\u0111e do bud\u017eetskih sredstava koja su krajnje legalna, kao \u0161to su napla\u0107ivanje poreskih obaveza gra\u0111anima koji to nijesu uradili u prethodnom periodu. Znamo da su neke firme, vrlo aktraktivne, vje\u010diti pobjednici svih tendera, rekao je Abazovi\u0107, dodav\u0161i da je ovo jedan od na\u010dina da se ja\u010da poreska politika.<\/p>\n<p>Uvo\u0111enje kriznog poreza, smatra Abazovi\u0107, mo\u017ee samo da izaziva nezadovoljstvo kod gra\u0111ana, a njegova partija \u0107e poku\u0161ati i da \u201eubijedi ostale kolege da glasaju protiv\u201c.<\/p>\n<p>&#8211; Ovo \u0161to radi Vlada je dodatno izazivanje gnijeva kod gra\u0111ana i ne\u0161to \u0161to apsolutno ne bi trebalo da bude podr\u017eano. Bi\u0107e mi jako \u017eao ako danas taj Zakon pro\u0111e. Poslanici Pozitivne glasa\u0107e protiv, obrazlaga\u0107e, dava\u0107e svoje argumente i potrudi\u0107e se da ubijedi kolege da urade sli\u010dno, zaklju\u010dio je Abazovi\u0107.<\/p>\n<p><strong>Analitika &#8211; Informativni Portal<\/strong><\/p>\n<p><iframe loading=\"lazy\" width=\"508\" height=\"360\" src=\"http:\/\/www.youtube.com\/embed\/iPSVbZkws5k?rel=0\" frameborder=\"0\" allowfullscreen><\/iframe><\/p>\n","protected":false},"excerpt":{"rendered":"<p>Poslanik Pozitivne Crne Gore Dritan Abazovi\u0107, koji se pridru\u017eio dana\u0161njem protestu USSCG ispred Skup\u0161tine Crne Gore, kazao je za Portal Analitika da ova partija ne\u0107e glasati za uvo\u0111enje kriznog poreza, te da je on produkt Vladine lo\u0161e ekonomske politike. &#8211; Smatram da je uvo\u0111enje kriznog poreza nepravedno prema gra\u0111anima. Li\u010dno ne bih podr\u017eao ni porez [&hellip;]<\/p>\n","protected":false},"author":1,"featured_media":0,"comment_status":"open","ping_status":"closed","sticky":false,"template":"","format":"standard","meta":{"spay_email":"","jetpack_publicize_message":"","jetpack_is_tweetstorm":false,"jetpack_publicize_feature_enabled":true},"categories":[6950],"tags":[13706,20973],"jetpack_publicize_connections":[],"yoast_head":"<!-- This site is optimized with the Yoast SEO plugin v19.1 - https:\/\/yoast.com\/wordpress\/plugins\/seo\/ -->\n<title>Dritan Abazovic: Pozitivna \u0107e glasati protiv uvo\u0111enja kriznog poreza - Lajme nga Ulqini<\/title>\n<meta name=\"description\" content=\"Poslanik Pozitivne Crne Gore Dritan Abazovi\u0107, koji se pridru\u017eio dana\u0161njem protestu USSCG ispred Skup\u0161tine Crne Gore, kazao je za Portal Analitika da ova\" \/>\n<meta name=\"robots\" content=\"index, follow, max-snippet:-1, max-image-preview:large, max-video-preview:-1\" \/>\n<link rel=\"canonical\" href=\"https:\/\/www.visit-ulcinj.com\/blog\/2013\/01\/29\/dritan-abazovic-pozitivna-ce-glasati-protiv-uvodenja-kriznog-poreza\/\" \/>\n<meta property=\"og:locale\" content=\"en_US\" \/>\n<meta property=\"og:type\" content=\"article\" \/>\n<meta property=\"og:title\" content=\"Dritan Abazovic: Pozitivna \u0107e glasati protiv uvo\u0111enja kriznog poreza - Lajme nga Ulqini\" \/>\n<meta property=\"og:description\" content=\"Poslanik Pozitivne Crne Gore Dritan Abazovi\u0107, koji se pridru\u017eio dana\u0161njem protestu USSCG ispred Skup\u0161tine Crne Gore, kazao je za Portal Analitika da ova\" \/>\n<meta property=\"og:url\" content=\"https:\/\/www.visit-ulcinj.com\/blog\/2013\/01\/29\/dritan-abazovic-pozitivna-ce-glasati-protiv-uvodenja-kriznog-poreza\/\" \/>\n<meta property=\"og:site_name\" content=\"Lajme nga Ulqini\" \/>\n<meta property=\"article:published_time\" content=\"2013-01-29T20:31:05+00:00\" \/>\n<meta property=\"article:modified_time\" content=\"2013-01-29T21:04:06+00:00\" \/>\n<meta property=\"og:image\" content=\"http:\/\/www.visit-ulcinj.com\/blog\/wp-content\/uploads\/2013\/01\/Dritan-Abazovic-protiv-kriznog-poreza.jpg\" \/>\n<meta name=\"twitter:label1\" content=\"Written by\" \/>\n\t<meta name=\"twitter:data1\" content=\"ulqini\" \/>\n\t<meta name=\"twitter:label2\" content=\"Est. reading time\" \/>\n\t<meta name=\"twitter:data2\" content=\"1 minute\" \/>\n<script type=\"application\/ld+json\" class=\"yoast-schema-graph\">{\"@context\":\"https:\/\/schema.org\",\"@graph\":[{\"@type\":\"WebSite\",\"@id\":\"https:\/\/www.visit-ulcinj.com\/blog\/#website\",\"url\":\"https:\/\/www.visit-ulcinj.com\/blog\/\",\"name\":\"Lajme nga Ulqini\",\"description\":\"Lajme,Vijesti,Ulqini,Ulqin,Crna Gora,Mali i Zi\",\"potentialAction\":[{\"@type\":\"SearchAction\",\"target\":{\"@type\":\"EntryPoint\",\"urlTemplate\":\"https:\/\/www.visit-ulcinj.com\/blog\/?s={search_term_string}\"},\"query-input\":\"required name=search_term_string\"}],\"inLanguage\":\"en-US\"},{\"@type\":\"ImageObject\",\"inLanguage\":\"en-US\",\"@id\":\"https:\/\/www.visit-ulcinj.com\/blog\/2013\/01\/29\/dritan-abazovic-pozitivna-ce-glasati-protiv-uvodenja-kriznog-poreza\/#primaryimage\",\"url\":\"https:\/\/www.visit-ulcinj.com\/blog\/wp-content\/uploads\/2013\/01\/Dritan-Abazovic-protiv-kriznog-poreza.jpg\",\"contentUrl\":\"https:\/\/www.visit-ulcinj.com\/blog\/wp-content\/uploads\/2013\/01\/Dritan-Abazovic-protiv-kriznog-poreza.jpg\",\"width\":960,\"height\":574},{\"@type\":\"WebPage\",\"@id\":\"https:\/\/www.visit-ulcinj.com\/blog\/2013\/01\/29\/dritan-abazovic-pozitivna-ce-glasati-protiv-uvodenja-kriznog-poreza\/#webpage\",\"url\":\"https:\/\/www.visit-ulcinj.com\/blog\/2013\/01\/29\/dritan-abazovic-pozitivna-ce-glasati-protiv-uvodenja-kriznog-poreza\/\",\"name\":\"Dritan Abazovic: Pozitivna \u0107e glasati protiv uvo\u0111enja kriznog poreza - Lajme nga Ulqini\",\"isPartOf\":{\"@id\":\"https:\/\/www.visit-ulcinj.com\/blog\/#website\"},\"primaryImageOfPage\":{\"@id\":\"https:\/\/www.visit-ulcinj.com\/blog\/2013\/01\/29\/dritan-abazovic-pozitivna-ce-glasati-protiv-uvodenja-kriznog-poreza\/#primaryimage\"},\"datePublished\":\"2013-01-29T20:31:05+00:00\",\"dateModified\":\"2013-01-29T21:04:06+00:00\",\"author\":{\"@id\":\"https:\/\/www.visit-ulcinj.com\/blog\/#\/schema\/person\/dcab619c614d3038751c63bc2aadc06d\"},\"description\":\"Poslanik Pozitivne Crne Gore Dritan Abazovi\u0107, koji se pridru\u017eio dana\u0161njem protestu USSCG ispred Skup\u0161tine Crne Gore, kazao je za Portal Analitika da ova\",\"breadcrumb\":{\"@id\":\"https:\/\/www.visit-ulcinj.com\/blog\/2013\/01\/29\/dritan-abazovic-pozitivna-ce-glasati-protiv-uvodenja-kriznog-poreza\/#breadcrumb\"},\"inLanguage\":\"en-US\",\"potentialAction\":[{\"@type\":\"ReadAction\",\"target\":[\"https:\/\/www.visit-ulcinj.com\/blog\/2013\/01\/29\/dritan-abazovic-pozitivna-ce-glasati-protiv-uvodenja-kriznog-poreza\/\"]}]},{\"@type\":\"BreadcrumbList\",\"@id\":\"https:\/\/www.visit-ulcinj.com\/blog\/2013\/01\/29\/dritan-abazovic-pozitivna-ce-glasati-protiv-uvodenja-kriznog-poreza\/#breadcrumb\",\"itemListElement\":[{\"@type\":\"ListItem\",\"position\":1,\"name\":\"Dritan Abazovic: Pozitivna \u0107e glasati protiv uvo\u0111enja kriznog poreza\"}]},{\"@type\":\"Person\",\"@id\":\"https:\/\/www.visit-ulcinj.com\/blog\/#\/schema\/person\/dcab619c614d3038751c63bc2aadc06d\",\"name\":\"ulqini\",\"sameAs\":[\"http:\/\/www.visit-ulcinj.com\"],\"url\":\"https:\/\/www.visit-ulcinj.com\/blog\/author\/admin\/\"}]}<\/script>\n<!-- \/ Yoast SEO plugin. -->","yoast_head_json":{"title":"Dritan Abazovic: Pozitivna \u0107e glasati protiv uvo\u0111enja kriznog poreza - Lajme nga Ulqini","description":"Poslanik Pozitivne Crne Gore Dritan Abazovi\u0107, koji se pridru\u017eio dana\u0161njem protestu USSCG ispred Skup\u0161tine Crne Gore, kazao je za Portal Analitika da ova","robots":{"index":"index","follow":"follow","max-snippet":"max-snippet:-1","max-image-preview":"max-image-preview:large","max-video-preview":"max-video-preview:-1"},"canonical":"https:\/\/www.visit-ulcinj.com\/blog\/2013\/01\/29\/dritan-abazovic-pozitivna-ce-glasati-protiv-uvodenja-kriznog-poreza\/","og_locale":"en_US","og_type":"article","og_title":"Dritan Abazovic: Pozitivna \u0107e glasati protiv uvo\u0111enja kriznog poreza - Lajme nga Ulqini","og_description":"Poslanik Pozitivne Crne Gore Dritan Abazovi\u0107, koji se pridru\u017eio dana\u0161njem protestu USSCG ispred Skup\u0161tine Crne Gore, kazao je za Portal Analitika da ova","og_url":"https:\/\/www.visit-ulcinj.com\/blog\/2013\/01\/29\/dritan-abazovic-pozitivna-ce-glasati-protiv-uvodenja-kriznog-poreza\/","og_site_name":"Lajme nga Ulqini","article_published_time":"2013-01-29T20:31:05+00:00","article_modified_time":"2013-01-29T21:04:06+00:00","og_image":[{"url":"http:\/\/www.visit-ulcinj.com\/blog\/wp-content\/uploads\/2013\/01\/Dritan-Abazovic-protiv-kriznog-poreza.jpg"}],"twitter_misc":{"Written by":"ulqini","Est. reading time":"1 minute"},"schema":{"@context":"https:\/\/schema.org","@graph":[{"@type":"WebSite","@id":"https:\/\/www.visit-ulcinj.com\/blog\/#website","url":"https:\/\/www.visit-ulcinj.com\/blog\/","name":"Lajme nga Ulqini","description":"Lajme,Vijesti,Ulqini,Ulqin,Crna Gora,Mali i Zi","potentialAction":[{"@type":"SearchAction","target":{"@type":"EntryPoint","urlTemplate":"https:\/\/www.visit-ulcinj.com\/blog\/?s={search_term_string}"},"query-input":"required name=search_term_string"}],"inLanguage":"en-US"},{"@type":"ImageObject","inLanguage":"en-US","@id":"https:\/\/www.visit-ulcinj.com\/blog\/2013\/01\/29\/dritan-abazovic-pozitivna-ce-glasati-protiv-uvodenja-kriznog-poreza\/#primaryimage","url":"https:\/\/www.visit-ulcinj.com\/blog\/wp-content\/uploads\/2013\/01\/Dritan-Abazovic-protiv-kriznog-poreza.jpg","contentUrl":"https:\/\/www.visit-ulcinj.com\/blog\/wp-content\/uploads\/2013\/01\/Dritan-Abazovic-protiv-kriznog-poreza.jpg","width":960,"height":574},{"@type":"WebPage","@id":"https:\/\/www.visit-ulcinj.com\/blog\/2013\/01\/29\/dritan-abazovic-pozitivna-ce-glasati-protiv-uvodenja-kriznog-poreza\/#webpage","url":"https:\/\/www.visit-ulcinj.com\/blog\/2013\/01\/29\/dritan-abazovic-pozitivna-ce-glasati-protiv-uvodenja-kriznog-poreza\/","name":"Dritan Abazovic: Pozitivna \u0107e glasati protiv uvo\u0111enja kriznog poreza - Lajme nga Ulqini","isPartOf":{"@id":"https:\/\/www.visit-ulcinj.com\/blog\/#website"},"primaryImageOfPage":{"@id":"https:\/\/www.visit-ulcinj.com\/blog\/2013\/01\/29\/dritan-abazovic-pozitivna-ce-glasati-protiv-uvodenja-kriznog-poreza\/#primaryimage"},"datePublished":"2013-01-29T20:31:05+00:00","dateModified":"2013-01-29T21:04:06+00:00","author":{"@id":"https:\/\/www.visit-ulcinj.com\/blog\/#\/schema\/person\/dcab619c614d3038751c63bc2aadc06d"},"description":"Poslanik Pozitivne Crne Gore Dritan Abazovi\u0107, koji se pridru\u017eio dana\u0161njem protestu USSCG ispred Skup\u0161tine Crne Gore, kazao je za Portal Analitika da ova","breadcrumb":{"@id":"https:\/\/www.visit-ulcinj.com\/blog\/2013\/01\/29\/dritan-abazovic-pozitivna-ce-glasati-protiv-uvodenja-kriznog-poreza\/#breadcrumb"},"inLanguage":"en-US","potentialAction":[{"@type":"ReadAction","target":["https:\/\/www.visit-ulcinj.com\/blog\/2013\/01\/29\/dritan-abazovic-pozitivna-ce-glasati-protiv-uvodenja-kriznog-poreza\/"]}]},{"@type":"BreadcrumbList","@id":"https:\/\/www.visit-ulcinj.com\/blog\/2013\/01\/29\/dritan-abazovic-pozitivna-ce-glasati-protiv-uvodenja-kriznog-poreza\/#breadcrumb","itemListElement":[{"@type":"ListItem","position":1,"name":"Dritan Abazovic: Pozitivna \u0107e glasati protiv uvo\u0111enja kriznog poreza"}]},{"@type":"Person","@id":"https:\/\/www.visit-ulcinj.com\/blog\/#\/schema\/person\/dcab619c614d3038751c63bc2aadc06d","name":"ulqini","sameAs":["http:\/\/www.visit-ulcinj.com"],"url":"https:\/\/www.visit-ulcinj.com\/blog\/author\/admin\/"}]}},"jetpack_featured_media_url":"","jetpack_sharing_enabled":true,"jetpack_shortlink":"https:\/\/wp.me\/pe6lTn-hIw","_links":{"self":[{"href":"https:\/\/www.visit-ulcinj.com\/blog\/wp-json\/wp\/v2\/posts\/68108"}],"collection":[{"href":"https:\/\/www.visit-ulcinj.com\/blog\/wp-json\/wp\/v2\/posts"}],"about":[{"href":"https:\/\/www.visit-ulcinj.com\/blog\/wp-json\/wp\/v2\/types\/post"}],"author":[{"embeddable":true,"href":"https:\/\/www.visit-ulcinj.com\/blog\/wp-json\/wp\/v2\/users\/1"}],"replies":[{"embeddable":true,"href":"https:\/\/www.visit-ulcinj.com\/blog\/wp-json\/wp\/v2\/comments?post=68108"}],"version-history":[{"count":5,"href":"https:\/\/www.visit-ulcinj.com\/blog\/wp-json\/wp\/v2\/posts\/68108\/revisions"}],"predecessor-version":[{"id":68122,"href":"https:\/\/www.visit-ulcinj.com\/blog\/wp-json\/wp\/v2\/posts\/68108\/revisions\/68122"}],"wp:attachment":[{"href":"https:\/\/www.visit-ulcinj.com\/blog\/wp-json\/wp\/v2\/media?parent=68108"}],"wp:term":[{"taxonomy":"category","embeddable":true,"href":"https:\/\/www.visit-ulcinj.com\/blog\/wp-json\/wp\/v2\/categories?post=68108"},{"taxonomy":"post_tag","embeddable":true,"href":"https:\/\/www.visit-ulcinj.com\/blog\/wp-json\/wp\/v2\/tags?post=68108"}],"curies":[{"name":"wp","href":"https:\/\/api.w.org\/{rel}","templated":true}]}}