{"id":68123,"date":"2013-01-29T22:08:26","date_gmt":"2013-01-29T21:08:26","guid":{"rendered":"http:\/\/www.visit-ulcinj.com\/blog\/?p=68123"},"modified":"2013-01-29T22:08:26","modified_gmt":"2013-01-29T21:08:26","slug":"vllaznia-barazon-4-4-ne-miqesoren-e-sotme-me-mlladost","status":"publish","type":"post","link":"https:\/\/www.visit-ulcinj.com\/blog\/2013\/01\/29\/vllaznia-barazon-4-4-ne-miqesoren-e-sotme-me-mlladost\/","title":{"rendered":"Vllaznia barazon 4-4 n\u00eb miq\u00ebsoren e sotme me Mlladost"},"content":{"rendered":"<p id=\"u_ps_0_0_v\" data-ft=\"{&quot;type&quot;:1,&quot;tn&quot;:&quot;K&quot;}\"><a href=\"http:\/\/www.visit-ulcinj.com\/blog\/wp-content\/uploads\/2013\/01\/vlaznia_mladost.png\"><img loading=\"lazy\" class=\"alignleft  wp-image-68124\" alt=\"vlaznia_mladost\" src=\"http:\/\/www.visit-ulcinj.com\/blog\/wp-content\/uploads\/2013\/01\/vlaznia_mladost.png\" width=\"400\" height=\"300\" \/><\/a>Skuadra shkodrane e ka mbyllur me barazim serin\u00eb e takimeve miq\u00ebsore n\u00eb p\u00ebrgatitoren e Malit t\u00eb Zi. Pasditen e sotme, ajo ka luajtur me Mlladost dhe takimi \u00ebsht\u00eb mbyllur n\u00eb barazim 4-4. Ndeshja \u00ebsht\u00eb luajtur n\u00eb Podgoric\u00eb. Trajneri Bushati ka hedhur n\u00eb fush\u00eb nj\u00eb formacion t\u00eb p\u00ebrb\u00ebr\u00eb nga Gjokovicc n\u00eb port\u00eb, Smajli, Semina, Belisha e Begaj n\u00eb mbrojtje. N\u00eb mesin e fush\u00ebs kan\u00eb qen\u00eb Hajdari, Nallbani, Tafili e Dragoi, t\u00eb cil\u00ebt kan\u00eb treguar nj\u00eb nivel mjaft t\u00eb mir\u00eb n\u00eb t\u00eb gjith\u00eb aspektet. N\u00eb sulm tekniku Bushati ka provuar pas Rexh\u00ebs mesfushorin 20 vje\u00e7ar shkodran Florind Bardulla q\u00eb ka b\u00ebr\u00eb nj\u00eb paraqitje t\u00eb mir\u00eb n\u00eb k\u00ebt\u00eb ndeshje.<\/p>\n<p>Pjesa e par\u00eb \u00ebsht\u00eb mbyllur 2-1 p\u00ebr Vllaznin\u00eb teksa t\u00eb par\u00ebt kan\u00eb sh\u00ebnuar vendasit n\u00eb minut\u00ebn e 18-t\u00eb dhe pastaj ka sh\u00ebnuar dy gola nj\u00ebri pas tjetrit rumuni Dragoi n\u00eb minutat 40 dhe 45. N\u00eb pjes\u00ebn e dyt\u00eb, Vllaznia ka kryer kat\u00ebr z\u00ebvend\u00ebsime q\u00eb n\u00eb minut\u00ebn e par\u00eb me aktivizimin e Vujadinovi\u00e7, Markut, Taf\u00ebs dhe Shtubin\u00ebs nd\u00ebrsa m\u00eb von\u00eb jan\u00eb aktivizuar edhe Rusi, Dema, Gjini, Kruja e Shkjau.Vendasti kan\u00eb arritur t\u00eb p\u00ebrmysin shifrat e pjes\u00ebs s\u00eb par\u00eb me dy gola t\u00eb sh\u00ebnuar n\u00eb minutat e 51-t\u00eb, dhe 58-t\u00eb me an\u00eb t\u00eb Kalevicc dhe Bozhevicc nga pika e bardh\u00eb e 11-t\u00eb metrave pas pengimit n\u00eb zon\u00eb t\u00eb nj\u00eb futbollisti vendas nga ana e Semin\u00ebs. Megjithat\u00eb ka ardhur menjeh\u00ebr\u00eb reagimi I kuqebluve t\u00eb cil\u00ebt me at\u00eb Dragoit dhe m\u00eb pas edhe t\u00eb Gjinit kan\u00eb kaluar p\u00ebrs\u00ebri n\u00eb avantazh. Megjithat\u00eb 5 minuta para fundit vendasit kan\u00eb marr\u00eb nj\u00eb 11-t\u00eb met\u00ebrsh t\u00eb diskutuesh\u00ebm p\u00ebr nj\u00eb prekje t\u00eb topit me dor\u00eb nga mbrojt\u00ebsi Rusi q\u00eb \u00ebsht\u00eb kthyer n\u00eb gol nga Knjezhevicc. N\u00eb pjes\u00ebn e dyt\u00eb, nj\u00eb paraqitje t\u00eb mir\u00eb ka b\u00ebr\u00eb mesfushori 19 vje\u00e7ar Kruja. Pas ndeshjes, ekipi i Vllaznis\u00eb \u00ebsht\u00eb kthyer n\u00eb Shkod\u00ebr duke i dh\u00ebn\u00eb fund p\u00ebrgatitjeve n\u00eb Mal t\u00eb Zi.<\/p>\n<h5 tabindex=\"0\" data-ft=\"{&quot;tn&quot;:&quot;:&quot;}\"><a id=\"js_6\" href=\"https:\/\/www.facebook.com\/KsVllaznia?ref=stream\" data-ft=\"{&quot;tn&quot;:&quot;;&quot;}\" data-hovercard=\"\/ajax\/hovercard\/page.php?id=26747999722\">Vllaznia Facebook<\/a><\/h5>\n","protected":false},"excerpt":{"rendered":"<p>Skuadra shkodrane e ka mbyllur me barazim serin\u00eb e takimeve miq\u00ebsore n\u00eb p\u00ebrgatitoren e Malit t\u00eb Zi. Pasditen e sotme, ajo ka luajtur me Mlladost dhe takimi \u00ebsht\u00eb mbyllur n\u00eb barazim 4-4. Ndeshja \u00ebsht\u00eb luajtur n\u00eb Podgoric\u00eb. Trajneri Bushati ka hedhur n\u00eb fush\u00eb nj\u00eb formacion t\u00eb p\u00ebrb\u00ebr\u00eb nga Gjokovicc n\u00eb port\u00eb, Smajli, Semina, Belisha e [&hellip;]<\/p>\n","protected":false},"author":1,"featured_media":0,"comment_status":"open","ping_status":"closed","sticky":false,"template":"","format":"standard","meta":{"spay_email":"","jetpack_publicize_message":"","jetpack_is_tweetstorm":false,"jetpack_publicize_feature_enabled":true},"categories":[6950],"tags":[5652],"jetpack_publicize_connections":[],"yoast_head":"<!-- This site is optimized with the Yoast SEO plugin v19.1 - https:\/\/yoast.com\/wordpress\/plugins\/seo\/ -->\n<title>Vllaznia barazon 4-4 n\u00eb miq\u00ebsoren e sotme me Mlladost - Lajme nga Ulqini<\/title>\n<meta name=\"description\" content=\"Skuadra shkodrane e ka mbyllur me barazim serin\u00eb e takimeve miq\u00ebsore n\u00eb p\u00ebrgatitoren e Malit t\u00eb Zi. Pasditen e sotme, ajo ka luajtur me Mlladost dhe\" \/>\n<meta name=\"robots\" content=\"index, follow, max-snippet:-1, max-image-preview:large, max-video-preview:-1\" \/>\n<link rel=\"canonical\" href=\"https:\/\/www.visit-ulcinj.com\/blog\/2013\/01\/29\/vllaznia-barazon-4-4-ne-miqesoren-e-sotme-me-mlladost\/\" \/>\n<meta property=\"og:locale\" content=\"en_US\" \/>\n<meta property=\"og:type\" content=\"article\" \/>\n<meta property=\"og:title\" content=\"Vllaznia barazon 4-4 n\u00eb miq\u00ebsoren e sotme me Mlladost - Lajme nga Ulqini\" \/>\n<meta property=\"og:description\" content=\"Skuadra shkodrane e ka mbyllur me barazim serin\u00eb e takimeve miq\u00ebsore n\u00eb p\u00ebrgatitoren e Malit t\u00eb Zi. Pasditen e sotme, ajo ka luajtur me Mlladost dhe\" \/>\n<meta property=\"og:url\" content=\"https:\/\/www.visit-ulcinj.com\/blog\/2013\/01\/29\/vllaznia-barazon-4-4-ne-miqesoren-e-sotme-me-mlladost\/\" \/>\n<meta property=\"og:site_name\" content=\"Lajme nga Ulqini\" \/>\n<meta property=\"article:published_time\" content=\"2013-01-29T21:08:26+00:00\" \/>\n<meta property=\"og:image\" content=\"http:\/\/www.visit-ulcinj.com\/blog\/wp-content\/uploads\/2013\/01\/vlaznia_mladost.png\" \/>\n<meta name=\"twitter:label1\" content=\"Written by\" \/>\n\t<meta name=\"twitter:data1\" content=\"ulqini\" \/>\n\t<meta name=\"twitter:label2\" content=\"Est. reading time\" \/>\n\t<meta name=\"twitter:data2\" content=\"2 minutes\" \/>\n<script type=\"application\/ld+json\" class=\"yoast-schema-graph\">{\"@context\":\"https:\/\/schema.org\",\"@graph\":[{\"@type\":\"WebSite\",\"@id\":\"https:\/\/www.visit-ulcinj.com\/blog\/#website\",\"url\":\"https:\/\/www.visit-ulcinj.com\/blog\/\",\"name\":\"Lajme nga Ulqini\",\"description\":\"Lajme,Vijesti,Ulqini,Ulqin,Crna Gora,Mali i Zi\",\"potentialAction\":[{\"@type\":\"SearchAction\",\"target\":{\"@type\":\"EntryPoint\",\"urlTemplate\":\"https:\/\/www.visit-ulcinj.com\/blog\/?s={search_term_string}\"},\"query-input\":\"required name=search_term_string\"}],\"inLanguage\":\"en-US\"},{\"@type\":\"ImageObject\",\"inLanguage\":\"en-US\",\"@id\":\"https:\/\/www.visit-ulcinj.com\/blog\/2013\/01\/29\/vllaznia-barazon-4-4-ne-miqesoren-e-sotme-me-mlladost\/#primaryimage\",\"url\":\"https:\/\/www.visit-ulcinj.com\/blog\/wp-content\/uploads\/2013\/01\/vlaznia_mladost.png\",\"contentUrl\":\"https:\/\/www.visit-ulcinj.com\/blog\/wp-content\/uploads\/2013\/01\/vlaznia_mladost.png\",\"width\":463,\"height\":240},{\"@type\":\"WebPage\",\"@id\":\"https:\/\/www.visit-ulcinj.com\/blog\/2013\/01\/29\/vllaznia-barazon-4-4-ne-miqesoren-e-sotme-me-mlladost\/#webpage\",\"url\":\"https:\/\/www.visit-ulcinj.com\/blog\/2013\/01\/29\/vllaznia-barazon-4-4-ne-miqesoren-e-sotme-me-mlladost\/\",\"name\":\"Vllaznia barazon 4-4 n\u00eb miq\u00ebsoren e sotme me Mlladost - Lajme nga Ulqini\",\"isPartOf\":{\"@id\":\"https:\/\/www.visit-ulcinj.com\/blog\/#website\"},\"primaryImageOfPage\":{\"@id\":\"https:\/\/www.visit-ulcinj.com\/blog\/2013\/01\/29\/vllaznia-barazon-4-4-ne-miqesoren-e-sotme-me-mlladost\/#primaryimage\"},\"datePublished\":\"2013-01-29T21:08:26+00:00\",\"dateModified\":\"2013-01-29T21:08:26+00:00\",\"author\":{\"@id\":\"https:\/\/www.visit-ulcinj.com\/blog\/#\/schema\/person\/dcab619c614d3038751c63bc2aadc06d\"},\"description\":\"Skuadra shkodrane e ka mbyllur me barazim serin\u00eb e takimeve miq\u00ebsore n\u00eb p\u00ebrgatitoren e Malit t\u00eb Zi. Pasditen e sotme, ajo ka luajtur me Mlladost dhe\",\"breadcrumb\":{\"@id\":\"https:\/\/www.visit-ulcinj.com\/blog\/2013\/01\/29\/vllaznia-barazon-4-4-ne-miqesoren-e-sotme-me-mlladost\/#breadcrumb\"},\"inLanguage\":\"en-US\",\"potentialAction\":[{\"@type\":\"ReadAction\",\"target\":[\"https:\/\/www.visit-ulcinj.com\/blog\/2013\/01\/29\/vllaznia-barazon-4-4-ne-miqesoren-e-sotme-me-mlladost\/\"]}]},{\"@type\":\"BreadcrumbList\",\"@id\":\"https:\/\/www.visit-ulcinj.com\/blog\/2013\/01\/29\/vllaznia-barazon-4-4-ne-miqesoren-e-sotme-me-mlladost\/#breadcrumb\",\"itemListElement\":[{\"@type\":\"ListItem\",\"position\":1,\"name\":\"Vllaznia barazon 4-4 n\u00eb miq\u00ebsoren e sotme me Mlladost\"}]},{\"@type\":\"Person\",\"@id\":\"https:\/\/www.visit-ulcinj.com\/blog\/#\/schema\/person\/dcab619c614d3038751c63bc2aadc06d\",\"name\":\"ulqini\",\"sameAs\":[\"http:\/\/www.visit-ulcinj.com\"],\"url\":\"https:\/\/www.visit-ulcinj.com\/blog\/author\/admin\/\"}]}<\/script>\n<!-- \/ Yoast SEO plugin. -->","yoast_head_json":{"title":"Vllaznia barazon 4-4 n\u00eb miq\u00ebsoren e sotme me Mlladost - Lajme nga Ulqini","description":"Skuadra shkodrane e ka mbyllur me barazim serin\u00eb e takimeve miq\u00ebsore n\u00eb p\u00ebrgatitoren e Malit t\u00eb Zi. Pasditen e sotme, ajo ka luajtur me Mlladost dhe","robots":{"index":"index","follow":"follow","max-snippet":"max-snippet:-1","max-image-preview":"max-image-preview:large","max-video-preview":"max-video-preview:-1"},"canonical":"https:\/\/www.visit-ulcinj.com\/blog\/2013\/01\/29\/vllaznia-barazon-4-4-ne-miqesoren-e-sotme-me-mlladost\/","og_locale":"en_US","og_type":"article","og_title":"Vllaznia barazon 4-4 n\u00eb miq\u00ebsoren e sotme me Mlladost - Lajme nga Ulqini","og_description":"Skuadra shkodrane e ka mbyllur me barazim serin\u00eb e takimeve miq\u00ebsore n\u00eb p\u00ebrgatitoren e Malit t\u00eb Zi. Pasditen e sotme, ajo ka luajtur me Mlladost dhe","og_url":"https:\/\/www.visit-ulcinj.com\/blog\/2013\/01\/29\/vllaznia-barazon-4-4-ne-miqesoren-e-sotme-me-mlladost\/","og_site_name":"Lajme nga Ulqini","article_published_time":"2013-01-29T21:08:26+00:00","og_image":[{"url":"http:\/\/www.visit-ulcinj.com\/blog\/wp-content\/uploads\/2013\/01\/vlaznia_mladost.png"}],"twitter_misc":{"Written by":"ulqini","Est. reading time":"2 minutes"},"schema":{"@context":"https:\/\/schema.org","@graph":[{"@type":"WebSite","@id":"https:\/\/www.visit-ulcinj.com\/blog\/#website","url":"https:\/\/www.visit-ulcinj.com\/blog\/","name":"Lajme nga Ulqini","description":"Lajme,Vijesti,Ulqini,Ulqin,Crna Gora,Mali i Zi","potentialAction":[{"@type":"SearchAction","target":{"@type":"EntryPoint","urlTemplate":"https:\/\/www.visit-ulcinj.com\/blog\/?s={search_term_string}"},"query-input":"required name=search_term_string"}],"inLanguage":"en-US"},{"@type":"ImageObject","inLanguage":"en-US","@id":"https:\/\/www.visit-ulcinj.com\/blog\/2013\/01\/29\/vllaznia-barazon-4-4-ne-miqesoren-e-sotme-me-mlladost\/#primaryimage","url":"https:\/\/www.visit-ulcinj.com\/blog\/wp-content\/uploads\/2013\/01\/vlaznia_mladost.png","contentUrl":"https:\/\/www.visit-ulcinj.com\/blog\/wp-content\/uploads\/2013\/01\/vlaznia_mladost.png","width":463,"height":240},{"@type":"WebPage","@id":"https:\/\/www.visit-ulcinj.com\/blog\/2013\/01\/29\/vllaznia-barazon-4-4-ne-miqesoren-e-sotme-me-mlladost\/#webpage","url":"https:\/\/www.visit-ulcinj.com\/blog\/2013\/01\/29\/vllaznia-barazon-4-4-ne-miqesoren-e-sotme-me-mlladost\/","name":"Vllaznia barazon 4-4 n\u00eb miq\u00ebsoren e sotme me Mlladost - Lajme nga Ulqini","isPartOf":{"@id":"https:\/\/www.visit-ulcinj.com\/blog\/#website"},"primaryImageOfPage":{"@id":"https:\/\/www.visit-ulcinj.com\/blog\/2013\/01\/29\/vllaznia-barazon-4-4-ne-miqesoren-e-sotme-me-mlladost\/#primaryimage"},"datePublished":"2013-01-29T21:08:26+00:00","dateModified":"2013-01-29T21:08:26+00:00","author":{"@id":"https:\/\/www.visit-ulcinj.com\/blog\/#\/schema\/person\/dcab619c614d3038751c63bc2aadc06d"},"description":"Skuadra shkodrane e ka mbyllur me barazim serin\u00eb e takimeve miq\u00ebsore n\u00eb p\u00ebrgatitoren e Malit t\u00eb Zi. Pasditen e sotme, ajo ka luajtur me Mlladost dhe","breadcrumb":{"@id":"https:\/\/www.visit-ulcinj.com\/blog\/2013\/01\/29\/vllaznia-barazon-4-4-ne-miqesoren-e-sotme-me-mlladost\/#breadcrumb"},"inLanguage":"en-US","potentialAction":[{"@type":"ReadAction","target":["https:\/\/www.visit-ulcinj.com\/blog\/2013\/01\/29\/vllaznia-barazon-4-4-ne-miqesoren-e-sotme-me-mlladost\/"]}]},{"@type":"BreadcrumbList","@id":"https:\/\/www.visit-ulcinj.com\/blog\/2013\/01\/29\/vllaznia-barazon-4-4-ne-miqesoren-e-sotme-me-mlladost\/#breadcrumb","itemListElement":[{"@type":"ListItem","position":1,"name":"Vllaznia barazon 4-4 n\u00eb miq\u00ebsoren e sotme me Mlladost"}]},{"@type":"Person","@id":"https:\/\/www.visit-ulcinj.com\/blog\/#\/schema\/person\/dcab619c614d3038751c63bc2aadc06d","name":"ulqini","sameAs":["http:\/\/www.visit-ulcinj.com"],"url":"https:\/\/www.visit-ulcinj.com\/blog\/author\/admin\/"}]}},"jetpack_featured_media_url":"","jetpack_sharing_enabled":true,"jetpack_shortlink":"https:\/\/wp.me\/pe6lTn-hIL","_links":{"self":[{"href":"https:\/\/www.visit-ulcinj.com\/blog\/wp-json\/wp\/v2\/posts\/68123"}],"collection":[{"href":"https:\/\/www.visit-ulcinj.com\/blog\/wp-json\/wp\/v2\/posts"}],"about":[{"href":"https:\/\/www.visit-ulcinj.com\/blog\/wp-json\/wp\/v2\/types\/post"}],"author":[{"embeddable":true,"href":"https:\/\/www.visit-ulcinj.com\/blog\/wp-json\/wp\/v2\/users\/1"}],"replies":[{"embeddable":true,"href":"https:\/\/www.visit-ulcinj.com\/blog\/wp-json\/wp\/v2\/comments?post=68123"}],"version-history":[{"count":1,"href":"https:\/\/www.visit-ulcinj.com\/blog\/wp-json\/wp\/v2\/posts\/68123\/revisions"}],"predecessor-version":[{"id":68125,"href":"https:\/\/www.visit-ulcinj.com\/blog\/wp-json\/wp\/v2\/posts\/68123\/revisions\/68125"}],"wp:attachment":[{"href":"https:\/\/www.visit-ulcinj.com\/blog\/wp-json\/wp\/v2\/media?parent=68123"}],"wp:term":[{"taxonomy":"category","embeddable":true,"href":"https:\/\/www.visit-ulcinj.com\/blog\/wp-json\/wp\/v2\/categories?post=68123"},{"taxonomy":"post_tag","embeddable":true,"href":"https:\/\/www.visit-ulcinj.com\/blog\/wp-json\/wp\/v2\/tags?post=68123"}],"curies":[{"name":"wp","href":"https:\/\/api.w.org\/{rel}","templated":true}]}}