{"id":68126,"date":"2013-01-29T23:57:42","date_gmt":"2013-01-29T22:57:42","guid":{"rendered":"http:\/\/www.visit-ulcinj.com\/blog\/?p=68126"},"modified":"2013-01-30T11:55:31","modified_gmt":"2013-01-30T10:55:31","slug":"maroviq-referendumi-ne-maj-nese-mbeshtetet-filip-vujanoviq","status":"publish","type":"post","link":"https:\/\/www.visit-ulcinj.com\/blog\/2013\/01\/29\/maroviq-referendumi-ne-maj-nese-mbeshtetet-filip-vujanoviq\/","title":{"rendered":"Maroviq: Referendumi n\u00eb maj n\u00ebse mb\u00ebshtetet Filip Vujanoviq"},"content":{"rendered":"<div id=\"attachment_68127\" style=\"width: 518px\" class=\"wp-caption alignleft\"><a href=\"http:\/\/www.visit-ulcinj.com\/blog\/wp-content\/uploads\/2013\/01\/marovic_cungu.jpg\"><img aria-describedby=\"caption-attachment-68127\" loading=\"lazy\" class=\" wp-image-68127 \" alt=\"marovic_cungu\" src=\"http:\/\/www.visit-ulcinj.com\/blog\/wp-content\/uploads\/2013\/01\/marovic_cungu.jpg\" width=\"508\" height=\"360\" \/><\/a><p id=\"caption-attachment-68127\" class=\"wp-caption-text\">Foto: Vijesti<\/p><\/div>\n<p>Referendumi p\u00ebr Komun\u00ebn e Plot\u00eb t\u00eb Tuzit mund t\u00eb mbahet nj\u00ebkoh\u00ebsisht me zgjedhjet presidenciale , ose n\u00eb maj njofton gazeta VJESTI. N\u00eb takimin e n\u00ebnkryetarit t\u00eb PDS Svetozar Maroviq me udh\u00ebheqjet e Forc\u00ebs dhe t\u00eb Partis\u00eb demokratike Nazif Cungu dhe Fatmir Gjeka \u00ebsht\u00eb arritur marr\u00ebveshje parimore q\u00eb referendumi t\u00eb mbahet para muajit maj, shkruan kjo gazet\u00eb .<\/p>\n<p>Megjithat\u00eb , vendimi p\u00ebrfundimtar\u00eb do t\u00eb var\u00ebt nga K\u00ebshilli i Podgoric\u00ebs i cili duhet t\u00eb harmonizoj\u00eb dinamik\u00ebn e shpalljes s\u00eb referendumit. Sipas pohimit t\u00eb bashk\u00ebbiseduesit t\u00eb gazet\u00ebs VJESTI , Maroviq ka theksuar se PDS \u00ebsht\u00eb e gatshme p\u00ebr organizimin e referendumit dhe se nuk ka nevoj\u00eb p\u00ebr rritjen e tensioneve brenda koalicionit n\u00eb pushtet. Shqiptar\u00ebve u \u00ebsht\u00eb rekomanduar, thekson m\u00eb posht\u00eb gazeta se n\u00eb PDS ekziston vullneti p\u00ebr p\u00ebrgjigje ndaj k\u00ebrkesave t\u00eb tyre , por pritet q\u00eb shqiptar\u00ebt n\u00eb zgjedhjet presidenciale t\u00eb p\u00ebrkrahin kandidatin p\u00ebr president t\u00eb PDS Filip Vujanoviq.<\/p>\n<p><strong>RTCG<\/strong><\/p>\n<p>&nbsp;<\/p>\n<div data-ft=\"{&quot;type&quot;:2,&quot;tn&quot;:&quot;:&quot;}\"><strong><a href=\"https:\/\/www.facebook.com\/forca.kraje\" data-ft=\"{&quot;tn&quot;:&quot;;&quot;}\" data-hovercard=\"\/ajax\/hovercard\/user.php?id=100004358504546\">Forca Kraje<\/a><\/strong><\/div>\n<div data-ft=\"{&quot;type&quot;:2,&quot;tn&quot;:&quot;:&quot;}\"><\/div>\n<div>\n<div id=\"id_51085465846255629127899\">Kryetari i Forc\u00ebs s\u00eb Re Demokratike Nazif Cungu u takua sot me Svetozar Marovic, n\u00ebnkryetarin e DPS-it, shkruan gazeta Vijesti.N\u00eb ket\u00eb takim, si\u00e7 shkruan po i nj\u00ebjti burim, u dakordua q\u00eb referendumi konsultativ p\u00ebr statusin e Mal\u00ebsis\u00eb t\u00eb mbahet m\u00eb s\u00eb largu deri n\u00eb maj, por me kusht q\u00eb koalicioni Forca p\u00ebr Bashkim t\u00eb p\u00ebrkrah kandidatin presidencial Filip Vujanovic nga radh\u00ebt e DPS-it.Megjithat\u00eb, data e mbajtjes s\u00eb referendumit nuk mund t\u00eb caktohet para se t\u00eb respektohen procedurat ligjore; vendimi nga Komuna urbane e Tuzit dhe studimi i fizibilitetit, sqaron drejtori politik i DPS-s\u00eb Tarzan Milosevic.<br \/>\nAi shtoj se dat\u00ebn e mbajtjes s\u00eb referendumit e caktojn\u00eb p\u00ebrfaq\u00ebsuesit e Kryeqytetit dhe Kuvendit lokal t\u00eb Tuzit.<\/p>\n<p>P\u00ebrfaq\u00ebsuesi i Iniciativ\u00ebs Qytetare e cila \u00ebsht\u00eb pjese e koalicionit Forca p\u00ebr Bashkim (n\u00eb t\u00eb cil\u00ebn b\u00ebjn\u00eb pjes\u00eb edhe Forca e Re Demokratike e Nazif Cungut dhe L\u00ebvizja Perspektiva e Amir Hollaj) Vasel Sinishtaj p\u00ebr Analitika deklaroj se nuk ishte i njoftuar dhe se nuk mori pjes\u00eb n\u00eb takimin n\u00eb lidhje me mbajtjen e referendumit p\u00ebr Komun\u00eb t\u00eb Mal\u00ebsis\u00eb, q\u00eb pat\u00ebn Cungu dhe Gjeka me n\u00ebnkryetarin e DPS-it Marovic.<br \/>\nSinishtaj sqaroi edhe nj\u00eb her\u00eb se nuk do t\u00eb marrin pjes\u00eb n\u00eb qeveri n\u00ebse k\u00ebrkesat e tyre nuk do t\u00eb plot\u00ebsohen dhe se nuk do t\u00eb merremi m\u00eb me premtimet por me veprime.<\/p>\n<div data-ft=\"{&quot;type&quot;:2,&quot;tn&quot;:&quot;:&quot;}\"><strong><a href=\"https:\/\/www.facebook.com\/forca.kraje\" data-ft=\"{&quot;tn&quot;:&quot;;&quot;}\" data-hovercard=\"\/ajax\/hovercard\/user.php?id=100004358504546\">Forca Kraje<\/a><\/strong><\/div>\n<div>\n<div id=\"id_5108546584d768c34549662\">P\u00ebrkrahja e shqiptar\u00ebve p\u00ebr kandidatin presidencial t\u00eb DPS-it, Filip Vujanovic, do t\u00eb varet nga caktimi i dat\u00ebs s\u00eb sakt\u00eb t\u00eb referendumit p\u00ebr Komun\u00eb t\u00eb Mal\u00ebsis\u00eb, deklaroi p\u00ebrfaq\u00ebsuesi i koalicionit Forca p\u00ebr Bashkim, Vasel Sinishtaj.Ai tha se p\u00ebrve\u00e7 p\u00ebrcaktimit t\u00eb dat\u00ebs s\u00eb referendumit, duhet definuar edhe disa k\u00ebrkesa tjera t\u00eb shqiptar\u00ebve, shkruan gazeta Dan.<\/p>\n<p>Sinishtaj p\u00ebrkujtoj platform\u00ebn e p\u00ebrbashk\u00ebt politike n\u00eb baz\u00eb t\u00eb s\u00eb cil\u00ebs Forca p\u00ebr Bashkim \u00ebsht\u00eb pjes\u00eb e qeveris\u00eb.<\/p>\n<p>Ai sqaron se Iniciativa Qytetare, q\u00eb ai p\u00ebrfaq\u00ebson, si pjes\u00eb e koalicionit aktualisht ngriu pjes\u00ebmarrjen n\u00eb qeveri.<\/p>\n<p>\u201cK\u00ebto dit\u00eb pritet t\u00eb ulemi s\u00eb bashku dhe t\u00eb p\u00ebrcaktojm\u00eb nj\u00eb korniz\u00eb t\u00eb sakt\u00eb kohore p\u00ebr secil\u00ebn pik\u00eb p\u00ebr t\u00eb cil\u00ebn mendojm\u00eb se \u00ebsht\u00eb e r\u00ebnd\u00ebsishme t\u00eb zgjidhet,\u201d tha Sinishtaj. \/Malesia.Org\/<\/p>\n<\/div>\n<\/div>\n<\/div>\n<\/div>\n","protected":false},"excerpt":{"rendered":"<p>Referendumi p\u00ebr Komun\u00ebn e Plot\u00eb t\u00eb Tuzit mund t\u00eb mbahet nj\u00ebkoh\u00ebsisht me zgjedhjet presidenciale , ose n\u00eb maj njofton gazeta VJESTI. N\u00eb takimin e n\u00ebnkryetarit t\u00eb PDS Svetozar Maroviq me udh\u00ebheqjet e Forc\u00ebs dhe t\u00eb Partis\u00eb demokratike Nazif Cungu dhe Fatmir Gjeka \u00ebsht\u00eb arritur marr\u00ebveshje parimore q\u00eb referendumi t\u00eb mbahet para muajit maj, shkruan kjo [&hellip;]<\/p>\n","protected":false},"author":1,"featured_media":0,"comment_status":"open","ping_status":"closed","sticky":false,"template":"","format":"standard","meta":{"spay_email":"","jetpack_publicize_message":"","jetpack_is_tweetstorm":false,"jetpack_publicize_feature_enabled":true},"categories":[1,6],"tags":[2608,4427],"jetpack_publicize_connections":[],"yoast_head":"<!-- This site is optimized with the Yoast SEO plugin v19.1 - https:\/\/yoast.com\/wordpress\/plugins\/seo\/ -->\n<title>Maroviq: Referendumi n\u00eb maj n\u00ebse mb\u00ebshtetet Filip Vujanoviq - Lajme nga Ulqini<\/title>\n<meta name=\"description\" content=\"Referendumi p\u00ebr Komun\u00ebn e Plot\u00eb t\u00eb Tuzit mund t\u00eb mbahet nj\u00ebkoh\u00ebsisht me zgjedhjet presidenciale , ose n\u00eb maj njofton gazeta VJESTI. N\u00eb takimin e\" \/>\n<meta name=\"robots\" content=\"index, follow, max-snippet:-1, max-image-preview:large, max-video-preview:-1\" \/>\n<link rel=\"canonical\" href=\"https:\/\/www.visit-ulcinj.com\/blog\/2013\/01\/29\/maroviq-referendumi-ne-maj-nese-mbeshtetet-filip-vujanoviq\/\" \/>\n<meta property=\"og:locale\" content=\"en_US\" \/>\n<meta property=\"og:type\" content=\"article\" \/>\n<meta property=\"og:title\" content=\"Maroviq: Referendumi n\u00eb maj n\u00ebse mb\u00ebshtetet Filip Vujanoviq - Lajme nga Ulqini\" \/>\n<meta property=\"og:description\" content=\"Referendumi p\u00ebr Komun\u00ebn e Plot\u00eb t\u00eb Tuzit mund t\u00eb mbahet nj\u00ebkoh\u00ebsisht me zgjedhjet presidenciale , ose n\u00eb maj njofton gazeta VJESTI. N\u00eb takimin e\" \/>\n<meta property=\"og:url\" content=\"https:\/\/www.visit-ulcinj.com\/blog\/2013\/01\/29\/maroviq-referendumi-ne-maj-nese-mbeshtetet-filip-vujanoviq\/\" \/>\n<meta property=\"og:site_name\" content=\"Lajme nga Ulqini\" \/>\n<meta property=\"article:published_time\" content=\"2013-01-29T22:57:42+00:00\" \/>\n<meta property=\"article:modified_time\" content=\"2013-01-30T10:55:31+00:00\" \/>\n<meta property=\"og:image\" content=\"http:\/\/www.visit-ulcinj.com\/blog\/wp-content\/uploads\/2013\/01\/marovic_cungu.jpg\" \/>\n<meta name=\"twitter:label1\" content=\"Written by\" \/>\n\t<meta name=\"twitter:data1\" content=\"ulqini\" \/>\n\t<meta name=\"twitter:label2\" content=\"Est. reading time\" \/>\n\t<meta name=\"twitter:data2\" content=\"3 minutes\" \/>\n<script type=\"application\/ld+json\" class=\"yoast-schema-graph\">{\"@context\":\"https:\/\/schema.org\",\"@graph\":[{\"@type\":\"WebSite\",\"@id\":\"https:\/\/www.visit-ulcinj.com\/blog\/#website\",\"url\":\"https:\/\/www.visit-ulcinj.com\/blog\/\",\"name\":\"Lajme nga Ulqini\",\"description\":\"Lajme,Vijesti,Ulqini,Ulqin,Crna Gora,Mali i Zi\",\"potentialAction\":[{\"@type\":\"SearchAction\",\"target\":{\"@type\":\"EntryPoint\",\"urlTemplate\":\"https:\/\/www.visit-ulcinj.com\/blog\/?s={search_term_string}\"},\"query-input\":\"required name=search_term_string\"}],\"inLanguage\":\"en-US\"},{\"@type\":\"ImageObject\",\"inLanguage\":\"en-US\",\"@id\":\"https:\/\/www.visit-ulcinj.com\/blog\/2013\/01\/29\/maroviq-referendumi-ne-maj-nese-mbeshtetet-filip-vujanoviq\/#primaryimage\",\"url\":\"https:\/\/www.visit-ulcinj.com\/blog\/wp-content\/uploads\/2013\/01\/marovic_cungu.jpg\",\"contentUrl\":\"https:\/\/www.visit-ulcinj.com\/blog\/wp-content\/uploads\/2013\/01\/marovic_cungu.jpg\",\"width\":793,\"height\":553},{\"@type\":\"WebPage\",\"@id\":\"https:\/\/www.visit-ulcinj.com\/blog\/2013\/01\/29\/maroviq-referendumi-ne-maj-nese-mbeshtetet-filip-vujanoviq\/#webpage\",\"url\":\"https:\/\/www.visit-ulcinj.com\/blog\/2013\/01\/29\/maroviq-referendumi-ne-maj-nese-mbeshtetet-filip-vujanoviq\/\",\"name\":\"Maroviq: Referendumi n\u00eb maj n\u00ebse mb\u00ebshtetet Filip Vujanoviq - Lajme nga Ulqini\",\"isPartOf\":{\"@id\":\"https:\/\/www.visit-ulcinj.com\/blog\/#website\"},\"primaryImageOfPage\":{\"@id\":\"https:\/\/www.visit-ulcinj.com\/blog\/2013\/01\/29\/maroviq-referendumi-ne-maj-nese-mbeshtetet-filip-vujanoviq\/#primaryimage\"},\"datePublished\":\"2013-01-29T22:57:42+00:00\",\"dateModified\":\"2013-01-30T10:55:31+00:00\",\"author\":{\"@id\":\"https:\/\/www.visit-ulcinj.com\/blog\/#\/schema\/person\/dcab619c614d3038751c63bc2aadc06d\"},\"description\":\"Referendumi p\u00ebr Komun\u00ebn e Plot\u00eb t\u00eb Tuzit mund t\u00eb mbahet nj\u00ebkoh\u00ebsisht me zgjedhjet presidenciale , ose n\u00eb maj njofton gazeta VJESTI. N\u00eb takimin e\",\"breadcrumb\":{\"@id\":\"https:\/\/www.visit-ulcinj.com\/blog\/2013\/01\/29\/maroviq-referendumi-ne-maj-nese-mbeshtetet-filip-vujanoviq\/#breadcrumb\"},\"inLanguage\":\"en-US\",\"potentialAction\":[{\"@type\":\"ReadAction\",\"target\":[\"https:\/\/www.visit-ulcinj.com\/blog\/2013\/01\/29\/maroviq-referendumi-ne-maj-nese-mbeshtetet-filip-vujanoviq\/\"]}]},{\"@type\":\"BreadcrumbList\",\"@id\":\"https:\/\/www.visit-ulcinj.com\/blog\/2013\/01\/29\/maroviq-referendumi-ne-maj-nese-mbeshtetet-filip-vujanoviq\/#breadcrumb\",\"itemListElement\":[{\"@type\":\"ListItem\",\"position\":1,\"name\":\"Maroviq: Referendumi n\u00eb maj n\u00ebse mb\u00ebshtetet Filip Vujanoviq\"}]},{\"@type\":\"Person\",\"@id\":\"https:\/\/www.visit-ulcinj.com\/blog\/#\/schema\/person\/dcab619c614d3038751c63bc2aadc06d\",\"name\":\"ulqini\",\"sameAs\":[\"http:\/\/www.visit-ulcinj.com\"],\"url\":\"https:\/\/www.visit-ulcinj.com\/blog\/author\/admin\/\"}]}<\/script>\n<!-- \/ Yoast SEO plugin. -->","yoast_head_json":{"title":"Maroviq: Referendumi n\u00eb maj n\u00ebse mb\u00ebshtetet Filip Vujanoviq - Lajme nga Ulqini","description":"Referendumi p\u00ebr Komun\u00ebn e Plot\u00eb t\u00eb Tuzit mund t\u00eb mbahet nj\u00ebkoh\u00ebsisht me zgjedhjet presidenciale , ose n\u00eb maj njofton gazeta VJESTI. N\u00eb takimin e","robots":{"index":"index","follow":"follow","max-snippet":"max-snippet:-1","max-image-preview":"max-image-preview:large","max-video-preview":"max-video-preview:-1"},"canonical":"https:\/\/www.visit-ulcinj.com\/blog\/2013\/01\/29\/maroviq-referendumi-ne-maj-nese-mbeshtetet-filip-vujanoviq\/","og_locale":"en_US","og_type":"article","og_title":"Maroviq: Referendumi n\u00eb maj n\u00ebse mb\u00ebshtetet Filip Vujanoviq - Lajme nga Ulqini","og_description":"Referendumi p\u00ebr Komun\u00ebn e Plot\u00eb t\u00eb Tuzit mund t\u00eb mbahet nj\u00ebkoh\u00ebsisht me zgjedhjet presidenciale , ose n\u00eb maj njofton gazeta VJESTI. N\u00eb takimin e","og_url":"https:\/\/www.visit-ulcinj.com\/blog\/2013\/01\/29\/maroviq-referendumi-ne-maj-nese-mbeshtetet-filip-vujanoviq\/","og_site_name":"Lajme nga Ulqini","article_published_time":"2013-01-29T22:57:42+00:00","article_modified_time":"2013-01-30T10:55:31+00:00","og_image":[{"url":"http:\/\/www.visit-ulcinj.com\/blog\/wp-content\/uploads\/2013\/01\/marovic_cungu.jpg"}],"twitter_misc":{"Written by":"ulqini","Est. reading time":"3 minutes"},"schema":{"@context":"https:\/\/schema.org","@graph":[{"@type":"WebSite","@id":"https:\/\/www.visit-ulcinj.com\/blog\/#website","url":"https:\/\/www.visit-ulcinj.com\/blog\/","name":"Lajme nga Ulqini","description":"Lajme,Vijesti,Ulqini,Ulqin,Crna Gora,Mali i Zi","potentialAction":[{"@type":"SearchAction","target":{"@type":"EntryPoint","urlTemplate":"https:\/\/www.visit-ulcinj.com\/blog\/?s={search_term_string}"},"query-input":"required name=search_term_string"}],"inLanguage":"en-US"},{"@type":"ImageObject","inLanguage":"en-US","@id":"https:\/\/www.visit-ulcinj.com\/blog\/2013\/01\/29\/maroviq-referendumi-ne-maj-nese-mbeshtetet-filip-vujanoviq\/#primaryimage","url":"https:\/\/www.visit-ulcinj.com\/blog\/wp-content\/uploads\/2013\/01\/marovic_cungu.jpg","contentUrl":"https:\/\/www.visit-ulcinj.com\/blog\/wp-content\/uploads\/2013\/01\/marovic_cungu.jpg","width":793,"height":553},{"@type":"WebPage","@id":"https:\/\/www.visit-ulcinj.com\/blog\/2013\/01\/29\/maroviq-referendumi-ne-maj-nese-mbeshtetet-filip-vujanoviq\/#webpage","url":"https:\/\/www.visit-ulcinj.com\/blog\/2013\/01\/29\/maroviq-referendumi-ne-maj-nese-mbeshtetet-filip-vujanoviq\/","name":"Maroviq: Referendumi n\u00eb maj n\u00ebse mb\u00ebshtetet Filip Vujanoviq - Lajme nga Ulqini","isPartOf":{"@id":"https:\/\/www.visit-ulcinj.com\/blog\/#website"},"primaryImageOfPage":{"@id":"https:\/\/www.visit-ulcinj.com\/blog\/2013\/01\/29\/maroviq-referendumi-ne-maj-nese-mbeshtetet-filip-vujanoviq\/#primaryimage"},"datePublished":"2013-01-29T22:57:42+00:00","dateModified":"2013-01-30T10:55:31+00:00","author":{"@id":"https:\/\/www.visit-ulcinj.com\/blog\/#\/schema\/person\/dcab619c614d3038751c63bc2aadc06d"},"description":"Referendumi p\u00ebr Komun\u00ebn e Plot\u00eb t\u00eb Tuzit mund t\u00eb mbahet nj\u00ebkoh\u00ebsisht me zgjedhjet presidenciale , ose n\u00eb maj njofton gazeta VJESTI. N\u00eb takimin e","breadcrumb":{"@id":"https:\/\/www.visit-ulcinj.com\/blog\/2013\/01\/29\/maroviq-referendumi-ne-maj-nese-mbeshtetet-filip-vujanoviq\/#breadcrumb"},"inLanguage":"en-US","potentialAction":[{"@type":"ReadAction","target":["https:\/\/www.visit-ulcinj.com\/blog\/2013\/01\/29\/maroviq-referendumi-ne-maj-nese-mbeshtetet-filip-vujanoviq\/"]}]},{"@type":"BreadcrumbList","@id":"https:\/\/www.visit-ulcinj.com\/blog\/2013\/01\/29\/maroviq-referendumi-ne-maj-nese-mbeshtetet-filip-vujanoviq\/#breadcrumb","itemListElement":[{"@type":"ListItem","position":1,"name":"Maroviq: Referendumi n\u00eb maj n\u00ebse mb\u00ebshtetet Filip Vujanoviq"}]},{"@type":"Person","@id":"https:\/\/www.visit-ulcinj.com\/blog\/#\/schema\/person\/dcab619c614d3038751c63bc2aadc06d","name":"ulqini","sameAs":["http:\/\/www.visit-ulcinj.com"],"url":"https:\/\/www.visit-ulcinj.com\/blog\/author\/admin\/"}]}},"jetpack_featured_media_url":"","jetpack_sharing_enabled":true,"jetpack_shortlink":"https:\/\/wp.me\/pe6lTn-hIO","_links":{"self":[{"href":"https:\/\/www.visit-ulcinj.com\/blog\/wp-json\/wp\/v2\/posts\/68126"}],"collection":[{"href":"https:\/\/www.visit-ulcinj.com\/blog\/wp-json\/wp\/v2\/posts"}],"about":[{"href":"https:\/\/www.visit-ulcinj.com\/blog\/wp-json\/wp\/v2\/types\/post"}],"author":[{"embeddable":true,"href":"https:\/\/www.visit-ulcinj.com\/blog\/wp-json\/wp\/v2\/users\/1"}],"replies":[{"embeddable":true,"href":"https:\/\/www.visit-ulcinj.com\/blog\/wp-json\/wp\/v2\/comments?post=68126"}],"version-history":[{"count":4,"href":"https:\/\/www.visit-ulcinj.com\/blog\/wp-json\/wp\/v2\/posts\/68126\/revisions"}],"predecessor-version":[{"id":68136,"href":"https:\/\/www.visit-ulcinj.com\/blog\/wp-json\/wp\/v2\/posts\/68126\/revisions\/68136"}],"wp:attachment":[{"href":"https:\/\/www.visit-ulcinj.com\/blog\/wp-json\/wp\/v2\/media?parent=68126"}],"wp:term":[{"taxonomy":"category","embeddable":true,"href":"https:\/\/www.visit-ulcinj.com\/blog\/wp-json\/wp\/v2\/categories?post=68126"},{"taxonomy":"post_tag","embeddable":true,"href":"https:\/\/www.visit-ulcinj.com\/blog\/wp-json\/wp\/v2\/tags?post=68126"}],"curies":[{"name":"wp","href":"https:\/\/api.w.org\/{rel}","templated":true}]}}