{"id":68132,"date":"2013-01-30T11:49:14","date_gmt":"2013-01-30T10:49:14","guid":{"rendered":"http:\/\/www.visit-ulcinj.com\/blog\/?p=68132"},"modified":"2013-02-01T09:07:32","modified_gmt":"2013-02-01T08:07:32","slug":"dritan-abazoviq-reagon-referendumi-pa-kushtezime","status":"publish","type":"post","link":"https:\/\/www.visit-ulcinj.com\/blog\/2013\/01\/30\/dritan-abazoviq-reagon-referendumi-pa-kushtezime\/","title":{"rendered":"Dritan Abazoviq reagon: &#8220;Referendumi pa kusht\u00ebzime&#8221;!"},"content":{"rendered":"<p style=\"text-align: center;\"><strong><a href=\"http:\/\/www.visit-ulcinj.com\/blog\/wp-content\/uploads\/2013\/01\/dritanabazoviq.jpg\"><img loading=\"lazy\" class=\"alignleft  wp-image-68133\" alt=\"dritanabazoviq\" src=\"http:\/\/www.visit-ulcinj.com\/blog\/wp-content\/uploads\/2013\/01\/dritanabazoviq.jpg\" width=\"508\" height=\"360\" \/><\/a>Referendumi pa kusht\u00ebzime<\/strong><\/p>\n<p>Thjesht \u00ebsht\u00eb degutante dhe e pakuptueshme si m\u00eb nuk ndalet politika e kusht\u00ebzimit lidhur me mbajtjen e referendumit n\u00eb t\u00eb cilin qytetar\u00ebt e Mal\u00ebsis\u00eb do deklaroheshin mbi formimin e Komun\u00ebs. \u00cbsht\u00eb tejet e pamoralshme politikisht q\u00eb p\u00ebrkund\u00ebr premtimeve t\u00eb panum\u00ebrta q\u00eb qeveria i dha qytetar\u00ebve t\u00eb Mal\u00ebsis\u00eb, tani dikush prap\u00eb vendos kushte lidhur me p\u00ebrkrahjen n\u00eb zgjedhjet presidenciale. Mir\u00ebpo, k\u00ebsaj radhe fajtor\u00ebt nuk jan\u00eb vet\u00ebm n\u00eb PDS, por p\u00ebr k\u00ebt\u00eb situat\u00eb p\u00ebrgjegj\u00ebsi mbajn\u00eb edhe partit\u00eb nacionale shqiptare, t\u00eb cilat mbasi u \u201cdogj\u00ebn\u201d kur pa kushte p\u00ebrkrah\u00ebn formimin e qeveris\u00eb s\u00eb re, tani p\u00ebrpiqen q\u00eb politik\u00ebn e vet pa ide dhe jodinjitize ta arsyetojn\u00eb me nj\u00ebfar\u00eb gjoja garancie p\u00ebr referendum. Mezi arrit\u00ebn ti rehatojn\u00eb disa njer\u00ebz t\u00eb vet n\u00eb vendet e ul\u00ebta n\u00eb Qeveri, e pastaj shpejt harruan p\u00ebr T\u00eb Mirat Detare, Valdanosin, pron\u00ebn, pun\u00ebsimin e popujve pakic\u00eb, etj., nj\u00ebjt\u00eb si harruan q\u00eb ky i nj\u00ebjti PDS, shum\u00eb her\u00eb deri tani i ka tradhtuar dhe q\u00eb sot prap\u00eb i b\u00ebn\u00eb kusht\u00ebzime q\u00eb ta p\u00ebrkrahin kandidatin e tyre p\u00ebr kryetar. \u00cbsht\u00eb mjaft jokorrekte ndaj popullit shqiptar\u00eb n\u00eb t\u00ebr\u00ebsi, por edhe ndaj t\u00eb gjith\u00eb qytetar\u00ebve t\u00eb Mal\u00ebsis\u00eb, q\u00eb me tregtin\u00eb e vet t\u00eb lerosur politike p\u00ebrpiqen \u201ct\u00eb p\u00ebrfitojn\u00eb\u201d me k\u00ebrkes\u00ebn p\u00ebr mbajtjen e referendumit. Kryeministri para zgjedhjeve t\u00eb fundit parlamentare p\u00ebr kush e di se cil\u00ebn her\u00eb publikisht premtoi formimin e Komun\u00ebs s\u00eb re, prandaj \u00e7do lloj kusht\u00ebzimi, tregtie dhe konsultimi shtes\u00eb me kreun e PDS-s\u00eb nuk \u00ebsht\u00eb i nevojsh\u00ebm, mbi t\u00eb gjitha p\u00ebr t\u00eb ruajtur dinjitetin e shqiptar\u00ebve dhe t\u00eb gjith\u00eb qytetar\u00ebve tjer\u00eb t\u00eb asaj zone. N\u00ebse kjo b\u00ebhet pjes\u00eb e ndonj\u00eb lloj marr\u00ebveshje t\u00eb re n\u00eb mes PDS-s\u00eb dhe partive shqiptare, at\u00ebher\u00eb zot\u00ebri Fillip Vujanoviq \u00ebsht\u00eb i detyruar t\u00eb distancohet nga kjo marr\u00ebveshje. N\u00eb t\u00eb kund\u00ebrt, n\u00ebse fiton p\u00ebr her\u00eb t\u00eb tret\u00eb ai veten nuk mund ta quaj kryetar i t\u00eb gjith\u00eb qytetar\u00ebve, por do t\u00eb jet\u00eb e qart\u00eb q\u00eb ai \u00ebsht\u00eb kryetar i nj\u00eb grupi t\u00eb vog\u00ebl t\u00eb interesit n\u00eb kreun e PDS-s\u00eb dhe i partive t\u00eb pakicave. Referendumi p\u00ebr formimin e Komun\u00ebs duhet t\u00eb mbahet sa m\u00eb par\u00eb pa asnj\u00eb kusht politik, sepse p\u00ebr k\u00ebt\u00eb ekziston baza dhe elaborati p\u00ebr q\u00ebndrueshm\u00ebri ekonomike, e qytetar\u00ebt n\u00eb zgjedhje presidenciale le ta p\u00ebrkrahin k\u00eb do q\u00eb ato mendojn\u00eb q\u00eb duhet. Mjaft me sjellje n\u00ebn\u00e7muese ndaj k\u00ebtij popull. K\u00ebsi lloj loje politike perfide dhe kusht\u00ebzuese t\u00eb gjith\u00eb s\u00eb bashku duhet ti japim fund dhe t\u00eb ruajm\u00eb dinjitetin q\u00eb e kemi si popull autokton.<\/p>\n<p>&nbsp;<\/p>\n<p><strong>Dritan Abazoviq\u00a0\u00a0 \u00a0\u00a0\u00a0<\/strong><\/p>\n","protected":false},"excerpt":{"rendered":"<p>Referendumi pa kusht\u00ebzime Thjesht \u00ebsht\u00eb degutante dhe e pakuptueshme si m\u00eb nuk ndalet politika e kusht\u00ebzimit lidhur me mbajtjen e referendumit n\u00eb t\u00eb cilin qytetar\u00ebt e Mal\u00ebsis\u00eb do deklaroheshin mbi formimin e Komun\u00ebs. \u00cbsht\u00eb tejet e pamoralshme politikisht q\u00eb p\u00ebrkund\u00ebr premtimeve t\u00eb panum\u00ebrta q\u00eb qeveria i dha qytetar\u00ebve t\u00eb Mal\u00ebsis\u00eb, tani dikush prap\u00eb vendos kushte [&hellip;]<\/p>\n","protected":false},"author":1,"featured_media":0,"comment_status":"open","ping_status":"closed","sticky":false,"template":"","format":"standard","meta":{"spay_email":"","jetpack_publicize_message":"","jetpack_is_tweetstorm":false,"jetpack_publicize_feature_enabled":true},"categories":[1,6],"tags":[11609,21509,21512,21521,212,21522,17828,21239,17834,3382,21237,18370,17811,21523,21242,20884,7930,17831,18362,14353,17808,14354,12340,17840,17839,17468,8161,18363,21524,21221,21525,21222,18532,17835,21240,17814,17810,17816,2326,17071,2319,21246,10400,17807,21526,21253,21468,21469,19517,3516,14652,17837,2322,10529,17827,18023,21219,21416,8470,21244,21494,2338,21238,21527,21248,14358,21528,222,2321,17802,17812,17803,2323,3584,17820,1499,21236,21250,21529,17825,21530,17817,21531,17805,21252,3169,305,21251,840,17823,2325,17832,3506,17818,214,21231,3993,5913,17680,2327,14362,21532,14363,18371,21493,21230,21241,21513,21533,3507,730,21471,21249,17800,498,3500,21421,21534,21228,21255,115,14364,21234,18694,21254,21535,21536,21223,21418,21537,17799,21538,3327,21226,17841,3944,17826,15213,18236,3512,17806,21539,18399,11648,18289,21233,21540,17838,499,21541,95,2331,21542,21543,2348,21427,17813,21544,17804,21545,15141,347,21546,19495,17836,14366,21547,21510,2332,3875,79,17073,18294,612,318,118,18368,18369,21417,21257,21258,1653,21420,21426,21419,21548,2304,21261,2360,21232,1909,21549,21550,21551,16430,21243,21224,14367,500,21552,21553,21235,13393,2354,5380,21554,17801,2306,2334,2335,21470,18360,21227,3577,17822,14368,14369,21555,208,21225,21492,17824,14370,4244,21247,18291,16228,21556,21259,2083,3231,14371,21220,41,3617,5040,3582,2350,3722,21260,2310,14372,17844,17821,2312,21557,5589,18372,21256,17830,17077,18295,14375,17833,17829,899,21245,20894,2337,3797,3583,1655,21558,21559,21229,21560,200,18,10421,17819,21561,21562,2339,4243,16445,3333,17809,21563,2340,4265,14376],"jetpack_publicize_connections":[],"yoast_head":"<!-- This site is optimized with the Yoast SEO plugin v19.1 - https:\/\/yoast.com\/wordpress\/plugins\/seo\/ -->\n<title>Dritan Abazoviq reagon: &quot;Referendumi pa kusht\u00ebzime&quot;! - Lajme nga Ulqini<\/title>\n<meta name=\"description\" content=\"Referendumi pa kusht\u00ebzime Thjesht \u00ebsht\u00eb degutante dhe e pakuptueshme si m\u00eb nuk ndalet politika e kusht\u00ebzimit lidhur me mbajtjen e referendumit n\u00eb t\u00eb cilin\" \/>\n<meta name=\"robots\" content=\"index, follow, max-snippet:-1, max-image-preview:large, max-video-preview:-1\" \/>\n<link rel=\"canonical\" href=\"https:\/\/www.visit-ulcinj.com\/blog\/2013\/01\/30\/dritan-abazoviq-reagon-referendumi-pa-kushtezime\/\" \/>\n<meta property=\"og:locale\" content=\"en_US\" \/>\n<meta property=\"og:type\" content=\"article\" \/>\n<meta property=\"og:title\" content=\"Dritan Abazoviq reagon: &quot;Referendumi pa kusht\u00ebzime&quot;! - Lajme nga Ulqini\" \/>\n<meta property=\"og:description\" content=\"Referendumi pa kusht\u00ebzime Thjesht \u00ebsht\u00eb degutante dhe e pakuptueshme si m\u00eb nuk ndalet politika e kusht\u00ebzimit lidhur me mbajtjen e referendumit n\u00eb t\u00eb cilin\" \/>\n<meta property=\"og:url\" content=\"https:\/\/www.visit-ulcinj.com\/blog\/2013\/01\/30\/dritan-abazoviq-reagon-referendumi-pa-kushtezime\/\" \/>\n<meta property=\"og:site_name\" content=\"Lajme nga Ulqini\" \/>\n<meta property=\"article:published_time\" content=\"2013-01-30T10:49:14+00:00\" \/>\n<meta property=\"article:modified_time\" content=\"2013-02-01T08:07:32+00:00\" \/>\n<meta property=\"og:image\" content=\"http:\/\/www.visit-ulcinj.com\/blog\/wp-content\/uploads\/2013\/01\/dritanabazoviq.jpg\" \/>\n<meta name=\"twitter:label1\" content=\"Written by\" \/>\n\t<meta name=\"twitter:data1\" content=\"ulqini\" \/>\n\t<meta name=\"twitter:label2\" content=\"Est. reading time\" \/>\n\t<meta name=\"twitter:data2\" content=\"2 minutes\" \/>\n<script type=\"application\/ld+json\" class=\"yoast-schema-graph\">{\"@context\":\"https:\/\/schema.org\",\"@graph\":[{\"@type\":\"WebSite\",\"@id\":\"https:\/\/www.visit-ulcinj.com\/blog\/#website\",\"url\":\"https:\/\/www.visit-ulcinj.com\/blog\/\",\"name\":\"Lajme nga Ulqini\",\"description\":\"Lajme,Vijesti,Ulqini,Ulqin,Crna Gora,Mali i Zi\",\"potentialAction\":[{\"@type\":\"SearchAction\",\"target\":{\"@type\":\"EntryPoint\",\"urlTemplate\":\"https:\/\/www.visit-ulcinj.com\/blog\/?s={search_term_string}\"},\"query-input\":\"required name=search_term_string\"}],\"inLanguage\":\"en-US\"},{\"@type\":\"ImageObject\",\"inLanguage\":\"en-US\",\"@id\":\"https:\/\/www.visit-ulcinj.com\/blog\/2013\/01\/30\/dritan-abazoviq-reagon-referendumi-pa-kushtezime\/#primaryimage\",\"url\":\"https:\/\/www.visit-ulcinj.com\/blog\/wp-content\/uploads\/2013\/01\/dritanabazoviq.jpg\",\"contentUrl\":\"https:\/\/www.visit-ulcinj.com\/blog\/wp-content\/uploads\/2013\/01\/dritanabazoviq.jpg\",\"width\":744,\"height\":620},{\"@type\":\"WebPage\",\"@id\":\"https:\/\/www.visit-ulcinj.com\/blog\/2013\/01\/30\/dritan-abazoviq-reagon-referendumi-pa-kushtezime\/#webpage\",\"url\":\"https:\/\/www.visit-ulcinj.com\/blog\/2013\/01\/30\/dritan-abazoviq-reagon-referendumi-pa-kushtezime\/\",\"name\":\"Dritan Abazoviq reagon: \\\"Referendumi pa kusht\u00ebzime\\\"! - Lajme nga Ulqini\",\"isPartOf\":{\"@id\":\"https:\/\/www.visit-ulcinj.com\/blog\/#website\"},\"primaryImageOfPage\":{\"@id\":\"https:\/\/www.visit-ulcinj.com\/blog\/2013\/01\/30\/dritan-abazoviq-reagon-referendumi-pa-kushtezime\/#primaryimage\"},\"datePublished\":\"2013-01-30T10:49:14+00:00\",\"dateModified\":\"2013-02-01T08:07:32+00:00\",\"author\":{\"@id\":\"https:\/\/www.visit-ulcinj.com\/blog\/#\/schema\/person\/dcab619c614d3038751c63bc2aadc06d\"},\"description\":\"Referendumi pa kusht\u00ebzime Thjesht \u00ebsht\u00eb degutante dhe e pakuptueshme si m\u00eb nuk ndalet politika e kusht\u00ebzimit lidhur me mbajtjen e referendumit n\u00eb t\u00eb cilin\",\"breadcrumb\":{\"@id\":\"https:\/\/www.visit-ulcinj.com\/blog\/2013\/01\/30\/dritan-abazoviq-reagon-referendumi-pa-kushtezime\/#breadcrumb\"},\"inLanguage\":\"en-US\",\"potentialAction\":[{\"@type\":\"ReadAction\",\"target\":[\"https:\/\/www.visit-ulcinj.com\/blog\/2013\/01\/30\/dritan-abazoviq-reagon-referendumi-pa-kushtezime\/\"]}]},{\"@type\":\"BreadcrumbList\",\"@id\":\"https:\/\/www.visit-ulcinj.com\/blog\/2013\/01\/30\/dritan-abazoviq-reagon-referendumi-pa-kushtezime\/#breadcrumb\",\"itemListElement\":[{\"@type\":\"ListItem\",\"position\":1,\"name\":\"Dritan Abazoviq reagon: &#8220;Referendumi pa kusht\u00ebzime&#8221;!\"}]},{\"@type\":\"Person\",\"@id\":\"https:\/\/www.visit-ulcinj.com\/blog\/#\/schema\/person\/dcab619c614d3038751c63bc2aadc06d\",\"name\":\"ulqini\",\"sameAs\":[\"http:\/\/www.visit-ulcinj.com\"],\"url\":\"https:\/\/www.visit-ulcinj.com\/blog\/author\/admin\/\"}]}<\/script>\n<!-- \/ Yoast SEO plugin. -->","yoast_head_json":{"title":"Dritan Abazoviq reagon: \"Referendumi pa kusht\u00ebzime\"! - Lajme nga Ulqini","description":"Referendumi pa kusht\u00ebzime Thjesht \u00ebsht\u00eb degutante dhe e pakuptueshme si m\u00eb nuk ndalet politika e kusht\u00ebzimit lidhur me mbajtjen e referendumit n\u00eb t\u00eb cilin","robots":{"index":"index","follow":"follow","max-snippet":"max-snippet:-1","max-image-preview":"max-image-preview:large","max-video-preview":"max-video-preview:-1"},"canonical":"https:\/\/www.visit-ulcinj.com\/blog\/2013\/01\/30\/dritan-abazoviq-reagon-referendumi-pa-kushtezime\/","og_locale":"en_US","og_type":"article","og_title":"Dritan Abazoviq reagon: \"Referendumi pa kusht\u00ebzime\"! - Lajme nga Ulqini","og_description":"Referendumi pa kusht\u00ebzime Thjesht \u00ebsht\u00eb degutante dhe e pakuptueshme si m\u00eb nuk ndalet politika e kusht\u00ebzimit lidhur me mbajtjen e referendumit n\u00eb t\u00eb cilin","og_url":"https:\/\/www.visit-ulcinj.com\/blog\/2013\/01\/30\/dritan-abazoviq-reagon-referendumi-pa-kushtezime\/","og_site_name":"Lajme nga Ulqini","article_published_time":"2013-01-30T10:49:14+00:00","article_modified_time":"2013-02-01T08:07:32+00:00","og_image":[{"url":"http:\/\/www.visit-ulcinj.com\/blog\/wp-content\/uploads\/2013\/01\/dritanabazoviq.jpg"}],"twitter_misc":{"Written by":"ulqini","Est. reading time":"2 minutes"},"schema":{"@context":"https:\/\/schema.org","@graph":[{"@type":"WebSite","@id":"https:\/\/www.visit-ulcinj.com\/blog\/#website","url":"https:\/\/www.visit-ulcinj.com\/blog\/","name":"Lajme nga Ulqini","description":"Lajme,Vijesti,Ulqini,Ulqin,Crna Gora,Mali i Zi","potentialAction":[{"@type":"SearchAction","target":{"@type":"EntryPoint","urlTemplate":"https:\/\/www.visit-ulcinj.com\/blog\/?s={search_term_string}"},"query-input":"required name=search_term_string"}],"inLanguage":"en-US"},{"@type":"ImageObject","inLanguage":"en-US","@id":"https:\/\/www.visit-ulcinj.com\/blog\/2013\/01\/30\/dritan-abazoviq-reagon-referendumi-pa-kushtezime\/#primaryimage","url":"https:\/\/www.visit-ulcinj.com\/blog\/wp-content\/uploads\/2013\/01\/dritanabazoviq.jpg","contentUrl":"https:\/\/www.visit-ulcinj.com\/blog\/wp-content\/uploads\/2013\/01\/dritanabazoviq.jpg","width":744,"height":620},{"@type":"WebPage","@id":"https:\/\/www.visit-ulcinj.com\/blog\/2013\/01\/30\/dritan-abazoviq-reagon-referendumi-pa-kushtezime\/#webpage","url":"https:\/\/www.visit-ulcinj.com\/blog\/2013\/01\/30\/dritan-abazoviq-reagon-referendumi-pa-kushtezime\/","name":"Dritan Abazoviq reagon: \"Referendumi pa kusht\u00ebzime\"! - Lajme nga Ulqini","isPartOf":{"@id":"https:\/\/www.visit-ulcinj.com\/blog\/#website"},"primaryImageOfPage":{"@id":"https:\/\/www.visit-ulcinj.com\/blog\/2013\/01\/30\/dritan-abazoviq-reagon-referendumi-pa-kushtezime\/#primaryimage"},"datePublished":"2013-01-30T10:49:14+00:00","dateModified":"2013-02-01T08:07:32+00:00","author":{"@id":"https:\/\/www.visit-ulcinj.com\/blog\/#\/schema\/person\/dcab619c614d3038751c63bc2aadc06d"},"description":"Referendumi pa kusht\u00ebzime Thjesht \u00ebsht\u00eb degutante dhe e pakuptueshme si m\u00eb nuk ndalet politika e kusht\u00ebzimit lidhur me mbajtjen e referendumit n\u00eb t\u00eb cilin","breadcrumb":{"@id":"https:\/\/www.visit-ulcinj.com\/blog\/2013\/01\/30\/dritan-abazoviq-reagon-referendumi-pa-kushtezime\/#breadcrumb"},"inLanguage":"en-US","potentialAction":[{"@type":"ReadAction","target":["https:\/\/www.visit-ulcinj.com\/blog\/2013\/01\/30\/dritan-abazoviq-reagon-referendumi-pa-kushtezime\/"]}]},{"@type":"BreadcrumbList","@id":"https:\/\/www.visit-ulcinj.com\/blog\/2013\/01\/30\/dritan-abazoviq-reagon-referendumi-pa-kushtezime\/#breadcrumb","itemListElement":[{"@type":"ListItem","position":1,"name":"Dritan Abazoviq reagon: &#8220;Referendumi pa kusht\u00ebzime&#8221;!"}]},{"@type":"Person","@id":"https:\/\/www.visit-ulcinj.com\/blog\/#\/schema\/person\/dcab619c614d3038751c63bc2aadc06d","name":"ulqini","sameAs":["http:\/\/www.visit-ulcinj.com"],"url":"https:\/\/www.visit-ulcinj.com\/blog\/author\/admin\/"}]}},"jetpack_featured_media_url":"","jetpack_sharing_enabled":true,"jetpack_shortlink":"https:\/\/wp.me\/pe6lTn-hIU","_links":{"self":[{"href":"https:\/\/www.visit-ulcinj.com\/blog\/wp-json\/wp\/v2\/posts\/68132"}],"collection":[{"href":"https:\/\/www.visit-ulcinj.com\/blog\/wp-json\/wp\/v2\/posts"}],"about":[{"href":"https:\/\/www.visit-ulcinj.com\/blog\/wp-json\/wp\/v2\/types\/post"}],"author":[{"embeddable":true,"href":"https:\/\/www.visit-ulcinj.com\/blog\/wp-json\/wp\/v2\/users\/1"}],"replies":[{"embeddable":true,"href":"https:\/\/www.visit-ulcinj.com\/blog\/wp-json\/wp\/v2\/comments?post=68132"}],"version-history":[{"count":3,"href":"https:\/\/www.visit-ulcinj.com\/blog\/wp-json\/wp\/v2\/posts\/68132\/revisions"}],"predecessor-version":[{"id":68190,"href":"https:\/\/www.visit-ulcinj.com\/blog\/wp-json\/wp\/v2\/posts\/68132\/revisions\/68190"}],"wp:attachment":[{"href":"https:\/\/www.visit-ulcinj.com\/blog\/wp-json\/wp\/v2\/media?parent=68132"}],"wp:term":[{"taxonomy":"category","embeddable":true,"href":"https:\/\/www.visit-ulcinj.com\/blog\/wp-json\/wp\/v2\/categories?post=68132"},{"taxonomy":"post_tag","embeddable":true,"href":"https:\/\/www.visit-ulcinj.com\/blog\/wp-json\/wp\/v2\/tags?post=68132"}],"curies":[{"name":"wp","href":"https:\/\/api.w.org\/{rel}","templated":true}]}}