{"id":68148,"date":"2013-01-30T18:37:32","date_gmt":"2013-01-30T17:37:32","guid":{"rendered":"http:\/\/www.visit-ulcinj.com\/blog\/?p=68148"},"modified":"2013-01-30T18:37:42","modified_gmt":"2013-01-30T17:37:42","slug":"kryetari-cungu-takon-shefin-e-zyres-se-bankes-europiane-z-giulio-moreno","status":"publish","type":"post","link":"https:\/\/www.visit-ulcinj.com\/blog\/2013\/01\/30\/kryetari-cungu-takon-shefin-e-zyres-se-bankes-europiane-z-giulio-moreno\/","title":{"rendered":"Kryetari Cungu takon shefin e zyr\u00ebs s\u00eb Bank\u00ebs Europiane z.Giulio Moreno"},"content":{"rendered":"<p><strong>Kryetari Cungu \u00ebsht\u00eb takuar me shefin e Bank\u00ebs Europiane p\u00ebr rind\u00ebrtim dhe zhvillim n\u00eb Podgoric\u00eb Giulio Morenin<\/strong><\/p>\n<p><a href=\"http:\/\/www.visit-ulcinj.com\/blog\/wp-content\/uploads\/2013\/01\/Nazif-Cungu-Giulio-Moreno-Ulqin-Ulcinj-Montenegro.jpg\"><img loading=\"lazy\" class=\"alignleft  wp-image-68150\" alt=\"Nazif Cungu-Giulio Moreno-Ulqin-Ulcinj-Montenegro\" src=\"http:\/\/www.visit-ulcinj.com\/blog\/wp-content\/uploads\/2013\/01\/Nazif-Cungu-Giulio-Moreno-Ulqin-Ulcinj-Montenegro.jpg\" width=\"508\" height=\"360\" \/><\/a>Kryetari i Komun\u00ebs s\u00eb Ulqinit Nazif Cungu \u00ebsht\u00eb takuar me shefin e zyr\u00ebs s\u00eb Bank\u00ebs Europiane p\u00ebr rind\u00ebrtim dhe zhvillim n\u00eb Podgoric\u00eb Giulio Morenin me bashk\u00ebpun\u00ebtor\u00eb.<\/p>\n<p>Zotori Moreno e ka njoftuar kryetarin p\u00ebr aktivitetet q\u00eb EBRD kryen n\u00eb Mal t\u00eb Zi, planet p\u00ebr investimet e ardhshme dhe kreditimet, si dhe p\u00ebr fushat dhe kushtet me t\u00eb cil\u00ebt EBRD mund t\u00eb aprovoj\u00eb kredit\u00eb.<\/p>\n<p>Bashk\u00ebbiseduesit ishin t\u00eb pajtimit q\u00eb Komuna e Ulqinit tashm\u00eb disa vite me radh\u00eb dhe dekada \u00ebsht\u00eb l\u00ebn\u00eb pas dore sa i p\u00ebrket investimeve n\u00eb infrastruktur\u00eb dhe si EBRD mund t\u00eb ndihmoj\u00eb n\u00eb k\u00ebt\u00eb drejtim. Kryetari Cungu i ka njoftuar mysafir\u00ebt me aktivitetet q\u00eb ka nd\u00ebrmarr\u00eb deri tash vet\u00ebqeverisja lokale dhe se \u00e7far\u00eb ka nd\u00ebr mend t\u00eb nd\u00ebrmarr\u00eb n\u00eb t\u00eb ardhmen p\u00ebr zgjidhjen e problemeve t\u00eb infrastruktur\u00ebs n\u00eb qytet.<\/p>\n<p>N\u00eb takim \u00ebsht\u00eb ra dakord q\u00eb Komuna e Ulqinit t\u00eb p\u00ebrgatis\u00eb projektet infrastrukturore q\u00eb vler\u00ebson se mund t\u00eb kreditohen prej EBRD, e pastaj ato do t\u00eb shqyrtohen.<\/p>\n<p>Zot\u00ebri Moreno e ka njoftuar kryetarin p\u00ebr mund\u00ebsit\u00eb e kreditimit t\u00eb sektorit privat, e gjithashtu jan\u00eb marr\u00eb vesh p\u00ebr nj\u00eb vizit\u00eb t\u00eb sip\u00ebrmarr\u00ebsve ulqinak\u00eb EBRD \u2013 s\u00eb, me q\u00ebllim q\u00eb t\u00eb njoftohen m\u00eb n\u00eb detaje me ato mund\u00ebsi.<\/p>\n<p><strong>Op\u0161tina Ulcinj \/ Komuna e Ulqinit<\/strong><br \/>\nTel: +382 30 412 050<br \/>\nFax: +382 30 412 413<br \/>\nAdresa: Bul. Skenderbeu bb, 85360 Ulcinj, MNE<\/p>\n","protected":false},"excerpt":{"rendered":"<p>Kryetari Cungu \u00ebsht\u00eb takuar me shefin e Bank\u00ebs Europiane p\u00ebr rind\u00ebrtim dhe zhvillim n\u00eb Podgoric\u00eb Giulio Morenin Kryetari i Komun\u00ebs s\u00eb Ulqinit Nazif Cungu \u00ebsht\u00eb takuar me shefin e zyr\u00ebs s\u00eb Bank\u00ebs Europiane p\u00ebr rind\u00ebrtim dhe zhvillim n\u00eb Podgoric\u00eb Giulio Morenin me bashk\u00ebpun\u00ebtor\u00eb. Zotori Moreno e ka njoftuar kryetarin p\u00ebr aktivitetet q\u00eb EBRD kryen n\u00eb [&hellip;]<\/p>\n","protected":false},"author":1,"featured_media":0,"comment_status":"open","ping_status":"closed","sticky":false,"template":"","format":"standard","meta":{"spay_email":"","jetpack_publicize_message":"","jetpack_is_tweetstorm":false,"jetpack_publicize_feature_enabled":true},"categories":[10],"tags":[21745,16426,118],"jetpack_publicize_connections":[],"yoast_head":"<!-- This site is optimized with the Yoast SEO plugin v19.1 - https:\/\/yoast.com\/wordpress\/plugins\/seo\/ -->\n<title>Kryetari Cungu takon shefin e zyr\u00ebs s\u00eb Bank\u00ebs Europiane z.Giulio Moreno - Lajme nga Ulqini<\/title>\n<meta name=\"description\" content=\"Kryetari Cungu \u00ebsht\u00eb takuar me shefin e Bank\u00ebs Europiane p\u00ebr rind\u00ebrtim dhe zhvillim n\u00eb Podgoric\u00eb Giulio Morenin Kryetari i Komun\u00ebs s\u00eb Ulqinit Nazif Cungu\" \/>\n<meta name=\"robots\" content=\"index, follow, max-snippet:-1, max-image-preview:large, max-video-preview:-1\" \/>\n<link rel=\"canonical\" href=\"https:\/\/www.visit-ulcinj.com\/blog\/2013\/01\/30\/kryetari-cungu-takon-shefin-e-zyres-se-bankes-europiane-z-giulio-moreno\/\" \/>\n<meta property=\"og:locale\" content=\"en_US\" \/>\n<meta property=\"og:type\" content=\"article\" \/>\n<meta property=\"og:title\" content=\"Kryetari Cungu takon shefin e zyr\u00ebs s\u00eb Bank\u00ebs Europiane z.Giulio Moreno - Lajme nga Ulqini\" \/>\n<meta property=\"og:description\" content=\"Kryetari Cungu \u00ebsht\u00eb takuar me shefin e Bank\u00ebs Europiane p\u00ebr rind\u00ebrtim dhe zhvillim n\u00eb Podgoric\u00eb Giulio Morenin Kryetari i Komun\u00ebs s\u00eb Ulqinit Nazif Cungu\" \/>\n<meta property=\"og:url\" content=\"https:\/\/www.visit-ulcinj.com\/blog\/2013\/01\/30\/kryetari-cungu-takon-shefin-e-zyres-se-bankes-europiane-z-giulio-moreno\/\" \/>\n<meta property=\"og:site_name\" content=\"Lajme nga Ulqini\" \/>\n<meta property=\"article:published_time\" content=\"2013-01-30T17:37:32+00:00\" \/>\n<meta property=\"article:modified_time\" content=\"2013-01-30T17:37:42+00:00\" \/>\n<meta property=\"og:image\" content=\"http:\/\/www.visit-ulcinj.com\/blog\/wp-content\/uploads\/2013\/01\/Nazif-Cungu-Giulio-Moreno-Ulqin-Ulcinj-Montenegro.jpg\" \/>\n<meta name=\"twitter:label1\" content=\"Written by\" \/>\n\t<meta name=\"twitter:data1\" content=\"ulqini\" \/>\n\t<meta name=\"twitter:label2\" content=\"Est. reading time\" \/>\n\t<meta name=\"twitter:data2\" content=\"1 minute\" \/>\n<script type=\"application\/ld+json\" class=\"yoast-schema-graph\">{\"@context\":\"https:\/\/schema.org\",\"@graph\":[{\"@type\":\"WebSite\",\"@id\":\"https:\/\/www.visit-ulcinj.com\/blog\/#website\",\"url\":\"https:\/\/www.visit-ulcinj.com\/blog\/\",\"name\":\"Lajme nga Ulqini\",\"description\":\"Lajme,Vijesti,Ulqini,Ulqin,Crna Gora,Mali i Zi\",\"potentialAction\":[{\"@type\":\"SearchAction\",\"target\":{\"@type\":\"EntryPoint\",\"urlTemplate\":\"https:\/\/www.visit-ulcinj.com\/blog\/?s={search_term_string}\"},\"query-input\":\"required name=search_term_string\"}],\"inLanguage\":\"en-US\"},{\"@type\":\"ImageObject\",\"inLanguage\":\"en-US\",\"@id\":\"https:\/\/www.visit-ulcinj.com\/blog\/2013\/01\/30\/kryetari-cungu-takon-shefin-e-zyres-se-bankes-europiane-z-giulio-moreno\/#primaryimage\",\"url\":\"https:\/\/www.visit-ulcinj.com\/blog\/wp-content\/uploads\/2013\/01\/Nazif-Cungu-Giulio-Moreno-Ulqin-Ulcinj-Montenegro.jpg\",\"contentUrl\":\"https:\/\/www.visit-ulcinj.com\/blog\/wp-content\/uploads\/2013\/01\/Nazif-Cungu-Giulio-Moreno-Ulqin-Ulcinj-Montenegro.jpg\",\"width\":640,\"height\":424},{\"@type\":\"WebPage\",\"@id\":\"https:\/\/www.visit-ulcinj.com\/blog\/2013\/01\/30\/kryetari-cungu-takon-shefin-e-zyres-se-bankes-europiane-z-giulio-moreno\/#webpage\",\"url\":\"https:\/\/www.visit-ulcinj.com\/blog\/2013\/01\/30\/kryetari-cungu-takon-shefin-e-zyres-se-bankes-europiane-z-giulio-moreno\/\",\"name\":\"Kryetari Cungu takon shefin e zyr\u00ebs s\u00eb Bank\u00ebs Europiane z.Giulio Moreno - Lajme nga Ulqini\",\"isPartOf\":{\"@id\":\"https:\/\/www.visit-ulcinj.com\/blog\/#website\"},\"primaryImageOfPage\":{\"@id\":\"https:\/\/www.visit-ulcinj.com\/blog\/2013\/01\/30\/kryetari-cungu-takon-shefin-e-zyres-se-bankes-europiane-z-giulio-moreno\/#primaryimage\"},\"datePublished\":\"2013-01-30T17:37:32+00:00\",\"dateModified\":\"2013-01-30T17:37:42+00:00\",\"author\":{\"@id\":\"https:\/\/www.visit-ulcinj.com\/blog\/#\/schema\/person\/dcab619c614d3038751c63bc2aadc06d\"},\"description\":\"Kryetari Cungu \u00ebsht\u00eb takuar me shefin e Bank\u00ebs Europiane p\u00ebr rind\u00ebrtim dhe zhvillim n\u00eb Podgoric\u00eb Giulio Morenin Kryetari i Komun\u00ebs s\u00eb Ulqinit Nazif Cungu\",\"breadcrumb\":{\"@id\":\"https:\/\/www.visit-ulcinj.com\/blog\/2013\/01\/30\/kryetari-cungu-takon-shefin-e-zyres-se-bankes-europiane-z-giulio-moreno\/#breadcrumb\"},\"inLanguage\":\"en-US\",\"potentialAction\":[{\"@type\":\"ReadAction\",\"target\":[\"https:\/\/www.visit-ulcinj.com\/blog\/2013\/01\/30\/kryetari-cungu-takon-shefin-e-zyres-se-bankes-europiane-z-giulio-moreno\/\"]}]},{\"@type\":\"BreadcrumbList\",\"@id\":\"https:\/\/www.visit-ulcinj.com\/blog\/2013\/01\/30\/kryetari-cungu-takon-shefin-e-zyres-se-bankes-europiane-z-giulio-moreno\/#breadcrumb\",\"itemListElement\":[{\"@type\":\"ListItem\",\"position\":1,\"name\":\"Kryetari Cungu takon shefin e zyr\u00ebs s\u00eb Bank\u00ebs Europiane z.Giulio Moreno\"}]},{\"@type\":\"Person\",\"@id\":\"https:\/\/www.visit-ulcinj.com\/blog\/#\/schema\/person\/dcab619c614d3038751c63bc2aadc06d\",\"name\":\"ulqini\",\"sameAs\":[\"http:\/\/www.visit-ulcinj.com\"],\"url\":\"https:\/\/www.visit-ulcinj.com\/blog\/author\/admin\/\"}]}<\/script>\n<!-- \/ Yoast SEO plugin. -->","yoast_head_json":{"title":"Kryetari Cungu takon shefin e zyr\u00ebs s\u00eb Bank\u00ebs Europiane z.Giulio Moreno - Lajme nga Ulqini","description":"Kryetari Cungu \u00ebsht\u00eb takuar me shefin e Bank\u00ebs Europiane p\u00ebr rind\u00ebrtim dhe zhvillim n\u00eb Podgoric\u00eb Giulio Morenin Kryetari i Komun\u00ebs s\u00eb Ulqinit Nazif Cungu","robots":{"index":"index","follow":"follow","max-snippet":"max-snippet:-1","max-image-preview":"max-image-preview:large","max-video-preview":"max-video-preview:-1"},"canonical":"https:\/\/www.visit-ulcinj.com\/blog\/2013\/01\/30\/kryetari-cungu-takon-shefin-e-zyres-se-bankes-europiane-z-giulio-moreno\/","og_locale":"en_US","og_type":"article","og_title":"Kryetari Cungu takon shefin e zyr\u00ebs s\u00eb Bank\u00ebs Europiane z.Giulio Moreno - Lajme nga Ulqini","og_description":"Kryetari Cungu \u00ebsht\u00eb takuar me shefin e Bank\u00ebs Europiane p\u00ebr rind\u00ebrtim dhe zhvillim n\u00eb Podgoric\u00eb Giulio Morenin Kryetari i Komun\u00ebs s\u00eb Ulqinit Nazif Cungu","og_url":"https:\/\/www.visit-ulcinj.com\/blog\/2013\/01\/30\/kryetari-cungu-takon-shefin-e-zyres-se-bankes-europiane-z-giulio-moreno\/","og_site_name":"Lajme nga Ulqini","article_published_time":"2013-01-30T17:37:32+00:00","article_modified_time":"2013-01-30T17:37:42+00:00","og_image":[{"url":"http:\/\/www.visit-ulcinj.com\/blog\/wp-content\/uploads\/2013\/01\/Nazif-Cungu-Giulio-Moreno-Ulqin-Ulcinj-Montenegro.jpg"}],"twitter_misc":{"Written by":"ulqini","Est. reading time":"1 minute"},"schema":{"@context":"https:\/\/schema.org","@graph":[{"@type":"WebSite","@id":"https:\/\/www.visit-ulcinj.com\/blog\/#website","url":"https:\/\/www.visit-ulcinj.com\/blog\/","name":"Lajme nga Ulqini","description":"Lajme,Vijesti,Ulqini,Ulqin,Crna Gora,Mali i Zi","potentialAction":[{"@type":"SearchAction","target":{"@type":"EntryPoint","urlTemplate":"https:\/\/www.visit-ulcinj.com\/blog\/?s={search_term_string}"},"query-input":"required name=search_term_string"}],"inLanguage":"en-US"},{"@type":"ImageObject","inLanguage":"en-US","@id":"https:\/\/www.visit-ulcinj.com\/blog\/2013\/01\/30\/kryetari-cungu-takon-shefin-e-zyres-se-bankes-europiane-z-giulio-moreno\/#primaryimage","url":"https:\/\/www.visit-ulcinj.com\/blog\/wp-content\/uploads\/2013\/01\/Nazif-Cungu-Giulio-Moreno-Ulqin-Ulcinj-Montenegro.jpg","contentUrl":"https:\/\/www.visit-ulcinj.com\/blog\/wp-content\/uploads\/2013\/01\/Nazif-Cungu-Giulio-Moreno-Ulqin-Ulcinj-Montenegro.jpg","width":640,"height":424},{"@type":"WebPage","@id":"https:\/\/www.visit-ulcinj.com\/blog\/2013\/01\/30\/kryetari-cungu-takon-shefin-e-zyres-se-bankes-europiane-z-giulio-moreno\/#webpage","url":"https:\/\/www.visit-ulcinj.com\/blog\/2013\/01\/30\/kryetari-cungu-takon-shefin-e-zyres-se-bankes-europiane-z-giulio-moreno\/","name":"Kryetari Cungu takon shefin e zyr\u00ebs s\u00eb Bank\u00ebs Europiane z.Giulio Moreno - Lajme nga Ulqini","isPartOf":{"@id":"https:\/\/www.visit-ulcinj.com\/blog\/#website"},"primaryImageOfPage":{"@id":"https:\/\/www.visit-ulcinj.com\/blog\/2013\/01\/30\/kryetari-cungu-takon-shefin-e-zyres-se-bankes-europiane-z-giulio-moreno\/#primaryimage"},"datePublished":"2013-01-30T17:37:32+00:00","dateModified":"2013-01-30T17:37:42+00:00","author":{"@id":"https:\/\/www.visit-ulcinj.com\/blog\/#\/schema\/person\/dcab619c614d3038751c63bc2aadc06d"},"description":"Kryetari Cungu \u00ebsht\u00eb takuar me shefin e Bank\u00ebs Europiane p\u00ebr rind\u00ebrtim dhe zhvillim n\u00eb Podgoric\u00eb Giulio Morenin Kryetari i Komun\u00ebs s\u00eb Ulqinit Nazif Cungu","breadcrumb":{"@id":"https:\/\/www.visit-ulcinj.com\/blog\/2013\/01\/30\/kryetari-cungu-takon-shefin-e-zyres-se-bankes-europiane-z-giulio-moreno\/#breadcrumb"},"inLanguage":"en-US","potentialAction":[{"@type":"ReadAction","target":["https:\/\/www.visit-ulcinj.com\/blog\/2013\/01\/30\/kryetari-cungu-takon-shefin-e-zyres-se-bankes-europiane-z-giulio-moreno\/"]}]},{"@type":"BreadcrumbList","@id":"https:\/\/www.visit-ulcinj.com\/blog\/2013\/01\/30\/kryetari-cungu-takon-shefin-e-zyres-se-bankes-europiane-z-giulio-moreno\/#breadcrumb","itemListElement":[{"@type":"ListItem","position":1,"name":"Kryetari Cungu takon shefin e zyr\u00ebs s\u00eb Bank\u00ebs Europiane z.Giulio Moreno"}]},{"@type":"Person","@id":"https:\/\/www.visit-ulcinj.com\/blog\/#\/schema\/person\/dcab619c614d3038751c63bc2aadc06d","name":"ulqini","sameAs":["http:\/\/www.visit-ulcinj.com"],"url":"https:\/\/www.visit-ulcinj.com\/blog\/author\/admin\/"}]}},"jetpack_featured_media_url":"","jetpack_sharing_enabled":true,"jetpack_shortlink":"https:\/\/wp.me\/pe6lTn-hJa","_links":{"self":[{"href":"https:\/\/www.visit-ulcinj.com\/blog\/wp-json\/wp\/v2\/posts\/68148"}],"collection":[{"href":"https:\/\/www.visit-ulcinj.com\/blog\/wp-json\/wp\/v2\/posts"}],"about":[{"href":"https:\/\/www.visit-ulcinj.com\/blog\/wp-json\/wp\/v2\/types\/post"}],"author":[{"embeddable":true,"href":"https:\/\/www.visit-ulcinj.com\/blog\/wp-json\/wp\/v2\/users\/1"}],"replies":[{"embeddable":true,"href":"https:\/\/www.visit-ulcinj.com\/blog\/wp-json\/wp\/v2\/comments?post=68148"}],"version-history":[{"count":4,"href":"https:\/\/www.visit-ulcinj.com\/blog\/wp-json\/wp\/v2\/posts\/68148\/revisions"}],"predecessor-version":[{"id":68152,"href":"https:\/\/www.visit-ulcinj.com\/blog\/wp-json\/wp\/v2\/posts\/68148\/revisions\/68152"}],"wp:attachment":[{"href":"https:\/\/www.visit-ulcinj.com\/blog\/wp-json\/wp\/v2\/media?parent=68148"}],"wp:term":[{"taxonomy":"category","embeddable":true,"href":"https:\/\/www.visit-ulcinj.com\/blog\/wp-json\/wp\/v2\/categories?post=68148"},{"taxonomy":"post_tag","embeddable":true,"href":"https:\/\/www.visit-ulcinj.com\/blog\/wp-json\/wp\/v2\/tags?post=68148"}],"curies":[{"name":"wp","href":"https:\/\/api.w.org\/{rel}","templated":true}]}}