{"id":68159,"date":"2013-01-30T19:01:37","date_gmt":"2013-01-30T18:01:37","guid":{"rendered":"http:\/\/www.visit-ulcinj.com\/blog\/?p=68159"},"modified":"2013-01-30T19:01:37","modified_gmt":"2013-01-30T18:01:37","slug":"sinistaj-dps-ne-da-referendum","status":"publish","type":"post","link":"https:\/\/www.visit-ulcinj.com\/blog\/2013\/01\/30\/sinistaj-dps-ne-da-referendum\/","title":{"rendered":"Sinistaj: DPS ne da referendum"},"content":{"rendered":"<p><a href=\"http:\/\/www.visit-ulcinj.com\/blog\/wp-content\/uploads\/2013\/01\/Vaselj-Sinistaj.jpg\"><img loading=\"lazy\" class=\"alignleft  wp-image-68161\" alt=\"Vaselj-Sinistaj\" src=\"http:\/\/www.visit-ulcinj.com\/blog\/wp-content\/uploads\/2013\/01\/Vaselj-Sinistaj.jpg\" width=\"508\" height=\"360\" \/><\/a>Predugo traje obe\u0107anje Demokratske partije socijalista (DPS) kada je u pitanju postizborni sporazum koji je ta partija potpisala sa koalicijom Forca za jedinstvo, ocijenio je predstavnik tog albanskog saveza Vaselj Sini\u0161taj.<br \/>\nOn je naveo da su manjine potpisale zajedni\u010dki sporazum sa DPS-om, ali je ostalo da se defini\u0161e i aneks sporazuma.<br \/>\n\u2013 Ovo je trenutak da oni ispune ono \u0161to su obe\u0107ali gra\u0111anima. Ako ovog puta to ne urade, onda je pitanje kada \u0107e \u2013 kazao je Sini\u0161taj medijima.<br \/>\nOn je podsjetio da albanske stranke ne\u0107e podr\u017eati predsjedni\u010dkog kandidata DPS-a Filipa Vujanovi\u0107a ukoliko do odr\u017eavanja izbora, 7. aprila, ne bude odre\u0111en datum referenduma za op\u0161tinu Tuzi.<br \/>\n\u2013 Vjerujem da \u0107emo definisati datum odavanja referenduma u Tuzima. Ukoliko ne bude odre\u0111en prije odr\u017eavanja predsjedni\u010dkih izbora ta\u010dan datum referenduma, onda nema dogovora. Sam referendum ne zna\u010di automatsko dobijanje statusa op\u0161tine, ve\u0107 o tom pitanju treba da se izjasni prvo Vlada pa onda i Skup\u0161tina \u2013 poru\u010dio je Sini\u0161taj.<br \/>\nOn nije \u017eelio da komentari\u0161e izjavu politi\u010dkog direktora DPS-a Tarzana Milo\u0161evi\u0107a da \u0107e referendum u Tuzima biti raspisan ali da ne zna kad, navode\u0107i da o tom pitanju treba da se izjasne premijer Milo \u0110ukanovi\u0107 ili predsjednik dr\u017eave Filip Vujanovi\u0107. Mi.N.<\/p>\n<p><a href=\"http:\/\/www.dan.co.me\/?nivo=3&amp;rubrika=Politika&amp;clanak=365103&amp;najdatum=2013-01-29&amp;datum=2013-01-30&amp;naslov=DPS%20ne%20da%20referendum\" target=\"_blank\"><strong>Izvor: DAN<\/strong><\/p>\n<p><\/a><\/p>\n","protected":false},"excerpt":{"rendered":"<p>Predugo traje obe\u0107anje Demokratske partije socijalista (DPS) kada je u pitanju postizborni sporazum koji je ta partija potpisala sa koalicijom Forca za jedinstvo, ocijenio je predstavnik tog albanskog saveza Vaselj Sini\u0161taj. On je naveo da su manjine potpisale zajedni\u010dki sporazum sa DPS-om, ali je ostalo da se defini\u0161e i aneks sporazuma. \u2013 Ovo je trenutak [&hellip;]<\/p>\n","protected":false},"author":1,"featured_media":0,"comment_status":"open","ping_status":"closed","sticky":false,"template":"","format":"standard","meta":{"spay_email":"","jetpack_publicize_message":"","jetpack_is_tweetstorm":false,"jetpack_publicize_feature_enabled":true},"categories":[6950],"tags":[4512],"jetpack_publicize_connections":[],"yoast_head":"<!-- This site is optimized with the Yoast SEO plugin v19.1 - https:\/\/yoast.com\/wordpress\/plugins\/seo\/ -->\n<title>Sinistaj: DPS ne da referendum - Lajme nga Ulqini<\/title>\n<meta name=\"description\" content=\"Predugo traje obe\u0107anje Demokratske partije socijalista (DPS) kada je u pitanju postizborni sporazum koji je ta partija potpisala sa koalicijom Forca za\" \/>\n<meta name=\"robots\" content=\"index, follow, max-snippet:-1, max-image-preview:large, max-video-preview:-1\" \/>\n<link rel=\"canonical\" href=\"https:\/\/www.visit-ulcinj.com\/blog\/2013\/01\/30\/sinistaj-dps-ne-da-referendum\/\" \/>\n<meta property=\"og:locale\" content=\"en_US\" \/>\n<meta property=\"og:type\" content=\"article\" \/>\n<meta property=\"og:title\" content=\"Sinistaj: DPS ne da referendum - Lajme nga Ulqini\" \/>\n<meta property=\"og:description\" content=\"Predugo traje obe\u0107anje Demokratske partije socijalista (DPS) kada je u pitanju postizborni sporazum koji je ta partija potpisala sa koalicijom Forca za\" \/>\n<meta property=\"og:url\" content=\"https:\/\/www.visit-ulcinj.com\/blog\/2013\/01\/30\/sinistaj-dps-ne-da-referendum\/\" \/>\n<meta property=\"og:site_name\" content=\"Lajme nga Ulqini\" \/>\n<meta property=\"article:published_time\" content=\"2013-01-30T18:01:37+00:00\" \/>\n<meta property=\"og:image\" content=\"http:\/\/www.visit-ulcinj.com\/blog\/wp-content\/uploads\/2013\/01\/Vaselj-Sinistaj.jpg\" \/>\n<meta name=\"twitter:label1\" content=\"Written by\" \/>\n\t<meta name=\"twitter:data1\" content=\"ulqini\" \/>\n\t<meta name=\"twitter:label2\" content=\"Est. reading time\" \/>\n\t<meta name=\"twitter:data2\" content=\"1 minute\" \/>\n<script type=\"application\/ld+json\" class=\"yoast-schema-graph\">{\"@context\":\"https:\/\/schema.org\",\"@graph\":[{\"@type\":\"WebSite\",\"@id\":\"https:\/\/www.visit-ulcinj.com\/blog\/#website\",\"url\":\"https:\/\/www.visit-ulcinj.com\/blog\/\",\"name\":\"Lajme nga Ulqini\",\"description\":\"Lajme,Vijesti,Ulqini,Ulqin,Crna Gora,Mali i Zi\",\"potentialAction\":[{\"@type\":\"SearchAction\",\"target\":{\"@type\":\"EntryPoint\",\"urlTemplate\":\"https:\/\/www.visit-ulcinj.com\/blog\/?s={search_term_string}\"},\"query-input\":\"required name=search_term_string\"}],\"inLanguage\":\"en-US\"},{\"@type\":\"ImageObject\",\"inLanguage\":\"en-US\",\"@id\":\"https:\/\/www.visit-ulcinj.com\/blog\/2013\/01\/30\/sinistaj-dps-ne-da-referendum\/#primaryimage\",\"url\":\"https:\/\/www.visit-ulcinj.com\/blog\/wp-content\/uploads\/2013\/01\/Vaselj-Sinistaj.jpg\",\"contentUrl\":\"https:\/\/www.visit-ulcinj.com\/blog\/wp-content\/uploads\/2013\/01\/Vaselj-Sinistaj.jpg\",\"width\":1000,\"height\":645},{\"@type\":\"WebPage\",\"@id\":\"https:\/\/www.visit-ulcinj.com\/blog\/2013\/01\/30\/sinistaj-dps-ne-da-referendum\/#webpage\",\"url\":\"https:\/\/www.visit-ulcinj.com\/blog\/2013\/01\/30\/sinistaj-dps-ne-da-referendum\/\",\"name\":\"Sinistaj: DPS ne da referendum - Lajme nga Ulqini\",\"isPartOf\":{\"@id\":\"https:\/\/www.visit-ulcinj.com\/blog\/#website\"},\"primaryImageOfPage\":{\"@id\":\"https:\/\/www.visit-ulcinj.com\/blog\/2013\/01\/30\/sinistaj-dps-ne-da-referendum\/#primaryimage\"},\"datePublished\":\"2013-01-30T18:01:37+00:00\",\"dateModified\":\"2013-01-30T18:01:37+00:00\",\"author\":{\"@id\":\"https:\/\/www.visit-ulcinj.com\/blog\/#\/schema\/person\/dcab619c614d3038751c63bc2aadc06d\"},\"description\":\"Predugo traje obe\u0107anje Demokratske partije socijalista (DPS) kada je u pitanju postizborni sporazum koji je ta partija potpisala sa koalicijom Forca za\",\"breadcrumb\":{\"@id\":\"https:\/\/www.visit-ulcinj.com\/blog\/2013\/01\/30\/sinistaj-dps-ne-da-referendum\/#breadcrumb\"},\"inLanguage\":\"en-US\",\"potentialAction\":[{\"@type\":\"ReadAction\",\"target\":[\"https:\/\/www.visit-ulcinj.com\/blog\/2013\/01\/30\/sinistaj-dps-ne-da-referendum\/\"]}]},{\"@type\":\"BreadcrumbList\",\"@id\":\"https:\/\/www.visit-ulcinj.com\/blog\/2013\/01\/30\/sinistaj-dps-ne-da-referendum\/#breadcrumb\",\"itemListElement\":[{\"@type\":\"ListItem\",\"position\":1,\"name\":\"Sinistaj: DPS ne da referendum\"}]},{\"@type\":\"Person\",\"@id\":\"https:\/\/www.visit-ulcinj.com\/blog\/#\/schema\/person\/dcab619c614d3038751c63bc2aadc06d\",\"name\":\"ulqini\",\"sameAs\":[\"http:\/\/www.visit-ulcinj.com\"],\"url\":\"https:\/\/www.visit-ulcinj.com\/blog\/author\/admin\/\"}]}<\/script>\n<!-- \/ Yoast SEO plugin. -->","yoast_head_json":{"title":"Sinistaj: DPS ne da referendum - Lajme nga Ulqini","description":"Predugo traje obe\u0107anje Demokratske partije socijalista (DPS) kada je u pitanju postizborni sporazum koji je ta partija potpisala sa koalicijom Forca za","robots":{"index":"index","follow":"follow","max-snippet":"max-snippet:-1","max-image-preview":"max-image-preview:large","max-video-preview":"max-video-preview:-1"},"canonical":"https:\/\/www.visit-ulcinj.com\/blog\/2013\/01\/30\/sinistaj-dps-ne-da-referendum\/","og_locale":"en_US","og_type":"article","og_title":"Sinistaj: DPS ne da referendum - Lajme nga Ulqini","og_description":"Predugo traje obe\u0107anje Demokratske partije socijalista (DPS) kada je u pitanju postizborni sporazum koji je ta partija potpisala sa koalicijom Forca za","og_url":"https:\/\/www.visit-ulcinj.com\/blog\/2013\/01\/30\/sinistaj-dps-ne-da-referendum\/","og_site_name":"Lajme nga Ulqini","article_published_time":"2013-01-30T18:01:37+00:00","og_image":[{"url":"http:\/\/www.visit-ulcinj.com\/blog\/wp-content\/uploads\/2013\/01\/Vaselj-Sinistaj.jpg"}],"twitter_misc":{"Written by":"ulqini","Est. reading time":"1 minute"},"schema":{"@context":"https:\/\/schema.org","@graph":[{"@type":"WebSite","@id":"https:\/\/www.visit-ulcinj.com\/blog\/#website","url":"https:\/\/www.visit-ulcinj.com\/blog\/","name":"Lajme nga Ulqini","description":"Lajme,Vijesti,Ulqini,Ulqin,Crna Gora,Mali i Zi","potentialAction":[{"@type":"SearchAction","target":{"@type":"EntryPoint","urlTemplate":"https:\/\/www.visit-ulcinj.com\/blog\/?s={search_term_string}"},"query-input":"required name=search_term_string"}],"inLanguage":"en-US"},{"@type":"ImageObject","inLanguage":"en-US","@id":"https:\/\/www.visit-ulcinj.com\/blog\/2013\/01\/30\/sinistaj-dps-ne-da-referendum\/#primaryimage","url":"https:\/\/www.visit-ulcinj.com\/blog\/wp-content\/uploads\/2013\/01\/Vaselj-Sinistaj.jpg","contentUrl":"https:\/\/www.visit-ulcinj.com\/blog\/wp-content\/uploads\/2013\/01\/Vaselj-Sinistaj.jpg","width":1000,"height":645},{"@type":"WebPage","@id":"https:\/\/www.visit-ulcinj.com\/blog\/2013\/01\/30\/sinistaj-dps-ne-da-referendum\/#webpage","url":"https:\/\/www.visit-ulcinj.com\/blog\/2013\/01\/30\/sinistaj-dps-ne-da-referendum\/","name":"Sinistaj: DPS ne da referendum - Lajme nga Ulqini","isPartOf":{"@id":"https:\/\/www.visit-ulcinj.com\/blog\/#website"},"primaryImageOfPage":{"@id":"https:\/\/www.visit-ulcinj.com\/blog\/2013\/01\/30\/sinistaj-dps-ne-da-referendum\/#primaryimage"},"datePublished":"2013-01-30T18:01:37+00:00","dateModified":"2013-01-30T18:01:37+00:00","author":{"@id":"https:\/\/www.visit-ulcinj.com\/blog\/#\/schema\/person\/dcab619c614d3038751c63bc2aadc06d"},"description":"Predugo traje obe\u0107anje Demokratske partije socijalista (DPS) kada je u pitanju postizborni sporazum koji je ta partija potpisala sa koalicijom Forca za","breadcrumb":{"@id":"https:\/\/www.visit-ulcinj.com\/blog\/2013\/01\/30\/sinistaj-dps-ne-da-referendum\/#breadcrumb"},"inLanguage":"en-US","potentialAction":[{"@type":"ReadAction","target":["https:\/\/www.visit-ulcinj.com\/blog\/2013\/01\/30\/sinistaj-dps-ne-da-referendum\/"]}]},{"@type":"BreadcrumbList","@id":"https:\/\/www.visit-ulcinj.com\/blog\/2013\/01\/30\/sinistaj-dps-ne-da-referendum\/#breadcrumb","itemListElement":[{"@type":"ListItem","position":1,"name":"Sinistaj: DPS ne da referendum"}]},{"@type":"Person","@id":"https:\/\/www.visit-ulcinj.com\/blog\/#\/schema\/person\/dcab619c614d3038751c63bc2aadc06d","name":"ulqini","sameAs":["http:\/\/www.visit-ulcinj.com"],"url":"https:\/\/www.visit-ulcinj.com\/blog\/author\/admin\/"}]}},"jetpack_featured_media_url":"","jetpack_sharing_enabled":true,"jetpack_shortlink":"https:\/\/wp.me\/pe6lTn-hJl","_links":{"self":[{"href":"https:\/\/www.visit-ulcinj.com\/blog\/wp-json\/wp\/v2\/posts\/68159"}],"collection":[{"href":"https:\/\/www.visit-ulcinj.com\/blog\/wp-json\/wp\/v2\/posts"}],"about":[{"href":"https:\/\/www.visit-ulcinj.com\/blog\/wp-json\/wp\/v2\/types\/post"}],"author":[{"embeddable":true,"href":"https:\/\/www.visit-ulcinj.com\/blog\/wp-json\/wp\/v2\/users\/1"}],"replies":[{"embeddable":true,"href":"https:\/\/www.visit-ulcinj.com\/blog\/wp-json\/wp\/v2\/comments?post=68159"}],"version-history":[{"count":1,"href":"https:\/\/www.visit-ulcinj.com\/blog\/wp-json\/wp\/v2\/posts\/68159\/revisions"}],"predecessor-version":[{"id":68162,"href":"https:\/\/www.visit-ulcinj.com\/blog\/wp-json\/wp\/v2\/posts\/68159\/revisions\/68162"}],"wp:attachment":[{"href":"https:\/\/www.visit-ulcinj.com\/blog\/wp-json\/wp\/v2\/media?parent=68159"}],"wp:term":[{"taxonomy":"category","embeddable":true,"href":"https:\/\/www.visit-ulcinj.com\/blog\/wp-json\/wp\/v2\/categories?post=68159"},{"taxonomy":"post_tag","embeddable":true,"href":"https:\/\/www.visit-ulcinj.com\/blog\/wp-json\/wp\/v2\/tags?post=68159"}],"curies":[{"name":"wp","href":"https:\/\/api.w.org\/{rel}","templated":true}]}}