{"id":68167,"date":"2013-01-30T22:41:03","date_gmt":"2013-01-30T21:41:03","guid":{"rendered":"http:\/\/www.visit-ulcinj.com\/blog\/?p=68167"},"modified":"2013-01-30T22:41:03","modified_gmt":"2013-01-30T21:41:03","slug":"psd-e-malit-te-zi-jane-kunder-kandidatures-se-vujanoviqit","status":"publish","type":"post","link":"https:\/\/www.visit-ulcinj.com\/blog\/2013\/01\/30\/psd-e-malit-te-zi-jane-kunder-kandidatures-se-vujanoviqit\/","title":{"rendered":"PSD e Malit t\u00eb Zi jan\u00eb kund\u00ebr kandidatur\u00ebs s\u00eb Vujanoviqit"},"content":{"rendered":"<p><strong>Partia Socialdemokrate e Malit t\u00eb Zi (PSD), kryetar i s\u00eb cil\u00ebs \u00ebsht\u00eb Ranko Krivokapiq, porositi se nuk do ta mb\u00ebshtes\u00eb kandidatin e Partis\u00eb Demokratike t\u00eb Socialist\u00ebve (PDS), Filip Vujanoviq, n\u00eb zgjedhjet presidenciale n\u00eb vend, gjegj\u00ebsisht, si\u00e7 njoftuan, do t&#8217;i shfryt\u00ebzojn\u00eb t\u00eb gjith\u00eb mekanizmat juridik q\u00eb ta kontestojn\u00eb nominimin e tij p\u00ebr mandant t\u00eb ri n\u00eb vendin shef i shtetit.<br \/>\n<a href=\"http:\/\/www.visit-ulcinj.com\/blog\/wp-content\/uploads\/2013\/01\/sdp_vujanovic.jpg\"><img loading=\"lazy\" class=\"alignleft  wp-image-68168\" alt=\"sdp_vujanovic\" src=\"http:\/\/www.visit-ulcinj.com\/blog\/wp-content\/uploads\/2013\/01\/sdp_vujanovic.jpg\" width=\"508\" height=\"316\" \/><\/a><br \/>\n<\/strong><\/p>\n<p>PSD dhe PDS jan\u00eb partner\u00eb afatgjat\u00eb koalicioni, por edhe krahas k\u00ebsaj partia e Krivokapiqit e konteston t\u00eb drejt\u00ebn e Vujanoviqit p\u00ebr edhe nj\u00eb mandat presidencial, p\u00ebr shkak se, gjoja, nuk ka t\u00eb drejt\u00eb ligjore p\u00ebr t\u00eb.<\/p>\n<p>Kryesia e PSD-s\u00eb, n\u00eb seanc\u00ebn q\u00eb p\u00ebrfundoi mbr\u00ebm\u00eb von\u00eb, vendosi t\u00eb mos e mb\u00ebshtes\u00eb Vujanoviqin n\u00eb zgjedhjet p\u00ebr president t\u00eb Malit t\u00eb Zi, t\u00eb caktuara p\u00ebr m\u00eb 7 prill, dhe porositi se do t&#8217;i shfryt\u00ebzoj\u00eb t\u00eb gjith\u00eb mekanizmat juridik q\u00eb ta kontestoj\u00eb kandidatur\u00ebn e tij.<\/p>\n<p>Z\u00ebdh\u00ebn\u00ebsi i PSD-s\u00eb Mirko Staniq, deklaroi se kjo parti nuk do ta mb\u00ebshtes\u00eb Vujanoviqin nga arsye kushtetuese dhe politike.<\/p>\n<p>-PSD-ja, me q\u00ebllim q\u00eb ta pengoj\u00eb r\u00ebnien e institucioneve kushtetuese dhe prestigjin nd\u00ebrkomb\u00ebtar t\u00eb Malit t\u00eb Zi, do t&#8217;i shfryt\u00ebzoj\u00eb procedurat juridike p\u00ebr kontestim t\u00eb kandidatur\u00ebs s\u00eb Vujanoviqit, theksoi ai.<\/p>\n<p>Vujanoviqi deri m\u00eb tani dy her\u00eb \u00ebsht\u00eb zgjedhur p\u00ebr president malazez, por ekziston dilem\u00eb se n\u00ebse i llogaritet mandati i par\u00eb, duke pasur parasysh se Mali i Zi at\u00ebher\u00eb ende nuk ishte shtet i pavarur.<\/p>\n<p>Nga ana tjet\u00ebr, lideri i PDS-s\u00eb dhe kryeminist\u00ebr malazez Millo Gjukanoviq paraprakisht deklaroi se kandidatura e Vujanoviqit padyshim se \u00ebsht\u00eb n\u00eb pajtueshm\u00ebri me Kushtetut\u00ebn e Malit t\u00eb Zi.<\/p>\n<p>PDS-ja shpreh keqardhje q\u00eb p\u00ebr kandidatur\u00ebn presidenciale t\u00eb Vujanoviqit nuk \u00ebsht\u00eb arritur konsenzus i plot\u00eb i koalicionit, por edhe pa t\u00eb, ai ka mb\u00ebshtetje t\u00eb mjaftueshme q\u00eb t\u00eb fitoj\u00eb&#8221;, vler\u00ebsoi Gjukanoviq.<\/p>\n<p><strong>Kurir.mk<\/strong><\/p>\n","protected":false},"excerpt":{"rendered":"<p>Partia Socialdemokrate e Malit t\u00eb Zi (PSD), kryetar i s\u00eb cil\u00ebs \u00ebsht\u00eb Ranko Krivokapiq, porositi se nuk do ta mb\u00ebshtes\u00eb kandidatin e Partis\u00eb Demokratike t\u00eb Socialist\u00ebve (PDS), Filip Vujanoviq, n\u00eb zgjedhjet presidenciale n\u00eb vend, gjegj\u00ebsisht, si\u00e7 njoftuan, do t&#8217;i shfryt\u00ebzojn\u00eb t\u00eb gjith\u00eb mekanizmat juridik q\u00eb ta kontestojn\u00eb nominimin e tij p\u00ebr mandant t\u00eb ri n\u00eb [&hellip;]<\/p>\n","protected":false},"author":1,"featured_media":0,"comment_status":"open","ping_status":"closed","sticky":false,"template":"","format":"standard","meta":{"spay_email":"","jetpack_publicize_message":"","jetpack_is_tweetstorm":false,"jetpack_publicize_feature_enabled":true},"categories":[14],"tags":[14256,1855],"jetpack_publicize_connections":[],"yoast_head":"<!-- This site is optimized with the Yoast SEO plugin v19.1 - https:\/\/yoast.com\/wordpress\/plugins\/seo\/ -->\n<title>PSD e Malit t\u00eb Zi jan\u00eb kund\u00ebr kandidatur\u00ebs s\u00eb Vujanoviqit - Lajme nga Ulqini<\/title>\n<meta name=\"description\" content=\"Partia Socialdemokrate e Malit t\u00eb Zi (PSD), kryetar i s\u00eb cil\u00ebs \u00ebsht\u00eb Ranko Krivokapiq, porositi se nuk do ta mb\u00ebshtes\u00eb kandidatin e Partis\u00eb Demokratike t\u00eb\" \/>\n<meta name=\"robots\" content=\"index, follow, max-snippet:-1, max-image-preview:large, max-video-preview:-1\" \/>\n<link rel=\"canonical\" href=\"https:\/\/www.visit-ulcinj.com\/blog\/2013\/01\/30\/psd-e-malit-te-zi-jane-kunder-kandidatures-se-vujanoviqit\/\" \/>\n<meta property=\"og:locale\" content=\"en_US\" \/>\n<meta property=\"og:type\" content=\"article\" \/>\n<meta property=\"og:title\" content=\"PSD e Malit t\u00eb Zi jan\u00eb kund\u00ebr kandidatur\u00ebs s\u00eb Vujanoviqit - Lajme nga Ulqini\" \/>\n<meta property=\"og:description\" content=\"Partia Socialdemokrate e Malit t\u00eb Zi (PSD), kryetar i s\u00eb cil\u00ebs \u00ebsht\u00eb Ranko Krivokapiq, porositi se nuk do ta mb\u00ebshtes\u00eb kandidatin e Partis\u00eb Demokratike t\u00eb\" \/>\n<meta property=\"og:url\" content=\"https:\/\/www.visit-ulcinj.com\/blog\/2013\/01\/30\/psd-e-malit-te-zi-jane-kunder-kandidatures-se-vujanoviqit\/\" \/>\n<meta property=\"og:site_name\" content=\"Lajme nga Ulqini\" \/>\n<meta property=\"article:published_time\" content=\"2013-01-30T21:41:03+00:00\" \/>\n<meta property=\"og:image\" content=\"http:\/\/www.visit-ulcinj.com\/blog\/wp-content\/uploads\/2013\/01\/sdp_vujanovic.jpg\" \/>\n<meta name=\"twitter:label1\" content=\"Written by\" \/>\n\t<meta name=\"twitter:data1\" content=\"ulqini\" \/>\n\t<meta name=\"twitter:label2\" content=\"Est. reading time\" \/>\n\t<meta name=\"twitter:data2\" content=\"2 minutes\" \/>\n<script type=\"application\/ld+json\" class=\"yoast-schema-graph\">{\"@context\":\"https:\/\/schema.org\",\"@graph\":[{\"@type\":\"WebSite\",\"@id\":\"https:\/\/www.visit-ulcinj.com\/blog\/#website\",\"url\":\"https:\/\/www.visit-ulcinj.com\/blog\/\",\"name\":\"Lajme nga Ulqini\",\"description\":\"Lajme,Vijesti,Ulqini,Ulqin,Crna Gora,Mali i Zi\",\"potentialAction\":[{\"@type\":\"SearchAction\",\"target\":{\"@type\":\"EntryPoint\",\"urlTemplate\":\"https:\/\/www.visit-ulcinj.com\/blog\/?s={search_term_string}\"},\"query-input\":\"required name=search_term_string\"}],\"inLanguage\":\"en-US\"},{\"@type\":\"ImageObject\",\"inLanguage\":\"en-US\",\"@id\":\"https:\/\/www.visit-ulcinj.com\/blog\/2013\/01\/30\/psd-e-malit-te-zi-jane-kunder-kandidatures-se-vujanoviqit\/#primaryimage\",\"url\":\"https:\/\/www.visit-ulcinj.com\/blog\/wp-content\/uploads\/2013\/01\/sdp_vujanovic.jpg\",\"contentUrl\":\"https:\/\/www.visit-ulcinj.com\/blog\/wp-content\/uploads\/2013\/01\/sdp_vujanovic.jpg\",\"width\":519,\"height\":316},{\"@type\":\"WebPage\",\"@id\":\"https:\/\/www.visit-ulcinj.com\/blog\/2013\/01\/30\/psd-e-malit-te-zi-jane-kunder-kandidatures-se-vujanoviqit\/#webpage\",\"url\":\"https:\/\/www.visit-ulcinj.com\/blog\/2013\/01\/30\/psd-e-malit-te-zi-jane-kunder-kandidatures-se-vujanoviqit\/\",\"name\":\"PSD e Malit t\u00eb Zi jan\u00eb kund\u00ebr kandidatur\u00ebs s\u00eb Vujanoviqit - Lajme nga Ulqini\",\"isPartOf\":{\"@id\":\"https:\/\/www.visit-ulcinj.com\/blog\/#website\"},\"primaryImageOfPage\":{\"@id\":\"https:\/\/www.visit-ulcinj.com\/blog\/2013\/01\/30\/psd-e-malit-te-zi-jane-kunder-kandidatures-se-vujanoviqit\/#primaryimage\"},\"datePublished\":\"2013-01-30T21:41:03+00:00\",\"dateModified\":\"2013-01-30T21:41:03+00:00\",\"author\":{\"@id\":\"https:\/\/www.visit-ulcinj.com\/blog\/#\/schema\/person\/dcab619c614d3038751c63bc2aadc06d\"},\"description\":\"Partia Socialdemokrate e Malit t\u00eb Zi (PSD), kryetar i s\u00eb cil\u00ebs \u00ebsht\u00eb Ranko Krivokapiq, porositi se nuk do ta mb\u00ebshtes\u00eb kandidatin e Partis\u00eb Demokratike t\u00eb\",\"breadcrumb\":{\"@id\":\"https:\/\/www.visit-ulcinj.com\/blog\/2013\/01\/30\/psd-e-malit-te-zi-jane-kunder-kandidatures-se-vujanoviqit\/#breadcrumb\"},\"inLanguage\":\"en-US\",\"potentialAction\":[{\"@type\":\"ReadAction\",\"target\":[\"https:\/\/www.visit-ulcinj.com\/blog\/2013\/01\/30\/psd-e-malit-te-zi-jane-kunder-kandidatures-se-vujanoviqit\/\"]}]},{\"@type\":\"BreadcrumbList\",\"@id\":\"https:\/\/www.visit-ulcinj.com\/blog\/2013\/01\/30\/psd-e-malit-te-zi-jane-kunder-kandidatures-se-vujanoviqit\/#breadcrumb\",\"itemListElement\":[{\"@type\":\"ListItem\",\"position\":1,\"name\":\"PSD e Malit t\u00eb Zi jan\u00eb kund\u00ebr kandidatur\u00ebs s\u00eb Vujanoviqit\"}]},{\"@type\":\"Person\",\"@id\":\"https:\/\/www.visit-ulcinj.com\/blog\/#\/schema\/person\/dcab619c614d3038751c63bc2aadc06d\",\"name\":\"ulqini\",\"sameAs\":[\"http:\/\/www.visit-ulcinj.com\"],\"url\":\"https:\/\/www.visit-ulcinj.com\/blog\/author\/admin\/\"}]}<\/script>\n<!-- \/ Yoast SEO plugin. -->","yoast_head_json":{"title":"PSD e Malit t\u00eb Zi jan\u00eb kund\u00ebr kandidatur\u00ebs s\u00eb Vujanoviqit - Lajme nga Ulqini","description":"Partia Socialdemokrate e Malit t\u00eb Zi (PSD), kryetar i s\u00eb cil\u00ebs \u00ebsht\u00eb Ranko Krivokapiq, porositi se nuk do ta mb\u00ebshtes\u00eb kandidatin e Partis\u00eb Demokratike t\u00eb","robots":{"index":"index","follow":"follow","max-snippet":"max-snippet:-1","max-image-preview":"max-image-preview:large","max-video-preview":"max-video-preview:-1"},"canonical":"https:\/\/www.visit-ulcinj.com\/blog\/2013\/01\/30\/psd-e-malit-te-zi-jane-kunder-kandidatures-se-vujanoviqit\/","og_locale":"en_US","og_type":"article","og_title":"PSD e Malit t\u00eb Zi jan\u00eb kund\u00ebr kandidatur\u00ebs s\u00eb Vujanoviqit - Lajme nga Ulqini","og_description":"Partia Socialdemokrate e Malit t\u00eb Zi (PSD), kryetar i s\u00eb cil\u00ebs \u00ebsht\u00eb Ranko Krivokapiq, porositi se nuk do ta mb\u00ebshtes\u00eb kandidatin e Partis\u00eb Demokratike t\u00eb","og_url":"https:\/\/www.visit-ulcinj.com\/blog\/2013\/01\/30\/psd-e-malit-te-zi-jane-kunder-kandidatures-se-vujanoviqit\/","og_site_name":"Lajme nga Ulqini","article_published_time":"2013-01-30T21:41:03+00:00","og_image":[{"url":"http:\/\/www.visit-ulcinj.com\/blog\/wp-content\/uploads\/2013\/01\/sdp_vujanovic.jpg"}],"twitter_misc":{"Written by":"ulqini","Est. reading time":"2 minutes"},"schema":{"@context":"https:\/\/schema.org","@graph":[{"@type":"WebSite","@id":"https:\/\/www.visit-ulcinj.com\/blog\/#website","url":"https:\/\/www.visit-ulcinj.com\/blog\/","name":"Lajme nga Ulqini","description":"Lajme,Vijesti,Ulqini,Ulqin,Crna Gora,Mali i Zi","potentialAction":[{"@type":"SearchAction","target":{"@type":"EntryPoint","urlTemplate":"https:\/\/www.visit-ulcinj.com\/blog\/?s={search_term_string}"},"query-input":"required name=search_term_string"}],"inLanguage":"en-US"},{"@type":"ImageObject","inLanguage":"en-US","@id":"https:\/\/www.visit-ulcinj.com\/blog\/2013\/01\/30\/psd-e-malit-te-zi-jane-kunder-kandidatures-se-vujanoviqit\/#primaryimage","url":"https:\/\/www.visit-ulcinj.com\/blog\/wp-content\/uploads\/2013\/01\/sdp_vujanovic.jpg","contentUrl":"https:\/\/www.visit-ulcinj.com\/blog\/wp-content\/uploads\/2013\/01\/sdp_vujanovic.jpg","width":519,"height":316},{"@type":"WebPage","@id":"https:\/\/www.visit-ulcinj.com\/blog\/2013\/01\/30\/psd-e-malit-te-zi-jane-kunder-kandidatures-se-vujanoviqit\/#webpage","url":"https:\/\/www.visit-ulcinj.com\/blog\/2013\/01\/30\/psd-e-malit-te-zi-jane-kunder-kandidatures-se-vujanoviqit\/","name":"PSD e Malit t\u00eb Zi jan\u00eb kund\u00ebr kandidatur\u00ebs s\u00eb Vujanoviqit - Lajme nga Ulqini","isPartOf":{"@id":"https:\/\/www.visit-ulcinj.com\/blog\/#website"},"primaryImageOfPage":{"@id":"https:\/\/www.visit-ulcinj.com\/blog\/2013\/01\/30\/psd-e-malit-te-zi-jane-kunder-kandidatures-se-vujanoviqit\/#primaryimage"},"datePublished":"2013-01-30T21:41:03+00:00","dateModified":"2013-01-30T21:41:03+00:00","author":{"@id":"https:\/\/www.visit-ulcinj.com\/blog\/#\/schema\/person\/dcab619c614d3038751c63bc2aadc06d"},"description":"Partia Socialdemokrate e Malit t\u00eb Zi (PSD), kryetar i s\u00eb cil\u00ebs \u00ebsht\u00eb Ranko Krivokapiq, porositi se nuk do ta mb\u00ebshtes\u00eb kandidatin e Partis\u00eb Demokratike t\u00eb","breadcrumb":{"@id":"https:\/\/www.visit-ulcinj.com\/blog\/2013\/01\/30\/psd-e-malit-te-zi-jane-kunder-kandidatures-se-vujanoviqit\/#breadcrumb"},"inLanguage":"en-US","potentialAction":[{"@type":"ReadAction","target":["https:\/\/www.visit-ulcinj.com\/blog\/2013\/01\/30\/psd-e-malit-te-zi-jane-kunder-kandidatures-se-vujanoviqit\/"]}]},{"@type":"BreadcrumbList","@id":"https:\/\/www.visit-ulcinj.com\/blog\/2013\/01\/30\/psd-e-malit-te-zi-jane-kunder-kandidatures-se-vujanoviqit\/#breadcrumb","itemListElement":[{"@type":"ListItem","position":1,"name":"PSD e Malit t\u00eb Zi jan\u00eb kund\u00ebr kandidatur\u00ebs s\u00eb Vujanoviqit"}]},{"@type":"Person","@id":"https:\/\/www.visit-ulcinj.com\/blog\/#\/schema\/person\/dcab619c614d3038751c63bc2aadc06d","name":"ulqini","sameAs":["http:\/\/www.visit-ulcinj.com"],"url":"https:\/\/www.visit-ulcinj.com\/blog\/author\/admin\/"}]}},"jetpack_featured_media_url":"","jetpack_sharing_enabled":true,"jetpack_shortlink":"https:\/\/wp.me\/pe6lTn-hJt","_links":{"self":[{"href":"https:\/\/www.visit-ulcinj.com\/blog\/wp-json\/wp\/v2\/posts\/68167"}],"collection":[{"href":"https:\/\/www.visit-ulcinj.com\/blog\/wp-json\/wp\/v2\/posts"}],"about":[{"href":"https:\/\/www.visit-ulcinj.com\/blog\/wp-json\/wp\/v2\/types\/post"}],"author":[{"embeddable":true,"href":"https:\/\/www.visit-ulcinj.com\/blog\/wp-json\/wp\/v2\/users\/1"}],"replies":[{"embeddable":true,"href":"https:\/\/www.visit-ulcinj.com\/blog\/wp-json\/wp\/v2\/comments?post=68167"}],"version-history":[{"count":1,"href":"https:\/\/www.visit-ulcinj.com\/blog\/wp-json\/wp\/v2\/posts\/68167\/revisions"}],"predecessor-version":[{"id":68169,"href":"https:\/\/www.visit-ulcinj.com\/blog\/wp-json\/wp\/v2\/posts\/68167\/revisions\/68169"}],"wp:attachment":[{"href":"https:\/\/www.visit-ulcinj.com\/blog\/wp-json\/wp\/v2\/media?parent=68167"}],"wp:term":[{"taxonomy":"category","embeddable":true,"href":"https:\/\/www.visit-ulcinj.com\/blog\/wp-json\/wp\/v2\/categories?post=68167"},{"taxonomy":"post_tag","embeddable":true,"href":"https:\/\/www.visit-ulcinj.com\/blog\/wp-json\/wp\/v2\/tags?post=68167"}],"curies":[{"name":"wp","href":"https:\/\/api.w.org\/{rel}","templated":true}]}}