{"id":68171,"date":"2013-01-30T23:45:56","date_gmt":"2013-01-30T22:45:56","guid":{"rendered":"http:\/\/www.visit-ulcinj.com\/blog\/?p=68171"},"modified":"2013-01-30T23:52:34","modified_gmt":"2013-01-30T22:52:34","slug":"marubi-bashkon-ulqinin-dhe-shkodren","status":"publish","type":"post","link":"https:\/\/www.visit-ulcinj.com\/blog\/2013\/01\/30\/marubi-bashkon-ulqinin-dhe-shkodren\/","title":{"rendered":"Marubi bashkon Ulqinin dhe Shkodr\u00ebn"},"content":{"rendered":"<p><strong>Komuna e Ulqinit dhe Bashkia e Shkodr\u00ebs po realizojn\u00eb nj\u00eb projekt p\u00ebr promovimin e turizmit n\u00ebp\u00ebrmjet trash\u00ebgimis\u00eb kulturore<br \/>\n<a href=\"http:\/\/www.visit-ulcinj.com\/blog\/wp-content\/uploads\/2013\/01\/Marubi-project-Shkodra-Ulqini.jpg\"><img loading=\"lazy\" class=\"alignleft  wp-image-68172\" alt=\"Marubi project Shkodra Ulqini\" src=\"http:\/\/www.visit-ulcinj.com\/blog\/wp-content\/uploads\/2013\/01\/Marubi-project-Shkodra-Ulqini.jpg\" width=\"508\" height=\"360\" \/><\/a><br \/>\n<\/strong><\/p>\n<p><strong>\u201cProjekti ka p\u00ebr q\u00ebllim zhvillimin e turizmit t\u00eb k\u00ebtyre dy vendeve p\u00ebrmes promovimit t\u00eb trash\u00ebgimis\u00eb kulturore t\u00eb p\u00ebrbashk\u00ebt, n\u00eb ve\u00e7anti trash\u00ebgimin\u00eb e familjes s\u00eb famshme t\u00eb fotograf\u00ebve Marubi\u201d, thot\u00eb Edin Mehmeti, menaxher i projektit dhe koordinator p\u00ebr projektet IPA pran\u00eb Zyr\u00ebs p\u00ebr Bashk\u00ebpunim Nd\u00ebrkomb\u00ebtar dhe Projekte n\u00eb Komun\u00ebn e Ulqinit.<br \/>\n<a href=\"http:\/\/www.visit-ulcinj.com\/blog\/wp-content\/uploads\/2013\/01\/Marubi-project-Shkodra-Ulqini.2.jpg\"><img loading=\"lazy\" class=\"alignleft  wp-image-68173\" alt=\"Marubi project Shkodra Ulqini.2\" src=\"http:\/\/www.visit-ulcinj.com\/blog\/wp-content\/uploads\/2013\/01\/Marubi-project-Shkodra-Ulqini.2.jpg\" width=\"508\" height=\"300\" \/><\/a><\/strong><\/p>\n<p>Q\u00eb prej muajit tetor t\u00eb vitit t\u00eb kaluar ka\u00a0filluar realizimi i projektit \u201cMarubi: nj\u00eb\u00a0model bashk\u00ebpunimi p\u00ebr promovimin e\u00a0turizmit nd\u00ebrmjet Shkodr\u00ebs dhe Ulqinit\u201d,\u00a0i cili financohet nga fondet e Bashkimit\u00a0Evropian n\u00eb kuad\u00ebr t\u00eb Programit t\u00eb Bashk\u00ebpunimit\u00a0Nd\u00ebrkufitar Mali i Zi &#8211; Shqip\u00ebri.\u00a0Projekti realizohet nga Komuna e Ulqinit\u00a0dhe Bashkia Shkod\u00ebr, n\u00eb bashk\u00ebpunim\u00a0me partner\u00ebt lokal\u00eb Organizat\u00ebn Turistike\u00a0t\u00eb Ulqinit, Muzeun Etnologjik &#8211; Ulqin,\u00a0Fototek\u00ebn \u201cMarubi\u201d, \u201cFocus Europe\u201d dhe\u00a0Agjencin\u00eb \u201cTeuleda\u201d.\u00a0Menaxheri i k\u00ebtij projekti dhe koordinatori\u00a0p\u00ebr projektet IPA pran\u00eb Zyr\u00ebs p\u00ebr Bashk\u00ebpunim\u00a0Nd\u00ebrkomb\u00ebtar dhe Projekte n\u00eb Komun\u00ebn\u00a0e Ulqinit, Edin Mehmeti, thot\u00eb se \u201cprojekti ka p\u00ebr q\u00ebllim zhvillimin e turizmit\u00a0t\u00eb k\u00ebtyre dy vendeve p\u00ebrmes promovimit\u00a0t\u00eb trash\u00ebgimis\u00eb kulturore t\u00eb p\u00ebrbashk\u00ebt,\u00a0n\u00eb ve\u00e7anti trash\u00ebgimin\u00eb e familjes s\u00eb famshme\u00a0t\u00eb fotograf\u00ebve Marubi\u201d.\u00a0N\u00eb kuad\u00ebr t\u00eb k\u00ebtij projekti jan\u00eb parashikuar\u00a0t\u00eb realizohen nj\u00eb s\u00ebr\u00eb aktivitetesh,\u00a0por aktiviteti kryesor ka t\u00eb b\u00ebj\u00eb me grumbullimin\u00a0e fotografive q\u00eb mbajn\u00eb vul\u00ebn\u00a0\u201cMarubi\u201d dhe m\u00eb pas prezantimin e tyre\u00a0n\u00eb nj\u00eb ekspozit\u00eb n\u00eb galerin\u00eb \u201cKulla e\u00a0Balshajve\u201d n\u00eb Muzeun e Ulqinit.\u00a0Ai thot\u00eb se projekti ndodhet n\u00eb faz\u00ebn e\u00a0par\u00eb t\u00eb realizimit.\u00a0\u201cKjo faz\u00eb e projektit ka p\u00ebr q\u00ebllim grumbullimin\u00a0dhe arkivimin e sa m\u00eb shum\u00eb\u00a0fotografive t\u00eb familjes Marubi q\u00eb mund t\u00eb gjenden n\u00eb Mal t\u00eb Zi dhe mund t\u00eb tregojn\u00eb\u00a0m\u00eb shum\u00eb p\u00ebr historin\u00eb e asaj kohe,\u00a0sidomos fotografi familjare t\u00eb papublikuara\u00a0deri tani\u201d, thekson Mehmeti.\u00a0Nj\u00ebri nd\u00ebr bashk\u00ebpun\u00ebtor\u00ebt n\u00eb realizimin\u00a0e k\u00ebtij projekti, Qemal Hidrio, i cili merret\u00a0me hulumtimin e fotografive dhe m\u00eb pas\u00a0p\u00ebrpunimin e tyre, tregon p\u00ebr ecurin\u00eb e\u00a0deritashme t\u00eb projektit.<br \/>\n<a href=\"http:\/\/www.visit-ulcinj.com\/blog\/wp-content\/uploads\/2013\/01\/Marubi-project-Shkodra-Ulqini.3.jpg\"><img loading=\"lazy\" class=\"alignleft  wp-image-68174\" alt=\"Marubi project Shkodra Ulqini.3\" src=\"http:\/\/www.visit-ulcinj.com\/blog\/wp-content\/uploads\/2013\/01\/Marubi-project-Shkodra-Ulqini.3.jpg\" width=\"508\" height=\"300\" \/><\/a><\/p>\n<p>\u201cDeri tani kemi grumbulluar rreth 15-25\u00a0fotografi t\u00eb Marubit, por besoj se ka edhe\u00a0shum\u00eb fotografi t\u00eb tjera q\u00eb i p\u00ebrkasin Ulqinit\u00a0apo viseve t\u00eb tjera t\u00eb Malit t\u00eb Zi, t\u00eb\u00a0cilat mbeten p\u00ebr t\u2019u verifikuar\u201d, thot\u00eb ai,\u00a0duke shtuar se megjith\u00ebse projekti i dedikohet\u00a0n\u00eb radh\u00eb t\u00eb par\u00eb trash\u00ebgimis\u00eb\u00a0s\u00eb fotograf\u00ebve Marubi, ai nuk p\u00ebrjashton\u00a0grumbullimin e fotografive tjera t\u00eb vjetra\u00a0t\u00eb periudh\u00ebs 1856-1950.\u00a0Ekspozita me fotografi t\u00eb vjetra, pjes\u00eb e\u00a0trash\u00ebgimis\u00eb s\u00eb Marubit, planifikohet t\u00eb\u00a0organizohet gjat\u00eb pranver\u00ebs dhe ajo do t\u00eb\u00a0q\u00ebndroj\u00eb e hapur p\u00ebr vizitor\u00ebt dhe turist\u00ebt\u00a0t\u00eb pakt\u00ebn dhjet\u00eb muaj.\u00a0\u201cQ\u00ebllimi yn\u00eb \u00ebsht\u00eb p\u00ebr t\u00eb t\u00ebrhequr sa m\u00eb\u00a0tep\u00ebr vizitor\u00eb dhe turist\u00eb q\u00eb vijn\u00eb n\u00eb Ulqin\u201d,\u00a0shpjegon Mehmeti.\u00a0Nd\u00ebrsa Hidrio thot\u00eb se p\u00ebr ta b\u00ebr\u00eb ekspozit\u00ebn\u00a0sa m\u00eb t\u00ebrheq\u00ebse p\u00ebr vizitor\u00ebt, jan\u00eb\u00a0menduar edhe disa aktivitete t\u00eb tjera\u00a0komplementare n\u00eb kuad\u00ebr t\u00eb saj.\u00a0\u201cN\u00eb m\u00ebnyr\u00eb paksa jokonvencionale do t\u00eb\u00a0promovohet jeta e fotograf\u00ebve Marubi.\u00a0Ideja \u00ebsht\u00eb q\u00eb vizitor\u00ebt e Muzeut t\u00eb p\u00ebrjetojn\u00eb\u00a0\u2018eksperienc\u00ebn Marubi\u2019, t\u00eb vishen me\u00a0veshje komb\u00ebtare dhe t\u00eb pozojn\u00eb para\u00a0nj\u00eb sfondi me fotografi t\u00eb vjetra t\u00eb Ulqinit,\u00a0ose ndonj\u00eb opsion tjet\u00ebr si fotografi. Pra,\u00a0vizitor\u00ebt do t\u00eb zgjedhin n\u00eb mes veshjeve\u00a0komb\u00ebtare t\u00eb regjionit ton\u00eb, t\u00eb pozojn\u00eb\u00a0dhe t\u00eb fotografohen\u201d, sqaron ai.<br \/>\n<a href=\"http:\/\/www.visit-ulcinj.com\/blog\/wp-content\/uploads\/2013\/01\/Marubi-project-Shkodra-Ulqini.1.jpg\"><img loading=\"lazy\" class=\"alignleft  wp-image-68175\" alt=\"Marubi project Shkodra Ulqini.1\" src=\"http:\/\/www.visit-ulcinj.com\/blog\/wp-content\/uploads\/2013\/01\/Marubi-project-Shkodra-Ulqini.1.jpg\" width=\"508\" height=\"300\" \/><\/a><\/p>\n<p>Mehmeti dhe Hidrio u b\u00ebjn\u00eb thirrje t\u00eb\u00a0gjith\u00eb personave q\u00eb posedojn\u00eb fotografi\u00a0t\u00eb Marubit ose q\u00eb mendojn\u00eb se nj\u00eb fotografi\u00a0mund t\u00eb jet\u00eb e fotograf\u00ebve Marubi, t\u2019i\u00a0dor\u00ebzojn\u00eb ato n\u00eb Zyr\u00ebn p\u00ebr Bashk\u00ebpunim\u00a0Nd\u00ebrkomb\u00ebtar dhe Projekte t\u00eb Komun\u00ebs\u00a0s\u00eb Ulqinit.\u00a0P\u00ebrpos Ulqinit, ekspozita me fotografi\u00a0t\u00eb Marubit do t\u00eb organizohet edhe n\u00eb\u00a0Shkod\u00ebr, n\u00eb disa qytete italiane, p\u00ebr t\u00eb\u00a0p\u00ebrfunduar n\u00eb Bruksel.\u00a0Krahas ekspozit\u00ebs, n\u00eb kuad\u00ebr t\u00eb projektit\u00a0\u00ebsht\u00eb parashikuar t\u00eb organizohet nj\u00eb festival\u00a0n\u00eb Kalan\u00eb e Ulqinit, disa veprimtari q\u00eb\u00a0kan\u00eb p\u00ebr q\u00ebllim promovimin e bukurive\u00a0natyrore t\u00eb Ulqinit etj.\u00a0Projekti do t\u00eb p\u00ebrfundoj\u00eb n\u00eb prill t\u00eb vitit t\u00eb\u00a0ardhsh\u00ebm. <strong>i.k.\u00a0\u00a0<\/strong><\/p>\n<p><strong>Koha Javore<\/strong><\/p>\n","protected":false},"excerpt":{"rendered":"<p>Komuna e Ulqinit dhe Bashkia e Shkodr\u00ebs po realizojn\u00eb nj\u00eb projekt p\u00ebr promovimin e turizmit n\u00ebp\u00ebrmjet trash\u00ebgimis\u00eb kulturore \u201cProjekti ka p\u00ebr q\u00ebllim zhvillimin e turizmit t\u00eb k\u00ebtyre dy vendeve p\u00ebrmes promovimit t\u00eb trash\u00ebgimis\u00eb kulturore t\u00eb p\u00ebrbashk\u00ebt, n\u00eb ve\u00e7anti trash\u00ebgimin\u00eb e familjes s\u00eb famshme t\u00eb fotograf\u00ebve Marubi\u201d, thot\u00eb Edin Mehmeti, menaxher i projektit dhe koordinator p\u00ebr [&hellip;]<\/p>\n","protected":false},"author":1,"featured_media":0,"comment_status":"open","ping_status":"closed","sticky":false,"template":"","format":"standard","meta":{"spay_email":"","jetpack_publicize_message":"","jetpack_is_tweetstorm":false,"jetpack_publicize_feature_enabled":true},"categories":[4],"tags":[21746],"jetpack_publicize_connections":[],"yoast_head":"<!-- This site is optimized with the Yoast SEO plugin v19.1 - https:\/\/yoast.com\/wordpress\/plugins\/seo\/ -->\n<title>Marubi bashkon Ulqinin dhe Shkodr\u00ebn - Lajme nga Ulqini<\/title>\n<meta name=\"description\" content=\"Komuna e Ulqinit dhe Bashkia e Shkodr\u00ebs po realizojn\u00eb nj\u00eb projekt p\u00ebr promovimin e turizmit n\u00ebp\u00ebrmjet trash\u00ebgimis\u00eb kulturore \u201cProjekti ka p\u00ebr q\u00ebllim\" \/>\n<meta name=\"robots\" content=\"index, follow, max-snippet:-1, max-image-preview:large, max-video-preview:-1\" \/>\n<link rel=\"canonical\" href=\"https:\/\/www.visit-ulcinj.com\/blog\/2013\/01\/30\/marubi-bashkon-ulqinin-dhe-shkodren\/\" \/>\n<meta property=\"og:locale\" content=\"en_US\" \/>\n<meta property=\"og:type\" content=\"article\" \/>\n<meta property=\"og:title\" content=\"Marubi bashkon Ulqinin dhe Shkodr\u00ebn - Lajme nga Ulqini\" \/>\n<meta property=\"og:description\" content=\"Komuna e Ulqinit dhe Bashkia e Shkodr\u00ebs po realizojn\u00eb nj\u00eb projekt p\u00ebr promovimin e turizmit n\u00ebp\u00ebrmjet trash\u00ebgimis\u00eb kulturore \u201cProjekti ka p\u00ebr q\u00ebllim\" \/>\n<meta property=\"og:url\" content=\"https:\/\/www.visit-ulcinj.com\/blog\/2013\/01\/30\/marubi-bashkon-ulqinin-dhe-shkodren\/\" \/>\n<meta property=\"og:site_name\" content=\"Lajme nga Ulqini\" \/>\n<meta property=\"article:published_time\" content=\"2013-01-30T22:45:56+00:00\" \/>\n<meta property=\"article:modified_time\" content=\"2013-01-30T22:52:34+00:00\" \/>\n<meta property=\"og:image\" content=\"http:\/\/www.visit-ulcinj.com\/blog\/wp-content\/uploads\/2013\/01\/Marubi-project-Shkodra-Ulqini.jpg\" \/>\n<meta name=\"twitter:label1\" content=\"Written by\" \/>\n\t<meta name=\"twitter:data1\" content=\"ulqini\" \/>\n\t<meta name=\"twitter:label2\" content=\"Est. reading time\" \/>\n\t<meta name=\"twitter:data2\" content=\"4 minutes\" \/>\n<script type=\"application\/ld+json\" class=\"yoast-schema-graph\">{\"@context\":\"https:\/\/schema.org\",\"@graph\":[{\"@type\":\"WebSite\",\"@id\":\"https:\/\/www.visit-ulcinj.com\/blog\/#website\",\"url\":\"https:\/\/www.visit-ulcinj.com\/blog\/\",\"name\":\"Lajme nga Ulqini\",\"description\":\"Lajme,Vijesti,Ulqini,Ulqin,Crna Gora,Mali i Zi\",\"potentialAction\":[{\"@type\":\"SearchAction\",\"target\":{\"@type\":\"EntryPoint\",\"urlTemplate\":\"https:\/\/www.visit-ulcinj.com\/blog\/?s={search_term_string}\"},\"query-input\":\"required name=search_term_string\"}],\"inLanguage\":\"en-US\"},{\"@type\":\"ImageObject\",\"inLanguage\":\"en-US\",\"@id\":\"https:\/\/www.visit-ulcinj.com\/blog\/2013\/01\/30\/marubi-bashkon-ulqinin-dhe-shkodren\/#primaryimage\",\"url\":\"https:\/\/www.visit-ulcinj.com\/blog\/wp-content\/uploads\/2013\/01\/Marubi-project-Shkodra-Ulqini.jpg\",\"contentUrl\":\"https:\/\/www.visit-ulcinj.com\/blog\/wp-content\/uploads\/2013\/01\/Marubi-project-Shkodra-Ulqini.jpg\",\"width\":960,\"height\":684},{\"@type\":\"WebPage\",\"@id\":\"https:\/\/www.visit-ulcinj.com\/blog\/2013\/01\/30\/marubi-bashkon-ulqinin-dhe-shkodren\/#webpage\",\"url\":\"https:\/\/www.visit-ulcinj.com\/blog\/2013\/01\/30\/marubi-bashkon-ulqinin-dhe-shkodren\/\",\"name\":\"Marubi bashkon Ulqinin dhe Shkodr\u00ebn - Lajme nga Ulqini\",\"isPartOf\":{\"@id\":\"https:\/\/www.visit-ulcinj.com\/blog\/#website\"},\"primaryImageOfPage\":{\"@id\":\"https:\/\/www.visit-ulcinj.com\/blog\/2013\/01\/30\/marubi-bashkon-ulqinin-dhe-shkodren\/#primaryimage\"},\"datePublished\":\"2013-01-30T22:45:56+00:00\",\"dateModified\":\"2013-01-30T22:52:34+00:00\",\"author\":{\"@id\":\"https:\/\/www.visit-ulcinj.com\/blog\/#\/schema\/person\/dcab619c614d3038751c63bc2aadc06d\"},\"description\":\"Komuna e Ulqinit dhe Bashkia e Shkodr\u00ebs po realizojn\u00eb nj\u00eb projekt p\u00ebr promovimin e turizmit n\u00ebp\u00ebrmjet trash\u00ebgimis\u00eb kulturore \u201cProjekti ka p\u00ebr q\u00ebllim\",\"breadcrumb\":{\"@id\":\"https:\/\/www.visit-ulcinj.com\/blog\/2013\/01\/30\/marubi-bashkon-ulqinin-dhe-shkodren\/#breadcrumb\"},\"inLanguage\":\"en-US\",\"potentialAction\":[{\"@type\":\"ReadAction\",\"target\":[\"https:\/\/www.visit-ulcinj.com\/blog\/2013\/01\/30\/marubi-bashkon-ulqinin-dhe-shkodren\/\"]}]},{\"@type\":\"BreadcrumbList\",\"@id\":\"https:\/\/www.visit-ulcinj.com\/blog\/2013\/01\/30\/marubi-bashkon-ulqinin-dhe-shkodren\/#breadcrumb\",\"itemListElement\":[{\"@type\":\"ListItem\",\"position\":1,\"name\":\"Marubi bashkon Ulqinin dhe Shkodr\u00ebn\"}]},{\"@type\":\"Person\",\"@id\":\"https:\/\/www.visit-ulcinj.com\/blog\/#\/schema\/person\/dcab619c614d3038751c63bc2aadc06d\",\"name\":\"ulqini\",\"sameAs\":[\"http:\/\/www.visit-ulcinj.com\"],\"url\":\"https:\/\/www.visit-ulcinj.com\/blog\/author\/admin\/\"}]}<\/script>\n<!-- \/ Yoast SEO plugin. -->","yoast_head_json":{"title":"Marubi bashkon Ulqinin dhe Shkodr\u00ebn - Lajme nga Ulqini","description":"Komuna e Ulqinit dhe Bashkia e Shkodr\u00ebs po realizojn\u00eb nj\u00eb projekt p\u00ebr promovimin e turizmit n\u00ebp\u00ebrmjet trash\u00ebgimis\u00eb kulturore \u201cProjekti ka p\u00ebr q\u00ebllim","robots":{"index":"index","follow":"follow","max-snippet":"max-snippet:-1","max-image-preview":"max-image-preview:large","max-video-preview":"max-video-preview:-1"},"canonical":"https:\/\/www.visit-ulcinj.com\/blog\/2013\/01\/30\/marubi-bashkon-ulqinin-dhe-shkodren\/","og_locale":"en_US","og_type":"article","og_title":"Marubi bashkon Ulqinin dhe Shkodr\u00ebn - Lajme nga Ulqini","og_description":"Komuna e Ulqinit dhe Bashkia e Shkodr\u00ebs po realizojn\u00eb nj\u00eb projekt p\u00ebr promovimin e turizmit n\u00ebp\u00ebrmjet trash\u00ebgimis\u00eb kulturore \u201cProjekti ka p\u00ebr q\u00ebllim","og_url":"https:\/\/www.visit-ulcinj.com\/blog\/2013\/01\/30\/marubi-bashkon-ulqinin-dhe-shkodren\/","og_site_name":"Lajme nga Ulqini","article_published_time":"2013-01-30T22:45:56+00:00","article_modified_time":"2013-01-30T22:52:34+00:00","og_image":[{"url":"http:\/\/www.visit-ulcinj.com\/blog\/wp-content\/uploads\/2013\/01\/Marubi-project-Shkodra-Ulqini.jpg"}],"twitter_misc":{"Written by":"ulqini","Est. reading time":"4 minutes"},"schema":{"@context":"https:\/\/schema.org","@graph":[{"@type":"WebSite","@id":"https:\/\/www.visit-ulcinj.com\/blog\/#website","url":"https:\/\/www.visit-ulcinj.com\/blog\/","name":"Lajme nga Ulqini","description":"Lajme,Vijesti,Ulqini,Ulqin,Crna Gora,Mali i Zi","potentialAction":[{"@type":"SearchAction","target":{"@type":"EntryPoint","urlTemplate":"https:\/\/www.visit-ulcinj.com\/blog\/?s={search_term_string}"},"query-input":"required name=search_term_string"}],"inLanguage":"en-US"},{"@type":"ImageObject","inLanguage":"en-US","@id":"https:\/\/www.visit-ulcinj.com\/blog\/2013\/01\/30\/marubi-bashkon-ulqinin-dhe-shkodren\/#primaryimage","url":"https:\/\/www.visit-ulcinj.com\/blog\/wp-content\/uploads\/2013\/01\/Marubi-project-Shkodra-Ulqini.jpg","contentUrl":"https:\/\/www.visit-ulcinj.com\/blog\/wp-content\/uploads\/2013\/01\/Marubi-project-Shkodra-Ulqini.jpg","width":960,"height":684},{"@type":"WebPage","@id":"https:\/\/www.visit-ulcinj.com\/blog\/2013\/01\/30\/marubi-bashkon-ulqinin-dhe-shkodren\/#webpage","url":"https:\/\/www.visit-ulcinj.com\/blog\/2013\/01\/30\/marubi-bashkon-ulqinin-dhe-shkodren\/","name":"Marubi bashkon Ulqinin dhe Shkodr\u00ebn - Lajme nga Ulqini","isPartOf":{"@id":"https:\/\/www.visit-ulcinj.com\/blog\/#website"},"primaryImageOfPage":{"@id":"https:\/\/www.visit-ulcinj.com\/blog\/2013\/01\/30\/marubi-bashkon-ulqinin-dhe-shkodren\/#primaryimage"},"datePublished":"2013-01-30T22:45:56+00:00","dateModified":"2013-01-30T22:52:34+00:00","author":{"@id":"https:\/\/www.visit-ulcinj.com\/blog\/#\/schema\/person\/dcab619c614d3038751c63bc2aadc06d"},"description":"Komuna e Ulqinit dhe Bashkia e Shkodr\u00ebs po realizojn\u00eb nj\u00eb projekt p\u00ebr promovimin e turizmit n\u00ebp\u00ebrmjet trash\u00ebgimis\u00eb kulturore \u201cProjekti ka p\u00ebr q\u00ebllim","breadcrumb":{"@id":"https:\/\/www.visit-ulcinj.com\/blog\/2013\/01\/30\/marubi-bashkon-ulqinin-dhe-shkodren\/#breadcrumb"},"inLanguage":"en-US","potentialAction":[{"@type":"ReadAction","target":["https:\/\/www.visit-ulcinj.com\/blog\/2013\/01\/30\/marubi-bashkon-ulqinin-dhe-shkodren\/"]}]},{"@type":"BreadcrumbList","@id":"https:\/\/www.visit-ulcinj.com\/blog\/2013\/01\/30\/marubi-bashkon-ulqinin-dhe-shkodren\/#breadcrumb","itemListElement":[{"@type":"ListItem","position":1,"name":"Marubi bashkon Ulqinin dhe Shkodr\u00ebn"}]},{"@type":"Person","@id":"https:\/\/www.visit-ulcinj.com\/blog\/#\/schema\/person\/dcab619c614d3038751c63bc2aadc06d","name":"ulqini","sameAs":["http:\/\/www.visit-ulcinj.com"],"url":"https:\/\/www.visit-ulcinj.com\/blog\/author\/admin\/"}]}},"jetpack_featured_media_url":"","jetpack_sharing_enabled":true,"jetpack_shortlink":"https:\/\/wp.me\/pe6lTn-hJx","_links":{"self":[{"href":"https:\/\/www.visit-ulcinj.com\/blog\/wp-json\/wp\/v2\/posts\/68171"}],"collection":[{"href":"https:\/\/www.visit-ulcinj.com\/blog\/wp-json\/wp\/v2\/posts"}],"about":[{"href":"https:\/\/www.visit-ulcinj.com\/blog\/wp-json\/wp\/v2\/types\/post"}],"author":[{"embeddable":true,"href":"https:\/\/www.visit-ulcinj.com\/blog\/wp-json\/wp\/v2\/users\/1"}],"replies":[{"embeddable":true,"href":"https:\/\/www.visit-ulcinj.com\/blog\/wp-json\/wp\/v2\/comments?post=68171"}],"version-history":[{"count":2,"href":"https:\/\/www.visit-ulcinj.com\/blog\/wp-json\/wp\/v2\/posts\/68171\/revisions"}],"predecessor-version":[{"id":68177,"href":"https:\/\/www.visit-ulcinj.com\/blog\/wp-json\/wp\/v2\/posts\/68171\/revisions\/68177"}],"wp:attachment":[{"href":"https:\/\/www.visit-ulcinj.com\/blog\/wp-json\/wp\/v2\/media?parent=68171"}],"wp:term":[{"taxonomy":"category","embeddable":true,"href":"https:\/\/www.visit-ulcinj.com\/blog\/wp-json\/wp\/v2\/categories?post=68171"},{"taxonomy":"post_tag","embeddable":true,"href":"https:\/\/www.visit-ulcinj.com\/blog\/wp-json\/wp\/v2\/tags?post=68171"}],"curies":[{"name":"wp","href":"https:\/\/api.w.org\/{rel}","templated":true}]}}