{"id":68182,"date":"2013-01-31T18:04:39","date_gmt":"2013-01-31T17:04:39","guid":{"rendered":"http:\/\/www.visit-ulcinj.com\/blog\/?p=68182"},"modified":"2013-01-31T18:04:49","modified_gmt":"2013-01-31T17:04:49","slug":"za-opstinu-tuzi-najkasnije-do-29-septembra-referendum","status":"publish","type":"post","link":"https:\/\/www.visit-ulcinj.com\/blog\/2013\/01\/31\/za-opstinu-tuzi-najkasnije-do-29-septembra-referendum\/","title":{"rendered":"Za op\u0161tinu Tuzi najkasnije do 29. septembra &#8211; Referendum"},"content":{"rendered":"<p>Na sastanku predstavnika DPS-a i i albanskih stranaka dogovorieno da se referendum odr\u017ei u septembru, uz mogu\u0107nost da termin bude i ranije ukoliko se ispo\u0161tuje zakonska procedura<br \/>\n<a href=\"http:\/\/www.visit-ulcinj.com\/blog\/wp-content\/uploads\/2013\/01\/Referendum-Tuzi.png\"><img loading=\"lazy\" class=\"alignleft  wp-image-68183\" alt=\"Referendum Tuzi\" src=\"http:\/\/www.visit-ulcinj.com\/blog\/wp-content\/uploads\/2013\/01\/Referendum-Tuzi.png\" width=\"508\" height=\"360\" \/><\/a><\/p>\n<p>Predstavnici Demokratske partije socijalista (DPS) i albanskih stranaka dogovorili su da se referendum za punopravnu op\u0161tinu Tuzi odr\u017ei najkasnije do 29. septembra,\u00a0 saznaju &#8220;Vijesti&#8221;.<\/p>\n<p>Albanski \u010delnici ranije su tra\u017eili od predstavnika najja\u010de parlamentarne stranke da se referendum odr\u017ei istovremeno sa predsjedni\u010dkim izborima. Iako je raspisivanje referenduma na prolje\u0107e bio uslov Albanaca da stanu iza predsjedni\u010dkog kandidata DPS-a Filipa Vujanovi\u0107a, predstavici svih albanskih stranaka ju\u010de su na\u010delno najavili da \u0107e podr\u017eati aktuelnog \u0161efa dr\u017eave.<\/p>\n<p>Prema tvrdnjama sagovornika \u201cVijesti\u201d uklju\u010denih u pregovore na sastanku dogovoreno je da se referendum odr\u017ei u septembru, uz mogu\u0107nost da termin bude i ranije ukoliko\u00a0 se ispo\u0161tuje zakonska procedura.<\/p>\n<p>&#8220;Dogovoreno je da se \u0161to prije raspi\u0161e tender za izradu eleborata o ekonomskoj odr\u017eivosti op\u0161tine Tuzi, a da se nakon toga pokrene inicijativa za odr\u017eavanje referenduma. Sagovornici su se slo\u017eili da je to pitanje nepotrebno odlagano i politi\u010dki zloupotrebljavano, \u0161to je \u0161tetilo svim strankama\u201d, kazao je jedan od sagovornika \u201cVijesti\u201d.<\/p>\n<p>Sastanku su u ime DPS-a prisustvovali potpredsjednik i politi\u010dki direktor stranke Svetozar Marovi\u0107 i Tarzan Milo\u0161evi\u0107, gradona\u010delnik Podgorice Miomir Mugo\u0161a, \u0161ef podgori\u010dkog odbora stranke Vladan Vu\u010deli\u0107 i poslanik Halil Dukovi\u0107.<\/p>\n<p>Albanske politi\u010dke partije predstavljali su Vaselj Sini\u0161taj iz Gra\u0111anske inicijative, Nazif Cungu i Genci Nimanbegu iz Force, lider Demokratske unije Albanaca (DUA) Mehmet Zenka, Fatmir \u0110eka iz Demokratske partije, kao i \u0110er\u0111 Camaj i Nik \u0110eljo\u0161aj iz Albanske alternative (AA).<\/p>\n<p>U pregovorima su u\u010destvovali i predsjednik Gradske op\u0161tine (GO) Tuzi Franjo Ljulj\u0111uraj i skup\u0161tine Fadilj Kajo\u0161aj. Albanska alternativa, Demokratski savez i Sini\u0161taj, ranije su poru\u010dili da \u0107e, ukoliko se izja\u0161njavanje gra\u0111ana u Malesiji jo\u0161 jednom prolongira, te stranke napustiti vladaju\u0107u koaliciju.<\/p>\n<p>Oni su podsjetili na obe\u0107anje DPS-a uo\u010di parlamentarnih izbora da \u0107e izja\u0161njavanje gra\u0111ana Malesije biti odr\u017eano istovremeno sa predsjedni\u010dkim izborima.<\/p>\n<p>Predsjednik DPS-a Milo \u0110ukanovi\u0107 je na promotivnom skupu u Tuzima krajem septembra 2012. kazao da \u0107e referendum u Malesiji biti odr\u017ean na prolje\u0107e.<\/p>\n<p>Na osnovu Zakona o teritorijalnoj organizaciji, \u010delnici podgori\u010dke op\u0161tine su jedini koji mogu ko\u010diti raspisivanje referenduma u Malesiji, jer su zadu\u017eeni za izradu studije o ekonomskoj odr\u017eivosti nove op\u0161tine.<\/p>\n<p>Mugo\u0161a je to i nagovijestio u odgovoru GO, navode\u0107i da se moraju ispuniti odre\u0111ene zakonske pretpostavke..<\/p>\n<p><a href=\"http:\/\/www.vijesti.me\/vijesti\/referendum-opstinu-tuzi-najkasnije-29-septembra-clanak-111603\" target=\"_blank\"><strong>Vladan \u017dugi\u0107<\/strong><\/a><br \/>\n<a href=\"http:\/\/www.vijesti.me\/vijesti\/referendum-opstinu-tuzi-najkasnije-29-septembra-clanak-111603\" target=\"_blank\"><strong>Izvor: Vijesti online<\/strong><\/a><\/p>\n","protected":false},"excerpt":{"rendered":"<p>Na sastanku predstavnika DPS-a i i albanskih stranaka dogovorieno da se referendum odr\u017ei u septembru, uz mogu\u0107nost da termin bude i ranije ukoliko se ispo\u0161tuje zakonska procedura Predstavnici Demokratske partije socijalista (DPS) i albanskih stranaka dogovorili su da se referendum za punopravnu op\u0161tinu Tuzi odr\u017ei najkasnije do 29. septembra,\u00a0 saznaju &#8220;Vijesti&#8221;. Albanski \u010delnici ranije su [&hellip;]<\/p>\n","protected":false},"author":1,"featured_media":0,"comment_status":"open","ping_status":"closed","sticky":false,"template":"","format":"standard","meta":{"spay_email":"","jetpack_publicize_message":"","jetpack_is_tweetstorm":false,"jetpack_publicize_feature_enabled":true},"categories":[6950],"tags":[20,1611,21749,201,19],"jetpack_publicize_connections":[],"yoast_head":"<!-- This site is optimized with the Yoast SEO plugin v19.1 - https:\/\/yoast.com\/wordpress\/plugins\/seo\/ -->\n<title>Za op\u0161tinu Tuzi najkasnije do 29. septembra - Referendum - Lajme nga Ulqini<\/title>\n<meta name=\"description\" content=\"Na sastanku predstavnika DPS-a i i albanskih stranaka dogovorieno da se referendum odr\u017ei u septembru, uz mogu\u0107nost da termin bude i ranije ukoliko se\" \/>\n<meta name=\"robots\" content=\"index, follow, max-snippet:-1, max-image-preview:large, max-video-preview:-1\" \/>\n<link rel=\"canonical\" href=\"https:\/\/www.visit-ulcinj.com\/blog\/2013\/01\/31\/za-opstinu-tuzi-najkasnije-do-29-septembra-referendum\/\" \/>\n<meta property=\"og:locale\" content=\"en_US\" \/>\n<meta property=\"og:type\" content=\"article\" \/>\n<meta property=\"og:title\" content=\"Za op\u0161tinu Tuzi najkasnije do 29. septembra - Referendum - Lajme nga Ulqini\" \/>\n<meta property=\"og:description\" content=\"Na sastanku predstavnika DPS-a i i albanskih stranaka dogovorieno da se referendum odr\u017ei u septembru, uz mogu\u0107nost da termin bude i ranije ukoliko se\" \/>\n<meta property=\"og:url\" content=\"https:\/\/www.visit-ulcinj.com\/blog\/2013\/01\/31\/za-opstinu-tuzi-najkasnije-do-29-septembra-referendum\/\" \/>\n<meta property=\"og:site_name\" content=\"Lajme nga Ulqini\" \/>\n<meta property=\"article:published_time\" content=\"2013-01-31T17:04:39+00:00\" \/>\n<meta property=\"article:modified_time\" content=\"2013-01-31T17:04:49+00:00\" \/>\n<meta property=\"og:image\" content=\"http:\/\/www.visit-ulcinj.com\/blog\/wp-content\/uploads\/2013\/01\/Referendum-Tuzi.png\" \/>\n<meta name=\"twitter:label1\" content=\"Written by\" \/>\n\t<meta name=\"twitter:data1\" content=\"ulqini\" \/>\n\t<meta name=\"twitter:label2\" content=\"Est. reading time\" \/>\n\t<meta name=\"twitter:data2\" content=\"2 minutes\" \/>\n<script type=\"application\/ld+json\" class=\"yoast-schema-graph\">{\"@context\":\"https:\/\/schema.org\",\"@graph\":[{\"@type\":\"WebSite\",\"@id\":\"https:\/\/www.visit-ulcinj.com\/blog\/#website\",\"url\":\"https:\/\/www.visit-ulcinj.com\/blog\/\",\"name\":\"Lajme nga Ulqini\",\"description\":\"Lajme,Vijesti,Ulqini,Ulqin,Crna Gora,Mali i Zi\",\"potentialAction\":[{\"@type\":\"SearchAction\",\"target\":{\"@type\":\"EntryPoint\",\"urlTemplate\":\"https:\/\/www.visit-ulcinj.com\/blog\/?s={search_term_string}\"},\"query-input\":\"required name=search_term_string\"}],\"inLanguage\":\"en-US\"},{\"@type\":\"ImageObject\",\"inLanguage\":\"en-US\",\"@id\":\"https:\/\/www.visit-ulcinj.com\/blog\/2013\/01\/31\/za-opstinu-tuzi-najkasnije-do-29-septembra-referendum\/#primaryimage\",\"url\":\"https:\/\/www.visit-ulcinj.com\/blog\/wp-content\/uploads\/2013\/01\/Referendum-Tuzi.png\",\"contentUrl\":\"https:\/\/www.visit-ulcinj.com\/blog\/wp-content\/uploads\/2013\/01\/Referendum-Tuzi.png\",\"width\":800,\"height\":600},{\"@type\":\"WebPage\",\"@id\":\"https:\/\/www.visit-ulcinj.com\/blog\/2013\/01\/31\/za-opstinu-tuzi-najkasnije-do-29-septembra-referendum\/#webpage\",\"url\":\"https:\/\/www.visit-ulcinj.com\/blog\/2013\/01\/31\/za-opstinu-tuzi-najkasnije-do-29-septembra-referendum\/\",\"name\":\"Za op\u0161tinu Tuzi najkasnije do 29. septembra - Referendum - Lajme nga Ulqini\",\"isPartOf\":{\"@id\":\"https:\/\/www.visit-ulcinj.com\/blog\/#website\"},\"primaryImageOfPage\":{\"@id\":\"https:\/\/www.visit-ulcinj.com\/blog\/2013\/01\/31\/za-opstinu-tuzi-najkasnije-do-29-septembra-referendum\/#primaryimage\"},\"datePublished\":\"2013-01-31T17:04:39+00:00\",\"dateModified\":\"2013-01-31T17:04:49+00:00\",\"author\":{\"@id\":\"https:\/\/www.visit-ulcinj.com\/blog\/#\/schema\/person\/dcab619c614d3038751c63bc2aadc06d\"},\"description\":\"Na sastanku predstavnika DPS-a i i albanskih stranaka dogovorieno da se referendum odr\u017ei u septembru, uz mogu\u0107nost da termin bude i ranije ukoliko se\",\"breadcrumb\":{\"@id\":\"https:\/\/www.visit-ulcinj.com\/blog\/2013\/01\/31\/za-opstinu-tuzi-najkasnije-do-29-septembra-referendum\/#breadcrumb\"},\"inLanguage\":\"en-US\",\"potentialAction\":[{\"@type\":\"ReadAction\",\"target\":[\"https:\/\/www.visit-ulcinj.com\/blog\/2013\/01\/31\/za-opstinu-tuzi-najkasnije-do-29-septembra-referendum\/\"]}]},{\"@type\":\"BreadcrumbList\",\"@id\":\"https:\/\/www.visit-ulcinj.com\/blog\/2013\/01\/31\/za-opstinu-tuzi-najkasnije-do-29-septembra-referendum\/#breadcrumb\",\"itemListElement\":[{\"@type\":\"ListItem\",\"position\":1,\"name\":\"Za op\u0161tinu Tuzi najkasnije do 29. septembra &#8211; Referendum\"}]},{\"@type\":\"Person\",\"@id\":\"https:\/\/www.visit-ulcinj.com\/blog\/#\/schema\/person\/dcab619c614d3038751c63bc2aadc06d\",\"name\":\"ulqini\",\"sameAs\":[\"http:\/\/www.visit-ulcinj.com\"],\"url\":\"https:\/\/www.visit-ulcinj.com\/blog\/author\/admin\/\"}]}<\/script>\n<!-- \/ Yoast SEO plugin. -->","yoast_head_json":{"title":"Za op\u0161tinu Tuzi najkasnije do 29. septembra - Referendum - Lajme nga Ulqini","description":"Na sastanku predstavnika DPS-a i i albanskih stranaka dogovorieno da se referendum odr\u017ei u septembru, uz mogu\u0107nost da termin bude i ranije ukoliko se","robots":{"index":"index","follow":"follow","max-snippet":"max-snippet:-1","max-image-preview":"max-image-preview:large","max-video-preview":"max-video-preview:-1"},"canonical":"https:\/\/www.visit-ulcinj.com\/blog\/2013\/01\/31\/za-opstinu-tuzi-najkasnije-do-29-septembra-referendum\/","og_locale":"en_US","og_type":"article","og_title":"Za op\u0161tinu Tuzi najkasnije do 29. septembra - Referendum - Lajme nga Ulqini","og_description":"Na sastanku predstavnika DPS-a i i albanskih stranaka dogovorieno da se referendum odr\u017ei u septembru, uz mogu\u0107nost da termin bude i ranije ukoliko se","og_url":"https:\/\/www.visit-ulcinj.com\/blog\/2013\/01\/31\/za-opstinu-tuzi-najkasnije-do-29-septembra-referendum\/","og_site_name":"Lajme nga Ulqini","article_published_time":"2013-01-31T17:04:39+00:00","article_modified_time":"2013-01-31T17:04:49+00:00","og_image":[{"url":"http:\/\/www.visit-ulcinj.com\/blog\/wp-content\/uploads\/2013\/01\/Referendum-Tuzi.png"}],"twitter_misc":{"Written by":"ulqini","Est. reading time":"2 minutes"},"schema":{"@context":"https:\/\/schema.org","@graph":[{"@type":"WebSite","@id":"https:\/\/www.visit-ulcinj.com\/blog\/#website","url":"https:\/\/www.visit-ulcinj.com\/blog\/","name":"Lajme nga Ulqini","description":"Lajme,Vijesti,Ulqini,Ulqin,Crna Gora,Mali i Zi","potentialAction":[{"@type":"SearchAction","target":{"@type":"EntryPoint","urlTemplate":"https:\/\/www.visit-ulcinj.com\/blog\/?s={search_term_string}"},"query-input":"required name=search_term_string"}],"inLanguage":"en-US"},{"@type":"ImageObject","inLanguage":"en-US","@id":"https:\/\/www.visit-ulcinj.com\/blog\/2013\/01\/31\/za-opstinu-tuzi-najkasnije-do-29-septembra-referendum\/#primaryimage","url":"https:\/\/www.visit-ulcinj.com\/blog\/wp-content\/uploads\/2013\/01\/Referendum-Tuzi.png","contentUrl":"https:\/\/www.visit-ulcinj.com\/blog\/wp-content\/uploads\/2013\/01\/Referendum-Tuzi.png","width":800,"height":600},{"@type":"WebPage","@id":"https:\/\/www.visit-ulcinj.com\/blog\/2013\/01\/31\/za-opstinu-tuzi-najkasnije-do-29-septembra-referendum\/#webpage","url":"https:\/\/www.visit-ulcinj.com\/blog\/2013\/01\/31\/za-opstinu-tuzi-najkasnije-do-29-septembra-referendum\/","name":"Za op\u0161tinu Tuzi najkasnije do 29. septembra - Referendum - Lajme nga Ulqini","isPartOf":{"@id":"https:\/\/www.visit-ulcinj.com\/blog\/#website"},"primaryImageOfPage":{"@id":"https:\/\/www.visit-ulcinj.com\/blog\/2013\/01\/31\/za-opstinu-tuzi-najkasnije-do-29-septembra-referendum\/#primaryimage"},"datePublished":"2013-01-31T17:04:39+00:00","dateModified":"2013-01-31T17:04:49+00:00","author":{"@id":"https:\/\/www.visit-ulcinj.com\/blog\/#\/schema\/person\/dcab619c614d3038751c63bc2aadc06d"},"description":"Na sastanku predstavnika DPS-a i i albanskih stranaka dogovorieno da se referendum odr\u017ei u septembru, uz mogu\u0107nost da termin bude i ranije ukoliko se","breadcrumb":{"@id":"https:\/\/www.visit-ulcinj.com\/blog\/2013\/01\/31\/za-opstinu-tuzi-najkasnije-do-29-septembra-referendum\/#breadcrumb"},"inLanguage":"en-US","potentialAction":[{"@type":"ReadAction","target":["https:\/\/www.visit-ulcinj.com\/blog\/2013\/01\/31\/za-opstinu-tuzi-najkasnije-do-29-septembra-referendum\/"]}]},{"@type":"BreadcrumbList","@id":"https:\/\/www.visit-ulcinj.com\/blog\/2013\/01\/31\/za-opstinu-tuzi-najkasnije-do-29-septembra-referendum\/#breadcrumb","itemListElement":[{"@type":"ListItem","position":1,"name":"Za op\u0161tinu Tuzi najkasnije do 29. septembra &#8211; Referendum"}]},{"@type":"Person","@id":"https:\/\/www.visit-ulcinj.com\/blog\/#\/schema\/person\/dcab619c614d3038751c63bc2aadc06d","name":"ulqini","sameAs":["http:\/\/www.visit-ulcinj.com"],"url":"https:\/\/www.visit-ulcinj.com\/blog\/author\/admin\/"}]}},"jetpack_featured_media_url":"","jetpack_sharing_enabled":true,"jetpack_shortlink":"https:\/\/wp.me\/pe6lTn-hJI","_links":{"self":[{"href":"https:\/\/www.visit-ulcinj.com\/blog\/wp-json\/wp\/v2\/posts\/68182"}],"collection":[{"href":"https:\/\/www.visit-ulcinj.com\/blog\/wp-json\/wp\/v2\/posts"}],"about":[{"href":"https:\/\/www.visit-ulcinj.com\/blog\/wp-json\/wp\/v2\/types\/post"}],"author":[{"embeddable":true,"href":"https:\/\/www.visit-ulcinj.com\/blog\/wp-json\/wp\/v2\/users\/1"}],"replies":[{"embeddable":true,"href":"https:\/\/www.visit-ulcinj.com\/blog\/wp-json\/wp\/v2\/comments?post=68182"}],"version-history":[{"count":2,"href":"https:\/\/www.visit-ulcinj.com\/blog\/wp-json\/wp\/v2\/posts\/68182\/revisions"}],"predecessor-version":[{"id":68186,"href":"https:\/\/www.visit-ulcinj.com\/blog\/wp-json\/wp\/v2\/posts\/68182\/revisions\/68186"}],"wp:attachment":[{"href":"https:\/\/www.visit-ulcinj.com\/blog\/wp-json\/wp\/v2\/media?parent=68182"}],"wp:term":[{"taxonomy":"category","embeddable":true,"href":"https:\/\/www.visit-ulcinj.com\/blog\/wp-json\/wp\/v2\/categories?post=68182"},{"taxonomy":"post_tag","embeddable":true,"href":"https:\/\/www.visit-ulcinj.com\/blog\/wp-json\/wp\/v2\/tags?post=68182"}],"curies":[{"name":"wp","href":"https:\/\/api.w.org\/{rel}","templated":true}]}}