{"id":68187,"date":"2013-02-01T09:05:53","date_gmt":"2013-02-01T08:05:53","guid":{"rendered":"http:\/\/www.visit-ulcinj.com\/blog\/?p=68187"},"modified":"2013-02-02T17:15:06","modified_gmt":"2013-02-02T16:15:06","slug":"nimanbegu-qellimi-eshte-pershpejtimi-i-procesit-te-referendumit","status":"publish","type":"post","link":"https:\/\/www.visit-ulcinj.com\/blog\/2013\/02\/01\/nimanbegu-qellimi-eshte-pershpejtimi-i-procesit-te-referendumit\/","title":{"rendered":"Nimanbegu: Q\u00ebllimi \u00ebsht\u00eb p\u00ebrshpejtimi i procesit t\u00eb referendumit"},"content":{"rendered":"<p><a href=\"http:\/\/www.visit-ulcinj.com\/blog\/wp-content\/uploads\/2013\/02\/gencinimanbegu.jpg\"><img loading=\"lazy\" class=\"alignleft  wp-image-68188\" alt=\"gencinimanbegu\" src=\"http:\/\/www.visit-ulcinj.com\/blog\/wp-content\/uploads\/2013\/02\/gencinimanbegu.jpg\" width=\"350\" height=\"400\" \/><\/a>Referendumi konsultativ p\u00ebr formimin e Komun\u00ebs s\u00eb Tuzit do t\u00eb mund t\u00eb mbahet para ose pas ver\u00ebs q\u00eb vjen , ka deklaruar deputeti i FORC-\u00ebs Genci Nimanbegu duke shtuar se kjo parti d\u00ebshiron ta p\u00ebrshpejtoj\u00eb k\u00ebt\u00eb proces .<\/p>\n<p>Nimanbegu ka theksuar se n\u00eb takimin e p\u00ebrfaq\u00ebsues\u00ebve t\u00eb partive shqiptare dhe PDS \u00ebsht\u00eb arritur marr\u00ebveshja se procesi i fitimit t\u00eb statusit t\u00eb Komun\u00ebs s\u00eb plot p\u00ebr Tuzin duhet t\u00eb p\u00ebrparoj\u00eb. Sipas fjal\u00ebve t\u00eb tij ekzistojn\u00eb iniciativa t\u00eb dor\u00ebzuara n\u00eb parlament dhe se ai dhe Vasel Sinishtaj jan\u00eb n\u00ebnshkrues t\u00eb nj\u00ebr\u00ebs, kuse iniciativa tjet\u00ebr \u00ebsht\u00eb nisur n\u00eb Komun\u00ebn urbane t\u00eb Tuzit n\u00eb muajin tetor.<\/p>\n<p>\u00cbsht\u00eb arrit\u00eb marr\u00ebveshja q\u00eb procesi duhet \u00e7uar p\u00ebrpara dhe ka mbetur vet\u00ebm t\u00eb caktohet data e mbajtjes s\u00eb referendumit. Ekzistojn\u00eb dy q\u00ebndrime : Nj\u00ebri \u00ebsht\u00eb q\u00eb referendumi t\u00eb mbahet kah fundi i ver\u00ebs dhe tjetri q\u00eb ai t\u00eb organizohet para ver\u00ebs q\u00eb vjen .<\/p>\n<p>N\u00eb pyetjen n\u00ebse gjat\u00eb takimit \u00ebsht\u00eb biseduar edhe p\u00ebr p\u00ebrkrahjen ndaj kandidatit presidencial Vujanoviq , Nimanbegu ka shtuar se forca filloi t\u00eb nd\u00ebrtoj\u00eb partneritetin me partner\u00ebt me t\u00eb cil\u00ebt \u00ebsht\u00eb futur n\u00eb koalicion.<\/p>\n<p><strong>TVCG<\/strong><\/p>\n","protected":false},"excerpt":{"rendered":"<p>Referendumi konsultativ p\u00ebr formimin e Komun\u00ebs s\u00eb Tuzit do t\u00eb mund t\u00eb mbahet para ose pas ver\u00ebs q\u00eb vjen , ka deklaruar deputeti i FORC-\u00ebs Genci Nimanbegu duke shtuar se kjo parti d\u00ebshiron ta p\u00ebrshpejtoj\u00eb k\u00ebt\u00eb proces . Nimanbegu ka theksuar se n\u00eb takimin e p\u00ebrfaq\u00ebsues\u00ebve t\u00eb partive shqiptare dhe PDS \u00ebsht\u00eb arritur marr\u00ebveshja se [&hellip;]<\/p>\n","protected":false},"author":1,"featured_media":0,"comment_status":"open","ping_status":"closed","sticky":false,"template":"","format":"standard","meta":{"spay_email":"","jetpack_publicize_message":"","jetpack_is_tweetstorm":false,"jetpack_publicize_feature_enabled":true},"categories":[1,6],"tags":[117,1073],"jetpack_publicize_connections":[],"yoast_head":"<!-- This site is optimized with the Yoast SEO plugin v19.1 - https:\/\/yoast.com\/wordpress\/plugins\/seo\/ -->\n<title>Nimanbegu: Q\u00ebllimi \u00ebsht\u00eb p\u00ebrshpejtimi i procesit t\u00eb referendumit - Lajme nga Ulqini<\/title>\n<meta name=\"description\" content=\"Referendumi konsultativ p\u00ebr formimin e Komun\u00ebs s\u00eb Tuzit do t\u00eb mund t\u00eb mbahet para ose pas ver\u00ebs q\u00eb vjen , ka deklaruar deputeti i FORC-\u00ebs Genci Nimanbegu\" \/>\n<meta name=\"robots\" content=\"index, follow, max-snippet:-1, max-image-preview:large, max-video-preview:-1\" \/>\n<link rel=\"canonical\" href=\"https:\/\/www.visit-ulcinj.com\/blog\/2013\/02\/01\/nimanbegu-qellimi-eshte-pershpejtimi-i-procesit-te-referendumit\/\" \/>\n<meta property=\"og:locale\" content=\"en_US\" \/>\n<meta property=\"og:type\" content=\"article\" \/>\n<meta property=\"og:title\" content=\"Nimanbegu: Q\u00ebllimi \u00ebsht\u00eb p\u00ebrshpejtimi i procesit t\u00eb referendumit - Lajme nga Ulqini\" \/>\n<meta property=\"og:description\" content=\"Referendumi konsultativ p\u00ebr formimin e Komun\u00ebs s\u00eb Tuzit do t\u00eb mund t\u00eb mbahet para ose pas ver\u00ebs q\u00eb vjen , ka deklaruar deputeti i FORC-\u00ebs Genci Nimanbegu\" \/>\n<meta property=\"og:url\" content=\"https:\/\/www.visit-ulcinj.com\/blog\/2013\/02\/01\/nimanbegu-qellimi-eshte-pershpejtimi-i-procesit-te-referendumit\/\" \/>\n<meta property=\"og:site_name\" content=\"Lajme nga Ulqini\" \/>\n<meta property=\"article:published_time\" content=\"2013-02-01T08:05:53+00:00\" \/>\n<meta property=\"article:modified_time\" content=\"2013-02-02T16:15:06+00:00\" \/>\n<meta property=\"og:image\" content=\"http:\/\/www.visit-ulcinj.com\/blog\/wp-content\/uploads\/2013\/02\/gencinimanbegu.jpg\" \/>\n<meta name=\"twitter:label1\" content=\"Written by\" \/>\n\t<meta name=\"twitter:data1\" content=\"ulqini\" \/>\n\t<meta name=\"twitter:label2\" content=\"Est. reading time\" \/>\n\t<meta name=\"twitter:data2\" content=\"1 minute\" \/>\n<script type=\"application\/ld+json\" class=\"yoast-schema-graph\">{\"@context\":\"https:\/\/schema.org\",\"@graph\":[{\"@type\":\"WebSite\",\"@id\":\"https:\/\/www.visit-ulcinj.com\/blog\/#website\",\"url\":\"https:\/\/www.visit-ulcinj.com\/blog\/\",\"name\":\"Lajme nga Ulqini\",\"description\":\"Lajme,Vijesti,Ulqini,Ulqin,Crna Gora,Mali i Zi\",\"potentialAction\":[{\"@type\":\"SearchAction\",\"target\":{\"@type\":\"EntryPoint\",\"urlTemplate\":\"https:\/\/www.visit-ulcinj.com\/blog\/?s={search_term_string}\"},\"query-input\":\"required name=search_term_string\"}],\"inLanguage\":\"en-US\"},{\"@type\":\"ImageObject\",\"inLanguage\":\"en-US\",\"@id\":\"https:\/\/www.visit-ulcinj.com\/blog\/2013\/02\/01\/nimanbegu-qellimi-eshte-pershpejtimi-i-procesit-te-referendumit\/#primaryimage\",\"url\":\"https:\/\/www.visit-ulcinj.com\/blog\/wp-content\/uploads\/2013\/02\/gencinimanbegu.jpg\",\"contentUrl\":\"https:\/\/www.visit-ulcinj.com\/blog\/wp-content\/uploads\/2013\/02\/gencinimanbegu.jpg\",\"width\":440,\"height\":580},{\"@type\":\"WebPage\",\"@id\":\"https:\/\/www.visit-ulcinj.com\/blog\/2013\/02\/01\/nimanbegu-qellimi-eshte-pershpejtimi-i-procesit-te-referendumit\/#webpage\",\"url\":\"https:\/\/www.visit-ulcinj.com\/blog\/2013\/02\/01\/nimanbegu-qellimi-eshte-pershpejtimi-i-procesit-te-referendumit\/\",\"name\":\"Nimanbegu: Q\u00ebllimi \u00ebsht\u00eb p\u00ebrshpejtimi i procesit t\u00eb referendumit - Lajme nga Ulqini\",\"isPartOf\":{\"@id\":\"https:\/\/www.visit-ulcinj.com\/blog\/#website\"},\"primaryImageOfPage\":{\"@id\":\"https:\/\/www.visit-ulcinj.com\/blog\/2013\/02\/01\/nimanbegu-qellimi-eshte-pershpejtimi-i-procesit-te-referendumit\/#primaryimage\"},\"datePublished\":\"2013-02-01T08:05:53+00:00\",\"dateModified\":\"2013-02-02T16:15:06+00:00\",\"author\":{\"@id\":\"https:\/\/www.visit-ulcinj.com\/blog\/#\/schema\/person\/dcab619c614d3038751c63bc2aadc06d\"},\"description\":\"Referendumi konsultativ p\u00ebr formimin e Komun\u00ebs s\u00eb Tuzit do t\u00eb mund t\u00eb mbahet para ose pas ver\u00ebs q\u00eb vjen , ka deklaruar deputeti i FORC-\u00ebs Genci Nimanbegu\",\"breadcrumb\":{\"@id\":\"https:\/\/www.visit-ulcinj.com\/blog\/2013\/02\/01\/nimanbegu-qellimi-eshte-pershpejtimi-i-procesit-te-referendumit\/#breadcrumb\"},\"inLanguage\":\"en-US\",\"potentialAction\":[{\"@type\":\"ReadAction\",\"target\":[\"https:\/\/www.visit-ulcinj.com\/blog\/2013\/02\/01\/nimanbegu-qellimi-eshte-pershpejtimi-i-procesit-te-referendumit\/\"]}]},{\"@type\":\"BreadcrumbList\",\"@id\":\"https:\/\/www.visit-ulcinj.com\/blog\/2013\/02\/01\/nimanbegu-qellimi-eshte-pershpejtimi-i-procesit-te-referendumit\/#breadcrumb\",\"itemListElement\":[{\"@type\":\"ListItem\",\"position\":1,\"name\":\"Nimanbegu: Q\u00ebllimi \u00ebsht\u00eb p\u00ebrshpejtimi i procesit t\u00eb referendumit\"}]},{\"@type\":\"Person\",\"@id\":\"https:\/\/www.visit-ulcinj.com\/blog\/#\/schema\/person\/dcab619c614d3038751c63bc2aadc06d\",\"name\":\"ulqini\",\"sameAs\":[\"http:\/\/www.visit-ulcinj.com\"],\"url\":\"https:\/\/www.visit-ulcinj.com\/blog\/author\/admin\/\"}]}<\/script>\n<!-- \/ Yoast SEO plugin. -->","yoast_head_json":{"title":"Nimanbegu: Q\u00ebllimi \u00ebsht\u00eb p\u00ebrshpejtimi i procesit t\u00eb referendumit - Lajme nga Ulqini","description":"Referendumi konsultativ p\u00ebr formimin e Komun\u00ebs s\u00eb Tuzit do t\u00eb mund t\u00eb mbahet para ose pas ver\u00ebs q\u00eb vjen , ka deklaruar deputeti i FORC-\u00ebs Genci Nimanbegu","robots":{"index":"index","follow":"follow","max-snippet":"max-snippet:-1","max-image-preview":"max-image-preview:large","max-video-preview":"max-video-preview:-1"},"canonical":"https:\/\/www.visit-ulcinj.com\/blog\/2013\/02\/01\/nimanbegu-qellimi-eshte-pershpejtimi-i-procesit-te-referendumit\/","og_locale":"en_US","og_type":"article","og_title":"Nimanbegu: Q\u00ebllimi \u00ebsht\u00eb p\u00ebrshpejtimi i procesit t\u00eb referendumit - Lajme nga Ulqini","og_description":"Referendumi konsultativ p\u00ebr formimin e Komun\u00ebs s\u00eb Tuzit do t\u00eb mund t\u00eb mbahet para ose pas ver\u00ebs q\u00eb vjen , ka deklaruar deputeti i FORC-\u00ebs Genci Nimanbegu","og_url":"https:\/\/www.visit-ulcinj.com\/blog\/2013\/02\/01\/nimanbegu-qellimi-eshte-pershpejtimi-i-procesit-te-referendumit\/","og_site_name":"Lajme nga Ulqini","article_published_time":"2013-02-01T08:05:53+00:00","article_modified_time":"2013-02-02T16:15:06+00:00","og_image":[{"url":"http:\/\/www.visit-ulcinj.com\/blog\/wp-content\/uploads\/2013\/02\/gencinimanbegu.jpg"}],"twitter_misc":{"Written by":"ulqini","Est. reading time":"1 minute"},"schema":{"@context":"https:\/\/schema.org","@graph":[{"@type":"WebSite","@id":"https:\/\/www.visit-ulcinj.com\/blog\/#website","url":"https:\/\/www.visit-ulcinj.com\/blog\/","name":"Lajme nga Ulqini","description":"Lajme,Vijesti,Ulqini,Ulqin,Crna Gora,Mali i Zi","potentialAction":[{"@type":"SearchAction","target":{"@type":"EntryPoint","urlTemplate":"https:\/\/www.visit-ulcinj.com\/blog\/?s={search_term_string}"},"query-input":"required name=search_term_string"}],"inLanguage":"en-US"},{"@type":"ImageObject","inLanguage":"en-US","@id":"https:\/\/www.visit-ulcinj.com\/blog\/2013\/02\/01\/nimanbegu-qellimi-eshte-pershpejtimi-i-procesit-te-referendumit\/#primaryimage","url":"https:\/\/www.visit-ulcinj.com\/blog\/wp-content\/uploads\/2013\/02\/gencinimanbegu.jpg","contentUrl":"https:\/\/www.visit-ulcinj.com\/blog\/wp-content\/uploads\/2013\/02\/gencinimanbegu.jpg","width":440,"height":580},{"@type":"WebPage","@id":"https:\/\/www.visit-ulcinj.com\/blog\/2013\/02\/01\/nimanbegu-qellimi-eshte-pershpejtimi-i-procesit-te-referendumit\/#webpage","url":"https:\/\/www.visit-ulcinj.com\/blog\/2013\/02\/01\/nimanbegu-qellimi-eshte-pershpejtimi-i-procesit-te-referendumit\/","name":"Nimanbegu: Q\u00ebllimi \u00ebsht\u00eb p\u00ebrshpejtimi i procesit t\u00eb referendumit - Lajme nga Ulqini","isPartOf":{"@id":"https:\/\/www.visit-ulcinj.com\/blog\/#website"},"primaryImageOfPage":{"@id":"https:\/\/www.visit-ulcinj.com\/blog\/2013\/02\/01\/nimanbegu-qellimi-eshte-pershpejtimi-i-procesit-te-referendumit\/#primaryimage"},"datePublished":"2013-02-01T08:05:53+00:00","dateModified":"2013-02-02T16:15:06+00:00","author":{"@id":"https:\/\/www.visit-ulcinj.com\/blog\/#\/schema\/person\/dcab619c614d3038751c63bc2aadc06d"},"description":"Referendumi konsultativ p\u00ebr formimin e Komun\u00ebs s\u00eb Tuzit do t\u00eb mund t\u00eb mbahet para ose pas ver\u00ebs q\u00eb vjen , ka deklaruar deputeti i FORC-\u00ebs Genci Nimanbegu","breadcrumb":{"@id":"https:\/\/www.visit-ulcinj.com\/blog\/2013\/02\/01\/nimanbegu-qellimi-eshte-pershpejtimi-i-procesit-te-referendumit\/#breadcrumb"},"inLanguage":"en-US","potentialAction":[{"@type":"ReadAction","target":["https:\/\/www.visit-ulcinj.com\/blog\/2013\/02\/01\/nimanbegu-qellimi-eshte-pershpejtimi-i-procesit-te-referendumit\/"]}]},{"@type":"BreadcrumbList","@id":"https:\/\/www.visit-ulcinj.com\/blog\/2013\/02\/01\/nimanbegu-qellimi-eshte-pershpejtimi-i-procesit-te-referendumit\/#breadcrumb","itemListElement":[{"@type":"ListItem","position":1,"name":"Nimanbegu: Q\u00ebllimi \u00ebsht\u00eb p\u00ebrshpejtimi i procesit t\u00eb referendumit"}]},{"@type":"Person","@id":"https:\/\/www.visit-ulcinj.com\/blog\/#\/schema\/person\/dcab619c614d3038751c63bc2aadc06d","name":"ulqini","sameAs":["http:\/\/www.visit-ulcinj.com"],"url":"https:\/\/www.visit-ulcinj.com\/blog\/author\/admin\/"}]}},"jetpack_featured_media_url":"","jetpack_sharing_enabled":true,"jetpack_shortlink":"https:\/\/wp.me\/pe6lTn-hJN","_links":{"self":[{"href":"https:\/\/www.visit-ulcinj.com\/blog\/wp-json\/wp\/v2\/posts\/68187"}],"collection":[{"href":"https:\/\/www.visit-ulcinj.com\/blog\/wp-json\/wp\/v2\/posts"}],"about":[{"href":"https:\/\/www.visit-ulcinj.com\/blog\/wp-json\/wp\/v2\/types\/post"}],"author":[{"embeddable":true,"href":"https:\/\/www.visit-ulcinj.com\/blog\/wp-json\/wp\/v2\/users\/1"}],"replies":[{"embeddable":true,"href":"https:\/\/www.visit-ulcinj.com\/blog\/wp-json\/wp\/v2\/comments?post=68187"}],"version-history":[{"count":2,"href":"https:\/\/www.visit-ulcinj.com\/blog\/wp-json\/wp\/v2\/posts\/68187\/revisions"}],"predecessor-version":[{"id":68235,"href":"https:\/\/www.visit-ulcinj.com\/blog\/wp-json\/wp\/v2\/posts\/68187\/revisions\/68235"}],"wp:attachment":[{"href":"https:\/\/www.visit-ulcinj.com\/blog\/wp-json\/wp\/v2\/media?parent=68187"}],"wp:term":[{"taxonomy":"category","embeddable":true,"href":"https:\/\/www.visit-ulcinj.com\/blog\/wp-json\/wp\/v2\/categories?post=68187"},{"taxonomy":"post_tag","embeddable":true,"href":"https:\/\/www.visit-ulcinj.com\/blog\/wp-json\/wp\/v2\/tags?post=68187"}],"curies":[{"name":"wp","href":"https:\/\/api.w.org\/{rel}","templated":true}]}}