{"id":68195,"date":"2013-02-01T17:19:03","date_gmt":"2013-02-01T16:19:03","guid":{"rendered":"http:\/\/www.visit-ulcinj.com\/blog\/?p=68195"},"modified":"2013-02-02T18:04:24","modified_gmt":"2013-02-02T17:04:24","slug":"njoftim-per-opinion-nga-shoqata-e-ullishtareve-te-ulqinit","status":"publish","type":"post","link":"https:\/\/www.visit-ulcinj.com\/blog\/2013\/02\/01\/njoftim-per-opinion-nga-shoqata-e-ullishtareve-te-ulqinit\/","title":{"rendered":"Njoftim per opinion nga Shoqata e Ullishtar\u00ebve t\u00eb Ulqinit"},"content":{"rendered":"<p><a href=\"http:\/\/www.visit-ulcinj.com\/blog\/wp-content\/uploads\/2013\/02\/Shoqata-e-Ullishtareve-te-Ulqinit.jpg\"><img loading=\"lazy\" class=\"alignleft  wp-image-68196\" alt=\"Shoqata e Ullishtareve te Ulqinit\" src=\"http:\/\/www.visit-ulcinj.com\/blog\/wp-content\/uploads\/2013\/02\/Shoqata-e-Ullishtareve-te-Ulqinit.jpg\" width=\"350\" height=\"330\" \/><\/a><strong>Njoftim nga Shoqata e Ullishtar\u00ebve t\u00eb Ulqinit<\/strong><\/p>\n<p>Ju njoftojm\u00eb se me dat\u00ebn 06.02.2013 , me fillim n\u00eb ora 11, n\u00eb sall\u00ebn e madhe t\u00eb\u00a0Kuvendit Komunal t\u00eb Ulqinit, do t\u00eb mbahet takim shkencor dhe profesional me tem\u00eb: &#8220;Cil\u00ebsia e vajit t\u00eb ullirit dhe krastitja e ullirit&#8221;, ku ligj\u00ebrues do t\u00eb jen\u00eb profesionist t\u00eb k\u00ebsaj l\u00ebmie nga Kroacia dhe Mali i Zi.<br \/>\nN\u00eb vijim ju d\u00ebrgojm\u00eb programin e takimit.<br \/>\n<strong>P\u00ebr detale m\u00eb t\u00eb holl\u00ebsishme mund t\u00eb na kontaktoni n\u00eb nr. tel.:069\/660 &#8211; 491<\/strong><\/p>\n<div id=\"attachment_68215\" style=\"width: 518px\" class=\"wp-caption alignleft\"><a href=\"http:\/\/www.visit-ulcinj.com\/blog\/wp-content\/uploads\/2013\/02\/Shoqata-e-Ullishtareve-te-Ulqinit.11.jpg\"><img aria-describedby=\"caption-attachment-68215\" loading=\"lazy\" class=\" wp-image-68215\" alt=\"Shoqata e Ullishtareve te Ulqinit.1\" src=\"http:\/\/www.visit-ulcinj.com\/blog\/wp-content\/uploads\/2013\/02\/Shoqata-e-Ullishtareve-te-Ulqinit.11.jpg\" width=\"508\" height=\"620\" \/><\/a><p id=\"caption-attachment-68215\" class=\"wp-caption-text\">ZMADHO FOTON<\/p><\/div>\n<p>&nbsp;<\/p>\n","protected":false},"excerpt":{"rendered":"<p>Njoftim nga Shoqata e Ullishtar\u00ebve t\u00eb Ulqinit Ju njoftojm\u00eb se me dat\u00ebn 06.02.2013 , me fillim n\u00eb ora 11, n\u00eb sall\u00ebn e madhe t\u00eb\u00a0Kuvendit Komunal t\u00eb Ulqinit, do t\u00eb mbahet takim shkencor dhe profesional me tem\u00eb: &#8220;Cil\u00ebsia e vajit t\u00eb ullirit dhe krastitja e ullirit&#8221;, ku ligj\u00ebrues do t\u00eb jen\u00eb profesionist t\u00eb k\u00ebsaj l\u00ebmie nga [&hellip;]<\/p>\n","protected":false},"author":1,"featured_media":0,"comment_status":"open","ping_status":"closed","sticky":false,"template":"","format":"standard","meta":{"spay_email":"","jetpack_publicize_message":"","jetpack_is_tweetstorm":false,"jetpack_publicize_feature_enabled":true},"categories":[12],"tags":[21750,200],"jetpack_publicize_connections":[],"yoast_head":"<!-- This site is optimized with the Yoast SEO plugin v19.1 - https:\/\/yoast.com\/wordpress\/plugins\/seo\/ -->\n<title>Njoftim per opinion nga Shoqata e Ullishtar\u00ebve t\u00eb Ulqinit - Lajme nga Ulqini<\/title>\n<meta name=\"description\" content=\"Njoftim nga Shoqata e Ullishtar\u00ebve t\u00eb Ulqinit Ju njoftojm\u00eb se me dat\u00ebn 06.02.2013 , me fillim n\u00eb ora 11, n\u00eb sall\u00ebn e madhe t\u00eb\u00a0Kuvendit Komunal t\u00eb Ulqinit,\" \/>\n<meta name=\"robots\" content=\"index, follow, max-snippet:-1, max-image-preview:large, max-video-preview:-1\" \/>\n<link rel=\"canonical\" href=\"https:\/\/www.visit-ulcinj.com\/blog\/2013\/02\/01\/njoftim-per-opinion-nga-shoqata-e-ullishtareve-te-ulqinit\/\" \/>\n<meta property=\"og:locale\" content=\"en_US\" \/>\n<meta property=\"og:type\" content=\"article\" \/>\n<meta property=\"og:title\" content=\"Njoftim per opinion nga Shoqata e Ullishtar\u00ebve t\u00eb Ulqinit - Lajme nga Ulqini\" \/>\n<meta property=\"og:description\" content=\"Njoftim nga Shoqata e Ullishtar\u00ebve t\u00eb Ulqinit Ju njoftojm\u00eb se me dat\u00ebn 06.02.2013 , me fillim n\u00eb ora 11, n\u00eb sall\u00ebn e madhe t\u00eb\u00a0Kuvendit Komunal t\u00eb Ulqinit,\" \/>\n<meta property=\"og:url\" content=\"https:\/\/www.visit-ulcinj.com\/blog\/2013\/02\/01\/njoftim-per-opinion-nga-shoqata-e-ullishtareve-te-ulqinit\/\" \/>\n<meta property=\"og:site_name\" content=\"Lajme nga Ulqini\" \/>\n<meta property=\"article:published_time\" content=\"2013-02-01T16:19:03+00:00\" \/>\n<meta property=\"article:modified_time\" content=\"2013-02-02T17:04:24+00:00\" \/>\n<meta property=\"og:image\" content=\"http:\/\/www.visit-ulcinj.com\/blog\/wp-content\/uploads\/2013\/02\/Shoqata-e-Ullishtareve-te-Ulqinit.jpg\" \/>\n<meta name=\"twitter:label1\" content=\"Written by\" \/>\n\t<meta name=\"twitter:data1\" content=\"ulqini\" \/>\n<script type=\"application\/ld+json\" class=\"yoast-schema-graph\">{\"@context\":\"https:\/\/schema.org\",\"@graph\":[{\"@type\":\"WebSite\",\"@id\":\"https:\/\/www.visit-ulcinj.com\/blog\/#website\",\"url\":\"https:\/\/www.visit-ulcinj.com\/blog\/\",\"name\":\"Lajme nga Ulqini\",\"description\":\"Lajme,Vijesti,Ulqini,Ulqin,Crna Gora,Mali i Zi\",\"potentialAction\":[{\"@type\":\"SearchAction\",\"target\":{\"@type\":\"EntryPoint\",\"urlTemplate\":\"https:\/\/www.visit-ulcinj.com\/blog\/?s={search_term_string}\"},\"query-input\":\"required name=search_term_string\"}],\"inLanguage\":\"en-US\"},{\"@type\":\"ImageObject\",\"inLanguage\":\"en-US\",\"@id\":\"https:\/\/www.visit-ulcinj.com\/blog\/2013\/02\/01\/njoftim-per-opinion-nga-shoqata-e-ullishtareve-te-ulqinit\/#primaryimage\",\"url\":\"https:\/\/www.visit-ulcinj.com\/blog\/wp-content\/uploads\/2013\/02\/Shoqata-e-Ullishtareve-te-Ulqinit.jpg\",\"contentUrl\":\"https:\/\/www.visit-ulcinj.com\/blog\/wp-content\/uploads\/2013\/02\/Shoqata-e-Ullishtareve-te-Ulqinit.jpg\",\"width\":391,\"height\":366},{\"@type\":\"WebPage\",\"@id\":\"https:\/\/www.visit-ulcinj.com\/blog\/2013\/02\/01\/njoftim-per-opinion-nga-shoqata-e-ullishtareve-te-ulqinit\/#webpage\",\"url\":\"https:\/\/www.visit-ulcinj.com\/blog\/2013\/02\/01\/njoftim-per-opinion-nga-shoqata-e-ullishtareve-te-ulqinit\/\",\"name\":\"Njoftim per opinion nga Shoqata e Ullishtar\u00ebve t\u00eb Ulqinit - Lajme nga Ulqini\",\"isPartOf\":{\"@id\":\"https:\/\/www.visit-ulcinj.com\/blog\/#website\"},\"primaryImageOfPage\":{\"@id\":\"https:\/\/www.visit-ulcinj.com\/blog\/2013\/02\/01\/njoftim-per-opinion-nga-shoqata-e-ullishtareve-te-ulqinit\/#primaryimage\"},\"datePublished\":\"2013-02-01T16:19:03+00:00\",\"dateModified\":\"2013-02-02T17:04:24+00:00\",\"author\":{\"@id\":\"https:\/\/www.visit-ulcinj.com\/blog\/#\/schema\/person\/dcab619c614d3038751c63bc2aadc06d\"},\"description\":\"Njoftim nga Shoqata e Ullishtar\u00ebve t\u00eb Ulqinit Ju njoftojm\u00eb se me dat\u00ebn 06.02.2013 , me fillim n\u00eb ora 11, n\u00eb sall\u00ebn e madhe t\u00eb\u00a0Kuvendit Komunal t\u00eb Ulqinit,\",\"breadcrumb\":{\"@id\":\"https:\/\/www.visit-ulcinj.com\/blog\/2013\/02\/01\/njoftim-per-opinion-nga-shoqata-e-ullishtareve-te-ulqinit\/#breadcrumb\"},\"inLanguage\":\"en-US\",\"potentialAction\":[{\"@type\":\"ReadAction\",\"target\":[\"https:\/\/www.visit-ulcinj.com\/blog\/2013\/02\/01\/njoftim-per-opinion-nga-shoqata-e-ullishtareve-te-ulqinit\/\"]}]},{\"@type\":\"BreadcrumbList\",\"@id\":\"https:\/\/www.visit-ulcinj.com\/blog\/2013\/02\/01\/njoftim-per-opinion-nga-shoqata-e-ullishtareve-te-ulqinit\/#breadcrumb\",\"itemListElement\":[{\"@type\":\"ListItem\",\"position\":1,\"name\":\"Njoftim per opinion nga Shoqata e Ullishtar\u00ebve t\u00eb Ulqinit\"}]},{\"@type\":\"Person\",\"@id\":\"https:\/\/www.visit-ulcinj.com\/blog\/#\/schema\/person\/dcab619c614d3038751c63bc2aadc06d\",\"name\":\"ulqini\",\"sameAs\":[\"http:\/\/www.visit-ulcinj.com\"],\"url\":\"https:\/\/www.visit-ulcinj.com\/blog\/author\/admin\/\"}]}<\/script>\n<!-- \/ Yoast SEO plugin. -->","yoast_head_json":{"title":"Njoftim per opinion nga Shoqata e Ullishtar\u00ebve t\u00eb Ulqinit - Lajme nga Ulqini","description":"Njoftim nga Shoqata e Ullishtar\u00ebve t\u00eb Ulqinit Ju njoftojm\u00eb se me dat\u00ebn 06.02.2013 , me fillim n\u00eb ora 11, n\u00eb sall\u00ebn e madhe t\u00eb\u00a0Kuvendit Komunal t\u00eb Ulqinit,","robots":{"index":"index","follow":"follow","max-snippet":"max-snippet:-1","max-image-preview":"max-image-preview:large","max-video-preview":"max-video-preview:-1"},"canonical":"https:\/\/www.visit-ulcinj.com\/blog\/2013\/02\/01\/njoftim-per-opinion-nga-shoqata-e-ullishtareve-te-ulqinit\/","og_locale":"en_US","og_type":"article","og_title":"Njoftim per opinion nga Shoqata e Ullishtar\u00ebve t\u00eb Ulqinit - Lajme nga Ulqini","og_description":"Njoftim nga Shoqata e Ullishtar\u00ebve t\u00eb Ulqinit Ju njoftojm\u00eb se me dat\u00ebn 06.02.2013 , me fillim n\u00eb ora 11, n\u00eb sall\u00ebn e madhe t\u00eb\u00a0Kuvendit Komunal t\u00eb Ulqinit,","og_url":"https:\/\/www.visit-ulcinj.com\/blog\/2013\/02\/01\/njoftim-per-opinion-nga-shoqata-e-ullishtareve-te-ulqinit\/","og_site_name":"Lajme nga Ulqini","article_published_time":"2013-02-01T16:19:03+00:00","article_modified_time":"2013-02-02T17:04:24+00:00","og_image":[{"url":"http:\/\/www.visit-ulcinj.com\/blog\/wp-content\/uploads\/2013\/02\/Shoqata-e-Ullishtareve-te-Ulqinit.jpg"}],"twitter_misc":{"Written by":"ulqini"},"schema":{"@context":"https:\/\/schema.org","@graph":[{"@type":"WebSite","@id":"https:\/\/www.visit-ulcinj.com\/blog\/#website","url":"https:\/\/www.visit-ulcinj.com\/blog\/","name":"Lajme nga Ulqini","description":"Lajme,Vijesti,Ulqini,Ulqin,Crna Gora,Mali i Zi","potentialAction":[{"@type":"SearchAction","target":{"@type":"EntryPoint","urlTemplate":"https:\/\/www.visit-ulcinj.com\/blog\/?s={search_term_string}"},"query-input":"required name=search_term_string"}],"inLanguage":"en-US"},{"@type":"ImageObject","inLanguage":"en-US","@id":"https:\/\/www.visit-ulcinj.com\/blog\/2013\/02\/01\/njoftim-per-opinion-nga-shoqata-e-ullishtareve-te-ulqinit\/#primaryimage","url":"https:\/\/www.visit-ulcinj.com\/blog\/wp-content\/uploads\/2013\/02\/Shoqata-e-Ullishtareve-te-Ulqinit.jpg","contentUrl":"https:\/\/www.visit-ulcinj.com\/blog\/wp-content\/uploads\/2013\/02\/Shoqata-e-Ullishtareve-te-Ulqinit.jpg","width":391,"height":366},{"@type":"WebPage","@id":"https:\/\/www.visit-ulcinj.com\/blog\/2013\/02\/01\/njoftim-per-opinion-nga-shoqata-e-ullishtareve-te-ulqinit\/#webpage","url":"https:\/\/www.visit-ulcinj.com\/blog\/2013\/02\/01\/njoftim-per-opinion-nga-shoqata-e-ullishtareve-te-ulqinit\/","name":"Njoftim per opinion nga Shoqata e Ullishtar\u00ebve t\u00eb Ulqinit - Lajme nga Ulqini","isPartOf":{"@id":"https:\/\/www.visit-ulcinj.com\/blog\/#website"},"primaryImageOfPage":{"@id":"https:\/\/www.visit-ulcinj.com\/blog\/2013\/02\/01\/njoftim-per-opinion-nga-shoqata-e-ullishtareve-te-ulqinit\/#primaryimage"},"datePublished":"2013-02-01T16:19:03+00:00","dateModified":"2013-02-02T17:04:24+00:00","author":{"@id":"https:\/\/www.visit-ulcinj.com\/blog\/#\/schema\/person\/dcab619c614d3038751c63bc2aadc06d"},"description":"Njoftim nga Shoqata e Ullishtar\u00ebve t\u00eb Ulqinit Ju njoftojm\u00eb se me dat\u00ebn 06.02.2013 , me fillim n\u00eb ora 11, n\u00eb sall\u00ebn e madhe t\u00eb\u00a0Kuvendit Komunal t\u00eb Ulqinit,","breadcrumb":{"@id":"https:\/\/www.visit-ulcinj.com\/blog\/2013\/02\/01\/njoftim-per-opinion-nga-shoqata-e-ullishtareve-te-ulqinit\/#breadcrumb"},"inLanguage":"en-US","potentialAction":[{"@type":"ReadAction","target":["https:\/\/www.visit-ulcinj.com\/blog\/2013\/02\/01\/njoftim-per-opinion-nga-shoqata-e-ullishtareve-te-ulqinit\/"]}]},{"@type":"BreadcrumbList","@id":"https:\/\/www.visit-ulcinj.com\/blog\/2013\/02\/01\/njoftim-per-opinion-nga-shoqata-e-ullishtareve-te-ulqinit\/#breadcrumb","itemListElement":[{"@type":"ListItem","position":1,"name":"Njoftim per opinion nga Shoqata e Ullishtar\u00ebve t\u00eb Ulqinit"}]},{"@type":"Person","@id":"https:\/\/www.visit-ulcinj.com\/blog\/#\/schema\/person\/dcab619c614d3038751c63bc2aadc06d","name":"ulqini","sameAs":["http:\/\/www.visit-ulcinj.com"],"url":"https:\/\/www.visit-ulcinj.com\/blog\/author\/admin\/"}]}},"jetpack_featured_media_url":"","jetpack_sharing_enabled":true,"jetpack_shortlink":"https:\/\/wp.me\/pe6lTn-hJV","_links":{"self":[{"href":"https:\/\/www.visit-ulcinj.com\/blog\/wp-json\/wp\/v2\/posts\/68195"}],"collection":[{"href":"https:\/\/www.visit-ulcinj.com\/blog\/wp-json\/wp\/v2\/posts"}],"about":[{"href":"https:\/\/www.visit-ulcinj.com\/blog\/wp-json\/wp\/v2\/types\/post"}],"author":[{"embeddable":true,"href":"https:\/\/www.visit-ulcinj.com\/blog\/wp-json\/wp\/v2\/users\/1"}],"replies":[{"embeddable":true,"href":"https:\/\/www.visit-ulcinj.com\/blog\/wp-json\/wp\/v2\/comments?post=68195"}],"version-history":[{"count":8,"href":"https:\/\/www.visit-ulcinj.com\/blog\/wp-json\/wp\/v2\/posts\/68195\/revisions"}],"predecessor-version":[{"id":68255,"href":"https:\/\/www.visit-ulcinj.com\/blog\/wp-json\/wp\/v2\/posts\/68195\/revisions\/68255"}],"wp:attachment":[{"href":"https:\/\/www.visit-ulcinj.com\/blog\/wp-json\/wp\/v2\/media?parent=68195"}],"wp:term":[{"taxonomy":"category","embeddable":true,"href":"https:\/\/www.visit-ulcinj.com\/blog\/wp-json\/wp\/v2\/categories?post=68195"},{"taxonomy":"post_tag","embeddable":true,"href":"https:\/\/www.visit-ulcinj.com\/blog\/wp-json\/wp\/v2\/tags?post=68195"}],"curies":[{"name":"wp","href":"https:\/\/api.w.org\/{rel}","templated":true}]}}