{"id":682,"date":"2008-02-28T03:33:57","date_gmt":"2008-02-28T08:33:57","guid":{"rendered":"http:\/\/www.visit-ulcinj.com\/blog\/2008\/02\/28\/montenegro-erlajnz-ne-priprema-prevoz-glasaca\/"},"modified":"2008-02-28T03:33:57","modified_gmt":"2008-02-28T08:33:57","slug":"montenegro-erlajnz-ne-priprema-prevoz-glasaca","status":"publish","type":"post","link":"https:\/\/www.visit-ulcinj.com\/blog\/2008\/02\/28\/montenegro-erlajnz-ne-priprema-prevoz-glasaca\/","title":{"rendered":"Montenegro erlajnz ne priprema prevoz glasa?a"},"content":{"rendered":"<p><img loading=\"lazy\" src=\"http:\/\/www.mgx.cg.yu\/administracija\/veliki\/sajt%20privatizacija.JPG\" align=\"left\" height=\"90\" width=\"129\" \/>Crnogorska nacionalna aviokompanija &#8220;Montenegro erlajnz&#8221; negirala je ju?e tvrdnje pojedinih opozicionih lidera da povodom predsjedni?kih izbora taj avioprevoznik priprema ?arter-letove kojim bi iz inostranstva dovozili glasa?e kandidata DSP-a Filipa Vujanovi?a.<br \/>\n&#8220;Uprava Montenegro erlajnza nije planirala takve aktivnosti, niti ima takve namjere&#8221;, kazao je qVijestima portparol te kompanije Nenad Markovi?.<br \/>\nPotpredsjednik SNS-a Goran Danilovi? rekao je prekju?e da ima &#8220;potpuno provjerenu informaciju&#8221; da je u \u0160vedskoj i drugim skandinavskim zemljama po?eo upis ljudi koji su za DPS i \u017eele da doputuju u Crnu Goru i iza?u na birali\u0161ta.<br \/>\nOn je kazao da ?e SNS naknadno, kada bude imao kompletnu informaciju, saop\u0161titi koliko je ?arter-letova planirano.<\/p>\n<p>www.cafemontenegro.cg.yu<\/p>\n","protected":false},"excerpt":{"rendered":"<p><img loading=\"lazy\" src=\"http:\/\/www.mgx.cg.yu\/administracija\/veliki\/sajt%20privatizacija.JPG\" align=\"left\" height=\"140\" width=\"140\" \/><\/p>\n","protected":false},"author":1,"featured_media":0,"comment_status":"open","ping_status":"closed","sticky":false,"template":"","format":"standard","meta":{"spay_email":"","jetpack_publicize_message":"","jetpack_is_tweetstorm":false,"jetpack_publicize_feature_enabled":true},"categories":[6],"tags":[530,1984,1983,1393,1985,1530,79,1986],"jetpack_publicize_connections":[],"yoast_head":"<!-- This site is optimized with the Yoast SEO plugin v19.1 - https:\/\/yoast.com\/wordpress\/plugins\/seo\/ -->\n<title>Montenegro erlajnz ne priprema prevoz glasa?a - Lajme nga Ulqini<\/title>\n<meta name=\"robots\" content=\"index, follow, max-snippet:-1, max-image-preview:large, max-video-preview:-1\" \/>\n<link rel=\"canonical\" href=\"https:\/\/www.visit-ulcinj.com\/blog\/2008\/02\/28\/montenegro-erlajnz-ne-priprema-prevoz-glasaca\/\" \/>\n<meta property=\"og:locale\" content=\"en_US\" \/>\n<meta property=\"og:type\" content=\"article\" \/>\n<meta property=\"og:title\" content=\"Montenegro erlajnz ne priprema prevoz glasa?a - Lajme nga Ulqini\" \/>\n<meta property=\"og:url\" content=\"https:\/\/www.visit-ulcinj.com\/blog\/2008\/02\/28\/montenegro-erlajnz-ne-priprema-prevoz-glasaca\/\" \/>\n<meta property=\"og:site_name\" content=\"Lajme nga Ulqini\" \/>\n<meta property=\"article:published_time\" content=\"2008-02-28T08:33:57+00:00\" \/>\n<meta property=\"og:image\" content=\"http:\/\/www.mgx.cg.yu\/administracija\/veliki\/sajt%20privatizacija.JPG\" \/>\n<meta name=\"twitter:label1\" content=\"Written by\" \/>\n\t<meta name=\"twitter:data1\" content=\"ulqini\" \/>\n\t<meta name=\"twitter:label2\" content=\"Est. reading time\" \/>\n\t<meta name=\"twitter:data2\" content=\"1 minute\" \/>\n<script type=\"application\/ld+json\" class=\"yoast-schema-graph\">{\"@context\":\"https:\/\/schema.org\",\"@graph\":[{\"@type\":\"WebSite\",\"@id\":\"https:\/\/www.visit-ulcinj.com\/blog\/#website\",\"url\":\"https:\/\/www.visit-ulcinj.com\/blog\/\",\"name\":\"Lajme nga Ulqini\",\"description\":\"Lajme,Vijesti,Ulqini,Ulqin,Crna Gora,Mali i Zi\",\"potentialAction\":[{\"@type\":\"SearchAction\",\"target\":{\"@type\":\"EntryPoint\",\"urlTemplate\":\"https:\/\/www.visit-ulcinj.com\/blog\/?s={search_term_string}\"},\"query-input\":\"required name=search_term_string\"}],\"inLanguage\":\"en-US\"},{\"@type\":\"ImageObject\",\"inLanguage\":\"en-US\",\"@id\":\"https:\/\/www.visit-ulcinj.com\/blog\/2008\/02\/28\/montenegro-erlajnz-ne-priprema-prevoz-glasaca\/#primaryimage\",\"url\":\"http:\/\/www.mgx.cg.yu\/administracija\/veliki\/sajt%20privatizacija.JPG\",\"contentUrl\":\"http:\/\/www.mgx.cg.yu\/administracija\/veliki\/sajt%20privatizacija.JPG\"},{\"@type\":\"WebPage\",\"@id\":\"https:\/\/www.visit-ulcinj.com\/blog\/2008\/02\/28\/montenegro-erlajnz-ne-priprema-prevoz-glasaca\/#webpage\",\"url\":\"https:\/\/www.visit-ulcinj.com\/blog\/2008\/02\/28\/montenegro-erlajnz-ne-priprema-prevoz-glasaca\/\",\"name\":\"Montenegro erlajnz ne priprema prevoz glasa?a - Lajme nga Ulqini\",\"isPartOf\":{\"@id\":\"https:\/\/www.visit-ulcinj.com\/blog\/#website\"},\"primaryImageOfPage\":{\"@id\":\"https:\/\/www.visit-ulcinj.com\/blog\/2008\/02\/28\/montenegro-erlajnz-ne-priprema-prevoz-glasaca\/#primaryimage\"},\"datePublished\":\"2008-02-28T08:33:57+00:00\",\"dateModified\":\"2008-02-28T08:33:57+00:00\",\"author\":{\"@id\":\"https:\/\/www.visit-ulcinj.com\/blog\/#\/schema\/person\/dcab619c614d3038751c63bc2aadc06d\"},\"breadcrumb\":{\"@id\":\"https:\/\/www.visit-ulcinj.com\/blog\/2008\/02\/28\/montenegro-erlajnz-ne-priprema-prevoz-glasaca\/#breadcrumb\"},\"inLanguage\":\"en-US\",\"potentialAction\":[{\"@type\":\"ReadAction\",\"target\":[\"https:\/\/www.visit-ulcinj.com\/blog\/2008\/02\/28\/montenegro-erlajnz-ne-priprema-prevoz-glasaca\/\"]}]},{\"@type\":\"BreadcrumbList\",\"@id\":\"https:\/\/www.visit-ulcinj.com\/blog\/2008\/02\/28\/montenegro-erlajnz-ne-priprema-prevoz-glasaca\/#breadcrumb\",\"itemListElement\":[{\"@type\":\"ListItem\",\"position\":1,\"name\":\"Montenegro erlajnz ne priprema prevoz glasa?a\"}]},{\"@type\":\"Person\",\"@id\":\"https:\/\/www.visit-ulcinj.com\/blog\/#\/schema\/person\/dcab619c614d3038751c63bc2aadc06d\",\"name\":\"ulqini\",\"sameAs\":[\"http:\/\/www.visit-ulcinj.com\"],\"url\":\"https:\/\/www.visit-ulcinj.com\/blog\/author\/admin\/\"}]}<\/script>\n<!-- \/ Yoast SEO plugin. -->","yoast_head_json":{"title":"Montenegro erlajnz ne priprema prevoz glasa?a - Lajme nga Ulqini","robots":{"index":"index","follow":"follow","max-snippet":"max-snippet:-1","max-image-preview":"max-image-preview:large","max-video-preview":"max-video-preview:-1"},"canonical":"https:\/\/www.visit-ulcinj.com\/blog\/2008\/02\/28\/montenegro-erlajnz-ne-priprema-prevoz-glasaca\/","og_locale":"en_US","og_type":"article","og_title":"Montenegro erlajnz ne priprema prevoz glasa?a - Lajme nga Ulqini","og_url":"https:\/\/www.visit-ulcinj.com\/blog\/2008\/02\/28\/montenegro-erlajnz-ne-priprema-prevoz-glasaca\/","og_site_name":"Lajme nga Ulqini","article_published_time":"2008-02-28T08:33:57+00:00","og_image":[{"url":"http:\/\/www.mgx.cg.yu\/administracija\/veliki\/sajt%20privatizacija.JPG"}],"twitter_misc":{"Written by":"ulqini","Est. reading time":"1 minute"},"schema":{"@context":"https:\/\/schema.org","@graph":[{"@type":"WebSite","@id":"https:\/\/www.visit-ulcinj.com\/blog\/#website","url":"https:\/\/www.visit-ulcinj.com\/blog\/","name":"Lajme nga Ulqini","description":"Lajme,Vijesti,Ulqini,Ulqin,Crna Gora,Mali i Zi","potentialAction":[{"@type":"SearchAction","target":{"@type":"EntryPoint","urlTemplate":"https:\/\/www.visit-ulcinj.com\/blog\/?s={search_term_string}"},"query-input":"required name=search_term_string"}],"inLanguage":"en-US"},{"@type":"ImageObject","inLanguage":"en-US","@id":"https:\/\/www.visit-ulcinj.com\/blog\/2008\/02\/28\/montenegro-erlajnz-ne-priprema-prevoz-glasaca\/#primaryimage","url":"http:\/\/www.mgx.cg.yu\/administracija\/veliki\/sajt%20privatizacija.JPG","contentUrl":"http:\/\/www.mgx.cg.yu\/administracija\/veliki\/sajt%20privatizacija.JPG"},{"@type":"WebPage","@id":"https:\/\/www.visit-ulcinj.com\/blog\/2008\/02\/28\/montenegro-erlajnz-ne-priprema-prevoz-glasaca\/#webpage","url":"https:\/\/www.visit-ulcinj.com\/blog\/2008\/02\/28\/montenegro-erlajnz-ne-priprema-prevoz-glasaca\/","name":"Montenegro erlajnz ne priprema prevoz glasa?a - Lajme nga Ulqini","isPartOf":{"@id":"https:\/\/www.visit-ulcinj.com\/blog\/#website"},"primaryImageOfPage":{"@id":"https:\/\/www.visit-ulcinj.com\/blog\/2008\/02\/28\/montenegro-erlajnz-ne-priprema-prevoz-glasaca\/#primaryimage"},"datePublished":"2008-02-28T08:33:57+00:00","dateModified":"2008-02-28T08:33:57+00:00","author":{"@id":"https:\/\/www.visit-ulcinj.com\/blog\/#\/schema\/person\/dcab619c614d3038751c63bc2aadc06d"},"breadcrumb":{"@id":"https:\/\/www.visit-ulcinj.com\/blog\/2008\/02\/28\/montenegro-erlajnz-ne-priprema-prevoz-glasaca\/#breadcrumb"},"inLanguage":"en-US","potentialAction":[{"@type":"ReadAction","target":["https:\/\/www.visit-ulcinj.com\/blog\/2008\/02\/28\/montenegro-erlajnz-ne-priprema-prevoz-glasaca\/"]}]},{"@type":"BreadcrumbList","@id":"https:\/\/www.visit-ulcinj.com\/blog\/2008\/02\/28\/montenegro-erlajnz-ne-priprema-prevoz-glasaca\/#breadcrumb","itemListElement":[{"@type":"ListItem","position":1,"name":"Montenegro erlajnz ne priprema prevoz glasa?a"}]},{"@type":"Person","@id":"https:\/\/www.visit-ulcinj.com\/blog\/#\/schema\/person\/dcab619c614d3038751c63bc2aadc06d","name":"ulqini","sameAs":["http:\/\/www.visit-ulcinj.com"],"url":"https:\/\/www.visit-ulcinj.com\/blog\/author\/admin\/"}]}},"jetpack_featured_media_url":"","jetpack_sharing_enabled":true,"jetpack_shortlink":"https:\/\/wp.me\/pe6lTn-b0","_links":{"self":[{"href":"https:\/\/www.visit-ulcinj.com\/blog\/wp-json\/wp\/v2\/posts\/682"}],"collection":[{"href":"https:\/\/www.visit-ulcinj.com\/blog\/wp-json\/wp\/v2\/posts"}],"about":[{"href":"https:\/\/www.visit-ulcinj.com\/blog\/wp-json\/wp\/v2\/types\/post"}],"author":[{"embeddable":true,"href":"https:\/\/www.visit-ulcinj.com\/blog\/wp-json\/wp\/v2\/users\/1"}],"replies":[{"embeddable":true,"href":"https:\/\/www.visit-ulcinj.com\/blog\/wp-json\/wp\/v2\/comments?post=682"}],"version-history":[{"count":0,"href":"https:\/\/www.visit-ulcinj.com\/blog\/wp-json\/wp\/v2\/posts\/682\/revisions"}],"wp:attachment":[{"href":"https:\/\/www.visit-ulcinj.com\/blog\/wp-json\/wp\/v2\/media?parent=682"}],"wp:term":[{"taxonomy":"category","embeddable":true,"href":"https:\/\/www.visit-ulcinj.com\/blog\/wp-json\/wp\/v2\/categories?post=682"},{"taxonomy":"post_tag","embeddable":true,"href":"https:\/\/www.visit-ulcinj.com\/blog\/wp-json\/wp\/v2\/tags?post=682"}],"curies":[{"name":"wp","href":"https:\/\/api.w.org\/{rel}","templated":true}]}}