{"id":6821,"date":"2008-12-04T18:37:40","date_gmt":"2008-12-04T17:37:40","guid":{"rendered":"http:\/\/www.visit-ulcinj.com\/blog\/?p=6821"},"modified":"2008-12-07T21:11:38","modified_gmt":"2008-12-07T20:11:38","slug":"te-vendosur-per-integrim-ne-be-dhe-nato","status":"publish","type":"post","link":"https:\/\/www.visit-ulcinj.com\/blog\/2008\/12\/04\/te-vendosur-per-integrim-ne-be-dhe-nato\/","title":{"rendered":"T\u00eb vendosur p\u00ebr integrim n\u00eb BE dhe NATO"},"content":{"rendered":"<p><a href=\"http:\/\/www.visit-ulcinj.com\/blog\/wp-content\/uploads\/2008\/12\/millo-gjukanoviq_sali-berisha.jpg\"><img loading=\"lazy\" class=\"alignleft size-medium wp-image-6822\" title=\"millo-gjukanoviq_sali-berisha\" src=\"http:\/\/www.visit-ulcinj.com\/blog\/wp-content\/uploads\/2008\/12\/millo-gjukanoviq_sali-berisha-300x248.jpg\" alt=\"\" width=\"327\" height=\"270\" srcset=\"https:\/\/www.visit-ulcinj.com\/blog\/wp-content\/uploads\/2008\/12\/millo-gjukanoviq_sali-berisha-300x248.jpg 300w, https:\/\/www.visit-ulcinj.com\/blog\/wp-content\/uploads\/2008\/12\/millo-gjukanoviq_sali-berisha.jpg 422w\" sizes=\"(max-width: 327px) 100vw, 327px\" \/><\/a>Kryeministri malazez, Millo Gjukanoviq, ka q\u00ebndruar t\u00eb mart\u00ebn p\u00ebr vizit\u00eb zyrtare n\u00eb Shqip\u00ebri, ku \u00ebsht\u00eb takuar me Kryeministrin, Sali Berisha, Kryetarin e Shqip\u00ebris\u00eb, Bamir Topin, Kryetaren e Kuvendit, Jozefina Topalli dhe Kryebashkiakun e Tiran\u00ebs, Edi Ram\u00ebn. N\u00eb qend\u00ebr t\u00eb v\u00ebmendjes t\u00eb dy kryeministrave ishte bashk\u00ebpunimi n\u00eb fush\u00ebn e ekonomis\u00eb, dhe integrimi i dy shteteve n\u00eb Bashkimin Europian.<br \/>\nKryetari i Qeveris\u00eb s\u00eb Malit t\u00eb Zi, Millo Gjukanoviq, i ftuar nga homologu i tij shqiptar, Sali Berisha, zhvilloi t\u00eb mart\u00ebn n\u00eb Tiran\u00eb nj\u00eb vizit\u00eb zyrtare s\u00eb bashku me delegacionin e tij q\u00eb e shoq\u00ebronte. Kryeministri Gjukanoviq n\u00eb Tiran\u00eb u mir\u00ebprit me nderimet m\u00eb t\u00eb larta shtet\u00ebrore. Te dy kryeministrat, Gjukanoviq dhe Berisha pas takimit t\u00eb tyre n\u00eb Kryeministri gjat\u00eb nj\u00eb konference p\u00ebr shtyp deklaruan se jan\u00eb t\u00eb vendosur p\u00ebr t\u00eb aplikuar p\u00ebr an\u00ebtar\u00ebsim n\u00eb BE.<br \/>\nNga ana e tij, kryeministri malazez Gjukanoviq u shpreh qart\u00eb se, &#8220;plani yn\u00eb \u00ebsht\u00eb t\u00eb aplikojm\u00eb p\u00ebr an\u00ebtar\u00ebsim n\u00eb BE gjat\u00eb takimit t\u00eb ardhsh\u00ebm, q\u00eb do t\u00eb mbahet n\u00eb Franc\u00eb&#8221;. &#8220;Ne po dialogojm\u00eb rreth k\u00ebsaj \u00e7\u00ebshtjeje si brenda vendit, ashtu edhe me Komisionin Evropian. Nuk do kisha \u00e7zt\u00eb shtoja m\u00eb tep\u00ebr nga sa tha zoti Berisha, para s\u00eb gjithash, \u00e7do hap n\u00eb k\u00ebt\u00eb drejtim duhet t\u00eb jet\u00eb i koordinuar, sepse \u00ebsht\u00eb n\u00eb diskutim nj\u00eb proces ballkanik. \u00cbsht\u00eb logjike q\u00eb hapa t\u00eb till\u00eb zakonisht duhen koordinuar me kryesuesin e takimit t\u00eb ardhsh\u00ebm t\u00eb BE-s\u00eb. Ky \u00ebsht\u00eb vet\u00ebm fillimi i nj\u00eb procesi dhe ne jemi n\u00eb nj\u00eb rrug\u00eb t\u00eb p\u00ebrbashk\u00ebt&#8221;, tha Gjukanoviq.<br \/>\nGjithashtu gjat\u00eb konferenc\u00ebs p\u00ebr shtyp, Kryeministri Sali Berisha vler\u00ebsoi rolin e homologut malazez, i cili me kurajo, guxim dhe vizionin e tij ka kontribuar n\u00eb paqen dhe sigurin\u00eb n\u00eb Ballkan dhe rajon, i cili mori vendimin e guximsh\u00ebm p\u00ebr njohjen e pavar\u00ebsis\u00eb s\u00eb Kosov\u00ebs. &#8220;Njohja q\u00eb vendi dhe qeveria e Malit t\u00eb Zi i b\u00ebn\u00eb Kosov\u00ebs, p\u00ebrb\u00ebjn\u00eb nj\u00eb baz\u00eb p\u00ebr marr\u00ebdh\u00ebnie t\u00eb shk\u00eblqyer midis dy vendeve&#8221;, tha Kryeministri Berisha.<br \/>\nT\u00eb dy kryeministrat konfirmuan se diskutuan gjer\u00ebsisht mbi zhvillimin e marr\u00ebdh\u00ebnieve n\u00eb t\u00eb gjitha fushat, duke r\u00ebn\u00eb dakord t\u00eb intensifikojn\u00eb t\u00eb gjitha p\u00ebrpjekjet p\u00ebr zgjerimin e bashk\u00ebpunimit ekonomik, q\u00eb po rritet si pasoj\u00eb e marr\u00ebveshjeve t\u00eb tregtis\u00eb s\u00eb lir\u00eb si dhe p\u00ebr bashk\u00ebpunim n\u00eb infrastruktur\u00eb. Gjukanoviq dhe Berisha ndan\u00eb pik\u00ebpamje t\u00eb nj\u00ebjta p\u00ebr forcimin e bashk\u00ebpunimit n\u00eb luft\u00ebn ndaj kriminalitetit dhe mbi zhvillimet n\u00eb rajon si dhe vendosm\u00ebrin\u00eb p\u00ebr integrimin n\u00eb NATO dhe Bashkimin Evropian.<br \/>\nTe dy kryeministrat u p\u00ebrqendruan po ashtu edhe n\u00eb nxitjen e perspektivave t\u00eb reja n\u00eb bashk\u00ebpunimin dypal\u00ebsh, aspiratat integruese europiane dhe euroatlantike dhe bashk\u00ebpunimi rajonal.<br \/>\nDy homolog\u00ebt i konsideruan marr\u00ebdh\u00ebniet dypal\u00ebshe t\u00eb shk\u00eblqyera dhe shpreh\u00ebn vullnetin p\u00ebr t\u00eb forcuar miq\u00ebsin\u00eb dhe bashk\u00ebpunimin e gjithansh\u00ebm midis dy vendeve. Vizita n\u00eb Tiran\u00eb dhe bisedimet dypal\u00ebshe u konsideruan nga ana e Kryeministrit Gjukanoviq nj\u00eb mund\u00ebsi e shk\u00eblqyer p\u00ebr t\u00eb sh\u00ebnuar nj\u00eb moment t\u00eb ri n\u00eb marr\u00ebdh\u00ebniet midis Malit t\u00eb Zi dhe Shqip\u00ebris\u00eb duke shprehur p\u00ebrg\u00ebzimet p\u00ebr marrjen nga Shqip\u00ebria t\u00eb ftes\u00ebs p\u00ebr an\u00ebtar\u00ebsim n\u00eb NATO.<br \/>\nN\u00eb bisedimet e tyre, dy delegacionet u ndal\u00ebn gjithashtu edhe n\u00eb zhvillimin e projekteve konkrete q\u00eb zgjerojn\u00eb bashk\u00ebpunimin mes dy vendeve, si n\u00eb fush\u00ebn e infrastruktur\u00ebs, projekti i nd\u00ebrtimit t\u00eb autostrad\u00ebs Adriatiko-Joniane, shqyrtimi i vendosjes s\u00eb lidhjeve detare Durr\u00ebs-Tivar dhe vendosja e linj\u00ebs ajrore Tiran\u00eb-Podgoric\u00eb. Kryeministri Berisha e njohu Kryeministrin Gjukanoviq p\u00ebr angazhimin e Qeveris\u00eb shqiptare p\u00ebr tzi krijuar qeveris\u00eb malazeze t\u00eb gjitha leht\u00ebsit\u00eb e nevojshme p\u00ebr autostrad\u00ebn Podgoric\u00eb-Plav\u00eb, e cila n\u00eb disa kilometra t\u00eb saj do t\u00eb kaloj\u00eb p\u00ebrmes territorit shqiptar.Po ashtu, Berisha e njohu homologun e tij se po ecet me shpejt\u00ebsi n\u00eb drejtim t\u00eb p\u00ebrmir\u00ebsimit t\u00eb infrastruktur\u00ebs q\u00eb lidh dy vendet, si rruga Shkod\u00ebr-Hani i Hotit, Sh\u00ebngjin-Ulqin dhe V\u00ebrmosh-Shkod\u00ebr, pastaj bashk\u00ebpunimin n\u00eb fush\u00ebn e turizmit.<br \/>\n&#8220;Shqiptar\u00ebt kan\u00eb pasur dhe kan\u00eb tek Millo Gjukanoviq nj\u00eb mik t\u00eb \u00e7muar dhe mik t\u00eb dit\u00ebve t\u00eb tyre t\u00eb v\u00ebshtira. Ndihma e \u00e7muar q\u00eb ai personalisht dhe kombi i tij iu dhan\u00eb shqiptar\u00ebve n\u00eb dit\u00ebt e tyre m\u00eb t\u00eb v\u00ebshtira, njohja q\u00eb qeveria dhe vendi i tij i b\u00ebn\u00eb pavar\u00ebsis\u00eb s\u00eb Kosov\u00ebs, p\u00ebrb\u00ebjn\u00eb nj\u00eb baz\u00eb p\u00ebr marr\u00ebdh\u00ebnie t\u00eb shk\u00eblqyera midis dy vendeve&#8221;, u shpreh Berisha duke shtuar se &#8220;n\u00eb Mal t\u00eb Zi jeton nj\u00eb pakic\u00eb shqiptare, e cila g\u00ebzon standardet europiane t\u00eb lirive dhe t\u00eb drejtave q\u00eb u takojn\u00eb. Ata marrin pjes\u00eb aktive n\u00eb konsolidimin e shtetit ligjor dhe ekonomis\u00eb s\u00eb tregut n\u00eb vendin e tyre. Pakica malazeze q\u00eb jeton n\u00eb Shqip\u00ebri g\u00ebzon t\u00eb gjitha t\u00eb drejtat q\u00eb u takojn\u00eb me konventat nd\u00ebrkomb\u00ebtare&#8221;.<br \/>\nKryeministri Gjukanoviq shprehu vler\u00ebsimet p\u00ebr rolin konstruktiv t\u00eb Qeveris\u00eb shqiptare n\u00eb zgjidhjen e \u00e7\u00ebshtjes s\u00eb Kosov\u00ebs.<br \/>\nPas takimit me Berish\u00ebn, Gjukanoviq u takua edhe me Kryetarin e Shqip\u00ebris\u00eb, Bamir Topin, Kryetaren e Parlamentit, Jozefina Topallin dhe Kryebashkiakun e Tiran\u00ebs, Edi Ram\u00ebn.<br \/>\n<strong>Rr.D.<br \/>\nKoha Javore<\/strong><\/p>\n","protected":false},"excerpt":{"rendered":"<p>Kryeministri malazez, Millo Gjukanoviq, ka q\u00ebndruar t\u00eb mart\u00ebn p\u00ebr vizit\u00eb zyrtare n\u00eb Shqip\u00ebri, ku \u00ebsht\u00eb takuar me Kryeministrin, Sali Berisha, Kryetarin e Shqip\u00ebris\u00eb, Bamir Topin, Kryetaren e Kuvendit, Jozefina Topalli dhe Kryebashkiakun e Tiran\u00ebs, Edi Ram\u00ebn. N\u00eb qend\u00ebr t\u00eb v\u00ebmendjes t\u00eb dy kryeministrave ishte bashk\u00ebpunimi n\u00eb fush\u00ebn e ekonomis\u00eb, dhe integrimi i dy shteteve n\u00eb [&hellip;]<\/p>\n","protected":false},"author":1,"featured_media":0,"comment_status":"open","ping_status":"closed","sticky":false,"template":"","format":"standard","meta":{"spay_email":"","jetpack_publicize_message":"","jetpack_is_tweetstorm":false,"jetpack_publicize_feature_enabled":true},"categories":[14],"tags":[2806,2224],"jetpack_publicize_connections":[],"yoast_head":"<!-- This site is optimized with the Yoast SEO plugin v19.1 - https:\/\/yoast.com\/wordpress\/plugins\/seo\/ -->\n<title>T\u00eb vendosur p\u00ebr integrim n\u00eb BE dhe NATO - Lajme nga Ulqini<\/title>\n<meta name=\"description\" content=\"Kryeministri malazez, Millo Gjukanoviq, ka q\u00ebndruar t\u00eb mart\u00ebn p\u00ebr vizit\u00eb zyrtare n\u00eb Shqip\u00ebri, ku \u00ebsht\u00eb takuar me Kryeministrin, Sali Berisha, Kryetarin e\" \/>\n<meta name=\"robots\" content=\"index, follow, max-snippet:-1, max-image-preview:large, max-video-preview:-1\" \/>\n<link rel=\"canonical\" href=\"https:\/\/www.visit-ulcinj.com\/blog\/2008\/12\/04\/te-vendosur-per-integrim-ne-be-dhe-nato\/\" \/>\n<meta property=\"og:locale\" content=\"en_US\" \/>\n<meta property=\"og:type\" content=\"article\" \/>\n<meta property=\"og:title\" content=\"T\u00eb vendosur p\u00ebr integrim n\u00eb BE dhe NATO - Lajme nga Ulqini\" \/>\n<meta property=\"og:description\" content=\"Kryeministri malazez, Millo Gjukanoviq, ka q\u00ebndruar t\u00eb mart\u00ebn p\u00ebr vizit\u00eb zyrtare n\u00eb Shqip\u00ebri, ku \u00ebsht\u00eb takuar me Kryeministrin, Sali Berisha, Kryetarin e\" \/>\n<meta property=\"og:url\" content=\"https:\/\/www.visit-ulcinj.com\/blog\/2008\/12\/04\/te-vendosur-per-integrim-ne-be-dhe-nato\/\" \/>\n<meta property=\"og:site_name\" content=\"Lajme nga Ulqini\" \/>\n<meta property=\"article:published_time\" content=\"2008-12-04T17:37:40+00:00\" \/>\n<meta property=\"article:modified_time\" content=\"2008-12-07T20:11:38+00:00\" \/>\n<meta property=\"og:image\" content=\"http:\/\/www.visit-ulcinj.com\/blog\/wp-content\/uploads\/2008\/12\/millo-gjukanoviq_sali-berisha-300x248.jpg\" \/>\n<meta name=\"twitter:label1\" content=\"Written by\" \/>\n\t<meta name=\"twitter:data1\" content=\"ulqini\" \/>\n\t<meta name=\"twitter:label2\" content=\"Est. reading time\" \/>\n\t<meta name=\"twitter:data2\" content=\"5 minutes\" \/>\n<script type=\"application\/ld+json\" class=\"yoast-schema-graph\">{\"@context\":\"https:\/\/schema.org\",\"@graph\":[{\"@type\":\"WebSite\",\"@id\":\"https:\/\/www.visit-ulcinj.com\/blog\/#website\",\"url\":\"https:\/\/www.visit-ulcinj.com\/blog\/\",\"name\":\"Lajme nga Ulqini\",\"description\":\"Lajme,Vijesti,Ulqini,Ulqin,Crna Gora,Mali i Zi\",\"potentialAction\":[{\"@type\":\"SearchAction\",\"target\":{\"@type\":\"EntryPoint\",\"urlTemplate\":\"https:\/\/www.visit-ulcinj.com\/blog\/?s={search_term_string}\"},\"query-input\":\"required name=search_term_string\"}],\"inLanguage\":\"en-US\"},{\"@type\":\"ImageObject\",\"inLanguage\":\"en-US\",\"@id\":\"https:\/\/www.visit-ulcinj.com\/blog\/2008\/12\/04\/te-vendosur-per-integrim-ne-be-dhe-nato\/#primaryimage\",\"url\":\"http:\/\/www.visit-ulcinj.com\/blog\/wp-content\/uploads\/2008\/12\/millo-gjukanoviq_sali-berisha-300x248.jpg\",\"contentUrl\":\"http:\/\/www.visit-ulcinj.com\/blog\/wp-content\/uploads\/2008\/12\/millo-gjukanoviq_sali-berisha-300x248.jpg\"},{\"@type\":\"WebPage\",\"@id\":\"https:\/\/www.visit-ulcinj.com\/blog\/2008\/12\/04\/te-vendosur-per-integrim-ne-be-dhe-nato\/#webpage\",\"url\":\"https:\/\/www.visit-ulcinj.com\/blog\/2008\/12\/04\/te-vendosur-per-integrim-ne-be-dhe-nato\/\",\"name\":\"T\u00eb vendosur p\u00ebr integrim n\u00eb BE dhe NATO - Lajme nga Ulqini\",\"isPartOf\":{\"@id\":\"https:\/\/www.visit-ulcinj.com\/blog\/#website\"},\"primaryImageOfPage\":{\"@id\":\"https:\/\/www.visit-ulcinj.com\/blog\/2008\/12\/04\/te-vendosur-per-integrim-ne-be-dhe-nato\/#primaryimage\"},\"datePublished\":\"2008-12-04T17:37:40+00:00\",\"dateModified\":\"2008-12-07T20:11:38+00:00\",\"author\":{\"@id\":\"https:\/\/www.visit-ulcinj.com\/blog\/#\/schema\/person\/dcab619c614d3038751c63bc2aadc06d\"},\"description\":\"Kryeministri malazez, Millo Gjukanoviq, ka q\u00ebndruar t\u00eb mart\u00ebn p\u00ebr vizit\u00eb zyrtare n\u00eb Shqip\u00ebri, ku \u00ebsht\u00eb takuar me Kryeministrin, Sali Berisha, Kryetarin e\",\"breadcrumb\":{\"@id\":\"https:\/\/www.visit-ulcinj.com\/blog\/2008\/12\/04\/te-vendosur-per-integrim-ne-be-dhe-nato\/#breadcrumb\"},\"inLanguage\":\"en-US\",\"potentialAction\":[{\"@type\":\"ReadAction\",\"target\":[\"https:\/\/www.visit-ulcinj.com\/blog\/2008\/12\/04\/te-vendosur-per-integrim-ne-be-dhe-nato\/\"]}]},{\"@type\":\"BreadcrumbList\",\"@id\":\"https:\/\/www.visit-ulcinj.com\/blog\/2008\/12\/04\/te-vendosur-per-integrim-ne-be-dhe-nato\/#breadcrumb\",\"itemListElement\":[{\"@type\":\"ListItem\",\"position\":1,\"name\":\"T\u00eb vendosur p\u00ebr integrim n\u00eb BE dhe NATO\"}]},{\"@type\":\"Person\",\"@id\":\"https:\/\/www.visit-ulcinj.com\/blog\/#\/schema\/person\/dcab619c614d3038751c63bc2aadc06d\",\"name\":\"ulqini\",\"sameAs\":[\"http:\/\/www.visit-ulcinj.com\"],\"url\":\"https:\/\/www.visit-ulcinj.com\/blog\/author\/admin\/\"}]}<\/script>\n<!-- \/ Yoast SEO plugin. -->","yoast_head_json":{"title":"T\u00eb vendosur p\u00ebr integrim n\u00eb BE dhe NATO - Lajme nga Ulqini","description":"Kryeministri malazez, Millo Gjukanoviq, ka q\u00ebndruar t\u00eb mart\u00ebn p\u00ebr vizit\u00eb zyrtare n\u00eb Shqip\u00ebri, ku \u00ebsht\u00eb takuar me Kryeministrin, Sali Berisha, Kryetarin e","robots":{"index":"index","follow":"follow","max-snippet":"max-snippet:-1","max-image-preview":"max-image-preview:large","max-video-preview":"max-video-preview:-1"},"canonical":"https:\/\/www.visit-ulcinj.com\/blog\/2008\/12\/04\/te-vendosur-per-integrim-ne-be-dhe-nato\/","og_locale":"en_US","og_type":"article","og_title":"T\u00eb vendosur p\u00ebr integrim n\u00eb BE dhe NATO - Lajme nga Ulqini","og_description":"Kryeministri malazez, Millo Gjukanoviq, ka q\u00ebndruar t\u00eb mart\u00ebn p\u00ebr vizit\u00eb zyrtare n\u00eb Shqip\u00ebri, ku \u00ebsht\u00eb takuar me Kryeministrin, Sali Berisha, Kryetarin e","og_url":"https:\/\/www.visit-ulcinj.com\/blog\/2008\/12\/04\/te-vendosur-per-integrim-ne-be-dhe-nato\/","og_site_name":"Lajme nga Ulqini","article_published_time":"2008-12-04T17:37:40+00:00","article_modified_time":"2008-12-07T20:11:38+00:00","og_image":[{"url":"http:\/\/www.visit-ulcinj.com\/blog\/wp-content\/uploads\/2008\/12\/millo-gjukanoviq_sali-berisha-300x248.jpg"}],"twitter_misc":{"Written by":"ulqini","Est. reading time":"5 minutes"},"schema":{"@context":"https:\/\/schema.org","@graph":[{"@type":"WebSite","@id":"https:\/\/www.visit-ulcinj.com\/blog\/#website","url":"https:\/\/www.visit-ulcinj.com\/blog\/","name":"Lajme nga Ulqini","description":"Lajme,Vijesti,Ulqini,Ulqin,Crna Gora,Mali i Zi","potentialAction":[{"@type":"SearchAction","target":{"@type":"EntryPoint","urlTemplate":"https:\/\/www.visit-ulcinj.com\/blog\/?s={search_term_string}"},"query-input":"required name=search_term_string"}],"inLanguage":"en-US"},{"@type":"ImageObject","inLanguage":"en-US","@id":"https:\/\/www.visit-ulcinj.com\/blog\/2008\/12\/04\/te-vendosur-per-integrim-ne-be-dhe-nato\/#primaryimage","url":"http:\/\/www.visit-ulcinj.com\/blog\/wp-content\/uploads\/2008\/12\/millo-gjukanoviq_sali-berisha-300x248.jpg","contentUrl":"http:\/\/www.visit-ulcinj.com\/blog\/wp-content\/uploads\/2008\/12\/millo-gjukanoviq_sali-berisha-300x248.jpg"},{"@type":"WebPage","@id":"https:\/\/www.visit-ulcinj.com\/blog\/2008\/12\/04\/te-vendosur-per-integrim-ne-be-dhe-nato\/#webpage","url":"https:\/\/www.visit-ulcinj.com\/blog\/2008\/12\/04\/te-vendosur-per-integrim-ne-be-dhe-nato\/","name":"T\u00eb vendosur p\u00ebr integrim n\u00eb BE dhe NATO - Lajme nga Ulqini","isPartOf":{"@id":"https:\/\/www.visit-ulcinj.com\/blog\/#website"},"primaryImageOfPage":{"@id":"https:\/\/www.visit-ulcinj.com\/blog\/2008\/12\/04\/te-vendosur-per-integrim-ne-be-dhe-nato\/#primaryimage"},"datePublished":"2008-12-04T17:37:40+00:00","dateModified":"2008-12-07T20:11:38+00:00","author":{"@id":"https:\/\/www.visit-ulcinj.com\/blog\/#\/schema\/person\/dcab619c614d3038751c63bc2aadc06d"},"description":"Kryeministri malazez, Millo Gjukanoviq, ka q\u00ebndruar t\u00eb mart\u00ebn p\u00ebr vizit\u00eb zyrtare n\u00eb Shqip\u00ebri, ku \u00ebsht\u00eb takuar me Kryeministrin, Sali Berisha, Kryetarin e","breadcrumb":{"@id":"https:\/\/www.visit-ulcinj.com\/blog\/2008\/12\/04\/te-vendosur-per-integrim-ne-be-dhe-nato\/#breadcrumb"},"inLanguage":"en-US","potentialAction":[{"@type":"ReadAction","target":["https:\/\/www.visit-ulcinj.com\/blog\/2008\/12\/04\/te-vendosur-per-integrim-ne-be-dhe-nato\/"]}]},{"@type":"BreadcrumbList","@id":"https:\/\/www.visit-ulcinj.com\/blog\/2008\/12\/04\/te-vendosur-per-integrim-ne-be-dhe-nato\/#breadcrumb","itemListElement":[{"@type":"ListItem","position":1,"name":"T\u00eb vendosur p\u00ebr integrim n\u00eb BE dhe NATO"}]},{"@type":"Person","@id":"https:\/\/www.visit-ulcinj.com\/blog\/#\/schema\/person\/dcab619c614d3038751c63bc2aadc06d","name":"ulqini","sameAs":["http:\/\/www.visit-ulcinj.com"],"url":"https:\/\/www.visit-ulcinj.com\/blog\/author\/admin\/"}]}},"jetpack_featured_media_url":"","jetpack_sharing_enabled":true,"jetpack_shortlink":"https:\/\/wp.me\/pe6lTn-1M1","_links":{"self":[{"href":"https:\/\/www.visit-ulcinj.com\/blog\/wp-json\/wp\/v2\/posts\/6821"}],"collection":[{"href":"https:\/\/www.visit-ulcinj.com\/blog\/wp-json\/wp\/v2\/posts"}],"about":[{"href":"https:\/\/www.visit-ulcinj.com\/blog\/wp-json\/wp\/v2\/types\/post"}],"author":[{"embeddable":true,"href":"https:\/\/www.visit-ulcinj.com\/blog\/wp-json\/wp\/v2\/users\/1"}],"replies":[{"embeddable":true,"href":"https:\/\/www.visit-ulcinj.com\/blog\/wp-json\/wp\/v2\/comments?post=6821"}],"version-history":[{"count":0,"href":"https:\/\/www.visit-ulcinj.com\/blog\/wp-json\/wp\/v2\/posts\/6821\/revisions"}],"wp:attachment":[{"href":"https:\/\/www.visit-ulcinj.com\/blog\/wp-json\/wp\/v2\/media?parent=6821"}],"wp:term":[{"taxonomy":"category","embeddable":true,"href":"https:\/\/www.visit-ulcinj.com\/blog\/wp-json\/wp\/v2\/categories?post=6821"},{"taxonomy":"post_tag","embeddable":true,"href":"https:\/\/www.visit-ulcinj.com\/blog\/wp-json\/wp\/v2\/tags?post=6821"}],"curies":[{"name":"wp","href":"https:\/\/api.w.org\/{rel}","templated":true}]}}