{"id":68217,"date":"2013-02-01T19:52:13","date_gmt":"2013-02-01T18:52:13","guid":{"rendered":"http:\/\/www.visit-ulcinj.com\/blog\/?p=68217"},"modified":"2013-02-01T19:52:13","modified_gmt":"2013-02-01T18:52:13","slug":"sve-vise-ulcinjana-napusta-grad-i-odlazi-u-inostranstvo","status":"publish","type":"post","link":"https:\/\/www.visit-ulcinj.com\/blog\/2013\/02\/01\/sve-vise-ulcinjana-napusta-grad-i-odlazi-u-inostranstvo\/","title":{"rendered":"Sve vi\u0161e Ulcinjana napu\u0161ta grad i odlazi u inostranstvo"},"content":{"rendered":"<p><strong>Zbog katastrofalne ekonomske situacije, sve vi\u0161e ulcinjana napu\u0161ta grad i odlazi u inostranstvo<\/strong><\/p>\n<p><strong>\u00a0Iselilo se 6.000 ljudi<\/strong><\/p>\n<p><strong>Novi hoteli i nova radna mjesta ne\u0107e sti\u0107i preko no\u0107i, za to je potrebno vrijeme. Sve dok ne budemo imali \u0161ta da ponudimo mladima ne mo\u017eemo o\u010dekivati da se iseljavanje zaustavi, kazao je Maksut Had\u017eibrahimovi\u0107<br \/>\n<a href=\"http:\/\/www.visit-ulcinj.com\/blog\/wp-content\/uploads\/2013\/02\/Iselilo-se-6.000-ljudi-IZ-ULCINJA.jpg\"><img loading=\"lazy\" class=\"alignleft  wp-image-68218\" alt=\"Iselilo se 6.000 ljudi IZ ULCINJA\" src=\"http:\/\/www.visit-ulcinj.com\/blog\/wp-content\/uploads\/2013\/02\/Iselilo-se-6.000-ljudi-IZ-ULCINJA.jpg\" width=\"508\" height=\"332\" \/><\/a><br \/>\n<\/strong><\/p>\n<p>Ulcinj je jedini grad na Crnogorskom primorju koji je za ne\u0161to vi\u0161e od dvije decenije ostao bez vi\u0161e od \u010detvrtine ukupnog broja stanovnika. Iako zvani\u010dnih podataka o tome nema, mnogi tvrde da je samo iz Ulcinja i okoline od po\u010detka devedesetih godina oti\u0161lo skoro \u0161est hiljada ljudi. Iselile su se \u010ditave porodice, rje\u0111e u unutra\u0161njost Crne Gore, naj\u010de\u0161\u0107e u inostranstvo, ostavljaju\u0107i ili prodaju\u0107i svoja imanja. Poznato je da se zbog nemogu\u0107nosti da na\u0111u posao mladi Ulcinjani nakon zavr\u0161enog \u0161kolovanja ne vra\u0107aju u mjesto gdje su proveli djetinjstvo. Ulcinjani uglavnom emigriraju u druge gradove i dr\u017eave tra\u017ee\u0107i bolje uslove za sebe i svoje porodice. Profesor geografije na nik\u0161i\u0107kom Filozofskom fakultetu, ina\u010de Ulcinjanin, Maksut Had\u017eibrahimovi\u0107, ka\u017ee da je prema njegovim istra\u017eivanjima od kraja osamdesetih do danas najju\u017eniju op\u0161tinu napustio ogroman broj stanovnika.<br \/>\n\u2013 Prema nekim podacima, u dijaspori ima oko pet do \u0161est hiljada Ulcinjana. To je veliki broj, a jedini razlog, po mom mi\u0161ljenju, le\u017ei u tome \u0161to je ovo sada definitivno neperspektivna op\u0161tina. Svake godine se pove\u0107ava broj mladih ljudi koji zavr\u0161avaju \u0161kole i koji ne mogu da na\u0111u posao. Za pripravni\u010dki sta\u017e se \u010deka po par godina, a onda jo\u0161 nekoliko za posao, pa se ne treba \u010duditi \u0161to je na svakom popisu od 1991. godine stanovnika sve manje. \u0160ta im preostaje u takvoj situaciji nego da emigriraju u neku zapadnoevropsku zemlju ili preko Atlantika, kao \u0161to je slu\u010daj s ve\u0107inom stanovnika koji su napustili Ulcinj?! Ljudi iz egzistencijalnih razloga jednako odlaze iz svih djelova op\u0161tine: iz Krajine, Anamalskog polja, iz grada&#8230; Prema statisti\u010dkim podacima, Ulcinj je 1991. godine imao oko 26.000 stanovnika, a na poslednjem popisu bilo ih je 20.265. To zna\u010di da je za relativno kratak period zna\u010dajno smanjen broj stanovnika \u2013 kazao je Had\u017eibrahimovi\u0107.<br \/>\nPrvi \u010dovjek op\u0161tine Nazif Cungu smatra da uzroke iseljavanja treba tra\u017eiti isklju\u010divo u sferi ekonomske stagnacije, koja traje od po\u010detka devedesetih.<br \/>\n<a href=\"http:\/\/www.visit-ulcinj.com\/blog\/wp-content\/uploads\/2013\/02\/NAZIF-CUNGU.jpg\"><img loading=\"lazy\" class=\"alignleft  wp-image-68220\" alt=\"NAZIF CUNGU\" src=\"http:\/\/www.visit-ulcinj.com\/blog\/wp-content\/uploads\/2013\/02\/NAZIF-CUNGU.jpg\" width=\"508\" height=\"300\" \/><\/a><br \/>\n\u2013 U proteklih dvadesetak godina zatvoreno je mnogo firmi i uga\u0161eno mnogo radnih mjesta. Nekada\u0161nji nosilac razvoja poljoprivrede, firma \u201eAgro Ulcinj\u201d vi\u0161e ne postoji, HTP Ulcinjska rivijera je sa 1.570 radnih mjesta devedesetih godina spala na svega dvadesetak zaposlenih, propalo je GP Primorje, a bez posla su ostali mnogi radnici nekada\u0161njeg giganta Solane. Du\u017ei period nije bilo ni urbanisti\u010dkih planova, a samim tim ni novih investicija tako da se sve to odrazilo na ukupni razvoj. Zavladao je op\u0161ti pesimizam kod ljudi, a mnogi su oti\u0161li trbuhom za kruhom \u2013 kazao je Cungu. On smatra da, uprkos te\u0161koj situaciji u kojoj se trenutno nalazi, najju\u017enija op\u0161tina ima velikih izleda da se taj negativni trend smanjenja broja stanovnika u skorije vrijeme zaustavi.<br \/>\n\u2013 Stvaramo uslove za po\u010detak investicija. Do 2014. godine kompletna op\u0161tina bi\u0107e pokrivena urbanisti\u010dkim planovima. Rade se projekti pobolj\u0161anja infrastrukture i otvaranja biznis zona. O\u010dekujemo gradnju hotela i otvaranje novih radnih mjesta. Ra\u010dunam da mo\u017eemo krenuti naprijed i da mladi ljudi imaju perspektivu ako ostanu u ovom gradu \u2013 poru\u010duje Cungu.<br \/>\nHad\u017eibrahimovi\u0107, me\u0111utim, smatra da su mladi ljudi izgubili strpljenje i da \u0107e biti vrlo te\u0161ko motivisati ih da ostanu u gradu.<br \/>\n\u2013 Novi hoteli i nova radna mjesta ne\u0107e sti\u0107i preko no\u0107i. Za to je potrebno vrijeme. Sve dok ne budemo imali \u0161ta da im ponudimo ne mo\u017eemo o\u010dekivati da se iseljavanje zaustavi. Velika je \u0161teta i za op\u0161tinu i za dr\u017eavu \u0161to su ostale bez mladih \u0161kolovanih kadrova. Oni su sad svuda po svijetu i malo ko \u0107e se od njih vratiti \u2013 smatra Had\u017eibrahimovi\u0107.<\/p>\n<p><strong>Pad po\u010deo devedesetih<\/strong><br \/>\nPrema popisu stanovni\u0161tva iz 2011. godine, op\u0161tina Ulcinj imala je 20.265 stanovnika, raspore\u0111enih u 39 naseljenih mjesta. U urbanom dijelu op\u0161tine \u017eivi 10.828 stanovnika, dok je ostatak naseljen u ruralnim podru\u010djima. Nacionalni sastav stanovni\u0161tva je slede\u0107i: najvi\u0161e je Albanaca 14.638 (72,14 odsto), Crnogoraca ima 2.421 (11,93 odsto), Srba je 1.509 (7,43 odsto), Muslimana 681 (3,35 odsto), a Bo\u0161njaka 297 (1,46 odsto). Ostalu populaciju \u010dine Romi i Egip\u0107ani, Hrvati, Makedonci. Ukupno je 7.810 punoljetnih stanovnika, a prosje\u010dna starost stanovni\u0161tva iznosi 35,1 godina (34,4 kod mu\u0161karaca i 35,8 kod \u017eena). Na teritoriji op\u0161tine ima 2.916 doma\u0107instava, a prosje\u010dan broj \u010dlanova po doma\u0107instvu je 3,71. Od 1948. godine, kada je ura\u0111en prvi posleratni popis, Ulcinj je bilje\u017eio trend rasta stanovni\u0161tva sve do 1991. godine.<\/p>\n<p><a href=\"http:\/\/www.visit-ulcinj.com\/blog\/wp-content\/uploads\/2013\/02\/Becir-Zati.jpg\"><img loading=\"lazy\" class=\"alignleft  wp-image-68219\" alt=\"Becir Zati\" src=\"http:\/\/www.visit-ulcinj.com\/blog\/wp-content\/uploads\/2013\/02\/Becir-Zati.jpg\" width=\"350\" height=\"392\" \/><\/a><strong>Dati \u0161ansu mladima<\/strong><\/p>\n<p>Be\u0107ir Zati, turisti\u010dki radnik: \u2013 Mladi \u0161kolovani ljudi nemaju perspektivu kakvu je imala moja genaracija. Ekonomska kriza je nepovoljno uticala na mlade kadrove. Ja sam, ipak, optimista kad je rije\u010d o budu\u0107nosti, jer smatram da tek treba da uslijedi bolji period koji \u0107e mladi iskoristiti.<br \/>\nRajko Bogojevi\u0107, penzioner: \u2013 Situacija nije idealna ali smatram da se boljom organizacijom u svim strukturama mogu otvoriti nova radna mjesta koja \u0107e zauzeti mladi kadrovi. O\u010dekujem da \u0107e se situacija znatno popraviti, jer su nam neophodne mlade snage.<br \/>\nFuad Beci\u0107, agent prodaje: Opitimista sam kada je u pitanju perspektiva mladih ljudi u gradu. Smatram da \u0107e svi mladi ljudi u budu\u0107nosti imati \u0161ansu da se iska\u017eu, a da li \u0107e u tome uspjeti zavisi isklju\u010divo od njihovih organizacionih sposobnosti.<\/p>\n<p><a href=\"http:\/\/www.dan.co.me\/?nivo=3&amp;rubrika=Regioni&amp;clanak=365501&amp;datum=2013-02-01&amp;naslov=Iselilo%20se%206.000%20ljudi\" target=\"_blank\"><strong>Izvor: DAN<\/strong><\/p>\n<p><\/a><\/p>\n","protected":false},"excerpt":{"rendered":"<p>Zbog katastrofalne ekonomske situacije, sve vi\u0161e ulcinjana napu\u0161ta grad i odlazi u inostranstvo \u00a0Iselilo se 6.000 ljudi Novi hoteli i nova radna mjesta ne\u0107e sti\u0107i preko no\u0107i, za to je potrebno vrijeme. Sve dok ne budemo imali \u0161ta da ponudimo mladima ne mo\u017eemo o\u010dekivati da se iseljavanje zaustavi, kazao je Maksut Had\u017eibrahimovi\u0107 Ulcinj je jedini [&hellip;]<\/p>\n","protected":false},"author":1,"featured_media":0,"comment_status":"open","ping_status":"closed","sticky":false,"template":"","format":"standard","meta":{"spay_email":"","jetpack_publicize_message":"","jetpack_is_tweetstorm":false,"jetpack_publicize_feature_enabled":true},"categories":[8337],"tags":[19],"jetpack_publicize_connections":[],"yoast_head":"<!-- This site is optimized with the Yoast SEO plugin v19.1 - https:\/\/yoast.com\/wordpress\/plugins\/seo\/ -->\n<title>Sve vi\u0161e Ulcinjana napu\u0161ta grad i odlazi u inostranstvo - Lajme nga Ulqini<\/title>\n<meta name=\"description\" content=\"Zbog katastrofalne ekonomske situacije, sve vi\u0161e ulcinjana napu\u0161ta grad i odlazi u inostranstvo \u00a0Iselilo se 6.000 ljudi Novi hoteli i nova radna mjesta\" \/>\n<meta name=\"robots\" content=\"index, follow, max-snippet:-1, max-image-preview:large, max-video-preview:-1\" \/>\n<link rel=\"canonical\" href=\"https:\/\/www.visit-ulcinj.com\/blog\/2013\/02\/01\/sve-vise-ulcinjana-napusta-grad-i-odlazi-u-inostranstvo\/\" \/>\n<meta property=\"og:locale\" content=\"en_US\" \/>\n<meta property=\"og:type\" content=\"article\" \/>\n<meta property=\"og:title\" content=\"Sve vi\u0161e Ulcinjana napu\u0161ta grad i odlazi u inostranstvo - Lajme nga Ulqini\" \/>\n<meta property=\"og:description\" content=\"Zbog katastrofalne ekonomske situacije, sve vi\u0161e ulcinjana napu\u0161ta grad i odlazi u inostranstvo \u00a0Iselilo se 6.000 ljudi Novi hoteli i nova radna mjesta\" \/>\n<meta property=\"og:url\" content=\"https:\/\/www.visit-ulcinj.com\/blog\/2013\/02\/01\/sve-vise-ulcinjana-napusta-grad-i-odlazi-u-inostranstvo\/\" \/>\n<meta property=\"og:site_name\" content=\"Lajme nga Ulqini\" \/>\n<meta property=\"article:published_time\" content=\"2013-02-01T18:52:13+00:00\" \/>\n<meta property=\"og:image\" content=\"http:\/\/www.visit-ulcinj.com\/blog\/wp-content\/uploads\/2013\/02\/Iselilo-se-6.000-ljudi-IZ-ULCINJA.jpg\" \/>\n<meta name=\"twitter:label1\" content=\"Written by\" \/>\n\t<meta name=\"twitter:data1\" content=\"ulqini\" \/>\n\t<meta name=\"twitter:label2\" content=\"Est. reading time\" \/>\n\t<meta name=\"twitter:data2\" content=\"5 minutes\" \/>\n<script type=\"application\/ld+json\" class=\"yoast-schema-graph\">{\"@context\":\"https:\/\/schema.org\",\"@graph\":[{\"@type\":\"WebSite\",\"@id\":\"https:\/\/www.visit-ulcinj.com\/blog\/#website\",\"url\":\"https:\/\/www.visit-ulcinj.com\/blog\/\",\"name\":\"Lajme nga Ulqini\",\"description\":\"Lajme,Vijesti,Ulqini,Ulqin,Crna Gora,Mali i Zi\",\"potentialAction\":[{\"@type\":\"SearchAction\",\"target\":{\"@type\":\"EntryPoint\",\"urlTemplate\":\"https:\/\/www.visit-ulcinj.com\/blog\/?s={search_term_string}\"},\"query-input\":\"required name=search_term_string\"}],\"inLanguage\":\"en-US\"},{\"@type\":\"ImageObject\",\"inLanguage\":\"en-US\",\"@id\":\"https:\/\/www.visit-ulcinj.com\/blog\/2013\/02\/01\/sve-vise-ulcinjana-napusta-grad-i-odlazi-u-inostranstvo\/#primaryimage\",\"url\":\"https:\/\/www.visit-ulcinj.com\/blog\/wp-content\/uploads\/2013\/02\/Iselilo-se-6.000-ljudi-IZ-ULCINJA.jpg\",\"contentUrl\":\"https:\/\/www.visit-ulcinj.com\/blog\/wp-content\/uploads\/2013\/02\/Iselilo-se-6.000-ljudi-IZ-ULCINJA.jpg\",\"width\":443,\"height\":332},{\"@type\":\"WebPage\",\"@id\":\"https:\/\/www.visit-ulcinj.com\/blog\/2013\/02\/01\/sve-vise-ulcinjana-napusta-grad-i-odlazi-u-inostranstvo\/#webpage\",\"url\":\"https:\/\/www.visit-ulcinj.com\/blog\/2013\/02\/01\/sve-vise-ulcinjana-napusta-grad-i-odlazi-u-inostranstvo\/\",\"name\":\"Sve vi\u0161e Ulcinjana napu\u0161ta grad i odlazi u inostranstvo - Lajme nga Ulqini\",\"isPartOf\":{\"@id\":\"https:\/\/www.visit-ulcinj.com\/blog\/#website\"},\"primaryImageOfPage\":{\"@id\":\"https:\/\/www.visit-ulcinj.com\/blog\/2013\/02\/01\/sve-vise-ulcinjana-napusta-grad-i-odlazi-u-inostranstvo\/#primaryimage\"},\"datePublished\":\"2013-02-01T18:52:13+00:00\",\"dateModified\":\"2013-02-01T18:52:13+00:00\",\"author\":{\"@id\":\"https:\/\/www.visit-ulcinj.com\/blog\/#\/schema\/person\/dcab619c614d3038751c63bc2aadc06d\"},\"description\":\"Zbog katastrofalne ekonomske situacije, sve vi\u0161e ulcinjana napu\u0161ta grad i odlazi u inostranstvo \u00a0Iselilo se 6.000 ljudi Novi hoteli i nova radna mjesta\",\"breadcrumb\":{\"@id\":\"https:\/\/www.visit-ulcinj.com\/blog\/2013\/02\/01\/sve-vise-ulcinjana-napusta-grad-i-odlazi-u-inostranstvo\/#breadcrumb\"},\"inLanguage\":\"en-US\",\"potentialAction\":[{\"@type\":\"ReadAction\",\"target\":[\"https:\/\/www.visit-ulcinj.com\/blog\/2013\/02\/01\/sve-vise-ulcinjana-napusta-grad-i-odlazi-u-inostranstvo\/\"]}]},{\"@type\":\"BreadcrumbList\",\"@id\":\"https:\/\/www.visit-ulcinj.com\/blog\/2013\/02\/01\/sve-vise-ulcinjana-napusta-grad-i-odlazi-u-inostranstvo\/#breadcrumb\",\"itemListElement\":[{\"@type\":\"ListItem\",\"position\":1,\"name\":\"Sve vi\u0161e Ulcinjana napu\u0161ta grad i odlazi u inostranstvo\"}]},{\"@type\":\"Person\",\"@id\":\"https:\/\/www.visit-ulcinj.com\/blog\/#\/schema\/person\/dcab619c614d3038751c63bc2aadc06d\",\"name\":\"ulqini\",\"sameAs\":[\"http:\/\/www.visit-ulcinj.com\"],\"url\":\"https:\/\/www.visit-ulcinj.com\/blog\/author\/admin\/\"}]}<\/script>\n<!-- \/ Yoast SEO plugin. -->","yoast_head_json":{"title":"Sve vi\u0161e Ulcinjana napu\u0161ta grad i odlazi u inostranstvo - Lajme nga Ulqini","description":"Zbog katastrofalne ekonomske situacije, sve vi\u0161e ulcinjana napu\u0161ta grad i odlazi u inostranstvo \u00a0Iselilo se 6.000 ljudi Novi hoteli i nova radna mjesta","robots":{"index":"index","follow":"follow","max-snippet":"max-snippet:-1","max-image-preview":"max-image-preview:large","max-video-preview":"max-video-preview:-1"},"canonical":"https:\/\/www.visit-ulcinj.com\/blog\/2013\/02\/01\/sve-vise-ulcinjana-napusta-grad-i-odlazi-u-inostranstvo\/","og_locale":"en_US","og_type":"article","og_title":"Sve vi\u0161e Ulcinjana napu\u0161ta grad i odlazi u inostranstvo - Lajme nga Ulqini","og_description":"Zbog katastrofalne ekonomske situacije, sve vi\u0161e ulcinjana napu\u0161ta grad i odlazi u inostranstvo \u00a0Iselilo se 6.000 ljudi Novi hoteli i nova radna mjesta","og_url":"https:\/\/www.visit-ulcinj.com\/blog\/2013\/02\/01\/sve-vise-ulcinjana-napusta-grad-i-odlazi-u-inostranstvo\/","og_site_name":"Lajme nga Ulqini","article_published_time":"2013-02-01T18:52:13+00:00","og_image":[{"url":"http:\/\/www.visit-ulcinj.com\/blog\/wp-content\/uploads\/2013\/02\/Iselilo-se-6.000-ljudi-IZ-ULCINJA.jpg"}],"twitter_misc":{"Written by":"ulqini","Est. reading time":"5 minutes"},"schema":{"@context":"https:\/\/schema.org","@graph":[{"@type":"WebSite","@id":"https:\/\/www.visit-ulcinj.com\/blog\/#website","url":"https:\/\/www.visit-ulcinj.com\/blog\/","name":"Lajme nga Ulqini","description":"Lajme,Vijesti,Ulqini,Ulqin,Crna Gora,Mali i Zi","potentialAction":[{"@type":"SearchAction","target":{"@type":"EntryPoint","urlTemplate":"https:\/\/www.visit-ulcinj.com\/blog\/?s={search_term_string}"},"query-input":"required name=search_term_string"}],"inLanguage":"en-US"},{"@type":"ImageObject","inLanguage":"en-US","@id":"https:\/\/www.visit-ulcinj.com\/blog\/2013\/02\/01\/sve-vise-ulcinjana-napusta-grad-i-odlazi-u-inostranstvo\/#primaryimage","url":"https:\/\/www.visit-ulcinj.com\/blog\/wp-content\/uploads\/2013\/02\/Iselilo-se-6.000-ljudi-IZ-ULCINJA.jpg","contentUrl":"https:\/\/www.visit-ulcinj.com\/blog\/wp-content\/uploads\/2013\/02\/Iselilo-se-6.000-ljudi-IZ-ULCINJA.jpg","width":443,"height":332},{"@type":"WebPage","@id":"https:\/\/www.visit-ulcinj.com\/blog\/2013\/02\/01\/sve-vise-ulcinjana-napusta-grad-i-odlazi-u-inostranstvo\/#webpage","url":"https:\/\/www.visit-ulcinj.com\/blog\/2013\/02\/01\/sve-vise-ulcinjana-napusta-grad-i-odlazi-u-inostranstvo\/","name":"Sve vi\u0161e Ulcinjana napu\u0161ta grad i odlazi u inostranstvo - Lajme nga Ulqini","isPartOf":{"@id":"https:\/\/www.visit-ulcinj.com\/blog\/#website"},"primaryImageOfPage":{"@id":"https:\/\/www.visit-ulcinj.com\/blog\/2013\/02\/01\/sve-vise-ulcinjana-napusta-grad-i-odlazi-u-inostranstvo\/#primaryimage"},"datePublished":"2013-02-01T18:52:13+00:00","dateModified":"2013-02-01T18:52:13+00:00","author":{"@id":"https:\/\/www.visit-ulcinj.com\/blog\/#\/schema\/person\/dcab619c614d3038751c63bc2aadc06d"},"description":"Zbog katastrofalne ekonomske situacije, sve vi\u0161e ulcinjana napu\u0161ta grad i odlazi u inostranstvo \u00a0Iselilo se 6.000 ljudi Novi hoteli i nova radna mjesta","breadcrumb":{"@id":"https:\/\/www.visit-ulcinj.com\/blog\/2013\/02\/01\/sve-vise-ulcinjana-napusta-grad-i-odlazi-u-inostranstvo\/#breadcrumb"},"inLanguage":"en-US","potentialAction":[{"@type":"ReadAction","target":["https:\/\/www.visit-ulcinj.com\/blog\/2013\/02\/01\/sve-vise-ulcinjana-napusta-grad-i-odlazi-u-inostranstvo\/"]}]},{"@type":"BreadcrumbList","@id":"https:\/\/www.visit-ulcinj.com\/blog\/2013\/02\/01\/sve-vise-ulcinjana-napusta-grad-i-odlazi-u-inostranstvo\/#breadcrumb","itemListElement":[{"@type":"ListItem","position":1,"name":"Sve vi\u0161e Ulcinjana napu\u0161ta grad i odlazi u inostranstvo"}]},{"@type":"Person","@id":"https:\/\/www.visit-ulcinj.com\/blog\/#\/schema\/person\/dcab619c614d3038751c63bc2aadc06d","name":"ulqini","sameAs":["http:\/\/www.visit-ulcinj.com"],"url":"https:\/\/www.visit-ulcinj.com\/blog\/author\/admin\/"}]}},"jetpack_featured_media_url":"","jetpack_sharing_enabled":true,"jetpack_shortlink":"https:\/\/wp.me\/pe6lTn-hKh","_links":{"self":[{"href":"https:\/\/www.visit-ulcinj.com\/blog\/wp-json\/wp\/v2\/posts\/68217"}],"collection":[{"href":"https:\/\/www.visit-ulcinj.com\/blog\/wp-json\/wp\/v2\/posts"}],"about":[{"href":"https:\/\/www.visit-ulcinj.com\/blog\/wp-json\/wp\/v2\/types\/post"}],"author":[{"embeddable":true,"href":"https:\/\/www.visit-ulcinj.com\/blog\/wp-json\/wp\/v2\/users\/1"}],"replies":[{"embeddable":true,"href":"https:\/\/www.visit-ulcinj.com\/blog\/wp-json\/wp\/v2\/comments?post=68217"}],"version-history":[{"count":1,"href":"https:\/\/www.visit-ulcinj.com\/blog\/wp-json\/wp\/v2\/posts\/68217\/revisions"}],"predecessor-version":[{"id":68221,"href":"https:\/\/www.visit-ulcinj.com\/blog\/wp-json\/wp\/v2\/posts\/68217\/revisions\/68221"}],"wp:attachment":[{"href":"https:\/\/www.visit-ulcinj.com\/blog\/wp-json\/wp\/v2\/media?parent=68217"}],"wp:term":[{"taxonomy":"category","embeddable":true,"href":"https:\/\/www.visit-ulcinj.com\/blog\/wp-json\/wp\/v2\/categories?post=68217"},{"taxonomy":"post_tag","embeddable":true,"href":"https:\/\/www.visit-ulcinj.com\/blog\/wp-json\/wp\/v2\/tags?post=68217"}],"curies":[{"name":"wp","href":"https:\/\/api.w.org\/{rel}","templated":true}]}}