{"id":68222,"date":"2013-02-02T09:26:06","date_gmt":"2013-02-02T08:26:06","guid":{"rendered":"http:\/\/www.visit-ulcinj.com\/blog\/?p=68222"},"modified":"2013-02-02T09:31:12","modified_gmt":"2013-02-02T08:31:12","slug":"jakup-muratovic-povukao-se-funkcije-adminiistratora-opstine-ulcinj","status":"publish","type":"post","link":"https:\/\/www.visit-ulcinj.com\/blog\/2013\/02\/02\/jakup-muratovic-povukao-se-funkcije-adminiistratora-opstine-ulcinj\/","title":{"rendered":"Jakup Muratovic povukao se funkcije adminiistratora Op\u0161tine Ulcinj"},"content":{"rendered":"<p><strong><a href=\"http:\/\/www.visit-ulcinj.com\/blog\/wp-content\/uploads\/2013\/02\/Jakup-Muratovic-dao-ostafku.jpg\"><img loading=\"lazy\" class=\"alignleft size-full wp-image-68223\" alt=\"Jakup Muratovic dao ostafku\" src=\"http:\/\/www.visit-ulcinj.com\/blog\/wp-content\/uploads\/2013\/02\/Jakup-Muratovic-dao-ostafku.jpg\" width=\"508\" height=\"327\" srcset=\"https:\/\/www.visit-ulcinj.com\/blog\/wp-content\/uploads\/2013\/02\/Jakup-Muratovic-dao-ostafku.jpg 508w, https:\/\/www.visit-ulcinj.com\/blog\/wp-content\/uploads\/2013\/02\/Jakup-Muratovic-dao-ostafku-300x193.jpg 300w\" sizes=\"(max-width: 508px) 100vw, 508px\" \/><\/a>Muratovi\u0107 otkazao Cunguu<\/strong><\/p>\n<div id=\"article_text\">\n<p>Glavni adminiistrator Op\u0161tine Ulcinj i visoki funkcioner FORCE, Jakup Muratovi\u0107, povukao se sa te funkcije, mada je nejasno da li je sam dao otkaz ili je bio primoran na taj potez.<\/p>\n<p>Predsjednik FORCE, Nazif Cungu kazao je da je u pitanju dogovor. &#8220;Kad je stupio na funkciju dogovorili smo se da mu mandat traje jednu godinu&#8221;.<\/p>\n<p>Na pitanje ko \u0107e zamijeniti Muratovi\u0107a, Cungu je kazao da \u0107e u partiji o tome tek razgovarati. &#8220;Vjerujem da je Muratovi\u0107 imao privatnih obaveza. Vidje\u0107emo ko \u0107e ga zamijeniti&#8221;, kazao je Cungu, ostaju\u0107i nedore\u010den kak je mogu\u0107e da partija ve\u0107 nema nasljednika na toj funkciji ukoliko je postojao dogovor da mandat traje gdinu dana.<br \/>\n<a href=\"http:\/\/www.visit-ulcinj.com\/blog\/wp-content\/uploads\/2013\/02\/Jakup-Muratovic-dao-ostafku.4.jpg\"><img loading=\"lazy\" class=\"alignleft  wp-image-68231\" alt=\"Jakup Muratovic dao ostafku.4\" src=\"http:\/\/www.visit-ulcinj.com\/blog\/wp-content\/uploads\/2013\/02\/Jakup-Muratovic-dao-ostafku.4.jpg\" width=\"508\" height=\"300\" \/><\/a><\/p>\n<p>Da je cijeli \u010din obavije nvelom tajni potvrdio je i Muratovi\u0107 koji je negirao da se povukao. &#8220;Nije to zvani\u010dno. Spekulacije, kao i uvijek&#8221; kazao je on.<\/p>\n<p>Na konstataciju da imamo zvani\u010dnu potvrdu, Muratovi\u0107 je odgovrio da nema komentar. &#8220;\u010cu\u0107emo se za nekoliko dana&#8221;, kazao je on, ne \u017eele\u0107i da komenatari\u0161e izjave Cungua.<br \/>\n<a href=\"http:\/\/www.visit-ulcinj.com\/blog\/wp-content\/uploads\/2013\/02\/Jakup-Muratovic-dao-ostafku.1.jpg\"><img loading=\"lazy\" class=\"alignleft  wp-image-68226\" alt=\"Jakup Muratovic dao ostafku.1\" src=\"http:\/\/www.visit-ulcinj.com\/blog\/wp-content\/uploads\/2013\/02\/Jakup-Muratovic-dao-ostafku.1.jpg\" width=\"508\" height=\"300\" \/><\/a><\/p>\n<p>Cungu je kazao da \u0107e se o nasljedniku razgovarati na Glavnom odboru partije i da povla\u010denje nije posljedica politi\u010dkog sukoba &#8220;ve\u0107 stvar dogovora&#8221;.<\/p>\n<p><a href=\"http:\/\/www.vijesti.me\/vijesti\/muratovic-otkazao-cunguu-clanak-111925\" target=\"_blank\"><strong>Samir Adrovi\u0107<\/strong><\/a><br \/>\n<strong>Izvor: Vijesti online<\/strong><\/p>\n<\/div>\n","protected":false},"excerpt":{"rendered":"<p>Muratovi\u0107 otkazao Cunguu Glavni adminiistrator Op\u0161tine Ulcinj i visoki funkcioner FORCE, Jakup Muratovi\u0107, povukao se sa te funkcije, mada je nejasno da li je sam dao otkaz ili je bio primoran na taj potez. Predsjednik FORCE, Nazif Cungu kazao je da je u pitanju dogovor. &#8220;Kad je stupio na funkciju dogovorili smo se da mu [&hellip;]<\/p>\n","protected":false},"author":1,"featured_media":0,"comment_status":"open","ping_status":"closed","sticky":false,"template":"","format":"standard","meta":{"spay_email":"","jetpack_publicize_message":"","jetpack_is_tweetstorm":false,"jetpack_publicize_feature_enabled":true},"categories":[6950],"tags":[21753,19],"jetpack_publicize_connections":[],"yoast_head":"<!-- This site is optimized with the Yoast SEO plugin v19.1 - https:\/\/yoast.com\/wordpress\/plugins\/seo\/ -->\n<title>Jakup Muratovic povukao se funkcije adminiistratora Op\u0161tine Ulcinj - Lajme nga Ulqini<\/title>\n<meta name=\"description\" content=\"Muratovi\u0107 otkazao Cunguu Glavni adminiistrator Op\u0161tine Ulcinj i visoki funkcioner FORCE, Jakup Muratovi\u0107, povukao se sa te funkcije, mada je nejasno da li\" \/>\n<meta name=\"robots\" content=\"index, follow, max-snippet:-1, max-image-preview:large, max-video-preview:-1\" \/>\n<link rel=\"canonical\" href=\"https:\/\/www.visit-ulcinj.com\/blog\/2013\/02\/02\/jakup-muratovic-povukao-se-funkcije-adminiistratora-opstine-ulcinj\/\" \/>\n<meta property=\"og:locale\" content=\"en_US\" \/>\n<meta property=\"og:type\" content=\"article\" \/>\n<meta property=\"og:title\" content=\"Jakup Muratovic povukao se funkcije adminiistratora Op\u0161tine Ulcinj - Lajme nga Ulqini\" \/>\n<meta property=\"og:description\" content=\"Muratovi\u0107 otkazao Cunguu Glavni adminiistrator Op\u0161tine Ulcinj i visoki funkcioner FORCE, Jakup Muratovi\u0107, povukao se sa te funkcije, mada je nejasno da li\" \/>\n<meta property=\"og:url\" content=\"https:\/\/www.visit-ulcinj.com\/blog\/2013\/02\/02\/jakup-muratovic-povukao-se-funkcije-adminiistratora-opstine-ulcinj\/\" \/>\n<meta property=\"og:site_name\" content=\"Lajme nga Ulqini\" \/>\n<meta property=\"article:published_time\" content=\"2013-02-02T08:26:06+00:00\" \/>\n<meta property=\"article:modified_time\" content=\"2013-02-02T08:31:12+00:00\" \/>\n<meta property=\"og:image\" content=\"http:\/\/www.visit-ulcinj.com\/blog\/wp-content\/uploads\/2013\/02\/Jakup-Muratovic-dao-ostafku.jpg\" \/>\n<meta name=\"twitter:label1\" content=\"Written by\" \/>\n\t<meta name=\"twitter:data1\" content=\"ulqini\" \/>\n\t<meta name=\"twitter:label2\" content=\"Est. reading time\" \/>\n\t<meta name=\"twitter:data2\" content=\"1 minute\" \/>\n<script type=\"application\/ld+json\" class=\"yoast-schema-graph\">{\"@context\":\"https:\/\/schema.org\",\"@graph\":[{\"@type\":\"WebSite\",\"@id\":\"https:\/\/www.visit-ulcinj.com\/blog\/#website\",\"url\":\"https:\/\/www.visit-ulcinj.com\/blog\/\",\"name\":\"Lajme nga Ulqini\",\"description\":\"Lajme,Vijesti,Ulqini,Ulqin,Crna Gora,Mali i Zi\",\"potentialAction\":[{\"@type\":\"SearchAction\",\"target\":{\"@type\":\"EntryPoint\",\"urlTemplate\":\"https:\/\/www.visit-ulcinj.com\/blog\/?s={search_term_string}\"},\"query-input\":\"required name=search_term_string\"}],\"inLanguage\":\"en-US\"},{\"@type\":\"ImageObject\",\"inLanguage\":\"en-US\",\"@id\":\"https:\/\/www.visit-ulcinj.com\/blog\/2013\/02\/02\/jakup-muratovic-povukao-se-funkcije-adminiistratora-opstine-ulcinj\/#primaryimage\",\"url\":\"https:\/\/www.visit-ulcinj.com\/blog\/wp-content\/uploads\/2013\/02\/Jakup-Muratovic-dao-ostafku.jpg\",\"contentUrl\":\"https:\/\/www.visit-ulcinj.com\/blog\/wp-content\/uploads\/2013\/02\/Jakup-Muratovic-dao-ostafku.jpg\",\"width\":508,\"height\":327},{\"@type\":\"WebPage\",\"@id\":\"https:\/\/www.visit-ulcinj.com\/blog\/2013\/02\/02\/jakup-muratovic-povukao-se-funkcije-adminiistratora-opstine-ulcinj\/#webpage\",\"url\":\"https:\/\/www.visit-ulcinj.com\/blog\/2013\/02\/02\/jakup-muratovic-povukao-se-funkcije-adminiistratora-opstine-ulcinj\/\",\"name\":\"Jakup Muratovic povukao se funkcije adminiistratora Op\u0161tine Ulcinj - Lajme nga Ulqini\",\"isPartOf\":{\"@id\":\"https:\/\/www.visit-ulcinj.com\/blog\/#website\"},\"primaryImageOfPage\":{\"@id\":\"https:\/\/www.visit-ulcinj.com\/blog\/2013\/02\/02\/jakup-muratovic-povukao-se-funkcije-adminiistratora-opstine-ulcinj\/#primaryimage\"},\"datePublished\":\"2013-02-02T08:26:06+00:00\",\"dateModified\":\"2013-02-02T08:31:12+00:00\",\"author\":{\"@id\":\"https:\/\/www.visit-ulcinj.com\/blog\/#\/schema\/person\/dcab619c614d3038751c63bc2aadc06d\"},\"description\":\"Muratovi\u0107 otkazao Cunguu Glavni adminiistrator Op\u0161tine Ulcinj i visoki funkcioner FORCE, Jakup Muratovi\u0107, povukao se sa te funkcije, mada je nejasno da li\",\"breadcrumb\":{\"@id\":\"https:\/\/www.visit-ulcinj.com\/blog\/2013\/02\/02\/jakup-muratovic-povukao-se-funkcije-adminiistratora-opstine-ulcinj\/#breadcrumb\"},\"inLanguage\":\"en-US\",\"potentialAction\":[{\"@type\":\"ReadAction\",\"target\":[\"https:\/\/www.visit-ulcinj.com\/blog\/2013\/02\/02\/jakup-muratovic-povukao-se-funkcije-adminiistratora-opstine-ulcinj\/\"]}]},{\"@type\":\"BreadcrumbList\",\"@id\":\"https:\/\/www.visit-ulcinj.com\/blog\/2013\/02\/02\/jakup-muratovic-povukao-se-funkcije-adminiistratora-opstine-ulcinj\/#breadcrumb\",\"itemListElement\":[{\"@type\":\"ListItem\",\"position\":1,\"name\":\"Jakup Muratovic povukao se funkcije adminiistratora Op\u0161tine Ulcinj\"}]},{\"@type\":\"Person\",\"@id\":\"https:\/\/www.visit-ulcinj.com\/blog\/#\/schema\/person\/dcab619c614d3038751c63bc2aadc06d\",\"name\":\"ulqini\",\"sameAs\":[\"http:\/\/www.visit-ulcinj.com\"],\"url\":\"https:\/\/www.visit-ulcinj.com\/blog\/author\/admin\/\"}]}<\/script>\n<!-- \/ Yoast SEO plugin. -->","yoast_head_json":{"title":"Jakup Muratovic povukao se funkcije adminiistratora Op\u0161tine Ulcinj - Lajme nga Ulqini","description":"Muratovi\u0107 otkazao Cunguu Glavni adminiistrator Op\u0161tine Ulcinj i visoki funkcioner FORCE, Jakup Muratovi\u0107, povukao se sa te funkcije, mada je nejasno da li","robots":{"index":"index","follow":"follow","max-snippet":"max-snippet:-1","max-image-preview":"max-image-preview:large","max-video-preview":"max-video-preview:-1"},"canonical":"https:\/\/www.visit-ulcinj.com\/blog\/2013\/02\/02\/jakup-muratovic-povukao-se-funkcije-adminiistratora-opstine-ulcinj\/","og_locale":"en_US","og_type":"article","og_title":"Jakup Muratovic povukao se funkcije adminiistratora Op\u0161tine Ulcinj - Lajme nga Ulqini","og_description":"Muratovi\u0107 otkazao Cunguu Glavni adminiistrator Op\u0161tine Ulcinj i visoki funkcioner FORCE, Jakup Muratovi\u0107, povukao se sa te funkcije, mada je nejasno da li","og_url":"https:\/\/www.visit-ulcinj.com\/blog\/2013\/02\/02\/jakup-muratovic-povukao-se-funkcije-adminiistratora-opstine-ulcinj\/","og_site_name":"Lajme nga Ulqini","article_published_time":"2013-02-02T08:26:06+00:00","article_modified_time":"2013-02-02T08:31:12+00:00","og_image":[{"url":"http:\/\/www.visit-ulcinj.com\/blog\/wp-content\/uploads\/2013\/02\/Jakup-Muratovic-dao-ostafku.jpg"}],"twitter_misc":{"Written by":"ulqini","Est. reading time":"1 minute"},"schema":{"@context":"https:\/\/schema.org","@graph":[{"@type":"WebSite","@id":"https:\/\/www.visit-ulcinj.com\/blog\/#website","url":"https:\/\/www.visit-ulcinj.com\/blog\/","name":"Lajme nga Ulqini","description":"Lajme,Vijesti,Ulqini,Ulqin,Crna Gora,Mali i Zi","potentialAction":[{"@type":"SearchAction","target":{"@type":"EntryPoint","urlTemplate":"https:\/\/www.visit-ulcinj.com\/blog\/?s={search_term_string}"},"query-input":"required name=search_term_string"}],"inLanguage":"en-US"},{"@type":"ImageObject","inLanguage":"en-US","@id":"https:\/\/www.visit-ulcinj.com\/blog\/2013\/02\/02\/jakup-muratovic-povukao-se-funkcije-adminiistratora-opstine-ulcinj\/#primaryimage","url":"https:\/\/www.visit-ulcinj.com\/blog\/wp-content\/uploads\/2013\/02\/Jakup-Muratovic-dao-ostafku.jpg","contentUrl":"https:\/\/www.visit-ulcinj.com\/blog\/wp-content\/uploads\/2013\/02\/Jakup-Muratovic-dao-ostafku.jpg","width":508,"height":327},{"@type":"WebPage","@id":"https:\/\/www.visit-ulcinj.com\/blog\/2013\/02\/02\/jakup-muratovic-povukao-se-funkcije-adminiistratora-opstine-ulcinj\/#webpage","url":"https:\/\/www.visit-ulcinj.com\/blog\/2013\/02\/02\/jakup-muratovic-povukao-se-funkcije-adminiistratora-opstine-ulcinj\/","name":"Jakup Muratovic povukao se funkcije adminiistratora Op\u0161tine Ulcinj - Lajme nga Ulqini","isPartOf":{"@id":"https:\/\/www.visit-ulcinj.com\/blog\/#website"},"primaryImageOfPage":{"@id":"https:\/\/www.visit-ulcinj.com\/blog\/2013\/02\/02\/jakup-muratovic-povukao-se-funkcije-adminiistratora-opstine-ulcinj\/#primaryimage"},"datePublished":"2013-02-02T08:26:06+00:00","dateModified":"2013-02-02T08:31:12+00:00","author":{"@id":"https:\/\/www.visit-ulcinj.com\/blog\/#\/schema\/person\/dcab619c614d3038751c63bc2aadc06d"},"description":"Muratovi\u0107 otkazao Cunguu Glavni adminiistrator Op\u0161tine Ulcinj i visoki funkcioner FORCE, Jakup Muratovi\u0107, povukao se sa te funkcije, mada je nejasno da li","breadcrumb":{"@id":"https:\/\/www.visit-ulcinj.com\/blog\/2013\/02\/02\/jakup-muratovic-povukao-se-funkcije-adminiistratora-opstine-ulcinj\/#breadcrumb"},"inLanguage":"en-US","potentialAction":[{"@type":"ReadAction","target":["https:\/\/www.visit-ulcinj.com\/blog\/2013\/02\/02\/jakup-muratovic-povukao-se-funkcije-adminiistratora-opstine-ulcinj\/"]}]},{"@type":"BreadcrumbList","@id":"https:\/\/www.visit-ulcinj.com\/blog\/2013\/02\/02\/jakup-muratovic-povukao-se-funkcije-adminiistratora-opstine-ulcinj\/#breadcrumb","itemListElement":[{"@type":"ListItem","position":1,"name":"Jakup Muratovic povukao se funkcije adminiistratora Op\u0161tine Ulcinj"}]},{"@type":"Person","@id":"https:\/\/www.visit-ulcinj.com\/blog\/#\/schema\/person\/dcab619c614d3038751c63bc2aadc06d","name":"ulqini","sameAs":["http:\/\/www.visit-ulcinj.com"],"url":"https:\/\/www.visit-ulcinj.com\/blog\/author\/admin\/"}]}},"jetpack_featured_media_url":"","jetpack_sharing_enabled":true,"jetpack_shortlink":"https:\/\/wp.me\/pe6lTn-hKm","_links":{"self":[{"href":"https:\/\/www.visit-ulcinj.com\/blog\/wp-json\/wp\/v2\/posts\/68222"}],"collection":[{"href":"https:\/\/www.visit-ulcinj.com\/blog\/wp-json\/wp\/v2\/posts"}],"about":[{"href":"https:\/\/www.visit-ulcinj.com\/blog\/wp-json\/wp\/v2\/types\/post"}],"author":[{"embeddable":true,"href":"https:\/\/www.visit-ulcinj.com\/blog\/wp-json\/wp\/v2\/users\/1"}],"replies":[{"embeddable":true,"href":"https:\/\/www.visit-ulcinj.com\/blog\/wp-json\/wp\/v2\/comments?post=68222"}],"version-history":[{"count":4,"href":"https:\/\/www.visit-ulcinj.com\/blog\/wp-json\/wp\/v2\/posts\/68222\/revisions"}],"predecessor-version":[{"id":68228,"href":"https:\/\/www.visit-ulcinj.com\/blog\/wp-json\/wp\/v2\/posts\/68222\/revisions\/68228"}],"wp:attachment":[{"href":"https:\/\/www.visit-ulcinj.com\/blog\/wp-json\/wp\/v2\/media?parent=68222"}],"wp:term":[{"taxonomy":"category","embeddable":true,"href":"https:\/\/www.visit-ulcinj.com\/blog\/wp-json\/wp\/v2\/categories?post=68222"},{"taxonomy":"post_tag","embeddable":true,"href":"https:\/\/www.visit-ulcinj.com\/blog\/wp-json\/wp\/v2\/tags?post=68222"}],"curies":[{"name":"wp","href":"https:\/\/api.w.org\/{rel}","templated":true}]}}