{"id":68233,"date":"2013-02-02T17:12:48","date_gmt":"2013-02-02T16:12:48","guid":{"rendered":"http:\/\/www.visit-ulcinj.com\/blog\/?p=68233"},"modified":"2013-02-03T20:37:45","modified_gmt":"2013-02-03T19:37:45","slug":"largohet-jakup-muratoviq-nga-posti-i-kryeadministratorit","status":"publish","type":"post","link":"https:\/\/www.visit-ulcinj.com\/blog\/2013\/02\/02\/largohet-jakup-muratoviq-nga-posti-i-kryeadministratorit\/","title":{"rendered":"Largohet Jakup Muratoviq nga posti i kryeadministratorit"},"content":{"rendered":"<p><a href=\"http:\/\/www.visit-ulcinj.com\/blog\/wp-content\/uploads\/2013\/02\/Jakup-Muratovic-dao-ostafku.4.jpg\"><img loading=\"lazy\" class=\"alignleft  wp-image-68231\" alt=\"Jakup Muratovic dao ostafku.4\" src=\"http:\/\/www.visit-ulcinj.com\/blog\/wp-content\/uploads\/2013\/02\/Jakup-Muratovic-dao-ostafku.4.jpg\" width=\"508\" height=\"312\" \/><\/a>Jozyrtarisht m\u00ebsohet se kryadministratori i komun\u00ebs s\u00eb Ulqinit Jakup Muratoviqi nuk \u00ebsht\u00eb m\u00eb administratori i komun\u00ebs s\u00eb Ulqinit. Sipas t\u00eb gjitha gjasave largimi i tij ka t\u00eb b\u00ebj\u00eb me marr\u00ebveshtje brendapartiake.Mirpo duke pyetur Jakup Muratoviqin ai nuk shpalosi arsyet e dor\u00ebheqjes s\u00eb tij nga funksioni i kryeadministratorit t\u00eb Ulqinit.<br \/>\n<a href=\"http:\/\/www.visit-ulcinj.com\/blog\/wp-content\/uploads\/2013\/02\/Jakup-Muratovic-dao-ostafku.jpg\"><img loading=\"lazy\" class=\"alignleft size-full wp-image-68223\" alt=\"Jakup Muratovic dao ostafku\" src=\"http:\/\/www.visit-ulcinj.com\/blog\/wp-content\/uploads\/2013\/02\/Jakup-Muratovic-dao-ostafku.jpg\" width=\"508\" height=\"327\" srcset=\"https:\/\/www.visit-ulcinj.com\/blog\/wp-content\/uploads\/2013\/02\/Jakup-Muratovic-dao-ostafku.jpg 508w, https:\/\/www.visit-ulcinj.com\/blog\/wp-content\/uploads\/2013\/02\/Jakup-Muratovic-dao-ostafku-300x193.jpg 300w\" sizes=\"(max-width: 508px) 100vw, 508px\" \/><\/a><\/p>\n<p>Kryetari i komun\u00ebs s\u00eb Ulqinit z. Nazif Cungu tregon se e t\u00ebra kjo \u00ebsht\u00eb n\u00eb kuad\u00ebr t\u00eb marr\u00ebveshtjes,nd\u00ebrmjet meje dhe Jakup Muratoviqit shkruan gazeta e perditeshmja malazeze &#8220;Vijesti&#8221;.<\/p>\n<p>Cungu nd\u00ebr t\u00eb tjera cek\u00ebn se &#8221;Kur ka marr\u00eb funkcionin Jakup Muaratoviqi, jemi dakorduar q\u00eb mandati i tij do zgjas\u00eb nj\u00eb vit&#8221;.<\/p>\n<p><b>Cilat detyra i ka pasur Administratori Kryesor i komun\u00ebs s\u00eb Ulqinit<br \/>\n<a href=\"http:\/\/www.visit-ulcinj.com\/blog\/wp-content\/uploads\/2013\/02\/Jakup-Muratovic-dao-ostafku.1.jpg\"><img loading=\"lazy\" class=\"alignleft  wp-image-68226\" alt=\"Jakup Muratovic dao ostafku.1\" src=\"http:\/\/www.visit-ulcinj.com\/blog\/wp-content\/uploads\/2013\/02\/Jakup-Muratovic-dao-ostafku.1.jpg\" width=\"508\" height=\"300\" \/><\/a><br \/>\n<\/b><\/p>\n<p>Sh\u00ebrbimi i kryeadministratorit kryen pun\u00eb profesionale dhe pun\u00eb t\u00eb tjera q\u00eb kan\u00eb t\u00eb b\u00ebjn\u00eb me:<\/p>\n<p>&#8211;\u00a0\u00a0\u00a0Vendosje n\u00eb procedur\u00ebn e shkall\u00ebs s\u00eb dyt\u00eb administrative;<\/p>\n<p>&#8211;\u00a0\u00a0\u00a0Mbik\u00ebqyrjen e pun\u00ebs s\u00eb organeve t\u00eb administrat\u00ebs lokale;<\/p>\n<p>&#8211;\u00a0\u00a0\u00a0Kujdeset p\u00ebr ligjshm\u00ebrin\u00eb, efikasitetin dhe ekonom\u00ebsin\u00eb e kryerjes s\u00eb pun\u00ebve t\u00eb administrat\u00ebs lokale;<\/p>\n<p>&#8211;\u00a0\u00a0 P\u00ebrgatitjen dhe nxjerrjen e akteve mbi organizimin e brendsh\u00ebm dhe sistematizimin e vendeve t\u00eb pun\u00ebs t\u00eb organeve t\u00eb administrat\u00ebs lokale dhe sh\u00ebrbimeve profesionale;<\/p>\n<p>&#8211;\u00a0\u00a0 Shqyrtimin e programeve t\u00eb pun\u00ebs t\u00eb organeve t\u00eb administrat\u00ebs lokale;<\/p>\n<p>&#8211;\u00a0\u00a0\u00a0Shqyrtimin e raporteve mbi pun\u00ebn e organeve dhe p\u00ebrgatitjen e sqarimeve \u00a0p\u00ebr Kryetarin e komun\u00ebs;<\/p>\n<p>&#8211;\u00a0\u00a0\u00a0Realizimin e akteve t\u00eb Kryetarit t\u00eb komun\u00ebs t\u00eb cil\u00ebt i sjell\u00eb p\u00ebr realizimin e funksioneve t\u00eb orientimit dhe koordinimit me pun\u00eb dhe kryerjen e mbik\u00ebqyrjes mbi pun\u00ebn e organeve t\u00eb administrat\u00ebs lokale;<\/p>\n<p>&#8211;\u00a0\u00a0\u00a0Propozimin dhe marrjen e masave me q\u00ebllim t\u00eb m\u00ebnjanimit t\u00eb problemeve dhe parregullsive t\u00eb v\u00ebrejtura n\u00eb pun\u00ebn e organeve t\u00eb administrat\u00ebs lokale;<\/p>\n<p>&#8211;\u00a0\u00a0\u00a0Propozimin e programit t\u00eb trajnimit t\u00eb n\u00ebpun\u00ebsve lokal\u00eb;<\/p>\n<p>&#8211;\u00a0\u00a0\u00a0P\u00ebrgatitjen e akteve mbi m\u00ebnyr\u00ebn e organizimit t\u00eb pun\u00ebve t\u00eb organeve t\u00eb administrat\u00ebs lokale n\u00eb bashk\u00ebsin\u00eb lokale;<\/p>\n<p>&#8211;\u00a0\u00a0\u00a0Shqyrtimin e ankesave t\u00eb qytetar\u00ebve p\u00ebr pun\u00ebn e organeve t\u00eb administrat\u00ebs lokale, k\u00ebrkon q\u00eb eprori i organit t\u00eb deklarohen p\u00ebr ta, shqyrtimin e aktet dhe verifikimin e fakteve p\u00ebr t\u00eb cil\u00ebt b\u00ebhet fjal\u00eb n\u00eb ankesa;<\/p>\n<p>&#8211;\u00a0\u00a0\u00a0Paraqitjen e raportit mbi pun\u00ebn e vet dhe realizimin e funksioneve t\u00eb organeve para Kryetarit t\u00eb komun\u00ebs (raportin mbi zgjidhjen e gj\u00ebrave administrative tek organet n\u00eb shkall\u00ebn e dyt\u00eb);<\/p>\n<p>&#8211;\u00a0\u00a0\u00a0Informimin\u00a0 e publikut me pun\u00ebn e vet dhe pun\u00ebn e organeve t\u00eb administrat\u00ebs lokale;<\/p>\n","protected":false},"excerpt":{"rendered":"<p>Jozyrtarisht m\u00ebsohet se kryadministratori i komun\u00ebs s\u00eb Ulqinit Jakup Muratoviqi nuk \u00ebsht\u00eb m\u00eb administratori i komun\u00ebs s\u00eb Ulqinit. Sipas t\u00eb gjitha gjasave largimi i tij ka t\u00eb b\u00ebj\u00eb me marr\u00ebveshtje brendapartiake.Mirpo duke pyetur Jakup Muratoviqin ai nuk shpalosi arsyet e dor\u00ebheqjes s\u00eb tij nga funksioni i kryeadministratorit t\u00eb Ulqinit. Kryetari i komun\u00ebs s\u00eb Ulqinit z. [&hellip;]<\/p>\n","protected":false},"author":1,"featured_media":0,"comment_status":"open","ping_status":"closed","sticky":false,"template":"","format":"standard","meta":{"spay_email":"","jetpack_publicize_message":"","jetpack_is_tweetstorm":false,"jetpack_publicize_feature_enabled":true},"categories":[1,6],"tags":[117,14502,21754,118,200,18],"jetpack_publicize_connections":[],"yoast_head":"<!-- This site is optimized with the Yoast SEO plugin v19.1 - https:\/\/yoast.com\/wordpress\/plugins\/seo\/ -->\n<title>Largohet Jakup Muratoviq nga posti i kryeadministratorit - Lajme nga Ulqini<\/title>\n<meta name=\"description\" content=\"Jozyrtarisht m\u00ebsohet se kryadministratori i komun\u00ebs s\u00eb Ulqinit Jakup Muratoviqi nuk \u00ebsht\u00eb m\u00eb administratori i komun\u00ebs s\u00eb Ulqinit. Sipas t\u00eb gjitha gjasave\" \/>\n<meta name=\"robots\" content=\"index, follow, max-snippet:-1, max-image-preview:large, max-video-preview:-1\" \/>\n<link rel=\"canonical\" href=\"https:\/\/www.visit-ulcinj.com\/blog\/2013\/02\/02\/largohet-jakup-muratoviq-nga-posti-i-kryeadministratorit\/\" \/>\n<meta property=\"og:locale\" content=\"en_US\" \/>\n<meta property=\"og:type\" content=\"article\" \/>\n<meta property=\"og:title\" content=\"Largohet Jakup Muratoviq nga posti i kryeadministratorit - Lajme nga Ulqini\" \/>\n<meta property=\"og:description\" content=\"Jozyrtarisht m\u00ebsohet se kryadministratori i komun\u00ebs s\u00eb Ulqinit Jakup Muratoviqi nuk \u00ebsht\u00eb m\u00eb administratori i komun\u00ebs s\u00eb Ulqinit. Sipas t\u00eb gjitha gjasave\" \/>\n<meta property=\"og:url\" content=\"https:\/\/www.visit-ulcinj.com\/blog\/2013\/02\/02\/largohet-jakup-muratoviq-nga-posti-i-kryeadministratorit\/\" \/>\n<meta property=\"og:site_name\" content=\"Lajme nga Ulqini\" \/>\n<meta property=\"article:published_time\" content=\"2013-02-02T16:12:48+00:00\" \/>\n<meta property=\"article:modified_time\" content=\"2013-02-03T19:37:45+00:00\" \/>\n<meta property=\"og:image\" content=\"http:\/\/www.visit-ulcinj.com\/blog\/wp-content\/uploads\/2013\/02\/Jakup-Muratovic-dao-ostafku.4.jpg\" \/>\n<meta name=\"twitter:label1\" content=\"Written by\" \/>\n\t<meta name=\"twitter:data1\" content=\"ulqini\" \/>\n\t<meta name=\"twitter:label2\" content=\"Est. reading time\" \/>\n\t<meta name=\"twitter:data2\" content=\"2 minutes\" \/>\n<script type=\"application\/ld+json\" class=\"yoast-schema-graph\">{\"@context\":\"https:\/\/schema.org\",\"@graph\":[{\"@type\":\"WebSite\",\"@id\":\"https:\/\/www.visit-ulcinj.com\/blog\/#website\",\"url\":\"https:\/\/www.visit-ulcinj.com\/blog\/\",\"name\":\"Lajme nga Ulqini\",\"description\":\"Lajme,Vijesti,Ulqini,Ulqin,Crna Gora,Mali i Zi\",\"potentialAction\":[{\"@type\":\"SearchAction\",\"target\":{\"@type\":\"EntryPoint\",\"urlTemplate\":\"https:\/\/www.visit-ulcinj.com\/blog\/?s={search_term_string}\"},\"query-input\":\"required name=search_term_string\"}],\"inLanguage\":\"en-US\"},{\"@type\":\"ImageObject\",\"inLanguage\":\"en-US\",\"@id\":\"https:\/\/www.visit-ulcinj.com\/blog\/2013\/02\/02\/largohet-jakup-muratoviq-nga-posti-i-kryeadministratorit\/#primaryimage\",\"url\":\"https:\/\/www.visit-ulcinj.com\/blog\/wp-content\/uploads\/2013\/02\/Jakup-Muratovic-dao-ostafku.4.jpg\",\"contentUrl\":\"https:\/\/www.visit-ulcinj.com\/blog\/wp-content\/uploads\/2013\/02\/Jakup-Muratovic-dao-ostafku.4.jpg\",\"width\":441,\"height\":312},{\"@type\":\"WebPage\",\"@id\":\"https:\/\/www.visit-ulcinj.com\/blog\/2013\/02\/02\/largohet-jakup-muratoviq-nga-posti-i-kryeadministratorit\/#webpage\",\"url\":\"https:\/\/www.visit-ulcinj.com\/blog\/2013\/02\/02\/largohet-jakup-muratoviq-nga-posti-i-kryeadministratorit\/\",\"name\":\"Largohet Jakup Muratoviq nga posti i kryeadministratorit - Lajme nga Ulqini\",\"isPartOf\":{\"@id\":\"https:\/\/www.visit-ulcinj.com\/blog\/#website\"},\"primaryImageOfPage\":{\"@id\":\"https:\/\/www.visit-ulcinj.com\/blog\/2013\/02\/02\/largohet-jakup-muratoviq-nga-posti-i-kryeadministratorit\/#primaryimage\"},\"datePublished\":\"2013-02-02T16:12:48+00:00\",\"dateModified\":\"2013-02-03T19:37:45+00:00\",\"author\":{\"@id\":\"https:\/\/www.visit-ulcinj.com\/blog\/#\/schema\/person\/dcab619c614d3038751c63bc2aadc06d\"},\"description\":\"Jozyrtarisht m\u00ebsohet se kryadministratori i komun\u00ebs s\u00eb Ulqinit Jakup Muratoviqi nuk \u00ebsht\u00eb m\u00eb administratori i komun\u00ebs s\u00eb Ulqinit. Sipas t\u00eb gjitha gjasave\",\"breadcrumb\":{\"@id\":\"https:\/\/www.visit-ulcinj.com\/blog\/2013\/02\/02\/largohet-jakup-muratoviq-nga-posti-i-kryeadministratorit\/#breadcrumb\"},\"inLanguage\":\"en-US\",\"potentialAction\":[{\"@type\":\"ReadAction\",\"target\":[\"https:\/\/www.visit-ulcinj.com\/blog\/2013\/02\/02\/largohet-jakup-muratoviq-nga-posti-i-kryeadministratorit\/\"]}]},{\"@type\":\"BreadcrumbList\",\"@id\":\"https:\/\/www.visit-ulcinj.com\/blog\/2013\/02\/02\/largohet-jakup-muratoviq-nga-posti-i-kryeadministratorit\/#breadcrumb\",\"itemListElement\":[{\"@type\":\"ListItem\",\"position\":1,\"name\":\"Largohet Jakup Muratoviq nga posti i kryeadministratorit\"}]},{\"@type\":\"Person\",\"@id\":\"https:\/\/www.visit-ulcinj.com\/blog\/#\/schema\/person\/dcab619c614d3038751c63bc2aadc06d\",\"name\":\"ulqini\",\"sameAs\":[\"http:\/\/www.visit-ulcinj.com\"],\"url\":\"https:\/\/www.visit-ulcinj.com\/blog\/author\/admin\/\"}]}<\/script>\n<!-- \/ Yoast SEO plugin. -->","yoast_head_json":{"title":"Largohet Jakup Muratoviq nga posti i kryeadministratorit - Lajme nga Ulqini","description":"Jozyrtarisht m\u00ebsohet se kryadministratori i komun\u00ebs s\u00eb Ulqinit Jakup Muratoviqi nuk \u00ebsht\u00eb m\u00eb administratori i komun\u00ebs s\u00eb Ulqinit. Sipas t\u00eb gjitha gjasave","robots":{"index":"index","follow":"follow","max-snippet":"max-snippet:-1","max-image-preview":"max-image-preview:large","max-video-preview":"max-video-preview:-1"},"canonical":"https:\/\/www.visit-ulcinj.com\/blog\/2013\/02\/02\/largohet-jakup-muratoviq-nga-posti-i-kryeadministratorit\/","og_locale":"en_US","og_type":"article","og_title":"Largohet Jakup Muratoviq nga posti i kryeadministratorit - Lajme nga Ulqini","og_description":"Jozyrtarisht m\u00ebsohet se kryadministratori i komun\u00ebs s\u00eb Ulqinit Jakup Muratoviqi nuk \u00ebsht\u00eb m\u00eb administratori i komun\u00ebs s\u00eb Ulqinit. Sipas t\u00eb gjitha gjasave","og_url":"https:\/\/www.visit-ulcinj.com\/blog\/2013\/02\/02\/largohet-jakup-muratoviq-nga-posti-i-kryeadministratorit\/","og_site_name":"Lajme nga Ulqini","article_published_time":"2013-02-02T16:12:48+00:00","article_modified_time":"2013-02-03T19:37:45+00:00","og_image":[{"url":"http:\/\/www.visit-ulcinj.com\/blog\/wp-content\/uploads\/2013\/02\/Jakup-Muratovic-dao-ostafku.4.jpg"}],"twitter_misc":{"Written by":"ulqini","Est. reading time":"2 minutes"},"schema":{"@context":"https:\/\/schema.org","@graph":[{"@type":"WebSite","@id":"https:\/\/www.visit-ulcinj.com\/blog\/#website","url":"https:\/\/www.visit-ulcinj.com\/blog\/","name":"Lajme nga Ulqini","description":"Lajme,Vijesti,Ulqini,Ulqin,Crna Gora,Mali i Zi","potentialAction":[{"@type":"SearchAction","target":{"@type":"EntryPoint","urlTemplate":"https:\/\/www.visit-ulcinj.com\/blog\/?s={search_term_string}"},"query-input":"required name=search_term_string"}],"inLanguage":"en-US"},{"@type":"ImageObject","inLanguage":"en-US","@id":"https:\/\/www.visit-ulcinj.com\/blog\/2013\/02\/02\/largohet-jakup-muratoviq-nga-posti-i-kryeadministratorit\/#primaryimage","url":"https:\/\/www.visit-ulcinj.com\/blog\/wp-content\/uploads\/2013\/02\/Jakup-Muratovic-dao-ostafku.4.jpg","contentUrl":"https:\/\/www.visit-ulcinj.com\/blog\/wp-content\/uploads\/2013\/02\/Jakup-Muratovic-dao-ostafku.4.jpg","width":441,"height":312},{"@type":"WebPage","@id":"https:\/\/www.visit-ulcinj.com\/blog\/2013\/02\/02\/largohet-jakup-muratoviq-nga-posti-i-kryeadministratorit\/#webpage","url":"https:\/\/www.visit-ulcinj.com\/blog\/2013\/02\/02\/largohet-jakup-muratoviq-nga-posti-i-kryeadministratorit\/","name":"Largohet Jakup Muratoviq nga posti i kryeadministratorit - Lajme nga Ulqini","isPartOf":{"@id":"https:\/\/www.visit-ulcinj.com\/blog\/#website"},"primaryImageOfPage":{"@id":"https:\/\/www.visit-ulcinj.com\/blog\/2013\/02\/02\/largohet-jakup-muratoviq-nga-posti-i-kryeadministratorit\/#primaryimage"},"datePublished":"2013-02-02T16:12:48+00:00","dateModified":"2013-02-03T19:37:45+00:00","author":{"@id":"https:\/\/www.visit-ulcinj.com\/blog\/#\/schema\/person\/dcab619c614d3038751c63bc2aadc06d"},"description":"Jozyrtarisht m\u00ebsohet se kryadministratori i komun\u00ebs s\u00eb Ulqinit Jakup Muratoviqi nuk \u00ebsht\u00eb m\u00eb administratori i komun\u00ebs s\u00eb Ulqinit. Sipas t\u00eb gjitha gjasave","breadcrumb":{"@id":"https:\/\/www.visit-ulcinj.com\/blog\/2013\/02\/02\/largohet-jakup-muratoviq-nga-posti-i-kryeadministratorit\/#breadcrumb"},"inLanguage":"en-US","potentialAction":[{"@type":"ReadAction","target":["https:\/\/www.visit-ulcinj.com\/blog\/2013\/02\/02\/largohet-jakup-muratoviq-nga-posti-i-kryeadministratorit\/"]}]},{"@type":"BreadcrumbList","@id":"https:\/\/www.visit-ulcinj.com\/blog\/2013\/02\/02\/largohet-jakup-muratoviq-nga-posti-i-kryeadministratorit\/#breadcrumb","itemListElement":[{"@type":"ListItem","position":1,"name":"Largohet Jakup Muratoviq nga posti i kryeadministratorit"}]},{"@type":"Person","@id":"https:\/\/www.visit-ulcinj.com\/blog\/#\/schema\/person\/dcab619c614d3038751c63bc2aadc06d","name":"ulqini","sameAs":["http:\/\/www.visit-ulcinj.com"],"url":"https:\/\/www.visit-ulcinj.com\/blog\/author\/admin\/"}]}},"jetpack_featured_media_url":"","jetpack_sharing_enabled":true,"jetpack_shortlink":"https:\/\/wp.me\/pe6lTn-hKx","_links":{"self":[{"href":"https:\/\/www.visit-ulcinj.com\/blog\/wp-json\/wp\/v2\/posts\/68233"}],"collection":[{"href":"https:\/\/www.visit-ulcinj.com\/blog\/wp-json\/wp\/v2\/posts"}],"about":[{"href":"https:\/\/www.visit-ulcinj.com\/blog\/wp-json\/wp\/v2\/types\/post"}],"author":[{"embeddable":true,"href":"https:\/\/www.visit-ulcinj.com\/blog\/wp-json\/wp\/v2\/users\/1"}],"replies":[{"embeddable":true,"href":"https:\/\/www.visit-ulcinj.com\/blog\/wp-json\/wp\/v2\/comments?post=68233"}],"version-history":[{"count":2,"href":"https:\/\/www.visit-ulcinj.com\/blog\/wp-json\/wp\/v2\/posts\/68233\/revisions"}],"predecessor-version":[{"id":68302,"href":"https:\/\/www.visit-ulcinj.com\/blog\/wp-json\/wp\/v2\/posts\/68233\/revisions\/68302"}],"wp:attachment":[{"href":"https:\/\/www.visit-ulcinj.com\/blog\/wp-json\/wp\/v2\/media?parent=68233"}],"wp:term":[{"taxonomy":"category","embeddable":true,"href":"https:\/\/www.visit-ulcinj.com\/blog\/wp-json\/wp\/v2\/categories?post=68233"},{"taxonomy":"post_tag","embeddable":true,"href":"https:\/\/www.visit-ulcinj.com\/blog\/wp-json\/wp\/v2\/tags?post=68233"}],"curies":[{"name":"wp","href":"https:\/\/api.w.org\/{rel}","templated":true}]}}