{"id":68236,"date":"2013-02-02T17:35:13","date_gmt":"2013-02-02T16:35:13","guid":{"rendered":"http:\/\/www.visit-ulcinj.com\/blog\/?p=68236"},"modified":"2013-02-02T17:35:13","modified_gmt":"2013-02-02T16:35:13","slug":"kryetari-cungu-takon-kryetarin-te-fondit-malazez-per-ndertimin-z-danillo-popoviq","status":"publish","type":"post","link":"https:\/\/www.visit-ulcinj.com\/blog\/2013\/02\/02\/kryetari-cungu-takon-kryetarin-te-fondit-malazez-per-ndertimin-z-danillo-popoviq\/","title":{"rendered":"Kryetari Cungu takon kryetarin t\u00eb fondit malazez p\u00ebr nd\u00ebrtimin z.Danillo Popoviq"},"content":{"rendered":"<p><strong><a href=\"http:\/\/www.visit-ulcinj.com\/blog\/wp-content\/uploads\/2013\/02\/Nazif-Cungu-Danillo-Popovic.3.jpg\"><img loading=\"lazy\" class=\"alignleft size-full wp-image-68239\" alt=\"Nazif Cungu - Danillo Popovic.3\" src=\"http:\/\/www.visit-ulcinj.com\/blog\/wp-content\/uploads\/2013\/02\/Nazif-Cungu-Danillo-Popovic.3.jpg\" width=\"508\" height=\"360\" \/><\/a>Kryetari Cungu priti sot n\u00eb takim kryetarin e bordit t\u00eb drejtor\u00ebve t\u00eb fondit malazez p\u00ebr nd\u00ebrtimin e objekteve solidare z.Danillo Popoviq<\/strong><\/p>\n<p>Kryetari i Komun\u00ebs s\u00eb Ulqinit Nazif Cungu me bashk\u00ebpun\u00ebtoret e tij, priti sot n\u00eb takim kryetarin e bordit t\u00eb drejtor\u00ebve t\u00eb fondit malazez p\u00ebr nd\u00ebrtimin e objekteve solidare z. Danilo Popoviq.<br \/>\nZ. Popoviq i njoftoj t\u00eb pranishmit lidhur me punen dhe aktivitetin e fondit malazez p\u00ebr nd\u00ebrtimin e objekteve solidare duke theksuar s\u00eb ky fond ka nd\u00ebrtuar nj\u00eb num\u00ebr t\u00eb konsideruar t\u00eb objekteve t\u00eb banimit t\u00eb cilat u jan\u00eb dh\u00ebn\u00eb puntor\u00ebve t\u00eb nd\u00ebrmarrjeve t\u00eb ndryshme publike apo private me nj\u00eb \u00e7mim t\u00eb volitshem, i cili \u00ebsht\u00eb 20%, 30% e deri edhe n\u00eb 50% m\u00eb i ul\u00ebt se \u00e7mimi i tregut t\u00eb lir\u00eb.<br \/>\n<a href=\"http:\/\/www.visit-ulcinj.com\/blog\/wp-content\/uploads\/2013\/02\/Nazif-Cungu-Danillo-Popovic.jpg\"><img loading=\"lazy\" class=\"alignleft size-full wp-image-68240\" alt=\"Nazif Cungu - Danillo Popovic\" src=\"http:\/\/www.visit-ulcinj.com\/blog\/wp-content\/uploads\/2013\/02\/Nazif-Cungu-Danillo-Popovic.jpg\" width=\"508\" height=\"300\" \/><\/a><br \/>\nAi theksoi se Ulqini \u00ebsht\u00eb qyteti i vetem n\u00eb bregdetin e Malit t\u00eb Zi ku n\u00eb 30 vitet e fundit nuk \u00ebsht\u00eb nd\u00ebrtuar asnj\u00eb objekt solidar i banimit, andaj ky fond shpreh nevojen dhe gadishmerin\u00eb p\u00ebr t\u00eb filluar nd\u00ebrtimin e objekteve t\u00eb till\u00eb.<br \/>\nKyetari Cungu duke e falenderuar z.Popoviq, u shpreh se Komuna e Ulqinit e mirpret fillimin e nj\u00eb projekti t\u00eb till\u00eb i cili do t\u00eb ndikoj\u00eb pozitivisht tek qytetaret tan\u00eb. Duke ju premtuar atyre q\u00eb do t\u00eb angazhohet n\u00eb gjetjen e nj\u00eb lokacioni t\u00eb p\u00ebrshtatshem, ai u shpreh se Komuna e Ulqinit do t\u00eb ndihmoj n\u00eb p\u00ebrshpejtimin e dh\u00ebnies s\u00eb kushteve urbanistike poashtu edhe n\u00eb lirimin nga pagesa e komunalive duke eleminuar k\u00ebshtu \u00e7do barrier p\u00ebr nd\u00ebrtimin e k\u00ebtyre objekteve.<br \/>\n<a href=\"http:\/\/www.visit-ulcinj.com\/blog\/wp-content\/uploads\/2013\/02\/Nazif-Cungu-Danillo-Popovic.1.jpg\"><img loading=\"lazy\" class=\"alignleft size-full wp-image-68241\" alt=\"Nazif Cungu - Danillo Popovic.1\" src=\"http:\/\/www.visit-ulcinj.com\/blog\/wp-content\/uploads\/2013\/02\/Nazif-Cungu-Danillo-Popovic.1.jpg\" width=\"508\" height=\"300\" \/><\/a><br \/>\nFusha e Ulqinit mbetet nj\u00eb nga zonat m\u00eb t\u00eb p\u00ebrshtashme p\u00ebr nj\u00eb projekt t\u00eb till\u00eb, mirpo duke qen\u00eb q\u00eb Komuna e Ulqinit \u00ebsht\u00eb duke punuar intenzivisht n\u00eb hartimin dhe miratimin e planeve urbanistike, mund t\u00eb planifikohen hapsirat e nevojshme p\u00ebr nd\u00ebrtimin e k\u00ebtyre objekteve edhe n\u00eb zona tjera t\u00eb qytetit u shpreh z.Cungu.<\/p>\n<p>T\u00eb dy palet shprehen vullnetin e tyre p\u00ebr tu angazhuar n\u00eb shqyrtimin e mund\u00ebsive m\u00eb adekuate p\u00ebr fillimin e k\u00ebtij projekti.<\/p>\n<p><strong>Op\u0161tina Ulcinj \/ Komuna e Ulqinit<\/strong><br \/>\nTel: +382 30 412 050<br \/>\nFax: +382 30 412 413<br \/>\nAdresa: Bul. Skenderbeu bb, 85360 Ulcinj, MNE<\/p>\n","protected":false},"excerpt":{"rendered":"<p>Kryetari Cungu priti sot n\u00eb takim kryetarin e bordit t\u00eb drejtor\u00ebve t\u00eb fondit malazez p\u00ebr nd\u00ebrtimin e objekteve solidare z.Danillo Popoviq Kryetari i Komun\u00ebs s\u00eb Ulqinit Nazif Cungu me bashk\u00ebpun\u00ebtoret e tij, priti sot n\u00eb takim kryetarin e bordit t\u00eb drejtor\u00ebve t\u00eb fondit malazez p\u00ebr nd\u00ebrtimin e objekteve solidare z. Danilo Popoviq. Z. Popoviq i [&hellip;]<\/p>\n","protected":false},"author":1,"featured_media":0,"comment_status":"open","ping_status":"closed","sticky":false,"template":"","format":"standard","meta":{"spay_email":"","jetpack_publicize_message":"","jetpack_is_tweetstorm":false,"jetpack_publicize_feature_enabled":true},"categories":[10],"tags":[118,200,18],"jetpack_publicize_connections":[],"yoast_head":"<!-- This site is optimized with the Yoast SEO plugin v19.1 - https:\/\/yoast.com\/wordpress\/plugins\/seo\/ -->\n<title>Kryetari Cungu takon kryetarin t\u00eb fondit malazez p\u00ebr nd\u00ebrtimin z.Danillo Popoviq - Lajme nga Ulqini<\/title>\n<meta name=\"description\" content=\"Kryetari Cungu priti sot n\u00eb takim kryetarin e bordit t\u00eb drejtor\u00ebve t\u00eb fondit malazez p\u00ebr nd\u00ebrtimin e objekteve solidare z.Danillo Popoviq Kryetari i\" \/>\n<meta name=\"robots\" content=\"index, follow, max-snippet:-1, max-image-preview:large, max-video-preview:-1\" \/>\n<link rel=\"canonical\" href=\"https:\/\/www.visit-ulcinj.com\/blog\/2013\/02\/02\/kryetari-cungu-takon-kryetarin-te-fondit-malazez-per-ndertimin-z-danillo-popoviq\/\" \/>\n<meta property=\"og:locale\" content=\"en_US\" \/>\n<meta property=\"og:type\" content=\"article\" \/>\n<meta property=\"og:title\" content=\"Kryetari Cungu takon kryetarin t\u00eb fondit malazez p\u00ebr nd\u00ebrtimin z.Danillo Popoviq - Lajme nga Ulqini\" \/>\n<meta property=\"og:description\" content=\"Kryetari Cungu priti sot n\u00eb takim kryetarin e bordit t\u00eb drejtor\u00ebve t\u00eb fondit malazez p\u00ebr nd\u00ebrtimin e objekteve solidare z.Danillo Popoviq Kryetari i\" \/>\n<meta property=\"og:url\" content=\"https:\/\/www.visit-ulcinj.com\/blog\/2013\/02\/02\/kryetari-cungu-takon-kryetarin-te-fondit-malazez-per-ndertimin-z-danillo-popoviq\/\" \/>\n<meta property=\"og:site_name\" content=\"Lajme nga Ulqini\" \/>\n<meta property=\"article:published_time\" content=\"2013-02-02T16:35:13+00:00\" \/>\n<meta property=\"og:image\" content=\"http:\/\/www.visit-ulcinj.com\/blog\/wp-content\/uploads\/2013\/02\/Nazif-Cungu-Danillo-Popovic.3.jpg\" \/>\n<meta name=\"twitter:label1\" content=\"Written by\" \/>\n\t<meta name=\"twitter:data1\" content=\"ulqini\" \/>\n\t<meta name=\"twitter:label2\" content=\"Est. reading time\" \/>\n\t<meta name=\"twitter:data2\" content=\"2 minutes\" \/>\n<script type=\"application\/ld+json\" class=\"yoast-schema-graph\">{\"@context\":\"https:\/\/schema.org\",\"@graph\":[{\"@type\":\"WebSite\",\"@id\":\"https:\/\/www.visit-ulcinj.com\/blog\/#website\",\"url\":\"https:\/\/www.visit-ulcinj.com\/blog\/\",\"name\":\"Lajme nga Ulqini\",\"description\":\"Lajme,Vijesti,Ulqini,Ulqin,Crna Gora,Mali i Zi\",\"potentialAction\":[{\"@type\":\"SearchAction\",\"target\":{\"@type\":\"EntryPoint\",\"urlTemplate\":\"https:\/\/www.visit-ulcinj.com\/blog\/?s={search_term_string}\"},\"query-input\":\"required name=search_term_string\"}],\"inLanguage\":\"en-US\"},{\"@type\":\"ImageObject\",\"inLanguage\":\"en-US\",\"@id\":\"https:\/\/www.visit-ulcinj.com\/blog\/2013\/02\/02\/kryetari-cungu-takon-kryetarin-te-fondit-malazez-per-ndertimin-z-danillo-popoviq\/#primaryimage\",\"url\":\"https:\/\/www.visit-ulcinj.com\/blog\/wp-content\/uploads\/2013\/02\/Nazif-Cungu-Danillo-Popovic.3.jpg\",\"contentUrl\":\"https:\/\/www.visit-ulcinj.com\/blog\/wp-content\/uploads\/2013\/02\/Nazif-Cungu-Danillo-Popovic.3.jpg\",\"width\":640,\"height\":424},{\"@type\":\"WebPage\",\"@id\":\"https:\/\/www.visit-ulcinj.com\/blog\/2013\/02\/02\/kryetari-cungu-takon-kryetarin-te-fondit-malazez-per-ndertimin-z-danillo-popoviq\/#webpage\",\"url\":\"https:\/\/www.visit-ulcinj.com\/blog\/2013\/02\/02\/kryetari-cungu-takon-kryetarin-te-fondit-malazez-per-ndertimin-z-danillo-popoviq\/\",\"name\":\"Kryetari Cungu takon kryetarin t\u00eb fondit malazez p\u00ebr nd\u00ebrtimin z.Danillo Popoviq - Lajme nga Ulqini\",\"isPartOf\":{\"@id\":\"https:\/\/www.visit-ulcinj.com\/blog\/#website\"},\"primaryImageOfPage\":{\"@id\":\"https:\/\/www.visit-ulcinj.com\/blog\/2013\/02\/02\/kryetari-cungu-takon-kryetarin-te-fondit-malazez-per-ndertimin-z-danillo-popoviq\/#primaryimage\"},\"datePublished\":\"2013-02-02T16:35:13+00:00\",\"dateModified\":\"2013-02-02T16:35:13+00:00\",\"author\":{\"@id\":\"https:\/\/www.visit-ulcinj.com\/blog\/#\/schema\/person\/dcab619c614d3038751c63bc2aadc06d\"},\"description\":\"Kryetari Cungu priti sot n\u00eb takim kryetarin e bordit t\u00eb drejtor\u00ebve t\u00eb fondit malazez p\u00ebr nd\u00ebrtimin e objekteve solidare z.Danillo Popoviq Kryetari i\",\"breadcrumb\":{\"@id\":\"https:\/\/www.visit-ulcinj.com\/blog\/2013\/02\/02\/kryetari-cungu-takon-kryetarin-te-fondit-malazez-per-ndertimin-z-danillo-popoviq\/#breadcrumb\"},\"inLanguage\":\"en-US\",\"potentialAction\":[{\"@type\":\"ReadAction\",\"target\":[\"https:\/\/www.visit-ulcinj.com\/blog\/2013\/02\/02\/kryetari-cungu-takon-kryetarin-te-fondit-malazez-per-ndertimin-z-danillo-popoviq\/\"]}]},{\"@type\":\"BreadcrumbList\",\"@id\":\"https:\/\/www.visit-ulcinj.com\/blog\/2013\/02\/02\/kryetari-cungu-takon-kryetarin-te-fondit-malazez-per-ndertimin-z-danillo-popoviq\/#breadcrumb\",\"itemListElement\":[{\"@type\":\"ListItem\",\"position\":1,\"name\":\"Kryetari Cungu takon kryetarin t\u00eb fondit malazez p\u00ebr nd\u00ebrtimin z.Danillo Popoviq\"}]},{\"@type\":\"Person\",\"@id\":\"https:\/\/www.visit-ulcinj.com\/blog\/#\/schema\/person\/dcab619c614d3038751c63bc2aadc06d\",\"name\":\"ulqini\",\"sameAs\":[\"http:\/\/www.visit-ulcinj.com\"],\"url\":\"https:\/\/www.visit-ulcinj.com\/blog\/author\/admin\/\"}]}<\/script>\n<!-- \/ Yoast SEO plugin. -->","yoast_head_json":{"title":"Kryetari Cungu takon kryetarin t\u00eb fondit malazez p\u00ebr nd\u00ebrtimin z.Danillo Popoviq - Lajme nga Ulqini","description":"Kryetari Cungu priti sot n\u00eb takim kryetarin e bordit t\u00eb drejtor\u00ebve t\u00eb fondit malazez p\u00ebr nd\u00ebrtimin e objekteve solidare z.Danillo Popoviq Kryetari i","robots":{"index":"index","follow":"follow","max-snippet":"max-snippet:-1","max-image-preview":"max-image-preview:large","max-video-preview":"max-video-preview:-1"},"canonical":"https:\/\/www.visit-ulcinj.com\/blog\/2013\/02\/02\/kryetari-cungu-takon-kryetarin-te-fondit-malazez-per-ndertimin-z-danillo-popoviq\/","og_locale":"en_US","og_type":"article","og_title":"Kryetari Cungu takon kryetarin t\u00eb fondit malazez p\u00ebr nd\u00ebrtimin z.Danillo Popoviq - Lajme nga Ulqini","og_description":"Kryetari Cungu priti sot n\u00eb takim kryetarin e bordit t\u00eb drejtor\u00ebve t\u00eb fondit malazez p\u00ebr nd\u00ebrtimin e objekteve solidare z.Danillo Popoviq Kryetari i","og_url":"https:\/\/www.visit-ulcinj.com\/blog\/2013\/02\/02\/kryetari-cungu-takon-kryetarin-te-fondit-malazez-per-ndertimin-z-danillo-popoviq\/","og_site_name":"Lajme nga Ulqini","article_published_time":"2013-02-02T16:35:13+00:00","og_image":[{"url":"http:\/\/www.visit-ulcinj.com\/blog\/wp-content\/uploads\/2013\/02\/Nazif-Cungu-Danillo-Popovic.3.jpg"}],"twitter_misc":{"Written by":"ulqini","Est. reading time":"2 minutes"},"schema":{"@context":"https:\/\/schema.org","@graph":[{"@type":"WebSite","@id":"https:\/\/www.visit-ulcinj.com\/blog\/#website","url":"https:\/\/www.visit-ulcinj.com\/blog\/","name":"Lajme nga Ulqini","description":"Lajme,Vijesti,Ulqini,Ulqin,Crna Gora,Mali i Zi","potentialAction":[{"@type":"SearchAction","target":{"@type":"EntryPoint","urlTemplate":"https:\/\/www.visit-ulcinj.com\/blog\/?s={search_term_string}"},"query-input":"required name=search_term_string"}],"inLanguage":"en-US"},{"@type":"ImageObject","inLanguage":"en-US","@id":"https:\/\/www.visit-ulcinj.com\/blog\/2013\/02\/02\/kryetari-cungu-takon-kryetarin-te-fondit-malazez-per-ndertimin-z-danillo-popoviq\/#primaryimage","url":"https:\/\/www.visit-ulcinj.com\/blog\/wp-content\/uploads\/2013\/02\/Nazif-Cungu-Danillo-Popovic.3.jpg","contentUrl":"https:\/\/www.visit-ulcinj.com\/blog\/wp-content\/uploads\/2013\/02\/Nazif-Cungu-Danillo-Popovic.3.jpg","width":640,"height":424},{"@type":"WebPage","@id":"https:\/\/www.visit-ulcinj.com\/blog\/2013\/02\/02\/kryetari-cungu-takon-kryetarin-te-fondit-malazez-per-ndertimin-z-danillo-popoviq\/#webpage","url":"https:\/\/www.visit-ulcinj.com\/blog\/2013\/02\/02\/kryetari-cungu-takon-kryetarin-te-fondit-malazez-per-ndertimin-z-danillo-popoviq\/","name":"Kryetari Cungu takon kryetarin t\u00eb fondit malazez p\u00ebr nd\u00ebrtimin z.Danillo Popoviq - Lajme nga Ulqini","isPartOf":{"@id":"https:\/\/www.visit-ulcinj.com\/blog\/#website"},"primaryImageOfPage":{"@id":"https:\/\/www.visit-ulcinj.com\/blog\/2013\/02\/02\/kryetari-cungu-takon-kryetarin-te-fondit-malazez-per-ndertimin-z-danillo-popoviq\/#primaryimage"},"datePublished":"2013-02-02T16:35:13+00:00","dateModified":"2013-02-02T16:35:13+00:00","author":{"@id":"https:\/\/www.visit-ulcinj.com\/blog\/#\/schema\/person\/dcab619c614d3038751c63bc2aadc06d"},"description":"Kryetari Cungu priti sot n\u00eb takim kryetarin e bordit t\u00eb drejtor\u00ebve t\u00eb fondit malazez p\u00ebr nd\u00ebrtimin e objekteve solidare z.Danillo Popoviq Kryetari i","breadcrumb":{"@id":"https:\/\/www.visit-ulcinj.com\/blog\/2013\/02\/02\/kryetari-cungu-takon-kryetarin-te-fondit-malazez-per-ndertimin-z-danillo-popoviq\/#breadcrumb"},"inLanguage":"en-US","potentialAction":[{"@type":"ReadAction","target":["https:\/\/www.visit-ulcinj.com\/blog\/2013\/02\/02\/kryetari-cungu-takon-kryetarin-te-fondit-malazez-per-ndertimin-z-danillo-popoviq\/"]}]},{"@type":"BreadcrumbList","@id":"https:\/\/www.visit-ulcinj.com\/blog\/2013\/02\/02\/kryetari-cungu-takon-kryetarin-te-fondit-malazez-per-ndertimin-z-danillo-popoviq\/#breadcrumb","itemListElement":[{"@type":"ListItem","position":1,"name":"Kryetari Cungu takon kryetarin t\u00eb fondit malazez p\u00ebr nd\u00ebrtimin z.Danillo Popoviq"}]},{"@type":"Person","@id":"https:\/\/www.visit-ulcinj.com\/blog\/#\/schema\/person\/dcab619c614d3038751c63bc2aadc06d","name":"ulqini","sameAs":["http:\/\/www.visit-ulcinj.com"],"url":"https:\/\/www.visit-ulcinj.com\/blog\/author\/admin\/"}]}},"jetpack_featured_media_url":"","jetpack_sharing_enabled":true,"jetpack_shortlink":"https:\/\/wp.me\/pe6lTn-hKA","_links":{"self":[{"href":"https:\/\/www.visit-ulcinj.com\/blog\/wp-json\/wp\/v2\/posts\/68236"}],"collection":[{"href":"https:\/\/www.visit-ulcinj.com\/blog\/wp-json\/wp\/v2\/posts"}],"about":[{"href":"https:\/\/www.visit-ulcinj.com\/blog\/wp-json\/wp\/v2\/types\/post"}],"author":[{"embeddable":true,"href":"https:\/\/www.visit-ulcinj.com\/blog\/wp-json\/wp\/v2\/users\/1"}],"replies":[{"embeddable":true,"href":"https:\/\/www.visit-ulcinj.com\/blog\/wp-json\/wp\/v2\/comments?post=68236"}],"version-history":[{"count":1,"href":"https:\/\/www.visit-ulcinj.com\/blog\/wp-json\/wp\/v2\/posts\/68236\/revisions"}],"predecessor-version":[{"id":68242,"href":"https:\/\/www.visit-ulcinj.com\/blog\/wp-json\/wp\/v2\/posts\/68236\/revisions\/68242"}],"wp:attachment":[{"href":"https:\/\/www.visit-ulcinj.com\/blog\/wp-json\/wp\/v2\/media?parent=68236"}],"wp:term":[{"taxonomy":"category","embeddable":true,"href":"https:\/\/www.visit-ulcinj.com\/blog\/wp-json\/wp\/v2\/categories?post=68236"},{"taxonomy":"post_tag","embeddable":true,"href":"https:\/\/www.visit-ulcinj.com\/blog\/wp-json\/wp\/v2\/tags?post=68236"}],"curies":[{"name":"wp","href":"https:\/\/api.w.org\/{rel}","templated":true}]}}