{"id":6824,"date":"2008-12-04T18:50:05","date_gmt":"2008-12-04T17:50:05","guid":{"rendered":"http:\/\/www.visit-ulcinj.com\/blog\/?p=6824"},"modified":"2008-12-04T18:50:05","modified_gmt":"2008-12-04T17:50:05","slug":"suksese-te-vazhdueshme-te-klubit-te-karatese-ulqini","status":"publish","type":"post","link":"https:\/\/www.visit-ulcinj.com\/blog\/2008\/12\/04\/suksese-te-vazhdueshme-te-klubit-te-karatese-ulqini\/","title":{"rendered":"Suksese t\u00eb vazhdueshme t\u00eb klubit t\u00eb karates\u00eb &#8220;Ulqini&#8221;"},"content":{"rendered":"<p><a href=\"http:\/\/www.visit-ulcinj.com\/blog\/wp-content\/uploads\/2008\/12\/kk-ulqini.jpg\"><img loading=\"lazy\" class=\"alignleft size-medium wp-image-6825\" title=\"kk-ulqini\" src=\"http:\/\/www.visit-ulcinj.com\/blog\/wp-content\/uploads\/2008\/12\/kk-ulqini-300x230.jpg\" alt=\"\" width=\"341\" height=\"262\" srcset=\"https:\/\/www.visit-ulcinj.com\/blog\/wp-content\/uploads\/2008\/12\/kk-ulqini-300x230.jpg 300w, https:\/\/www.visit-ulcinj.com\/blog\/wp-content\/uploads\/2008\/12\/kk-ulqini.jpg 450w\" sizes=\"(max-width: 341px) 100vw, 341px\" \/><\/a><strong>Allmir Hajdari kampion i Malit t\u00eb Zi<\/strong><br \/>\nN\u00eb Kampionatin e Malit t\u00eb Zi i cili u mbajt t\u00eb shtun\u00ebn n\u00eb Podgoric\u00eb, &#8220;Ulqini&#8221; u kuror\u00ebzua me gjithsej 23 medalje, prej t\u00eb cilave nj\u00eb t\u00eb art\u00eb, n\u00ebnt\u00eb t\u00eb argjendta dhe 13 t\u00eb bronzta. Nd\u00ebrkaq, n\u00eb Kampionatin IX Mbar\u00ebkomb\u00ebtar t\u00eb Karates\u00eb p\u00ebr senior\u00eb kushtuar Dit\u00ebs s\u00eb Flamurit, t\u00eb mbajtur n\u00eb Prishtin\u00eb, &#8220;Ulqini&#8221; fitoi nj\u00eb medalje t\u00eb argjendt\u00eb dhe dy medalje t\u00eb bronzta.<br \/>\nKlubi i Karates\u00eb &#8220;Ulqini&#8221; mori pjes\u00eb gjat\u00eb fundjav\u00ebs n\u00eb dy gara t\u00eb r\u00ebnd\u00ebsishme, n\u00eb Kampionatin e Malit t\u00eb Zi p\u00ebr kadet\u00eb dhe junior\u00eb dhe n\u00eb Kampionatin Mbar\u00ebkomb\u00ebtar p\u00ebr senior\u00eb n\u00eb Prishtin\u00eb, duke u kuror\u00ebzuar me nj\u00eb ser\u00eb medaljesh.<br \/>\nN\u00eb Kampionatin e Malit t\u00eb Zi i cili u mbajt t\u00eb shtun\u00ebn n\u00eb Podgoric\u00eb, &#8220;Ulqini&#8221; u kuror\u00ebzua me gjithsej 23 medalje, prej t\u00eb cilave nj\u00eb e art\u00eb, n\u00ebnt\u00eb t\u00eb argjendta dhe 13 t\u00eb bronzta.<br \/>\nKampion i Malit te Zi u shpall Allmir Hajdari, n\u00eb luft\u00eb individuale p\u00ebr junior\u00eb, n\u00eb kategorin\u00eb -61 kg, nd\u00ebrsa n\u00ebnkampion i Malit t\u00eb Zi u shpall Xhenis Rexhepi, n\u00eb luft\u00eb individuale p\u00ebr kadet\u00eb, n\u00eb kategorin\u00eb -57 kg. Po ashtu n\u00ebnkampion\u00eb t\u00eb Malit t\u00eb Zi u shpall\u00ebn ekipet e junior\u00ebve n\u00eb kata dhe n\u00eb lufta. N\u00eb ekipin e katave punuan Liridon Elezi, Dardan Ceka dhe Viktor Curoviq, nd\u00ebrsa n\u00eb ekipin e luftrave Liridon Elezi, Dardan Ceka, Viktor Curoviq, Allmir Hajdari dhe Muhamet Kraja. Ekipi i kadet\u00ebve n\u00eb luftra dhe ekipi i junioreve n\u00eb luftra u rendit\u00ebn n\u00eb vend t\u00eb tret\u00eb.<br \/>\nVlen t\u00eb theksohet se t\u00eb 11 garuesit e k\u00ebtij klubi q\u00eb mor\u00ebn pjes\u00eb n\u00eb k\u00ebt\u00eb Kampionat: Blerta Tahiri, Liridon Elezi, Dardan Ceka, Viktor Curoviq, Allmir Hajdari, Muhamet Kraja, Xhenis Rexhepi, Diamant Rexha, Granit Rexha, Agron Seferi dhe Arbnor Kullaliqi u kuror\u00ebzuan me nga nj\u00eb apo disa medalje n\u00eb disiplinat individuale dhe ekipore.<br \/>\nVet\u00ebm nj\u00eb dit\u00eb m\u00eb von\u00eb, t\u00eb diel\u00ebn, karateist\u00ebt e &#8220;Ulqini&#8221;-t mor\u00ebn pjes\u00eb n\u00eb Prishtin\u00eb n\u00eb Kampionatin IX Mbar\u00ebkomb\u00ebtar t\u00eb Karates\u00eb p\u00ebr senior\u00eb kushtuar Dit\u00ebs s\u00eb Flamurit. Kampionati u organizua nga Federata e Karates\u00eb s\u00eb Kosov\u00ebs dhe n\u00eb t\u00eb mor\u00ebn pjes\u00eb klube nga mbar\u00eb Kosova, Shqip\u00ebria, Akademia Shqiptare e Karates\u00eb s\u00eb Maqedonis\u00eb, Lugina e Preshev\u00ebs, si dhe klubet nga Ulqini.<br \/>\nN\u00ebnkampion mbar\u00ebkomb\u00ebtar u shpall Kreshnik Tahiri n\u00eb luft\u00eb individuale, n\u00eb kategorin\u00eb +80kg, nd\u00ebrsa me medalje t\u00eb bronzta u kuror\u00ebzuan Liridon Elezi dhe Dardan Ceka.<br \/>\nP\u00ebrve\u00e7 an\u00ebs garuese, e r\u00ebnd\u00ebsishme \u00ebsht\u00eb t\u00eb theksohet se ekipi i katave i KK &#8220;Ulqini&#8221;-t, n\u00eb p\u00ebrb\u00ebrje Liridon Elezi, Dardan Ceka dhe Viktor Curoviq, mor\u00ebn pjes\u00eb n\u00eb hapjen solemne t\u00eb Kampionatit, me \u00e7`rast ata demonstruan kat\u00ebn mjeshtrore gojushiho sho me aplikimin e saj &#8211; Bunkai. Sipas drejtuesve t\u00eb k\u00ebtij klubi, &#8220;demonstrimi u prit shum\u00eb mir\u00eb nga organizator\u00ebt dhe shikuesit, duke u duartrokitur shum\u00eb her\u00eb, p\u00ebr \u00e7`gj\u00eb organizatori i shp\u00ebrbleu me nga nj\u00eb mir\u00ebnjohje dhe nj\u00eb kup\u00eb&#8221;.<br \/>\nNj\u00eb nderim tjet\u00ebr q\u00eb iu b\u00eb KK &#8220;Ulqini&#8221;-t nga organizatori \u00ebsht\u00eb fakti se drejtuesit e tij p\u00ebrsh\u00ebndet\u00ebn me rastin e hapjes solemne t\u00eb Kampionatit si dhe n\u00eb fund t\u00eb gar\u00ebs ndan\u00eb medaljet p\u00ebr garuesit m\u00eb t\u00eb suksessh\u00ebm.<br \/>\nDrejtori i marketingut i KK &#8220;Ulqini&#8221; Skender Tahiri dhe kryetrajneri Ruzhdi Rama fal\u00ebnderojn\u00eb kryetarin e Federat\u00ebs s\u00eb Karates\u00eb s\u00eb Kosov\u00ebs, Nezir Rama, dhe sekretarin e p\u00ebrgjithsh\u00ebm t\u00eb k\u00ebsaj federate, Safet Ramadani, p\u00ebr mikpritjen dhe respektin ndaj k\u00ebtij klubi. Ata fal\u00ebnderojm\u00eb po ashtu sponsor\u00ebt q\u00eb i ndihmuan t\u00eb marrin pjes\u00eb n\u00eb k\u00ebto dy gara, nd\u00ebrmarrjet &#8220;Kallaba Company&#8221;, minimarketin &#8220;Flora&#8221;, &#8220;Eco-Al&#8221;, &#8220;Elita Group&#8221;, Burektoren &#8220;Pelivan&#8221;, Zenel dhe Senad Ram\u00ebn, si dhe prind\u00ebrit e f\u00ebmij\u00ebve.<br \/>\n<strong>Kohapress<\/strong><\/p>\n<!--YouTube Error: bad URL entered-->\n","protected":false},"excerpt":{"rendered":"<p>Allmir Hajdari kampion i Malit t\u00eb Zi N\u00eb Kampionatin e Malit t\u00eb Zi i cili u mbajt t\u00eb shtun\u00ebn n\u00eb Podgoric\u00eb, &#8220;Ulqini&#8221; u kuror\u00ebzua me gjithsej 23 medalje, prej t\u00eb cilave nj\u00eb t\u00eb art\u00eb, n\u00ebnt\u00eb t\u00eb argjendta dhe 13 t\u00eb bronzta. Nd\u00ebrkaq, n\u00eb Kampionatin IX Mbar\u00ebkomb\u00ebtar t\u00eb Karates\u00eb p\u00ebr senior\u00eb kushtuar Dit\u00ebs s\u00eb Flamurit, t\u00eb [&hellip;]<\/p>\n","protected":false},"author":1,"featured_media":0,"comment_status":"open","ping_status":"closed","sticky":false,"template":"","format":"standard","meta":{"spay_email":"","jetpack_publicize_message":"","jetpack_is_tweetstorm":false,"jetpack_publicize_feature_enabled":true},"categories":[3],"tags":[2618,200],"jetpack_publicize_connections":[],"yoast_head":"<!-- This site is optimized with the Yoast SEO plugin v19.1 - https:\/\/yoast.com\/wordpress\/plugins\/seo\/ -->\n<title>Suksese t\u00eb vazhdueshme t\u00eb klubit t\u00eb karates\u00eb &quot;Ulqini&quot; - Lajme nga Ulqini<\/title>\n<meta name=\"description\" content=\"Allmir Hajdari kampion i Malit t\u00eb Zi N\u00eb Kampionatin e Malit t\u00eb Zi i cili u mbajt t\u00eb shtun\u00ebn n\u00eb Podgoric\u00eb, &quot;Ulqini&quot; u kuror\u00ebzua me gjithsej 23 medalje,\" \/>\n<meta name=\"robots\" content=\"index, follow, max-snippet:-1, max-image-preview:large, max-video-preview:-1\" \/>\n<link rel=\"canonical\" href=\"https:\/\/www.visit-ulcinj.com\/blog\/2008\/12\/04\/suksese-te-vazhdueshme-te-klubit-te-karatese-ulqini\/\" \/>\n<meta property=\"og:locale\" content=\"en_US\" \/>\n<meta property=\"og:type\" content=\"article\" \/>\n<meta property=\"og:title\" content=\"Suksese t\u00eb vazhdueshme t\u00eb klubit t\u00eb karates\u00eb &quot;Ulqini&quot; - Lajme nga Ulqini\" \/>\n<meta property=\"og:description\" content=\"Allmir Hajdari kampion i Malit t\u00eb Zi N\u00eb Kampionatin e Malit t\u00eb Zi i cili u mbajt t\u00eb shtun\u00ebn n\u00eb Podgoric\u00eb, &quot;Ulqini&quot; u kuror\u00ebzua me gjithsej 23 medalje,\" \/>\n<meta property=\"og:url\" content=\"https:\/\/www.visit-ulcinj.com\/blog\/2008\/12\/04\/suksese-te-vazhdueshme-te-klubit-te-karatese-ulqini\/\" \/>\n<meta property=\"og:site_name\" content=\"Lajme nga Ulqini\" \/>\n<meta property=\"article:published_time\" content=\"2008-12-04T17:50:05+00:00\" \/>\n<meta property=\"og:image\" content=\"http:\/\/www.visit-ulcinj.com\/blog\/wp-content\/uploads\/2008\/12\/kk-ulqini-300x230.jpg\" \/>\n<meta name=\"twitter:label1\" content=\"Written by\" \/>\n\t<meta name=\"twitter:data1\" content=\"ulqini\" \/>\n\t<meta name=\"twitter:label2\" content=\"Est. reading time\" \/>\n\t<meta name=\"twitter:data2\" content=\"3 minutes\" \/>\n<script type=\"application\/ld+json\" class=\"yoast-schema-graph\">{\"@context\":\"https:\/\/schema.org\",\"@graph\":[{\"@type\":\"WebSite\",\"@id\":\"https:\/\/www.visit-ulcinj.com\/blog\/#website\",\"url\":\"https:\/\/www.visit-ulcinj.com\/blog\/\",\"name\":\"Lajme nga Ulqini\",\"description\":\"Lajme,Vijesti,Ulqini,Ulqin,Crna Gora,Mali i Zi\",\"potentialAction\":[{\"@type\":\"SearchAction\",\"target\":{\"@type\":\"EntryPoint\",\"urlTemplate\":\"https:\/\/www.visit-ulcinj.com\/blog\/?s={search_term_string}\"},\"query-input\":\"required name=search_term_string\"}],\"inLanguage\":\"en-US\"},{\"@type\":\"ImageObject\",\"inLanguage\":\"en-US\",\"@id\":\"https:\/\/www.visit-ulcinj.com\/blog\/2008\/12\/04\/suksese-te-vazhdueshme-te-klubit-te-karatese-ulqini\/#primaryimage\",\"url\":\"http:\/\/www.visit-ulcinj.com\/blog\/wp-content\/uploads\/2008\/12\/kk-ulqini-300x230.jpg\",\"contentUrl\":\"http:\/\/www.visit-ulcinj.com\/blog\/wp-content\/uploads\/2008\/12\/kk-ulqini-300x230.jpg\"},{\"@type\":\"WebPage\",\"@id\":\"https:\/\/www.visit-ulcinj.com\/blog\/2008\/12\/04\/suksese-te-vazhdueshme-te-klubit-te-karatese-ulqini\/#webpage\",\"url\":\"https:\/\/www.visit-ulcinj.com\/blog\/2008\/12\/04\/suksese-te-vazhdueshme-te-klubit-te-karatese-ulqini\/\",\"name\":\"Suksese t\u00eb vazhdueshme t\u00eb klubit t\u00eb karates\u00eb \\\"Ulqini\\\" - Lajme nga Ulqini\",\"isPartOf\":{\"@id\":\"https:\/\/www.visit-ulcinj.com\/blog\/#website\"},\"primaryImageOfPage\":{\"@id\":\"https:\/\/www.visit-ulcinj.com\/blog\/2008\/12\/04\/suksese-te-vazhdueshme-te-klubit-te-karatese-ulqini\/#primaryimage\"},\"datePublished\":\"2008-12-04T17:50:05+00:00\",\"dateModified\":\"2008-12-04T17:50:05+00:00\",\"author\":{\"@id\":\"https:\/\/www.visit-ulcinj.com\/blog\/#\/schema\/person\/dcab619c614d3038751c63bc2aadc06d\"},\"description\":\"Allmir Hajdari kampion i Malit t\u00eb Zi N\u00eb Kampionatin e Malit t\u00eb Zi i cili u mbajt t\u00eb shtun\u00ebn n\u00eb Podgoric\u00eb, \\\"Ulqini\\\" u kuror\u00ebzua me gjithsej 23 medalje,\",\"breadcrumb\":{\"@id\":\"https:\/\/www.visit-ulcinj.com\/blog\/2008\/12\/04\/suksese-te-vazhdueshme-te-klubit-te-karatese-ulqini\/#breadcrumb\"},\"inLanguage\":\"en-US\",\"potentialAction\":[{\"@type\":\"ReadAction\",\"target\":[\"https:\/\/www.visit-ulcinj.com\/blog\/2008\/12\/04\/suksese-te-vazhdueshme-te-klubit-te-karatese-ulqini\/\"]}]},{\"@type\":\"BreadcrumbList\",\"@id\":\"https:\/\/www.visit-ulcinj.com\/blog\/2008\/12\/04\/suksese-te-vazhdueshme-te-klubit-te-karatese-ulqini\/#breadcrumb\",\"itemListElement\":[{\"@type\":\"ListItem\",\"position\":1,\"name\":\"Suksese t\u00eb vazhdueshme t\u00eb klubit t\u00eb karates\u00eb &#8220;Ulqini&#8221;\"}]},{\"@type\":\"Person\",\"@id\":\"https:\/\/www.visit-ulcinj.com\/blog\/#\/schema\/person\/dcab619c614d3038751c63bc2aadc06d\",\"name\":\"ulqini\",\"sameAs\":[\"http:\/\/www.visit-ulcinj.com\"],\"url\":\"https:\/\/www.visit-ulcinj.com\/blog\/author\/admin\/\"}]}<\/script>\n<!-- \/ Yoast SEO plugin. -->","yoast_head_json":{"title":"Suksese t\u00eb vazhdueshme t\u00eb klubit t\u00eb karates\u00eb \"Ulqini\" - Lajme nga Ulqini","description":"Allmir Hajdari kampion i Malit t\u00eb Zi N\u00eb Kampionatin e Malit t\u00eb Zi i cili u mbajt t\u00eb shtun\u00ebn n\u00eb Podgoric\u00eb, \"Ulqini\" u kuror\u00ebzua me gjithsej 23 medalje,","robots":{"index":"index","follow":"follow","max-snippet":"max-snippet:-1","max-image-preview":"max-image-preview:large","max-video-preview":"max-video-preview:-1"},"canonical":"https:\/\/www.visit-ulcinj.com\/blog\/2008\/12\/04\/suksese-te-vazhdueshme-te-klubit-te-karatese-ulqini\/","og_locale":"en_US","og_type":"article","og_title":"Suksese t\u00eb vazhdueshme t\u00eb klubit t\u00eb karates\u00eb \"Ulqini\" - Lajme nga Ulqini","og_description":"Allmir Hajdari kampion i Malit t\u00eb Zi N\u00eb Kampionatin e Malit t\u00eb Zi i cili u mbajt t\u00eb shtun\u00ebn n\u00eb Podgoric\u00eb, \"Ulqini\" u kuror\u00ebzua me gjithsej 23 medalje,","og_url":"https:\/\/www.visit-ulcinj.com\/blog\/2008\/12\/04\/suksese-te-vazhdueshme-te-klubit-te-karatese-ulqini\/","og_site_name":"Lajme nga Ulqini","article_published_time":"2008-12-04T17:50:05+00:00","og_image":[{"url":"http:\/\/www.visit-ulcinj.com\/blog\/wp-content\/uploads\/2008\/12\/kk-ulqini-300x230.jpg"}],"twitter_misc":{"Written by":"ulqini","Est. reading time":"3 minutes"},"schema":{"@context":"https:\/\/schema.org","@graph":[{"@type":"WebSite","@id":"https:\/\/www.visit-ulcinj.com\/blog\/#website","url":"https:\/\/www.visit-ulcinj.com\/blog\/","name":"Lajme nga Ulqini","description":"Lajme,Vijesti,Ulqini,Ulqin,Crna Gora,Mali i Zi","potentialAction":[{"@type":"SearchAction","target":{"@type":"EntryPoint","urlTemplate":"https:\/\/www.visit-ulcinj.com\/blog\/?s={search_term_string}"},"query-input":"required name=search_term_string"}],"inLanguage":"en-US"},{"@type":"ImageObject","inLanguage":"en-US","@id":"https:\/\/www.visit-ulcinj.com\/blog\/2008\/12\/04\/suksese-te-vazhdueshme-te-klubit-te-karatese-ulqini\/#primaryimage","url":"http:\/\/www.visit-ulcinj.com\/blog\/wp-content\/uploads\/2008\/12\/kk-ulqini-300x230.jpg","contentUrl":"http:\/\/www.visit-ulcinj.com\/blog\/wp-content\/uploads\/2008\/12\/kk-ulqini-300x230.jpg"},{"@type":"WebPage","@id":"https:\/\/www.visit-ulcinj.com\/blog\/2008\/12\/04\/suksese-te-vazhdueshme-te-klubit-te-karatese-ulqini\/#webpage","url":"https:\/\/www.visit-ulcinj.com\/blog\/2008\/12\/04\/suksese-te-vazhdueshme-te-klubit-te-karatese-ulqini\/","name":"Suksese t\u00eb vazhdueshme t\u00eb klubit t\u00eb karates\u00eb \"Ulqini\" - Lajme nga Ulqini","isPartOf":{"@id":"https:\/\/www.visit-ulcinj.com\/blog\/#website"},"primaryImageOfPage":{"@id":"https:\/\/www.visit-ulcinj.com\/blog\/2008\/12\/04\/suksese-te-vazhdueshme-te-klubit-te-karatese-ulqini\/#primaryimage"},"datePublished":"2008-12-04T17:50:05+00:00","dateModified":"2008-12-04T17:50:05+00:00","author":{"@id":"https:\/\/www.visit-ulcinj.com\/blog\/#\/schema\/person\/dcab619c614d3038751c63bc2aadc06d"},"description":"Allmir Hajdari kampion i Malit t\u00eb Zi N\u00eb Kampionatin e Malit t\u00eb Zi i cili u mbajt t\u00eb shtun\u00ebn n\u00eb Podgoric\u00eb, \"Ulqini\" u kuror\u00ebzua me gjithsej 23 medalje,","breadcrumb":{"@id":"https:\/\/www.visit-ulcinj.com\/blog\/2008\/12\/04\/suksese-te-vazhdueshme-te-klubit-te-karatese-ulqini\/#breadcrumb"},"inLanguage":"en-US","potentialAction":[{"@type":"ReadAction","target":["https:\/\/www.visit-ulcinj.com\/blog\/2008\/12\/04\/suksese-te-vazhdueshme-te-klubit-te-karatese-ulqini\/"]}]},{"@type":"BreadcrumbList","@id":"https:\/\/www.visit-ulcinj.com\/blog\/2008\/12\/04\/suksese-te-vazhdueshme-te-klubit-te-karatese-ulqini\/#breadcrumb","itemListElement":[{"@type":"ListItem","position":1,"name":"Suksese t\u00eb vazhdueshme t\u00eb klubit t\u00eb karates\u00eb &#8220;Ulqini&#8221;"}]},{"@type":"Person","@id":"https:\/\/www.visit-ulcinj.com\/blog\/#\/schema\/person\/dcab619c614d3038751c63bc2aadc06d","name":"ulqini","sameAs":["http:\/\/www.visit-ulcinj.com"],"url":"https:\/\/www.visit-ulcinj.com\/blog\/author\/admin\/"}]}},"jetpack_featured_media_url":"","jetpack_sharing_enabled":true,"jetpack_shortlink":"https:\/\/wp.me\/pe6lTn-1M4","_links":{"self":[{"href":"https:\/\/www.visit-ulcinj.com\/blog\/wp-json\/wp\/v2\/posts\/6824"}],"collection":[{"href":"https:\/\/www.visit-ulcinj.com\/blog\/wp-json\/wp\/v2\/posts"}],"about":[{"href":"https:\/\/www.visit-ulcinj.com\/blog\/wp-json\/wp\/v2\/types\/post"}],"author":[{"embeddable":true,"href":"https:\/\/www.visit-ulcinj.com\/blog\/wp-json\/wp\/v2\/users\/1"}],"replies":[{"embeddable":true,"href":"https:\/\/www.visit-ulcinj.com\/blog\/wp-json\/wp\/v2\/comments?post=6824"}],"version-history":[{"count":0,"href":"https:\/\/www.visit-ulcinj.com\/blog\/wp-json\/wp\/v2\/posts\/6824\/revisions"}],"wp:attachment":[{"href":"https:\/\/www.visit-ulcinj.com\/blog\/wp-json\/wp\/v2\/media?parent=6824"}],"wp:term":[{"taxonomy":"category","embeddable":true,"href":"https:\/\/www.visit-ulcinj.com\/blog\/wp-json\/wp\/v2\/categories?post=6824"},{"taxonomy":"post_tag","embeddable":true,"href":"https:\/\/www.visit-ulcinj.com\/blog\/wp-json\/wp\/v2\/tags?post=6824"}],"curies":[{"name":"wp","href":"https:\/\/api.w.org\/{rel}","templated":true}]}}