{"id":68243,"date":"2013-02-02T17:44:59","date_gmt":"2013-02-02T16:44:59","guid":{"rendered":"http:\/\/www.visit-ulcinj.com\/blog\/?p=68243"},"modified":"2013-02-02T17:44:59","modified_gmt":"2013-02-02T16:44:59","slug":"kryetari-cungu-u-takua-me-perfaqesuesit-e-atlas-grupit","status":"publish","type":"post","link":"https:\/\/www.visit-ulcinj.com\/blog\/2013\/02\/02\/kryetari-cungu-u-takua-me-perfaqesuesit-e-atlas-grupit\/","title":{"rendered":"Kryetari Cungu u takua me p\u00ebrfaq\u00ebsuesit e Atlas Grupit"},"content":{"rendered":"<p><strong><a href=\"http:\/\/www.visit-ulcinj.com\/blog\/wp-content\/uploads\/2013\/02\/Nazif-Cungu-Atlas-Group-Montengro.jpg\"><img loading=\"lazy\" class=\"alignleft size-full wp-image-68244\" alt=\"Nazif Cungu - Atlas Group Montengro\" src=\"http:\/\/www.visit-ulcinj.com\/blog\/wp-content\/uploads\/2013\/02\/Nazif-Cungu-Atlas-Group-Montengro.jpg\" width=\"508\" height=\"360\" \/><\/a>Kryetari i Komun\u00ebs s\u00eb Ulqinit Nazif Cungu u takua sot me p\u00ebrfaq\u00ebsuesit e Atlas Grupit<\/strong><\/p>\n<p>Kryetari i Komun\u00ebs s\u00eb Ulqinit Nazif Cungu u takuar sot me p\u00ebrfaq\u00ebsuesit e Atlas Grupit p\u00ebr t\u00eb diskutuar n\u00eb lidhje me procesin gjyq\u00ebsor rreth kompensimit t\u00eb d\u00ebmit p\u00ebr objektet e prishura n\u00eb vendbanimin K1 n\u00eb Shtoj n\u00eb fillim t\u00eb viteve t\u00eb 80 \u2013 ta.<br \/>\n<a href=\"http:\/\/www.visit-ulcinj.com\/blog\/wp-content\/uploads\/2013\/02\/Nazif-Cungu-Atlas-Group-Montengro.1.jpg\"><img loading=\"lazy\" class=\"alignleft size-full wp-image-68245\" alt=\"Nazif Cungu - Atlas Group Montengro.1\" src=\"http:\/\/www.visit-ulcinj.com\/blog\/wp-content\/uploads\/2013\/02\/Nazif-Cungu-Atlas-Group-Montengro.1.jpg\" width=\"508\" height=\"300\" \/><\/a><br \/>\nKontesti \u00ebsht\u00eb n\u00eb procedur\u00eb tash m\u00eb shum\u00eb se 30 vjet dhe sipas fjal\u00ebve t\u00eb p\u00ebrfaq\u00ebsuesve t\u00eb Atlas Grupit ky kontest kap\u00ebn vler\u00ebn prej mbi 10.000.000 Euro.<\/p>\n<p>Bashkarisht u vler\u00ebsua q\u00eb n\u00eb k\u00ebt\u00eb proces duhet t\u00eb p\u00ebrfshihet edhe shteti, pasi q\u00eb Komuna e Ulqinit nuk ka kapacitete financiare q\u00eb ti p\u00ebrgjigjet k\u00ebsaj k\u00ebrkese, e cila do t\u00eb ishte me pasoja afatgjata p\u00ebr qytetin dhe qyter\u00ebt e Ulqinit.<br \/>\nShteti duhet t\u00eb p\u00ebrfshihet n\u00eb k\u00ebt\u00eb kontest, pasi q\u00eb ato objekte jan\u00eb prishur me aktvendim t\u00eb Komitetit t\u00eb at\u00ebhersh\u00ebm republikan p\u00ebr urbaniz\u00ebm dhe nd\u00ebrtimtari, dhe p\u00ebr k\u00ebt\u00eb arsye komuna nuk mund t\u00eb mbart\u00eb mbi vete nj\u00eb obligim t\u00eb till\u00eb.<br \/>\n<a href=\"http:\/\/www.visit-ulcinj.com\/blog\/wp-content\/uploads\/2013\/02\/Nazif-Cungu-Atlas-Group-Montengro.2.jpg\"><img loading=\"lazy\" class=\"alignleft size-full wp-image-68246\" alt=\"Nazif Cungu - Atlas Group Montengro.2\" src=\"http:\/\/www.visit-ulcinj.com\/blog\/wp-content\/uploads\/2013\/02\/Nazif-Cungu-Atlas-Group-Montengro.2.jpg\" width=\"508\" height=\"300\" \/><\/a><br \/>\nKryetari Cungu i ka njoftuar mysafir\u00ebt me faktin q\u00eb Komuna disa her\u00eb ka k\u00ebrkuar prej shtetit q\u00eb t\u00eb p\u00ebrfshihet n\u00eb k\u00ebt\u00eb kontest, dhe se k\u00ebt\u00eb do ta k\u00ebrkoj\u00eb n\u00eb m\u00ebnyr\u00eb permanente nga Qeveria dhe ministrit\u00eb p\u00ebrkat\u00ebse edhe n\u00eb t\u00eb ardhmen.<br \/>\nBashk\u00ebbiseduesit n\u00eb fund kan\u00eb shprehur shpres\u00ebn dhe gatishm\u00ebrin\u00eb q\u00eb ky kontest t\u00eb zgjidhet me marr\u00ebveshjen e t\u00eb gjitha pal\u00ebve t\u00eb interesuara.<\/p>\n<p><strong>Op\u0161tina Ulcinj \/ Komuna e Ulqinit<\/strong><br \/>\nTel: +382 30 412 050<br \/>\nFax: +382 30 412 413<br \/>\nAdresa: Bul. Skenderbeu bb, 85360 Ulcinj, MNE<\/p>\n","protected":false},"excerpt":{"rendered":"<p>Kryetari i Komun\u00ebs s\u00eb Ulqinit Nazif Cungu u takua sot me p\u00ebrfaq\u00ebsuesit e Atlas Grupit Kryetari i Komun\u00ebs s\u00eb Ulqinit Nazif Cungu u takuar sot me p\u00ebrfaq\u00ebsuesit e Atlas Grupit p\u00ebr t\u00eb diskutuar n\u00eb lidhje me procesin gjyq\u00ebsor rreth kompensimit t\u00eb d\u00ebmit p\u00ebr objektet e prishura n\u00eb vendbanimin K1 n\u00eb Shtoj n\u00eb fillim t\u00eb viteve [&hellip;]<\/p>\n","protected":false},"author":1,"featured_media":0,"comment_status":"open","ping_status":"closed","sticky":false,"template":"","format":"standard","meta":{"spay_email":"","jetpack_publicize_message":"","jetpack_is_tweetstorm":false,"jetpack_publicize_feature_enabled":true},"categories":[11],"tags":[21755,118,200,18],"jetpack_publicize_connections":[],"yoast_head":"<!-- This site is optimized with the Yoast SEO plugin v19.1 - https:\/\/yoast.com\/wordpress\/plugins\/seo\/ -->\n<title>Kryetari Cungu u takua me p\u00ebrfaq\u00ebsuesit e Atlas Grupit - Lajme nga Ulqini<\/title>\n<meta name=\"description\" content=\"Kryetari i Komun\u00ebs s\u00eb Ulqinit Nazif Cungu u takua sot me p\u00ebrfaq\u00ebsuesit e Atlas Grupit Kryetari i Komun\u00ebs s\u00eb Ulqinit Nazif Cungu u takuar sot me\" \/>\n<meta name=\"robots\" content=\"index, follow, max-snippet:-1, max-image-preview:large, max-video-preview:-1\" \/>\n<link rel=\"canonical\" href=\"https:\/\/www.visit-ulcinj.com\/blog\/2013\/02\/02\/kryetari-cungu-u-takua-me-perfaqesuesit-e-atlas-grupit\/\" \/>\n<meta property=\"og:locale\" content=\"en_US\" \/>\n<meta property=\"og:type\" content=\"article\" \/>\n<meta property=\"og:title\" content=\"Kryetari Cungu u takua me p\u00ebrfaq\u00ebsuesit e Atlas Grupit - Lajme nga Ulqini\" \/>\n<meta property=\"og:description\" content=\"Kryetari i Komun\u00ebs s\u00eb Ulqinit Nazif Cungu u takua sot me p\u00ebrfaq\u00ebsuesit e Atlas Grupit Kryetari i Komun\u00ebs s\u00eb Ulqinit Nazif Cungu u takuar sot me\" \/>\n<meta property=\"og:url\" content=\"https:\/\/www.visit-ulcinj.com\/blog\/2013\/02\/02\/kryetari-cungu-u-takua-me-perfaqesuesit-e-atlas-grupit\/\" \/>\n<meta property=\"og:site_name\" content=\"Lajme nga Ulqini\" \/>\n<meta property=\"article:published_time\" content=\"2013-02-02T16:44:59+00:00\" \/>\n<meta property=\"og:image\" content=\"http:\/\/www.visit-ulcinj.com\/blog\/wp-content\/uploads\/2013\/02\/Nazif-Cungu-Atlas-Group-Montengro.jpg\" \/>\n<meta name=\"twitter:label1\" content=\"Written by\" \/>\n\t<meta name=\"twitter:data1\" content=\"ulqini\" \/>\n\t<meta name=\"twitter:label2\" content=\"Est. reading time\" \/>\n\t<meta name=\"twitter:data2\" content=\"1 minute\" \/>\n<script type=\"application\/ld+json\" class=\"yoast-schema-graph\">{\"@context\":\"https:\/\/schema.org\",\"@graph\":[{\"@type\":\"WebSite\",\"@id\":\"https:\/\/www.visit-ulcinj.com\/blog\/#website\",\"url\":\"https:\/\/www.visit-ulcinj.com\/blog\/\",\"name\":\"Lajme nga Ulqini\",\"description\":\"Lajme,Vijesti,Ulqini,Ulqin,Crna Gora,Mali i Zi\",\"potentialAction\":[{\"@type\":\"SearchAction\",\"target\":{\"@type\":\"EntryPoint\",\"urlTemplate\":\"https:\/\/www.visit-ulcinj.com\/blog\/?s={search_term_string}\"},\"query-input\":\"required name=search_term_string\"}],\"inLanguage\":\"en-US\"},{\"@type\":\"ImageObject\",\"inLanguage\":\"en-US\",\"@id\":\"https:\/\/www.visit-ulcinj.com\/blog\/2013\/02\/02\/kryetari-cungu-u-takua-me-perfaqesuesit-e-atlas-grupit\/#primaryimage\",\"url\":\"https:\/\/www.visit-ulcinj.com\/blog\/wp-content\/uploads\/2013\/02\/Nazif-Cungu-Atlas-Group-Montengro.jpg\",\"contentUrl\":\"https:\/\/www.visit-ulcinj.com\/blog\/wp-content\/uploads\/2013\/02\/Nazif-Cungu-Atlas-Group-Montengro.jpg\",\"width\":640,\"height\":424},{\"@type\":\"WebPage\",\"@id\":\"https:\/\/www.visit-ulcinj.com\/blog\/2013\/02\/02\/kryetari-cungu-u-takua-me-perfaqesuesit-e-atlas-grupit\/#webpage\",\"url\":\"https:\/\/www.visit-ulcinj.com\/blog\/2013\/02\/02\/kryetari-cungu-u-takua-me-perfaqesuesit-e-atlas-grupit\/\",\"name\":\"Kryetari Cungu u takua me p\u00ebrfaq\u00ebsuesit e Atlas Grupit - Lajme nga Ulqini\",\"isPartOf\":{\"@id\":\"https:\/\/www.visit-ulcinj.com\/blog\/#website\"},\"primaryImageOfPage\":{\"@id\":\"https:\/\/www.visit-ulcinj.com\/blog\/2013\/02\/02\/kryetari-cungu-u-takua-me-perfaqesuesit-e-atlas-grupit\/#primaryimage\"},\"datePublished\":\"2013-02-02T16:44:59+00:00\",\"dateModified\":\"2013-02-02T16:44:59+00:00\",\"author\":{\"@id\":\"https:\/\/www.visit-ulcinj.com\/blog\/#\/schema\/person\/dcab619c614d3038751c63bc2aadc06d\"},\"description\":\"Kryetari i Komun\u00ebs s\u00eb Ulqinit Nazif Cungu u takua sot me p\u00ebrfaq\u00ebsuesit e Atlas Grupit Kryetari i Komun\u00ebs s\u00eb Ulqinit Nazif Cungu u takuar sot me\",\"breadcrumb\":{\"@id\":\"https:\/\/www.visit-ulcinj.com\/blog\/2013\/02\/02\/kryetari-cungu-u-takua-me-perfaqesuesit-e-atlas-grupit\/#breadcrumb\"},\"inLanguage\":\"en-US\",\"potentialAction\":[{\"@type\":\"ReadAction\",\"target\":[\"https:\/\/www.visit-ulcinj.com\/blog\/2013\/02\/02\/kryetari-cungu-u-takua-me-perfaqesuesit-e-atlas-grupit\/\"]}]},{\"@type\":\"BreadcrumbList\",\"@id\":\"https:\/\/www.visit-ulcinj.com\/blog\/2013\/02\/02\/kryetari-cungu-u-takua-me-perfaqesuesit-e-atlas-grupit\/#breadcrumb\",\"itemListElement\":[{\"@type\":\"ListItem\",\"position\":1,\"name\":\"Kryetari Cungu u takua me p\u00ebrfaq\u00ebsuesit e Atlas Grupit\"}]},{\"@type\":\"Person\",\"@id\":\"https:\/\/www.visit-ulcinj.com\/blog\/#\/schema\/person\/dcab619c614d3038751c63bc2aadc06d\",\"name\":\"ulqini\",\"sameAs\":[\"http:\/\/www.visit-ulcinj.com\"],\"url\":\"https:\/\/www.visit-ulcinj.com\/blog\/author\/admin\/\"}]}<\/script>\n<!-- \/ Yoast SEO plugin. -->","yoast_head_json":{"title":"Kryetari Cungu u takua me p\u00ebrfaq\u00ebsuesit e Atlas Grupit - Lajme nga Ulqini","description":"Kryetari i Komun\u00ebs s\u00eb Ulqinit Nazif Cungu u takua sot me p\u00ebrfaq\u00ebsuesit e Atlas Grupit Kryetari i Komun\u00ebs s\u00eb Ulqinit Nazif Cungu u takuar sot me","robots":{"index":"index","follow":"follow","max-snippet":"max-snippet:-1","max-image-preview":"max-image-preview:large","max-video-preview":"max-video-preview:-1"},"canonical":"https:\/\/www.visit-ulcinj.com\/blog\/2013\/02\/02\/kryetari-cungu-u-takua-me-perfaqesuesit-e-atlas-grupit\/","og_locale":"en_US","og_type":"article","og_title":"Kryetari Cungu u takua me p\u00ebrfaq\u00ebsuesit e Atlas Grupit - Lajme nga Ulqini","og_description":"Kryetari i Komun\u00ebs s\u00eb Ulqinit Nazif Cungu u takua sot me p\u00ebrfaq\u00ebsuesit e Atlas Grupit Kryetari i Komun\u00ebs s\u00eb Ulqinit Nazif Cungu u takuar sot me","og_url":"https:\/\/www.visit-ulcinj.com\/blog\/2013\/02\/02\/kryetari-cungu-u-takua-me-perfaqesuesit-e-atlas-grupit\/","og_site_name":"Lajme nga Ulqini","article_published_time":"2013-02-02T16:44:59+00:00","og_image":[{"url":"http:\/\/www.visit-ulcinj.com\/blog\/wp-content\/uploads\/2013\/02\/Nazif-Cungu-Atlas-Group-Montengro.jpg"}],"twitter_misc":{"Written by":"ulqini","Est. reading time":"1 minute"},"schema":{"@context":"https:\/\/schema.org","@graph":[{"@type":"WebSite","@id":"https:\/\/www.visit-ulcinj.com\/blog\/#website","url":"https:\/\/www.visit-ulcinj.com\/blog\/","name":"Lajme nga Ulqini","description":"Lajme,Vijesti,Ulqini,Ulqin,Crna Gora,Mali i Zi","potentialAction":[{"@type":"SearchAction","target":{"@type":"EntryPoint","urlTemplate":"https:\/\/www.visit-ulcinj.com\/blog\/?s={search_term_string}"},"query-input":"required name=search_term_string"}],"inLanguage":"en-US"},{"@type":"ImageObject","inLanguage":"en-US","@id":"https:\/\/www.visit-ulcinj.com\/blog\/2013\/02\/02\/kryetari-cungu-u-takua-me-perfaqesuesit-e-atlas-grupit\/#primaryimage","url":"https:\/\/www.visit-ulcinj.com\/blog\/wp-content\/uploads\/2013\/02\/Nazif-Cungu-Atlas-Group-Montengro.jpg","contentUrl":"https:\/\/www.visit-ulcinj.com\/blog\/wp-content\/uploads\/2013\/02\/Nazif-Cungu-Atlas-Group-Montengro.jpg","width":640,"height":424},{"@type":"WebPage","@id":"https:\/\/www.visit-ulcinj.com\/blog\/2013\/02\/02\/kryetari-cungu-u-takua-me-perfaqesuesit-e-atlas-grupit\/#webpage","url":"https:\/\/www.visit-ulcinj.com\/blog\/2013\/02\/02\/kryetari-cungu-u-takua-me-perfaqesuesit-e-atlas-grupit\/","name":"Kryetari Cungu u takua me p\u00ebrfaq\u00ebsuesit e Atlas Grupit - Lajme nga Ulqini","isPartOf":{"@id":"https:\/\/www.visit-ulcinj.com\/blog\/#website"},"primaryImageOfPage":{"@id":"https:\/\/www.visit-ulcinj.com\/blog\/2013\/02\/02\/kryetari-cungu-u-takua-me-perfaqesuesit-e-atlas-grupit\/#primaryimage"},"datePublished":"2013-02-02T16:44:59+00:00","dateModified":"2013-02-02T16:44:59+00:00","author":{"@id":"https:\/\/www.visit-ulcinj.com\/blog\/#\/schema\/person\/dcab619c614d3038751c63bc2aadc06d"},"description":"Kryetari i Komun\u00ebs s\u00eb Ulqinit Nazif Cungu u takua sot me p\u00ebrfaq\u00ebsuesit e Atlas Grupit Kryetari i Komun\u00ebs s\u00eb Ulqinit Nazif Cungu u takuar sot me","breadcrumb":{"@id":"https:\/\/www.visit-ulcinj.com\/blog\/2013\/02\/02\/kryetari-cungu-u-takua-me-perfaqesuesit-e-atlas-grupit\/#breadcrumb"},"inLanguage":"en-US","potentialAction":[{"@type":"ReadAction","target":["https:\/\/www.visit-ulcinj.com\/blog\/2013\/02\/02\/kryetari-cungu-u-takua-me-perfaqesuesit-e-atlas-grupit\/"]}]},{"@type":"BreadcrumbList","@id":"https:\/\/www.visit-ulcinj.com\/blog\/2013\/02\/02\/kryetari-cungu-u-takua-me-perfaqesuesit-e-atlas-grupit\/#breadcrumb","itemListElement":[{"@type":"ListItem","position":1,"name":"Kryetari Cungu u takua me p\u00ebrfaq\u00ebsuesit e Atlas Grupit"}]},{"@type":"Person","@id":"https:\/\/www.visit-ulcinj.com\/blog\/#\/schema\/person\/dcab619c614d3038751c63bc2aadc06d","name":"ulqini","sameAs":["http:\/\/www.visit-ulcinj.com"],"url":"https:\/\/www.visit-ulcinj.com\/blog\/author\/admin\/"}]}},"jetpack_featured_media_url":"","jetpack_sharing_enabled":true,"jetpack_shortlink":"https:\/\/wp.me\/pe6lTn-hKH","_links":{"self":[{"href":"https:\/\/www.visit-ulcinj.com\/blog\/wp-json\/wp\/v2\/posts\/68243"}],"collection":[{"href":"https:\/\/www.visit-ulcinj.com\/blog\/wp-json\/wp\/v2\/posts"}],"about":[{"href":"https:\/\/www.visit-ulcinj.com\/blog\/wp-json\/wp\/v2\/types\/post"}],"author":[{"embeddable":true,"href":"https:\/\/www.visit-ulcinj.com\/blog\/wp-json\/wp\/v2\/users\/1"}],"replies":[{"embeddable":true,"href":"https:\/\/www.visit-ulcinj.com\/blog\/wp-json\/wp\/v2\/comments?post=68243"}],"version-history":[{"count":1,"href":"https:\/\/www.visit-ulcinj.com\/blog\/wp-json\/wp\/v2\/posts\/68243\/revisions"}],"predecessor-version":[{"id":68247,"href":"https:\/\/www.visit-ulcinj.com\/blog\/wp-json\/wp\/v2\/posts\/68243\/revisions\/68247"}],"wp:attachment":[{"href":"https:\/\/www.visit-ulcinj.com\/blog\/wp-json\/wp\/v2\/media?parent=68243"}],"wp:term":[{"taxonomy":"category","embeddable":true,"href":"https:\/\/www.visit-ulcinj.com\/blog\/wp-json\/wp\/v2\/categories?post=68243"},{"taxonomy":"post_tag","embeddable":true,"href":"https:\/\/www.visit-ulcinj.com\/blog\/wp-json\/wp\/v2\/tags?post=68243"}],"curies":[{"name":"wp","href":"https:\/\/api.w.org\/{rel}","templated":true}]}}