{"id":68248,"date":"2013-02-02T17:56:29","date_gmt":"2013-02-02T16:56:29","guid":{"rendered":"http:\/\/www.visit-ulcinj.com\/blog\/?p=68248"},"modified":"2013-02-02T17:56:29","modified_gmt":"2013-02-02T16:56:29","slug":"cungu-takon-organizatoret-e-festivalit-southern-soul-festival-montenegro-2013","status":"publish","type":"post","link":"https:\/\/www.visit-ulcinj.com\/blog\/2013\/02\/02\/cungu-takon-organizatoret-e-festivalit-southern-soul-festival-montenegro-2013\/","title":{"rendered":"Cungu takon organizator\u00ebt e festivalit Southern Soul Festival Montenegro 2013"},"content":{"rendered":"<p><strong><a href=\"http:\/\/www.visit-ulcinj.com\/blog\/wp-content\/uploads\/2013\/02\/Nazif-Cungu-Southern-Soul-Festival-Montenegro-2013-Ulqin-Ulcinj.jpg\"><img loading=\"lazy\" class=\"alignleft size-full wp-image-68249\" alt=\"Nazif Cungu - Southern Soul Festival Montenegro 2013-Ulqin-Ulcinj\" src=\"http:\/\/www.visit-ulcinj.com\/blog\/wp-content\/uploads\/2013\/02\/Nazif-Cungu-Southern-Soul-Festival-Montenegro-2013-Ulqin-Ulcinj.jpg\" width=\"508\" height=\"360\" \/><\/a>Kryetari i Komun\u00ebs s\u00eb Ulqinit priti sot n\u00eb takim organizator\u00ebt e festivalit Southern Soul Festival Montenegro 2013 <\/strong><\/p>\n<p>Kryetari i Komun\u00ebs s\u00eb Ulqinit priti sot n\u00eb takim organizator\u00ebt e festivalit t\u00eb muzik\u00ebs Southern Soul Festival Montenegro 2013 i cili do t\u00eb mbahet m\u00eb dat\u00eb 28-30 qeshor 2013 n\u00eb plazhin Dolcinium Kite Beach n\u00eb Ulqin.<br \/>\n<a href=\"http:\/\/www.visit-ulcinj.com\/blog\/wp-content\/uploads\/2013\/02\/Nazif-Cungu-Southern-Soul-Festival-Montenegro-2013-Ulqin-Ulcinj.1.jpg\"><img loading=\"lazy\" class=\"alignleft size-full wp-image-68250\" alt=\"Nazif Cungu - Southern Soul Festival Montenegro 2013-Ulqin-Ulcinj.1\" src=\"http:\/\/www.visit-ulcinj.com\/blog\/wp-content\/uploads\/2013\/02\/Nazif-Cungu-Southern-Soul-Festival-Montenegro-2013-Ulqin-Ulcinj.1.jpg\" width=\"508\" height=\"300\" \/><\/a><br \/>\nOrganizatoret e festivalit i prezantuan kryetarit konceptin e k\u00ebti organizimi dhe u shprehen se kan\u00eb zhgjedhur Plazhin e Madh t\u00eb Ulqinit pasi mbetet nj\u00ebri nga vendet m\u00eb atraktiv dhe m\u00eb i p\u00ebrshtatshem p\u00ebr organizimin e k\u00ebtij aktiviteti. Ata theksuan se i kan\u00eb nisur t\u00eb gjitha pregaditjet si dhe bisedimet me sponzor\u00ebt potecial p\u00ebr mirvajtjen e k\u00ebti aktiviteti dhe se k\u00ebrkojn nga Komuna e Ulqinit q\u00eb ti mb\u00ebshtes n\u00eb pjesen logjistike t\u00eb k\u00ebtij organizimi.<\/p>\n<p>Kryetari Cungu p\u00ebrshendeti organizator\u00ebt dhe i falenderoj ato q\u00eb kan\u00eb zgjedhur Ulqinin, vend p\u00ebr organizimin e k\u00ebtij festivali.<br \/>\n<a href=\"http:\/\/www.visit-ulcinj.com\/blog\/wp-content\/uploads\/2013\/02\/Nazif-Cungu-Southern-Soul-Festival-Montenegro-2013-Ulqin-Ulcinj.2.jpg\"><img loading=\"lazy\" class=\"alignleft size-full wp-image-68251\" alt=\"Nazif Cungu - Southern Soul Festival Montenegro 2013-Ulqin-Ulcinj.2\" src=\"http:\/\/www.visit-ulcinj.com\/blog\/wp-content\/uploads\/2013\/02\/Nazif-Cungu-Southern-Soul-Festival-Montenegro-2013-Ulqin-Ulcinj.2.jpg\" width=\"508\" height=\"300\" \/><\/a><\/p>\n<p>Ai u shpreh se ky ativitet do t\u00eb pasuroj oferten turistike t\u00eb Ulqinit dhe Komuna e Ulqinit do ta mb\u00ebshtes k\u00ebt\u00eb festival me t\u00eb gjitha mun\u00ebsit\u00eb dhe kapacitete logjistike q\u00eb ajo ka n\u00eb dispozicion.<\/p>\n<p><strong>Op\u0161tina Ulcinj \/ Komuna e Ulqinit<\/strong><br \/>\nTel: +382 30 412 050<br \/>\nFax: +382 30 412 413<br \/>\nAdresa: Bul. Skenderbeu bb, 85360 Ulcinj, MNE<\/p>\n","protected":false},"excerpt":{"rendered":"<p>Kryetari i Komun\u00ebs s\u00eb Ulqinit priti sot n\u00eb takim organizator\u00ebt e festivalit Southern Soul Festival Montenegro 2013 Kryetari i Komun\u00ebs s\u00eb Ulqinit priti sot n\u00eb takim organizator\u00ebt e festivalit t\u00eb muzik\u00ebs Southern Soul Festival Montenegro 2013 i cili do t\u00eb mbahet m\u00eb dat\u00eb 28-30 qeshor 2013 n\u00eb plazhin Dolcinium Kite Beach n\u00eb Ulqin. Organizatoret e [&hellip;]<\/p>\n","protected":false},"author":1,"featured_media":0,"comment_status":"open","ping_status":"closed","sticky":false,"template":"","format":"standard","meta":{"spay_email":"","jetpack_publicize_message":"","jetpack_is_tweetstorm":false,"jetpack_publicize_feature_enabled":true},"categories":[15],"tags":[118,21756,21757,21758,200,18],"jetpack_publicize_connections":[],"yoast_head":"<!-- This site is optimized with the Yoast SEO plugin v19.1 - https:\/\/yoast.com\/wordpress\/plugins\/seo\/ -->\n<title>Cungu takon organizator\u00ebt e festivalit Southern Soul Festival Montenegro 2013 - Lajme nga Ulqini<\/title>\n<meta name=\"description\" content=\"Kryetari i Komun\u00ebs s\u00eb Ulqinit priti sot n\u00eb takim organizator\u00ebt e festivalit Southern Soul Festival Montenegro 2013 Kryetari i Komun\u00ebs s\u00eb Ulqinit priti sot\" \/>\n<meta name=\"robots\" content=\"index, follow, max-snippet:-1, max-image-preview:large, max-video-preview:-1\" \/>\n<link rel=\"canonical\" href=\"https:\/\/www.visit-ulcinj.com\/blog\/2013\/02\/02\/cungu-takon-organizatoret-e-festivalit-southern-soul-festival-montenegro-2013\/\" \/>\n<meta property=\"og:locale\" content=\"en_US\" \/>\n<meta property=\"og:type\" content=\"article\" \/>\n<meta property=\"og:title\" content=\"Cungu takon organizator\u00ebt e festivalit Southern Soul Festival Montenegro 2013 - Lajme nga Ulqini\" \/>\n<meta property=\"og:description\" content=\"Kryetari i Komun\u00ebs s\u00eb Ulqinit priti sot n\u00eb takim organizator\u00ebt e festivalit Southern Soul Festival Montenegro 2013 Kryetari i Komun\u00ebs s\u00eb Ulqinit priti sot\" \/>\n<meta property=\"og:url\" content=\"https:\/\/www.visit-ulcinj.com\/blog\/2013\/02\/02\/cungu-takon-organizatoret-e-festivalit-southern-soul-festival-montenegro-2013\/\" \/>\n<meta property=\"og:site_name\" content=\"Lajme nga Ulqini\" \/>\n<meta property=\"article:published_time\" content=\"2013-02-02T16:56:29+00:00\" \/>\n<meta property=\"og:image\" content=\"http:\/\/www.visit-ulcinj.com\/blog\/wp-content\/uploads\/2013\/02\/Nazif-Cungu-Southern-Soul-Festival-Montenegro-2013-Ulqin-Ulcinj.jpg\" \/>\n<meta name=\"twitter:label1\" content=\"Written by\" \/>\n\t<meta name=\"twitter:data1\" content=\"ulqini\" \/>\n\t<meta name=\"twitter:label2\" content=\"Est. reading time\" \/>\n\t<meta name=\"twitter:data2\" content=\"1 minute\" \/>\n<script type=\"application\/ld+json\" class=\"yoast-schema-graph\">{\"@context\":\"https:\/\/schema.org\",\"@graph\":[{\"@type\":\"WebSite\",\"@id\":\"https:\/\/www.visit-ulcinj.com\/blog\/#website\",\"url\":\"https:\/\/www.visit-ulcinj.com\/blog\/\",\"name\":\"Lajme nga Ulqini\",\"description\":\"Lajme,Vijesti,Ulqini,Ulqin,Crna Gora,Mali i Zi\",\"potentialAction\":[{\"@type\":\"SearchAction\",\"target\":{\"@type\":\"EntryPoint\",\"urlTemplate\":\"https:\/\/www.visit-ulcinj.com\/blog\/?s={search_term_string}\"},\"query-input\":\"required name=search_term_string\"}],\"inLanguage\":\"en-US\"},{\"@type\":\"ImageObject\",\"inLanguage\":\"en-US\",\"@id\":\"https:\/\/www.visit-ulcinj.com\/blog\/2013\/02\/02\/cungu-takon-organizatoret-e-festivalit-southern-soul-festival-montenegro-2013\/#primaryimage\",\"url\":\"https:\/\/www.visit-ulcinj.com\/blog\/wp-content\/uploads\/2013\/02\/Nazif-Cungu-Southern-Soul-Festival-Montenegro-2013-Ulqin-Ulcinj.jpg\",\"contentUrl\":\"https:\/\/www.visit-ulcinj.com\/blog\/wp-content\/uploads\/2013\/02\/Nazif-Cungu-Southern-Soul-Festival-Montenegro-2013-Ulqin-Ulcinj.jpg\",\"width\":640,\"height\":424},{\"@type\":\"WebPage\",\"@id\":\"https:\/\/www.visit-ulcinj.com\/blog\/2013\/02\/02\/cungu-takon-organizatoret-e-festivalit-southern-soul-festival-montenegro-2013\/#webpage\",\"url\":\"https:\/\/www.visit-ulcinj.com\/blog\/2013\/02\/02\/cungu-takon-organizatoret-e-festivalit-southern-soul-festival-montenegro-2013\/\",\"name\":\"Cungu takon organizator\u00ebt e festivalit Southern Soul Festival Montenegro 2013 - Lajme nga Ulqini\",\"isPartOf\":{\"@id\":\"https:\/\/www.visit-ulcinj.com\/blog\/#website\"},\"primaryImageOfPage\":{\"@id\":\"https:\/\/www.visit-ulcinj.com\/blog\/2013\/02\/02\/cungu-takon-organizatoret-e-festivalit-southern-soul-festival-montenegro-2013\/#primaryimage\"},\"datePublished\":\"2013-02-02T16:56:29+00:00\",\"dateModified\":\"2013-02-02T16:56:29+00:00\",\"author\":{\"@id\":\"https:\/\/www.visit-ulcinj.com\/blog\/#\/schema\/person\/dcab619c614d3038751c63bc2aadc06d\"},\"description\":\"Kryetari i Komun\u00ebs s\u00eb Ulqinit priti sot n\u00eb takim organizator\u00ebt e festivalit Southern Soul Festival Montenegro 2013 Kryetari i Komun\u00ebs s\u00eb Ulqinit priti sot\",\"breadcrumb\":{\"@id\":\"https:\/\/www.visit-ulcinj.com\/blog\/2013\/02\/02\/cungu-takon-organizatoret-e-festivalit-southern-soul-festival-montenegro-2013\/#breadcrumb\"},\"inLanguage\":\"en-US\",\"potentialAction\":[{\"@type\":\"ReadAction\",\"target\":[\"https:\/\/www.visit-ulcinj.com\/blog\/2013\/02\/02\/cungu-takon-organizatoret-e-festivalit-southern-soul-festival-montenegro-2013\/\"]}]},{\"@type\":\"BreadcrumbList\",\"@id\":\"https:\/\/www.visit-ulcinj.com\/blog\/2013\/02\/02\/cungu-takon-organizatoret-e-festivalit-southern-soul-festival-montenegro-2013\/#breadcrumb\",\"itemListElement\":[{\"@type\":\"ListItem\",\"position\":1,\"name\":\"Cungu takon organizator\u00ebt e festivalit Southern Soul Festival Montenegro 2013\"}]},{\"@type\":\"Person\",\"@id\":\"https:\/\/www.visit-ulcinj.com\/blog\/#\/schema\/person\/dcab619c614d3038751c63bc2aadc06d\",\"name\":\"ulqini\",\"sameAs\":[\"http:\/\/www.visit-ulcinj.com\"],\"url\":\"https:\/\/www.visit-ulcinj.com\/blog\/author\/admin\/\"}]}<\/script>\n<!-- \/ Yoast SEO plugin. -->","yoast_head_json":{"title":"Cungu takon organizator\u00ebt e festivalit Southern Soul Festival Montenegro 2013 - Lajme nga Ulqini","description":"Kryetari i Komun\u00ebs s\u00eb Ulqinit priti sot n\u00eb takim organizator\u00ebt e festivalit Southern Soul Festival Montenegro 2013 Kryetari i Komun\u00ebs s\u00eb Ulqinit priti sot","robots":{"index":"index","follow":"follow","max-snippet":"max-snippet:-1","max-image-preview":"max-image-preview:large","max-video-preview":"max-video-preview:-1"},"canonical":"https:\/\/www.visit-ulcinj.com\/blog\/2013\/02\/02\/cungu-takon-organizatoret-e-festivalit-southern-soul-festival-montenegro-2013\/","og_locale":"en_US","og_type":"article","og_title":"Cungu takon organizator\u00ebt e festivalit Southern Soul Festival Montenegro 2013 - Lajme nga Ulqini","og_description":"Kryetari i Komun\u00ebs s\u00eb Ulqinit priti sot n\u00eb takim organizator\u00ebt e festivalit Southern Soul Festival Montenegro 2013 Kryetari i Komun\u00ebs s\u00eb Ulqinit priti sot","og_url":"https:\/\/www.visit-ulcinj.com\/blog\/2013\/02\/02\/cungu-takon-organizatoret-e-festivalit-southern-soul-festival-montenegro-2013\/","og_site_name":"Lajme nga Ulqini","article_published_time":"2013-02-02T16:56:29+00:00","og_image":[{"url":"http:\/\/www.visit-ulcinj.com\/blog\/wp-content\/uploads\/2013\/02\/Nazif-Cungu-Southern-Soul-Festival-Montenegro-2013-Ulqin-Ulcinj.jpg"}],"twitter_misc":{"Written by":"ulqini","Est. reading time":"1 minute"},"schema":{"@context":"https:\/\/schema.org","@graph":[{"@type":"WebSite","@id":"https:\/\/www.visit-ulcinj.com\/blog\/#website","url":"https:\/\/www.visit-ulcinj.com\/blog\/","name":"Lajme nga Ulqini","description":"Lajme,Vijesti,Ulqini,Ulqin,Crna Gora,Mali i Zi","potentialAction":[{"@type":"SearchAction","target":{"@type":"EntryPoint","urlTemplate":"https:\/\/www.visit-ulcinj.com\/blog\/?s={search_term_string}"},"query-input":"required name=search_term_string"}],"inLanguage":"en-US"},{"@type":"ImageObject","inLanguage":"en-US","@id":"https:\/\/www.visit-ulcinj.com\/blog\/2013\/02\/02\/cungu-takon-organizatoret-e-festivalit-southern-soul-festival-montenegro-2013\/#primaryimage","url":"https:\/\/www.visit-ulcinj.com\/blog\/wp-content\/uploads\/2013\/02\/Nazif-Cungu-Southern-Soul-Festival-Montenegro-2013-Ulqin-Ulcinj.jpg","contentUrl":"https:\/\/www.visit-ulcinj.com\/blog\/wp-content\/uploads\/2013\/02\/Nazif-Cungu-Southern-Soul-Festival-Montenegro-2013-Ulqin-Ulcinj.jpg","width":640,"height":424},{"@type":"WebPage","@id":"https:\/\/www.visit-ulcinj.com\/blog\/2013\/02\/02\/cungu-takon-organizatoret-e-festivalit-southern-soul-festival-montenegro-2013\/#webpage","url":"https:\/\/www.visit-ulcinj.com\/blog\/2013\/02\/02\/cungu-takon-organizatoret-e-festivalit-southern-soul-festival-montenegro-2013\/","name":"Cungu takon organizator\u00ebt e festivalit Southern Soul Festival Montenegro 2013 - Lajme nga Ulqini","isPartOf":{"@id":"https:\/\/www.visit-ulcinj.com\/blog\/#website"},"primaryImageOfPage":{"@id":"https:\/\/www.visit-ulcinj.com\/blog\/2013\/02\/02\/cungu-takon-organizatoret-e-festivalit-southern-soul-festival-montenegro-2013\/#primaryimage"},"datePublished":"2013-02-02T16:56:29+00:00","dateModified":"2013-02-02T16:56:29+00:00","author":{"@id":"https:\/\/www.visit-ulcinj.com\/blog\/#\/schema\/person\/dcab619c614d3038751c63bc2aadc06d"},"description":"Kryetari i Komun\u00ebs s\u00eb Ulqinit priti sot n\u00eb takim organizator\u00ebt e festivalit Southern Soul Festival Montenegro 2013 Kryetari i Komun\u00ebs s\u00eb Ulqinit priti sot","breadcrumb":{"@id":"https:\/\/www.visit-ulcinj.com\/blog\/2013\/02\/02\/cungu-takon-organizatoret-e-festivalit-southern-soul-festival-montenegro-2013\/#breadcrumb"},"inLanguage":"en-US","potentialAction":[{"@type":"ReadAction","target":["https:\/\/www.visit-ulcinj.com\/blog\/2013\/02\/02\/cungu-takon-organizatoret-e-festivalit-southern-soul-festival-montenegro-2013\/"]}]},{"@type":"BreadcrumbList","@id":"https:\/\/www.visit-ulcinj.com\/blog\/2013\/02\/02\/cungu-takon-organizatoret-e-festivalit-southern-soul-festival-montenegro-2013\/#breadcrumb","itemListElement":[{"@type":"ListItem","position":1,"name":"Cungu takon organizator\u00ebt e festivalit Southern Soul Festival Montenegro 2013"}]},{"@type":"Person","@id":"https:\/\/www.visit-ulcinj.com\/blog\/#\/schema\/person\/dcab619c614d3038751c63bc2aadc06d","name":"ulqini","sameAs":["http:\/\/www.visit-ulcinj.com"],"url":"https:\/\/www.visit-ulcinj.com\/blog\/author\/admin\/"}]}},"jetpack_featured_media_url":"","jetpack_sharing_enabled":true,"jetpack_shortlink":"https:\/\/wp.me\/pe6lTn-hKM","_links":{"self":[{"href":"https:\/\/www.visit-ulcinj.com\/blog\/wp-json\/wp\/v2\/posts\/68248"}],"collection":[{"href":"https:\/\/www.visit-ulcinj.com\/blog\/wp-json\/wp\/v2\/posts"}],"about":[{"href":"https:\/\/www.visit-ulcinj.com\/blog\/wp-json\/wp\/v2\/types\/post"}],"author":[{"embeddable":true,"href":"https:\/\/www.visit-ulcinj.com\/blog\/wp-json\/wp\/v2\/users\/1"}],"replies":[{"embeddable":true,"href":"https:\/\/www.visit-ulcinj.com\/blog\/wp-json\/wp\/v2\/comments?post=68248"}],"version-history":[{"count":1,"href":"https:\/\/www.visit-ulcinj.com\/blog\/wp-json\/wp\/v2\/posts\/68248\/revisions"}],"predecessor-version":[{"id":68252,"href":"https:\/\/www.visit-ulcinj.com\/blog\/wp-json\/wp\/v2\/posts\/68248\/revisions\/68252"}],"wp:attachment":[{"href":"https:\/\/www.visit-ulcinj.com\/blog\/wp-json\/wp\/v2\/media?parent=68248"}],"wp:term":[{"taxonomy":"category","embeddable":true,"href":"https:\/\/www.visit-ulcinj.com\/blog\/wp-json\/wp\/v2\/categories?post=68248"},{"taxonomy":"post_tag","embeddable":true,"href":"https:\/\/www.visit-ulcinj.com\/blog\/wp-json\/wp\/v2\/tags?post=68248"}],"curies":[{"name":"wp","href":"https:\/\/api.w.org\/{rel}","templated":true}]}}