{"id":68261,"date":"2013-02-02T19:13:22","date_gmt":"2013-02-02T18:13:22","guid":{"rendered":"http:\/\/www.visit-ulcinj.com\/blog\/?p=68261"},"modified":"2013-02-02T19:13:33","modified_gmt":"2013-02-02T18:13:33","slug":"tajne-usnulog-grada-sasa-ili-svaca","status":"publish","type":"post","link":"https:\/\/www.visit-ulcinj.com\/blog\/2013\/02\/02\/tajne-usnulog-grada-sasa-ili-svaca\/","title":{"rendered":"Tajne usnulog grada &#8211;  \u0160asa ili Sva\u010da"},"content":{"rendered":"<p><a href=\"http:\/\/www.visit-ulcinj.com\/blog\/wp-content\/uploads\/2013\/02\/ISTRAZIVANJA-LOKALITETA-SVACA-ILI-SASA.jpg\"><img loading=\"lazy\" class=\"alignleft  wp-image-68262\" alt=\"ISTRAZIVANJA LOKALITETA  SVACA ILI SASA\" src=\"http:\/\/www.visit-ulcinj.com\/blog\/wp-content\/uploads\/2013\/02\/ISTRAZIVANJA-LOKALITETA-SVACA-ILI-SASA.jpg\" width=\"508\" height=\"360\" \/><\/a>Sva o\u010dekivanja arheologa i istori\u010dara, kad je rije\u010d o periodu od 6. do 14. vijeka, ostvarila su se. Ovih dana, dok ekipa crnogorskih arheologa na \u010delu s Mladenom Zagar\u010daninom iz Bara, ubrzano poku\u0161ava sklopiti mozaik svojih dvomjese\u010dnih istra\u017eivanja, mo\u017ee se tek zaklju\u010diti da je lokalitet \u0160asa ili Sva\u010da najbitniji za izu\u010davanje tog perioda u na\u0161oj zemlji. I da je projekat Ministarstva kulture Crne Gore nazvan \u201ePutevi kontinuiteta&#8221;, do\u0161ao u pravo vrijeme. Uz \u0160as, ovim je projektom obuhva\u0107eno jo\u0161 nekoliko poznatih i prakti\u010dno zaboravljenih srednjovjekovnih lokaliteta: Pre\u010dista Krajinska, Martini\u0107a Gradina, Obod, Oblun, \u0110uteza i \u017dabljak Crnojevi\u0107a. Posljednja istra\u017eivanja, dakle, potvrdila su da je \u0160as u srednjem vijeku, odnosno na vrhuncu svoje mo\u0107i, bio ve\u0107i grad od Kotora! Jer, sve do nedavno se smatralo da nije imao podgra\u0111e, ve\u0107 da su ljudi \u017eivjeli samo u te\u0161ko pristupa\u010dnoj tvr\u0111avi iznad \u0160askog jezera. \u201eTek sada kada smo sistemski radili i ra\u0161\u010di\u0161\u0107avali teren mo\u017eemo nedvosmisleno izvesti taj zaklju\u010dak. Grad se prostirao na velikom arealu koji je obuhvatao djelove s obje strane brda, a sama varo\u0161 povr\u0161inu od pet do \u0161est hektara. Dolje, prema \u0160askom jezeru nalazio se sistem odbrambenih kula i kapija i malo pristani\u0161te za barke&#8221;, ka\u017ee Zagar\u010danin. Samo u tom kontekstu veli\u010dina je razumljiva istorijska \u010dinjenica da se \u0160as, kao i drugi srednjovjekovni gradovi u blizini (Skadar, Ulcinj ili Drivast), pominje kao op\u0161tina (komuna), te da je kovao svoj metalni novac s natpisom \u201esovacii civitas&#8221;. Ovaj novac je od posebnog zna\u010daja, jer pokazuje kako je \u0160as izgledao u renesansnom stilu, sa zgradama na tri sprata, kolonadama i kulama. Ovaj je grad bio centar regije Ana e Malit koja je odr\u017eavala bliske trgova\u010dke odnose sa Skadrom, najinteresantnijim gradom srednjeg Balkana u posljednja 2,5 milenijuma.<br \/>\n<a href=\"http:\/\/www.visit-ulcinj.com\/blog\/wp-content\/uploads\/2013\/02\/SASKO-JEZERO.jpg\"><img loading=\"lazy\" class=\"alignleft  wp-image-68263\" alt=\"SASKO JEZERO\" src=\"http:\/\/www.visit-ulcinj.com\/blog\/wp-content\/uploads\/2013\/02\/SASKO-JEZERO.jpg\" width=\"508\" height=\"330\" \/><\/a><\/p>\n<p>Ono \u0161to je arheologe posebno zaintrigiralo jeste osoben na\u010din gradnje objekata koji do sada nije otkriven na drugim lokalitetima u zemlji. Tako\u0111e, potvr\u0111uje se najva\u017enija osobenost \u0160asa kao episkopskog grada: nakon \u0161to su sonda\u017enim istra\u017eivanjem 1985. godine utvr\u0111eni ostaci osam srednjovjekovnih crkava, od kojih su dvije bile katedralne, sada su otkriveni obrisi jo\u0161 sedam hri\u0161\u0107anskih bogomolja. Legenda koja datira s po\u010detka 16. stolje\u0107a govori da je grad \u0160as imao crkava koliko je u godini dana. \u201e\u0160to vrijeme, \u0161to tutnje\u0107i osvaja\u010d, sada je 365 rana&#8221;, dodao je pjesnik. Podatak da su sve one bile ukra\u0161ene arhitektonskom dekoracijom, svjedo\u010di o materijalnom blagostanju gra\u0111ana \u0160asa i njihovim umjetni\u010dkim afinitetima. Direktor Turisti\u010dke organizacije Ulcinja Minir Karamanaga ne krije odu\u0161evljenje rezultatima najnovijih istra\u017eivanja. \u201eI do sada smo znali da je \u0160as velika pri\u010da. \u010citav taj predio sa \u0160askim jezerom zaista je jedinstven u svakom pogledu. Nakon gotovo \u0161est stolje\u0107a mo\u017eemo zaklju\u010diti da su ljudi tu \u017eivjeli punim plu\u0107ima i stvarali istoriju, a mi, na po\u010detku tre\u0107eg milenijuma, moramo to na pravi na\u010din otkriti, valorizovati i predstaviti doma\u0107oj javnosti i turistima&#8221;, dodaje on. Ve\u0107 godinama lokalne nevladine organizacije poku\u0161avaju nizom kulturnih manifestacija, koje se tokom prolje\u0107a i ljeta organizuju u ostacima ostataka \u0161aske tvr\u0111ave, vratiti \u017eivot ovom prostoru. Ali, sve donedavno taj za njih sveti prostor, na desetak kilometara od mora, prekrivali su tek nemar, kamenjar i \u0161ipra\u017eje. Sada vi\u0161e niko nema nikakve sumnje da je \u0160as ili Sva\u010d najatraktivniji mrtvi grad na jadranskoj obali, neiscrpno vrelo za arheologe i istori\u010dare i svjedok milenijumskog kontinuiteta \u017eivota i velikih civilizacija na ovom podru\u010dju.<\/p>\n<p><a href=\"http:\/\/www.visit-ulcinj.com\/blog\/wp-content\/uploads\/2013\/02\/ISTRAZIVANJA-LOKALITETA-SVACA-ILI-SASA.2.jpg\"><img loading=\"lazy\" class=\"alignleft  wp-image-68264\" alt=\"ISTRAZIVANJA LOKALITETA  SVACA ILI SASA.2\" src=\"http:\/\/www.visit-ulcinj.com\/blog\/wp-content\/uploads\/2013\/02\/ISTRAZIVANJA-LOKALITETA-SVACA-ILI-SASA.2.jpg\" width=\"508\" height=\"330\" \/><\/a><br \/>\n<strong>Pro\u017eimanje civilizacija<\/strong><\/p>\n<p>Nau\u010dnici se sla\u017eu da je srednjovjekovni \u0160as nastao na temelju ilirske gradine, da je te\u0161ko stradao u zemljotresu 518. godine, te da je nedugo nakon toga po\u010deo proces njegove obnove. Arheolozi su nedavno otkrili ranovizantijski objekat s po\u010detka 6. vijeka s ukopanim grobnicama i velikom koli\u010dinom materijala iz tog perioda. Isto tako, zna\u010dajno je pro\u017eimanje romejske, vizantijske i slovenske keramike, \u0161to govori o su\u017eivotu velikih civilizacija na tom prostoru od 6. do 10. stolje\u0107a. Kao episkopski grad \u0160as se prvi put pominje u buli pape Aleksandra II iz 1067. godine. Horde Mongola su ga u svom stra\u0161nom juri\u0161u 1242. sravnile sa zemljom, a nekoliko decenija kasnije obnovila ga je kraljica Jelena. No, po\u010detkom 15. vijeka grad je desetkovan gla\u0111u i siroma\u0161tvom koji su bili posljedica dugogodi\u0161njih sukoba Bal\u0161e III s Venecijom, pa se u arhivskim dokumentima iz 1470. \u010duvena komuna Suacium pominje tek kao selo. Devet godina kasnije \u0160as osvajaju Osmanlije i njime vladaju do 1912. godine.<br \/>\n<a href=\"http:\/\/www.monitor.co.me\/index.php?option=com_content&amp;view=article&amp;id=3120:tajne-usnulog-grada&amp;catid=133:novi-broj-tekstovi&amp;Itemid=1267\" target=\"_blank\"><strong>Mustafa CANKA<\/strong><\/a><br \/>\n<a href=\"http:\/\/www.monitor.co.me\/index.php?option=com_content&amp;view=article&amp;id=3120:tajne-usnulog-grada&amp;catid=133:novi-broj-tekstovi&amp;Itemid=1267\" target=\"_blank\"><strong>Izvor: MONITOR<\/strong><\/a><\/p>\n<p>&nbsp;<\/p>\n","protected":false},"excerpt":{"rendered":"<p>Sva o\u010dekivanja arheologa i istori\u010dara, kad je rije\u010d o periodu od 6. do 14. vijeka, ostvarila su se. Ovih dana, dok ekipa crnogorskih arheologa na \u010delu s Mladenom Zagar\u010daninom iz Bara, ubrzano poku\u0161ava sklopiti mozaik svojih dvomjese\u010dnih istra\u017eivanja, mo\u017ee se tek zaklju\u010diti da je lokalitet \u0160asa ili Sva\u010da najbitniji za izu\u010davanje tog perioda u na\u0161oj [&hellip;]<\/p>\n","protected":false},"author":1,"featured_media":0,"comment_status":"open","ping_status":"closed","sticky":false,"template":"","format":"standard","meta":{"spay_email":"","jetpack_publicize_message":"","jetpack_is_tweetstorm":false,"jetpack_publicize_feature_enabled":true},"categories":[14249],"tags":[],"jetpack_publicize_connections":[],"yoast_head":"<!-- This site is optimized with the Yoast SEO plugin v19.1 - https:\/\/yoast.com\/wordpress\/plugins\/seo\/ -->\n<title>Tajne usnulog grada - \u0160asa ili Sva\u010da - Lajme nga Ulqini<\/title>\n<meta name=\"description\" content=\"Sva o\u010dekivanja arheologa i istori\u010dara, kad je rije\u010d o periodu od 6. do 14. vijeka, ostvarila su se. Ovih dana, dok ekipa crnogorskih arheologa na \u010delu s\" \/>\n<meta name=\"robots\" content=\"index, follow, max-snippet:-1, max-image-preview:large, max-video-preview:-1\" \/>\n<link rel=\"canonical\" href=\"https:\/\/www.visit-ulcinj.com\/blog\/2013\/02\/02\/tajne-usnulog-grada-sasa-ili-svaca\/\" \/>\n<meta property=\"og:locale\" content=\"en_US\" \/>\n<meta property=\"og:type\" content=\"article\" \/>\n<meta property=\"og:title\" content=\"Tajne usnulog grada - \u0160asa ili Sva\u010da - Lajme nga Ulqini\" \/>\n<meta property=\"og:description\" content=\"Sva o\u010dekivanja arheologa i istori\u010dara, kad je rije\u010d o periodu od 6. do 14. vijeka, ostvarila su se. Ovih dana, dok ekipa crnogorskih arheologa na \u010delu s\" \/>\n<meta property=\"og:url\" content=\"https:\/\/www.visit-ulcinj.com\/blog\/2013\/02\/02\/tajne-usnulog-grada-sasa-ili-svaca\/\" \/>\n<meta property=\"og:site_name\" content=\"Lajme nga Ulqini\" \/>\n<meta property=\"article:published_time\" content=\"2013-02-02T18:13:22+00:00\" \/>\n<meta property=\"article:modified_time\" content=\"2013-02-02T18:13:33+00:00\" \/>\n<meta property=\"og:image\" content=\"http:\/\/www.visit-ulcinj.com\/blog\/wp-content\/uploads\/2013\/02\/ISTRAZIVANJA-LOKALITETA-SVACA-ILI-SASA.jpg\" \/>\n<meta name=\"twitter:label1\" content=\"Written by\" \/>\n\t<meta name=\"twitter:data1\" content=\"ulqini\" \/>\n\t<meta name=\"twitter:label2\" content=\"Est. reading time\" \/>\n\t<meta name=\"twitter:data2\" content=\"4 minutes\" \/>\n<script type=\"application\/ld+json\" class=\"yoast-schema-graph\">{\"@context\":\"https:\/\/schema.org\",\"@graph\":[{\"@type\":\"WebSite\",\"@id\":\"https:\/\/www.visit-ulcinj.com\/blog\/#website\",\"url\":\"https:\/\/www.visit-ulcinj.com\/blog\/\",\"name\":\"Lajme nga Ulqini\",\"description\":\"Lajme,Vijesti,Ulqini,Ulqin,Crna Gora,Mali i Zi\",\"potentialAction\":[{\"@type\":\"SearchAction\",\"target\":{\"@type\":\"EntryPoint\",\"urlTemplate\":\"https:\/\/www.visit-ulcinj.com\/blog\/?s={search_term_string}\"},\"query-input\":\"required name=search_term_string\"}],\"inLanguage\":\"en-US\"},{\"@type\":\"ImageObject\",\"inLanguage\":\"en-US\",\"@id\":\"https:\/\/www.visit-ulcinj.com\/blog\/2013\/02\/02\/tajne-usnulog-grada-sasa-ili-svaca\/#primaryimage\",\"url\":\"https:\/\/www.visit-ulcinj.com\/blog\/wp-content\/uploads\/2013\/02\/ISTRAZIVANJA-LOKALITETA-SVACA-ILI-SASA.jpg\",\"contentUrl\":\"https:\/\/www.visit-ulcinj.com\/blog\/wp-content\/uploads\/2013\/02\/ISTRAZIVANJA-LOKALITETA-SVACA-ILI-SASA.jpg\",\"width\":960,\"height\":720},{\"@type\":\"WebPage\",\"@id\":\"https:\/\/www.visit-ulcinj.com\/blog\/2013\/02\/02\/tajne-usnulog-grada-sasa-ili-svaca\/#webpage\",\"url\":\"https:\/\/www.visit-ulcinj.com\/blog\/2013\/02\/02\/tajne-usnulog-grada-sasa-ili-svaca\/\",\"name\":\"Tajne usnulog grada - \u0160asa ili Sva\u010da - Lajme nga Ulqini\",\"isPartOf\":{\"@id\":\"https:\/\/www.visit-ulcinj.com\/blog\/#website\"},\"primaryImageOfPage\":{\"@id\":\"https:\/\/www.visit-ulcinj.com\/blog\/2013\/02\/02\/tajne-usnulog-grada-sasa-ili-svaca\/#primaryimage\"},\"datePublished\":\"2013-02-02T18:13:22+00:00\",\"dateModified\":\"2013-02-02T18:13:33+00:00\",\"author\":{\"@id\":\"https:\/\/www.visit-ulcinj.com\/blog\/#\/schema\/person\/dcab619c614d3038751c63bc2aadc06d\"},\"description\":\"Sva o\u010dekivanja arheologa i istori\u010dara, kad je rije\u010d o periodu od 6. do 14. vijeka, ostvarila su se. Ovih dana, dok ekipa crnogorskih arheologa na \u010delu s\",\"breadcrumb\":{\"@id\":\"https:\/\/www.visit-ulcinj.com\/blog\/2013\/02\/02\/tajne-usnulog-grada-sasa-ili-svaca\/#breadcrumb\"},\"inLanguage\":\"en-US\",\"potentialAction\":[{\"@type\":\"ReadAction\",\"target\":[\"https:\/\/www.visit-ulcinj.com\/blog\/2013\/02\/02\/tajne-usnulog-grada-sasa-ili-svaca\/\"]}]},{\"@type\":\"BreadcrumbList\",\"@id\":\"https:\/\/www.visit-ulcinj.com\/blog\/2013\/02\/02\/tajne-usnulog-grada-sasa-ili-svaca\/#breadcrumb\",\"itemListElement\":[{\"@type\":\"ListItem\",\"position\":1,\"name\":\"Tajne usnulog grada &#8211; \u0160asa ili Sva\u010da\"}]},{\"@type\":\"Person\",\"@id\":\"https:\/\/www.visit-ulcinj.com\/blog\/#\/schema\/person\/dcab619c614d3038751c63bc2aadc06d\",\"name\":\"ulqini\",\"sameAs\":[\"http:\/\/www.visit-ulcinj.com\"],\"url\":\"https:\/\/www.visit-ulcinj.com\/blog\/author\/admin\/\"}]}<\/script>\n<!-- \/ Yoast SEO plugin. -->","yoast_head_json":{"title":"Tajne usnulog grada - \u0160asa ili Sva\u010da - Lajme nga Ulqini","description":"Sva o\u010dekivanja arheologa i istori\u010dara, kad je rije\u010d o periodu od 6. do 14. vijeka, ostvarila su se. Ovih dana, dok ekipa crnogorskih arheologa na \u010delu s","robots":{"index":"index","follow":"follow","max-snippet":"max-snippet:-1","max-image-preview":"max-image-preview:large","max-video-preview":"max-video-preview:-1"},"canonical":"https:\/\/www.visit-ulcinj.com\/blog\/2013\/02\/02\/tajne-usnulog-grada-sasa-ili-svaca\/","og_locale":"en_US","og_type":"article","og_title":"Tajne usnulog grada - \u0160asa ili Sva\u010da - Lajme nga Ulqini","og_description":"Sva o\u010dekivanja arheologa i istori\u010dara, kad je rije\u010d o periodu od 6. do 14. vijeka, ostvarila su se. Ovih dana, dok ekipa crnogorskih arheologa na \u010delu s","og_url":"https:\/\/www.visit-ulcinj.com\/blog\/2013\/02\/02\/tajne-usnulog-grada-sasa-ili-svaca\/","og_site_name":"Lajme nga Ulqini","article_published_time":"2013-02-02T18:13:22+00:00","article_modified_time":"2013-02-02T18:13:33+00:00","og_image":[{"url":"http:\/\/www.visit-ulcinj.com\/blog\/wp-content\/uploads\/2013\/02\/ISTRAZIVANJA-LOKALITETA-SVACA-ILI-SASA.jpg"}],"twitter_misc":{"Written by":"ulqini","Est. reading time":"4 minutes"},"schema":{"@context":"https:\/\/schema.org","@graph":[{"@type":"WebSite","@id":"https:\/\/www.visit-ulcinj.com\/blog\/#website","url":"https:\/\/www.visit-ulcinj.com\/blog\/","name":"Lajme nga Ulqini","description":"Lajme,Vijesti,Ulqini,Ulqin,Crna Gora,Mali i Zi","potentialAction":[{"@type":"SearchAction","target":{"@type":"EntryPoint","urlTemplate":"https:\/\/www.visit-ulcinj.com\/blog\/?s={search_term_string}"},"query-input":"required name=search_term_string"}],"inLanguage":"en-US"},{"@type":"ImageObject","inLanguage":"en-US","@id":"https:\/\/www.visit-ulcinj.com\/blog\/2013\/02\/02\/tajne-usnulog-grada-sasa-ili-svaca\/#primaryimage","url":"https:\/\/www.visit-ulcinj.com\/blog\/wp-content\/uploads\/2013\/02\/ISTRAZIVANJA-LOKALITETA-SVACA-ILI-SASA.jpg","contentUrl":"https:\/\/www.visit-ulcinj.com\/blog\/wp-content\/uploads\/2013\/02\/ISTRAZIVANJA-LOKALITETA-SVACA-ILI-SASA.jpg","width":960,"height":720},{"@type":"WebPage","@id":"https:\/\/www.visit-ulcinj.com\/blog\/2013\/02\/02\/tajne-usnulog-grada-sasa-ili-svaca\/#webpage","url":"https:\/\/www.visit-ulcinj.com\/blog\/2013\/02\/02\/tajne-usnulog-grada-sasa-ili-svaca\/","name":"Tajne usnulog grada - \u0160asa ili Sva\u010da - Lajme nga Ulqini","isPartOf":{"@id":"https:\/\/www.visit-ulcinj.com\/blog\/#website"},"primaryImageOfPage":{"@id":"https:\/\/www.visit-ulcinj.com\/blog\/2013\/02\/02\/tajne-usnulog-grada-sasa-ili-svaca\/#primaryimage"},"datePublished":"2013-02-02T18:13:22+00:00","dateModified":"2013-02-02T18:13:33+00:00","author":{"@id":"https:\/\/www.visit-ulcinj.com\/blog\/#\/schema\/person\/dcab619c614d3038751c63bc2aadc06d"},"description":"Sva o\u010dekivanja arheologa i istori\u010dara, kad je rije\u010d o periodu od 6. do 14. vijeka, ostvarila su se. Ovih dana, dok ekipa crnogorskih arheologa na \u010delu s","breadcrumb":{"@id":"https:\/\/www.visit-ulcinj.com\/blog\/2013\/02\/02\/tajne-usnulog-grada-sasa-ili-svaca\/#breadcrumb"},"inLanguage":"en-US","potentialAction":[{"@type":"ReadAction","target":["https:\/\/www.visit-ulcinj.com\/blog\/2013\/02\/02\/tajne-usnulog-grada-sasa-ili-svaca\/"]}]},{"@type":"BreadcrumbList","@id":"https:\/\/www.visit-ulcinj.com\/blog\/2013\/02\/02\/tajne-usnulog-grada-sasa-ili-svaca\/#breadcrumb","itemListElement":[{"@type":"ListItem","position":1,"name":"Tajne usnulog grada &#8211; \u0160asa ili Sva\u010da"}]},{"@type":"Person","@id":"https:\/\/www.visit-ulcinj.com\/blog\/#\/schema\/person\/dcab619c614d3038751c63bc2aadc06d","name":"ulqini","sameAs":["http:\/\/www.visit-ulcinj.com"],"url":"https:\/\/www.visit-ulcinj.com\/blog\/author\/admin\/"}]}},"jetpack_featured_media_url":"","jetpack_sharing_enabled":true,"jetpack_shortlink":"https:\/\/wp.me\/pe6lTn-hKZ","_links":{"self":[{"href":"https:\/\/www.visit-ulcinj.com\/blog\/wp-json\/wp\/v2\/posts\/68261"}],"collection":[{"href":"https:\/\/www.visit-ulcinj.com\/blog\/wp-json\/wp\/v2\/posts"}],"about":[{"href":"https:\/\/www.visit-ulcinj.com\/blog\/wp-json\/wp\/v2\/types\/post"}],"author":[{"embeddable":true,"href":"https:\/\/www.visit-ulcinj.com\/blog\/wp-json\/wp\/v2\/users\/1"}],"replies":[{"embeddable":true,"href":"https:\/\/www.visit-ulcinj.com\/blog\/wp-json\/wp\/v2\/comments?post=68261"}],"version-history":[{"count":2,"href":"https:\/\/www.visit-ulcinj.com\/blog\/wp-json\/wp\/v2\/posts\/68261\/revisions"}],"predecessor-version":[{"id":68266,"href":"https:\/\/www.visit-ulcinj.com\/blog\/wp-json\/wp\/v2\/posts\/68261\/revisions\/68266"}],"wp:attachment":[{"href":"https:\/\/www.visit-ulcinj.com\/blog\/wp-json\/wp\/v2\/media?parent=68261"}],"wp:term":[{"taxonomy":"category","embeddable":true,"href":"https:\/\/www.visit-ulcinj.com\/blog\/wp-json\/wp\/v2\/categories?post=68261"},{"taxonomy":"post_tag","embeddable":true,"href":"https:\/\/www.visit-ulcinj.com\/blog\/wp-json\/wp\/v2\/tags?post=68261"}],"curies":[{"name":"wp","href":"https:\/\/api.w.org\/{rel}","templated":true}]}}