{"id":68267,"date":"2013-02-02T19:36:52","date_gmt":"2013-02-02T18:36:52","guid":{"rendered":"http:\/\/www.visit-ulcinj.com\/blog\/?p=68267"},"modified":"2013-02-04T18:11:58","modified_gmt":"2013-02-04T17:11:58","slug":"referendum-samo-dua-spremna-da-ceka-do-jeseni","status":"publish","type":"post","link":"https:\/\/www.visit-ulcinj.com\/blog\/2013\/02\/02\/referendum-samo-dua-spremna-da-ceka-do-jeseni\/","title":{"rendered":"Referendum: Samo DUA spremna da \u010deka do jeseni"},"content":{"rendered":"<p><strong><a href=\"http:\/\/www.visit-ulcinj.com\/blog\/wp-content\/uploads\/2013\/02\/MEHMET-ZENKA.jpg\"><img loading=\"lazy\" class=\"alignleft  wp-image-68268\" alt=\"MEHMET ZENKA\" src=\"http:\/\/www.visit-ulcinj.com\/blog\/wp-content\/uploads\/2013\/02\/MEHMET-ZENKA.jpg\" width=\"508\" height=\"360\" \/><\/a>Albanske partije negiraju da su se sa DPS-om dogovorile o datumu referenduma<\/strong><\/p>\n<p>Dogovor albanskih stranaka sa Demokratskom partijom socijalista o referendumu za op\u0161tinu Malesija jo\u0161 nije postignut, saop\u0161tio je za \u201eDan\u201d Vaselj Sini\u0161taj, poslanik sa liste Forca za jedinstvo i odbornik Gra\u0111anske inicijative u Skup\u0161tini Gradske op\u0161tine Tuzi .<br \/>\n\u2013Jo\u0161 nije postignut dogovor. Ostao je sporan datum odr\u017eavanja referenduma \u2013naglasio je Sini\u0161taj, ne preciziraju\u0107i kada bi se mogao o\u010dekivati novi sastanak sa predstavnicima DPS-a.<br \/>\nPredstavnici DPS-a i albanskih stranaka razgovarali su preksino\u0107 o datumu referenduma za op\u0161tinu Malesija. Stav DPS-a je da referendum treba da bude odr\u017ean najkasnije do kraja septembra, dok ve\u0107ina albanskih partija tra\u017ei da procedura ide br\u017ee i da se izja\u0161njavanje gra\u0111ana Malesije organizuje prije ljeta, odnosno da krajnji rok bude jun. Demokratska unija Albanaca spremna je da \u010deka referendum do septembra, \u0161to je za \u201eDan\u201d potvrdio i njen lider Mehmet Zenka.<br \/>\n\u2013Postigli smo visok stepen saglasnosti da kraj septembra bude krajnji rok za odr\u017eavanje referenduma. Za nas je prihvatljivo da to bude krajnji rok. Datum referenduma ne smije da pre\u0111e kraj septembra \u2013 isti\u010de Zenka.<\/p>\n<p><a href=\"http:\/\/www.visit-ulcinj.com\/blog\/wp-content\/uploads\/2013\/02\/Nimanbegu_Sinishtaj.jpg\"><img loading=\"lazy\" class=\"alignleft  wp-image-68269\" alt=\"Nimanbegu_Sinishtaj\" src=\"http:\/\/www.visit-ulcinj.com\/blog\/wp-content\/uploads\/2013\/02\/Nimanbegu_Sinishtaj.jpg\" width=\"508\" height=\"300\" \/><\/a><br \/>\nPotpredsjednik Force Genci Nimanbegu saop\u0161tio je da bi konsultativni referendum za formiranje op\u0161tine Tuzi mogao biti odr\u017ean prije ili poslije ljeta. Po njegovim rije\u010dima, na sastanku predstavnika DPS-a i albanskih stranaka je dogovoreno da \u201eproces dobijanja punopravnog statusa za op\u0161tinu Tuzi treba da ide naprijed\u201d.<br \/>\n\u2013Prvi korak je da se do\u0111e do tog konsultativnog referenduma. Sa pravnog stanovi\u0161ta, postoje debate i razmjena mi\u0161ljenja na koji na\u010din \u0107e se do\u0107i do toga \u2013 rekao je on agenciji Mina.<br \/>\nPrema rije\u010dima Nimanbegua, postoje inicijative koje su upu\u0107ene u parlament, od kojih su jednu potpisali on i Vaselj Sini\u0161taj, dok je druga u oktobru pokrenuta u Gradskoj op\u0161tini Tuzi.<br \/>\n\u2013Dogovoreno je da taj proces ide naprijed, a ostalo je da se utvrdi datum odr\u017eavanja referenduma. Tu imamo dva stava: jedan je da se ide krajem ljeta, a drugi da se referendum odr\u017ei prije ljeta. Mislim da \u0107e se referendum odr\u017eati u tom intervalu, ali ostaje da se do\u0111e do rje\u0161enja sa pravnog stanovi\u0161ta\u2013 obja\u0161njava funkcioner Force.<br \/>\nKako je dodao, Forca \u017eeli da ubrza taj proces. Upitan da li je na sastanku razgovarano o podr\u0161ci Filipu Vujanovi\u0107u, Nimanbegu je rekao da Forca gradi partnerstvo sa partnerima sa kojima su stupili u koaliciju. Prema njegovim rije\u010dima, graditi partnerstvo zna\u010di imati dovoljno i strpljenja i mudrosti da se neke stvari realizuju. V.R.<\/p>\n<p><strong>Zenka: Podr\u0161ka zavisi od Ustavnog suda<\/strong><\/p>\n<p>Mehmet Zenka tvrdi da tokom sastanka sa predstavnicima DPS-a odre\u0111ivanje datuma referenduma nije uslovljavano podr\u0161kom predsjedni\u010dkom kandidatu DPS-a Filipu Vujanovi\u0107u.<br \/>\n\u2013Mislim da \u0107e se na\u0107i neki dogovor oko referenduma, a \u0161to se ti\u010de podr\u0161ke Vujanovi\u0107u, sa\u010deka\u0107emo \u0161ta \u0107e odlu\u010diti Ustavni sud i tek onda \u0107emo se izjasniti o tome da li \u0107emo ga podr\u017eati \u2013kazao je predsjednik DUA.<\/p>\n<p><a href=\"http:\/\/www.dan.co.me\/?nivo=3&amp;rubrika=Politika&amp;clanak=365509&amp;najdatum=2013-02-01&amp;datum=2013-02-02&amp;naslov=Samo%20DUA%20spremna%20da%20eka%20do%20jeseni\" target=\"_blank\"><strong>Izvor: DAN<\/strong><\/a><\/p>\n<p>&nbsp;<\/p>\n","protected":false},"excerpt":{"rendered":"<p>Albanske partije negiraju da su se sa DPS-om dogovorile o datumu referenduma Dogovor albanskih stranaka sa Demokratskom partijom socijalista o referendumu za op\u0161tinu Malesija jo\u0161 nije postignut, saop\u0161tio je za \u201eDan\u201d Vaselj Sini\u0161taj, poslanik sa liste Forca za jedinstvo i odbornik Gra\u0111anske inicijative u Skup\u0161tini Gradske op\u0161tine Tuzi . \u2013Jo\u0161 nije postignut dogovor. Ostao je [&hellip;]<\/p>\n","protected":false},"author":1,"featured_media":0,"comment_status":"open","ping_status":"closed","sticky":false,"template":"","format":"standard","meta":{"spay_email":"","jetpack_publicize_message":"","jetpack_is_tweetstorm":false,"jetpack_publicize_feature_enabled":true},"categories":[8337],"tags":[87,3371],"jetpack_publicize_connections":[],"yoast_head":"<!-- This site is optimized with the Yoast SEO plugin v19.1 - https:\/\/yoast.com\/wordpress\/plugins\/seo\/ -->\n<title>Referendum: Samo DUA spremna da \u010deka do jeseni - Lajme nga Ulqini<\/title>\n<meta name=\"description\" content=\"Albanske partije negiraju da su se sa DPS-om dogovorile o datumu referenduma Dogovor albanskih stranaka sa Demokratskom partijom socijalista o referendumu\" \/>\n<meta name=\"robots\" content=\"index, follow, max-snippet:-1, max-image-preview:large, max-video-preview:-1\" \/>\n<link rel=\"canonical\" href=\"https:\/\/www.visit-ulcinj.com\/blog\/2013\/02\/02\/referendum-samo-dua-spremna-da-ceka-do-jeseni\/\" \/>\n<meta property=\"og:locale\" content=\"en_US\" \/>\n<meta property=\"og:type\" content=\"article\" \/>\n<meta property=\"og:title\" content=\"Referendum: Samo DUA spremna da \u010deka do jeseni - Lajme nga Ulqini\" \/>\n<meta property=\"og:description\" content=\"Albanske partije negiraju da su se sa DPS-om dogovorile o datumu referenduma Dogovor albanskih stranaka sa Demokratskom partijom socijalista o referendumu\" \/>\n<meta property=\"og:url\" content=\"https:\/\/www.visit-ulcinj.com\/blog\/2013\/02\/02\/referendum-samo-dua-spremna-da-ceka-do-jeseni\/\" \/>\n<meta property=\"og:site_name\" content=\"Lajme nga Ulqini\" \/>\n<meta property=\"article:published_time\" content=\"2013-02-02T18:36:52+00:00\" \/>\n<meta property=\"article:modified_time\" content=\"2013-02-04T17:11:58+00:00\" \/>\n<meta property=\"og:image\" content=\"http:\/\/www.visit-ulcinj.com\/blog\/wp-content\/uploads\/2013\/02\/MEHMET-ZENKA.jpg\" \/>\n<meta name=\"twitter:label1\" content=\"Written by\" \/>\n\t<meta name=\"twitter:data1\" content=\"ulqini\" \/>\n\t<meta name=\"twitter:label2\" content=\"Est. reading time\" \/>\n\t<meta name=\"twitter:data2\" content=\"3 minutes\" \/>\n<script type=\"application\/ld+json\" class=\"yoast-schema-graph\">{\"@context\":\"https:\/\/schema.org\",\"@graph\":[{\"@type\":\"WebSite\",\"@id\":\"https:\/\/www.visit-ulcinj.com\/blog\/#website\",\"url\":\"https:\/\/www.visit-ulcinj.com\/blog\/\",\"name\":\"Lajme nga Ulqini\",\"description\":\"Lajme,Vijesti,Ulqini,Ulqin,Crna Gora,Mali i Zi\",\"potentialAction\":[{\"@type\":\"SearchAction\",\"target\":{\"@type\":\"EntryPoint\",\"urlTemplate\":\"https:\/\/www.visit-ulcinj.com\/blog\/?s={search_term_string}\"},\"query-input\":\"required name=search_term_string\"}],\"inLanguage\":\"en-US\"},{\"@type\":\"ImageObject\",\"inLanguage\":\"en-US\",\"@id\":\"https:\/\/www.visit-ulcinj.com\/blog\/2013\/02\/02\/referendum-samo-dua-spremna-da-ceka-do-jeseni\/#primaryimage\",\"url\":\"https:\/\/www.visit-ulcinj.com\/blog\/wp-content\/uploads\/2013\/02\/MEHMET-ZENKA.jpg\",\"contentUrl\":\"https:\/\/www.visit-ulcinj.com\/blog\/wp-content\/uploads\/2013\/02\/MEHMET-ZENKA.jpg\",\"width\":960,\"height\":856},{\"@type\":\"WebPage\",\"@id\":\"https:\/\/www.visit-ulcinj.com\/blog\/2013\/02\/02\/referendum-samo-dua-spremna-da-ceka-do-jeseni\/#webpage\",\"url\":\"https:\/\/www.visit-ulcinj.com\/blog\/2013\/02\/02\/referendum-samo-dua-spremna-da-ceka-do-jeseni\/\",\"name\":\"Referendum: Samo DUA spremna da \u010deka do jeseni - Lajme nga Ulqini\",\"isPartOf\":{\"@id\":\"https:\/\/www.visit-ulcinj.com\/blog\/#website\"},\"primaryImageOfPage\":{\"@id\":\"https:\/\/www.visit-ulcinj.com\/blog\/2013\/02\/02\/referendum-samo-dua-spremna-da-ceka-do-jeseni\/#primaryimage\"},\"datePublished\":\"2013-02-02T18:36:52+00:00\",\"dateModified\":\"2013-02-04T17:11:58+00:00\",\"author\":{\"@id\":\"https:\/\/www.visit-ulcinj.com\/blog\/#\/schema\/person\/dcab619c614d3038751c63bc2aadc06d\"},\"description\":\"Albanske partije negiraju da su se sa DPS-om dogovorile o datumu referenduma Dogovor albanskih stranaka sa Demokratskom partijom socijalista o referendumu\",\"breadcrumb\":{\"@id\":\"https:\/\/www.visit-ulcinj.com\/blog\/2013\/02\/02\/referendum-samo-dua-spremna-da-ceka-do-jeseni\/#breadcrumb\"},\"inLanguage\":\"en-US\",\"potentialAction\":[{\"@type\":\"ReadAction\",\"target\":[\"https:\/\/www.visit-ulcinj.com\/blog\/2013\/02\/02\/referendum-samo-dua-spremna-da-ceka-do-jeseni\/\"]}]},{\"@type\":\"BreadcrumbList\",\"@id\":\"https:\/\/www.visit-ulcinj.com\/blog\/2013\/02\/02\/referendum-samo-dua-spremna-da-ceka-do-jeseni\/#breadcrumb\",\"itemListElement\":[{\"@type\":\"ListItem\",\"position\":1,\"name\":\"Referendum: Samo DUA spremna da \u010deka do jeseni\"}]},{\"@type\":\"Person\",\"@id\":\"https:\/\/www.visit-ulcinj.com\/blog\/#\/schema\/person\/dcab619c614d3038751c63bc2aadc06d\",\"name\":\"ulqini\",\"sameAs\":[\"http:\/\/www.visit-ulcinj.com\"],\"url\":\"https:\/\/www.visit-ulcinj.com\/blog\/author\/admin\/\"}]}<\/script>\n<!-- \/ Yoast SEO plugin. -->","yoast_head_json":{"title":"Referendum: Samo DUA spremna da \u010deka do jeseni - Lajme nga Ulqini","description":"Albanske partije negiraju da su se sa DPS-om dogovorile o datumu referenduma Dogovor albanskih stranaka sa Demokratskom partijom socijalista o referendumu","robots":{"index":"index","follow":"follow","max-snippet":"max-snippet:-1","max-image-preview":"max-image-preview:large","max-video-preview":"max-video-preview:-1"},"canonical":"https:\/\/www.visit-ulcinj.com\/blog\/2013\/02\/02\/referendum-samo-dua-spremna-da-ceka-do-jeseni\/","og_locale":"en_US","og_type":"article","og_title":"Referendum: Samo DUA spremna da \u010deka do jeseni - Lajme nga Ulqini","og_description":"Albanske partije negiraju da su se sa DPS-om dogovorile o datumu referenduma Dogovor albanskih stranaka sa Demokratskom partijom socijalista o referendumu","og_url":"https:\/\/www.visit-ulcinj.com\/blog\/2013\/02\/02\/referendum-samo-dua-spremna-da-ceka-do-jeseni\/","og_site_name":"Lajme nga Ulqini","article_published_time":"2013-02-02T18:36:52+00:00","article_modified_time":"2013-02-04T17:11:58+00:00","og_image":[{"url":"http:\/\/www.visit-ulcinj.com\/blog\/wp-content\/uploads\/2013\/02\/MEHMET-ZENKA.jpg"}],"twitter_misc":{"Written by":"ulqini","Est. reading time":"3 minutes"},"schema":{"@context":"https:\/\/schema.org","@graph":[{"@type":"WebSite","@id":"https:\/\/www.visit-ulcinj.com\/blog\/#website","url":"https:\/\/www.visit-ulcinj.com\/blog\/","name":"Lajme nga Ulqini","description":"Lajme,Vijesti,Ulqini,Ulqin,Crna Gora,Mali i Zi","potentialAction":[{"@type":"SearchAction","target":{"@type":"EntryPoint","urlTemplate":"https:\/\/www.visit-ulcinj.com\/blog\/?s={search_term_string}"},"query-input":"required name=search_term_string"}],"inLanguage":"en-US"},{"@type":"ImageObject","inLanguage":"en-US","@id":"https:\/\/www.visit-ulcinj.com\/blog\/2013\/02\/02\/referendum-samo-dua-spremna-da-ceka-do-jeseni\/#primaryimage","url":"https:\/\/www.visit-ulcinj.com\/blog\/wp-content\/uploads\/2013\/02\/MEHMET-ZENKA.jpg","contentUrl":"https:\/\/www.visit-ulcinj.com\/blog\/wp-content\/uploads\/2013\/02\/MEHMET-ZENKA.jpg","width":960,"height":856},{"@type":"WebPage","@id":"https:\/\/www.visit-ulcinj.com\/blog\/2013\/02\/02\/referendum-samo-dua-spremna-da-ceka-do-jeseni\/#webpage","url":"https:\/\/www.visit-ulcinj.com\/blog\/2013\/02\/02\/referendum-samo-dua-spremna-da-ceka-do-jeseni\/","name":"Referendum: Samo DUA spremna da \u010deka do jeseni - Lajme nga Ulqini","isPartOf":{"@id":"https:\/\/www.visit-ulcinj.com\/blog\/#website"},"primaryImageOfPage":{"@id":"https:\/\/www.visit-ulcinj.com\/blog\/2013\/02\/02\/referendum-samo-dua-spremna-da-ceka-do-jeseni\/#primaryimage"},"datePublished":"2013-02-02T18:36:52+00:00","dateModified":"2013-02-04T17:11:58+00:00","author":{"@id":"https:\/\/www.visit-ulcinj.com\/blog\/#\/schema\/person\/dcab619c614d3038751c63bc2aadc06d"},"description":"Albanske partije negiraju da su se sa DPS-om dogovorile o datumu referenduma Dogovor albanskih stranaka sa Demokratskom partijom socijalista o referendumu","breadcrumb":{"@id":"https:\/\/www.visit-ulcinj.com\/blog\/2013\/02\/02\/referendum-samo-dua-spremna-da-ceka-do-jeseni\/#breadcrumb"},"inLanguage":"en-US","potentialAction":[{"@type":"ReadAction","target":["https:\/\/www.visit-ulcinj.com\/blog\/2013\/02\/02\/referendum-samo-dua-spremna-da-ceka-do-jeseni\/"]}]},{"@type":"BreadcrumbList","@id":"https:\/\/www.visit-ulcinj.com\/blog\/2013\/02\/02\/referendum-samo-dua-spremna-da-ceka-do-jeseni\/#breadcrumb","itemListElement":[{"@type":"ListItem","position":1,"name":"Referendum: Samo DUA spremna da \u010deka do jeseni"}]},{"@type":"Person","@id":"https:\/\/www.visit-ulcinj.com\/blog\/#\/schema\/person\/dcab619c614d3038751c63bc2aadc06d","name":"ulqini","sameAs":["http:\/\/www.visit-ulcinj.com"],"url":"https:\/\/www.visit-ulcinj.com\/blog\/author\/admin\/"}]}},"jetpack_featured_media_url":"","jetpack_sharing_enabled":true,"jetpack_shortlink":"https:\/\/wp.me\/pe6lTn-hL5","_links":{"self":[{"href":"https:\/\/www.visit-ulcinj.com\/blog\/wp-json\/wp\/v2\/posts\/68267"}],"collection":[{"href":"https:\/\/www.visit-ulcinj.com\/blog\/wp-json\/wp\/v2\/posts"}],"about":[{"href":"https:\/\/www.visit-ulcinj.com\/blog\/wp-json\/wp\/v2\/types\/post"}],"author":[{"embeddable":true,"href":"https:\/\/www.visit-ulcinj.com\/blog\/wp-json\/wp\/v2\/users\/1"}],"replies":[{"embeddable":true,"href":"https:\/\/www.visit-ulcinj.com\/blog\/wp-json\/wp\/v2\/comments?post=68267"}],"version-history":[{"count":2,"href":"https:\/\/www.visit-ulcinj.com\/blog\/wp-json\/wp\/v2\/posts\/68267\/revisions"}],"predecessor-version":[{"id":68353,"href":"https:\/\/www.visit-ulcinj.com\/blog\/wp-json\/wp\/v2\/posts\/68267\/revisions\/68353"}],"wp:attachment":[{"href":"https:\/\/www.visit-ulcinj.com\/blog\/wp-json\/wp\/v2\/media?parent=68267"}],"wp:term":[{"taxonomy":"category","embeddable":true,"href":"https:\/\/www.visit-ulcinj.com\/blog\/wp-json\/wp\/v2\/categories?post=68267"},{"taxonomy":"post_tag","embeddable":true,"href":"https:\/\/www.visit-ulcinj.com\/blog\/wp-json\/wp\/v2\/tags?post=68267"}],"curies":[{"name":"wp","href":"https:\/\/api.w.org\/{rel}","templated":true}]}}