{"id":6827,"date":"2008-12-04T18:59:16","date_gmt":"2008-12-04T17:59:16","guid":{"rendered":"http:\/\/www.visit-ulcinj.com\/blog\/?p=6827"},"modified":"2008-12-04T18:59:16","modified_gmt":"2008-12-04T17:59:16","slug":"klubi-i-taekwondo-se-ulqini-pajiset-me-disa-mjete-te-domosdoshme","status":"publish","type":"post","link":"https:\/\/www.visit-ulcinj.com\/blog\/2008\/12\/04\/klubi-i-taekwondo-se-ulqini-pajiset-me-disa-mjete-te-domosdoshme\/","title":{"rendered":"klubi i taekwondo-s\u00eb &#8220;ulqini&#8221; pajiset me disa mjete t\u00eb domosdoshme"},"content":{"rendered":"<p><a href=\"http:\/\/www.visit-ulcinj.com\/blog\/wp-content\/uploads\/2008\/03\/kk_ulqini1.jpg\"><img loading=\"lazy\" class=\"alignleft\" title=\"KLUBI I TAEKWONDO ulqini\" src=\"http:\/\/www.visit-ulcinj.com\/blog\/wp-content\/uploads\/2008\/03\/kk_ulqini1.jpg\" alt=\"\" width=\"360\" height=\"270\" \/><\/a><strong>Kushte m\u00eb t\u00eb mira p\u00ebr st\u00ebrvitje<\/strong><br \/>\nUlqin &#8211; Klubi i Taekwondo-s\u00eb &#8220;Ulqini&#8221; \u00ebsht\u00eb pajisur me disa mjete t\u00eb domosdoshme p\u00ebr zhvillimin sa m\u00eb cil\u00ebsor t\u00eb st\u00ebrvitjeve. Blerja e k\u00ebtyre mjeteve \u00ebsht\u00eb realizuar n\u00eb saj\u00eb t\u00eb t\u00eb hollave q\u00eb k\u00ebtij klubi i jan\u00eb ndar\u00eb nga Komuna e Ulqinit n\u00eb kuad\u00ebr t\u00eb buxhetit t\u00eb dedikuar p\u00ebr sport, kultur\u00eb dhe rekreacion p\u00ebr vitin 2008.<br \/>\nKryetrajneri i KT &#8220;Ulqini&#8221;, Fikret Dushku, thot\u00eb se pothuajse t\u00eb gjitha mjetet financiare t\u00eb fituara nga Komuna e Ulqinit jan\u00eb p\u00ebrdorur p\u00ebr blerjen e mjeteve t\u00eb reja, t\u00eb cilat p\u00ebrdoren m\u00eb s\u00eb shumti n\u00eb taekwondo, si mbrojt\u00ebset p\u00ebr k\u00ebmb\u00eb dhe duar, mbrojt\u00ebset p\u00ebr kok\u00eb, gjerdani p\u00ebr trup, etj.<br \/>\n&#8220;Pothuajse t\u00eb gjitha mjetet financiare t\u00eb cilat i kemi fituar nga Komuna e Ulqinit, ne kemi vendosur q\u00eb t`i p\u00ebrdorim p\u00ebr mjetet t\u00eb cilat jan\u00eb t\u00eb nevojshme p\u00ebr sportist\u00ebt tan\u00eb. P\u00ebr t\u00eb arritur maksimunin n\u00eb st\u00ebrvitje klubi yn\u00eb ka nevoj\u00eb t\u00eb madhe p\u00ebr k\u00ebto mjete&#8221;, thot\u00eb ai, duke fal\u00ebnderuar Komun\u00ebn p\u00ebr ndihm\u00ebn e dh\u00ebn\u00eb.<br \/>\nPor Dushku ankohet se Klubi punon ende n\u00eb kushte t\u00eb v\u00ebshtira dhe se i mungojn\u00eb akoma disa pajisje baz\u00eb p\u00ebr zhvillimin me sukses t\u00eb k\u00ebtij sporti.<br \/>\n&#8220;Kemi nevoj\u00eb edhe p\u00ebr disa mjete t\u00eb tjera n\u00eb m\u00ebnyr\u00eb q\u00eb klubi yn\u00eb t`i zhvilloj\u00eb aktivitetet n\u00eb kushte normale. Nj\u00ebra prej k\u00ebtyre mjeteve \u00ebsht\u00eb shtresa e holl\u00eb prej 2,5cm e cila vendoset n\u00eb dysheme, e quajtur Tatami, q\u00eb \u00ebsht\u00eb mjeti kryesor p\u00ebr st\u00ebrvitjen e arteve marciale. Por un\u00eb shpresoj se n\u00eb t\u00eb ardhmen e shpejt\u00eb do ta sigurojm\u00eb edhe k\u00ebt\u00eb mjet t\u00eb r\u00ebnd\u00ebsish\u00ebm&#8221;, thot\u00eb kryetrajneri i KT &#8220;Ulqini&#8221;.<br \/>\n<strong>Kohapress<\/strong><\/p>\n<!--YouTube Error: bad URL entered-->\n","protected":false},"excerpt":{"rendered":"<p>Kushte m\u00eb t\u00eb mira p\u00ebr st\u00ebrvitje Ulqin &#8211; Klubi i Taekwondo-s\u00eb &#8220;Ulqini&#8221; \u00ebsht\u00eb pajisur me disa mjete t\u00eb domosdoshme p\u00ebr zhvillimin sa m\u00eb cil\u00ebsor t\u00eb st\u00ebrvitjeve. Blerja e k\u00ebtyre mjeteve \u00ebsht\u00eb realizuar n\u00eb saj\u00eb t\u00eb t\u00eb hollave q\u00eb k\u00ebtij klubi i jan\u00eb ndar\u00eb nga Komuna e Ulqinit n\u00eb kuad\u00ebr t\u00eb buxhetit t\u00eb dedikuar p\u00ebr sport, [&hellip;]<\/p>\n","protected":false},"author":1,"featured_media":0,"comment_status":"open","ping_status":"closed","sticky":false,"template":"","format":"standard","meta":{"spay_email":"","jetpack_publicize_message":"","jetpack_is_tweetstorm":false,"jetpack_publicize_feature_enabled":true},"categories":[3],"tags":[],"jetpack_publicize_connections":[],"yoast_head":"<!-- This site is optimized with the Yoast SEO plugin v19.1 - https:\/\/yoast.com\/wordpress\/plugins\/seo\/ -->\n<title>klubi i taekwondo-s\u00eb &quot;ulqini&quot; pajiset me disa mjete t\u00eb domosdoshme - Lajme nga Ulqini<\/title>\n<meta name=\"description\" content=\"Kushte m\u00eb t\u00eb mira p\u00ebr st\u00ebrvitje Ulqin - Klubi i Taekwondo-s\u00eb &quot;Ulqini&quot; \u00ebsht\u00eb pajisur me disa mjete t\u00eb domosdoshme p\u00ebr zhvillimin sa m\u00eb cil\u00ebsor t\u00eb\" \/>\n<meta name=\"robots\" content=\"index, follow, max-snippet:-1, max-image-preview:large, max-video-preview:-1\" \/>\n<link rel=\"canonical\" href=\"https:\/\/www.visit-ulcinj.com\/blog\/2008\/12\/04\/klubi-i-taekwondo-se-ulqini-pajiset-me-disa-mjete-te-domosdoshme\/\" \/>\n<meta property=\"og:locale\" content=\"en_US\" \/>\n<meta property=\"og:type\" content=\"article\" \/>\n<meta property=\"og:title\" content=\"klubi i taekwondo-s\u00eb &quot;ulqini&quot; pajiset me disa mjete t\u00eb domosdoshme - Lajme nga Ulqini\" \/>\n<meta property=\"og:description\" content=\"Kushte m\u00eb t\u00eb mira p\u00ebr st\u00ebrvitje Ulqin - Klubi i Taekwondo-s\u00eb &quot;Ulqini&quot; \u00ebsht\u00eb pajisur me disa mjete t\u00eb domosdoshme p\u00ebr zhvillimin sa m\u00eb cil\u00ebsor t\u00eb\" \/>\n<meta property=\"og:url\" content=\"https:\/\/www.visit-ulcinj.com\/blog\/2008\/12\/04\/klubi-i-taekwondo-se-ulqini-pajiset-me-disa-mjete-te-domosdoshme\/\" \/>\n<meta property=\"og:site_name\" content=\"Lajme nga Ulqini\" \/>\n<meta property=\"article:published_time\" content=\"2008-12-04T17:59:16+00:00\" \/>\n<meta property=\"og:image\" content=\"http:\/\/www.visit-ulcinj.com\/blog\/wp-content\/uploads\/2008\/03\/kk_ulqini1.jpg\" \/>\n<meta name=\"twitter:label1\" content=\"Written by\" \/>\n\t<meta name=\"twitter:data1\" content=\"ulqini\" \/>\n\t<meta name=\"twitter:label2\" content=\"Est. reading time\" \/>\n\t<meta name=\"twitter:data2\" content=\"2 minutes\" \/>\n<script type=\"application\/ld+json\" class=\"yoast-schema-graph\">{\"@context\":\"https:\/\/schema.org\",\"@graph\":[{\"@type\":\"WebSite\",\"@id\":\"https:\/\/www.visit-ulcinj.com\/blog\/#website\",\"url\":\"https:\/\/www.visit-ulcinj.com\/blog\/\",\"name\":\"Lajme nga Ulqini\",\"description\":\"Lajme,Vijesti,Ulqini,Ulqin,Crna Gora,Mali i Zi\",\"potentialAction\":[{\"@type\":\"SearchAction\",\"target\":{\"@type\":\"EntryPoint\",\"urlTemplate\":\"https:\/\/www.visit-ulcinj.com\/blog\/?s={search_term_string}\"},\"query-input\":\"required name=search_term_string\"}],\"inLanguage\":\"en-US\"},{\"@type\":\"ImageObject\",\"inLanguage\":\"en-US\",\"@id\":\"https:\/\/www.visit-ulcinj.com\/blog\/2008\/12\/04\/klubi-i-taekwondo-se-ulqini-pajiset-me-disa-mjete-te-domosdoshme\/#primaryimage\",\"url\":\"http:\/\/www.visit-ulcinj.com\/blog\/wp-content\/uploads\/2008\/03\/kk_ulqini1.jpg\",\"contentUrl\":\"http:\/\/www.visit-ulcinj.com\/blog\/wp-content\/uploads\/2008\/03\/kk_ulqini1.jpg\"},{\"@type\":\"WebPage\",\"@id\":\"https:\/\/www.visit-ulcinj.com\/blog\/2008\/12\/04\/klubi-i-taekwondo-se-ulqini-pajiset-me-disa-mjete-te-domosdoshme\/#webpage\",\"url\":\"https:\/\/www.visit-ulcinj.com\/blog\/2008\/12\/04\/klubi-i-taekwondo-se-ulqini-pajiset-me-disa-mjete-te-domosdoshme\/\",\"name\":\"klubi i taekwondo-s\u00eb \\\"ulqini\\\" pajiset me disa mjete t\u00eb domosdoshme - Lajme nga Ulqini\",\"isPartOf\":{\"@id\":\"https:\/\/www.visit-ulcinj.com\/blog\/#website\"},\"primaryImageOfPage\":{\"@id\":\"https:\/\/www.visit-ulcinj.com\/blog\/2008\/12\/04\/klubi-i-taekwondo-se-ulqini-pajiset-me-disa-mjete-te-domosdoshme\/#primaryimage\"},\"datePublished\":\"2008-12-04T17:59:16+00:00\",\"dateModified\":\"2008-12-04T17:59:16+00:00\",\"author\":{\"@id\":\"https:\/\/www.visit-ulcinj.com\/blog\/#\/schema\/person\/dcab619c614d3038751c63bc2aadc06d\"},\"description\":\"Kushte m\u00eb t\u00eb mira p\u00ebr st\u00ebrvitje Ulqin - Klubi i Taekwondo-s\u00eb \\\"Ulqini\\\" \u00ebsht\u00eb pajisur me disa mjete t\u00eb domosdoshme p\u00ebr zhvillimin sa m\u00eb cil\u00ebsor t\u00eb\",\"breadcrumb\":{\"@id\":\"https:\/\/www.visit-ulcinj.com\/blog\/2008\/12\/04\/klubi-i-taekwondo-se-ulqini-pajiset-me-disa-mjete-te-domosdoshme\/#breadcrumb\"},\"inLanguage\":\"en-US\",\"potentialAction\":[{\"@type\":\"ReadAction\",\"target\":[\"https:\/\/www.visit-ulcinj.com\/blog\/2008\/12\/04\/klubi-i-taekwondo-se-ulqini-pajiset-me-disa-mjete-te-domosdoshme\/\"]}]},{\"@type\":\"BreadcrumbList\",\"@id\":\"https:\/\/www.visit-ulcinj.com\/blog\/2008\/12\/04\/klubi-i-taekwondo-se-ulqini-pajiset-me-disa-mjete-te-domosdoshme\/#breadcrumb\",\"itemListElement\":[{\"@type\":\"ListItem\",\"position\":1,\"name\":\"klubi i taekwondo-s\u00eb &#8220;ulqini&#8221; pajiset me disa mjete t\u00eb domosdoshme\"}]},{\"@type\":\"Person\",\"@id\":\"https:\/\/www.visit-ulcinj.com\/blog\/#\/schema\/person\/dcab619c614d3038751c63bc2aadc06d\",\"name\":\"ulqini\",\"sameAs\":[\"http:\/\/www.visit-ulcinj.com\"],\"url\":\"https:\/\/www.visit-ulcinj.com\/blog\/author\/admin\/\"}]}<\/script>\n<!-- \/ Yoast SEO plugin. -->","yoast_head_json":{"title":"klubi i taekwondo-s\u00eb \"ulqini\" pajiset me disa mjete t\u00eb domosdoshme - Lajme nga Ulqini","description":"Kushte m\u00eb t\u00eb mira p\u00ebr st\u00ebrvitje Ulqin - Klubi i Taekwondo-s\u00eb \"Ulqini\" \u00ebsht\u00eb pajisur me disa mjete t\u00eb domosdoshme p\u00ebr zhvillimin sa m\u00eb cil\u00ebsor t\u00eb","robots":{"index":"index","follow":"follow","max-snippet":"max-snippet:-1","max-image-preview":"max-image-preview:large","max-video-preview":"max-video-preview:-1"},"canonical":"https:\/\/www.visit-ulcinj.com\/blog\/2008\/12\/04\/klubi-i-taekwondo-se-ulqini-pajiset-me-disa-mjete-te-domosdoshme\/","og_locale":"en_US","og_type":"article","og_title":"klubi i taekwondo-s\u00eb \"ulqini\" pajiset me disa mjete t\u00eb domosdoshme - Lajme nga Ulqini","og_description":"Kushte m\u00eb t\u00eb mira p\u00ebr st\u00ebrvitje Ulqin - Klubi i Taekwondo-s\u00eb \"Ulqini\" \u00ebsht\u00eb pajisur me disa mjete t\u00eb domosdoshme p\u00ebr zhvillimin sa m\u00eb cil\u00ebsor t\u00eb","og_url":"https:\/\/www.visit-ulcinj.com\/blog\/2008\/12\/04\/klubi-i-taekwondo-se-ulqini-pajiset-me-disa-mjete-te-domosdoshme\/","og_site_name":"Lajme nga Ulqini","article_published_time":"2008-12-04T17:59:16+00:00","og_image":[{"url":"http:\/\/www.visit-ulcinj.com\/blog\/wp-content\/uploads\/2008\/03\/kk_ulqini1.jpg"}],"twitter_misc":{"Written by":"ulqini","Est. reading time":"2 minutes"},"schema":{"@context":"https:\/\/schema.org","@graph":[{"@type":"WebSite","@id":"https:\/\/www.visit-ulcinj.com\/blog\/#website","url":"https:\/\/www.visit-ulcinj.com\/blog\/","name":"Lajme nga Ulqini","description":"Lajme,Vijesti,Ulqini,Ulqin,Crna Gora,Mali i Zi","potentialAction":[{"@type":"SearchAction","target":{"@type":"EntryPoint","urlTemplate":"https:\/\/www.visit-ulcinj.com\/blog\/?s={search_term_string}"},"query-input":"required name=search_term_string"}],"inLanguage":"en-US"},{"@type":"ImageObject","inLanguage":"en-US","@id":"https:\/\/www.visit-ulcinj.com\/blog\/2008\/12\/04\/klubi-i-taekwondo-se-ulqini-pajiset-me-disa-mjete-te-domosdoshme\/#primaryimage","url":"http:\/\/www.visit-ulcinj.com\/blog\/wp-content\/uploads\/2008\/03\/kk_ulqini1.jpg","contentUrl":"http:\/\/www.visit-ulcinj.com\/blog\/wp-content\/uploads\/2008\/03\/kk_ulqini1.jpg"},{"@type":"WebPage","@id":"https:\/\/www.visit-ulcinj.com\/blog\/2008\/12\/04\/klubi-i-taekwondo-se-ulqini-pajiset-me-disa-mjete-te-domosdoshme\/#webpage","url":"https:\/\/www.visit-ulcinj.com\/blog\/2008\/12\/04\/klubi-i-taekwondo-se-ulqini-pajiset-me-disa-mjete-te-domosdoshme\/","name":"klubi i taekwondo-s\u00eb \"ulqini\" pajiset me disa mjete t\u00eb domosdoshme - Lajme nga Ulqini","isPartOf":{"@id":"https:\/\/www.visit-ulcinj.com\/blog\/#website"},"primaryImageOfPage":{"@id":"https:\/\/www.visit-ulcinj.com\/blog\/2008\/12\/04\/klubi-i-taekwondo-se-ulqini-pajiset-me-disa-mjete-te-domosdoshme\/#primaryimage"},"datePublished":"2008-12-04T17:59:16+00:00","dateModified":"2008-12-04T17:59:16+00:00","author":{"@id":"https:\/\/www.visit-ulcinj.com\/blog\/#\/schema\/person\/dcab619c614d3038751c63bc2aadc06d"},"description":"Kushte m\u00eb t\u00eb mira p\u00ebr st\u00ebrvitje Ulqin - Klubi i Taekwondo-s\u00eb \"Ulqini\" \u00ebsht\u00eb pajisur me disa mjete t\u00eb domosdoshme p\u00ebr zhvillimin sa m\u00eb cil\u00ebsor t\u00eb","breadcrumb":{"@id":"https:\/\/www.visit-ulcinj.com\/blog\/2008\/12\/04\/klubi-i-taekwondo-se-ulqini-pajiset-me-disa-mjete-te-domosdoshme\/#breadcrumb"},"inLanguage":"en-US","potentialAction":[{"@type":"ReadAction","target":["https:\/\/www.visit-ulcinj.com\/blog\/2008\/12\/04\/klubi-i-taekwondo-se-ulqini-pajiset-me-disa-mjete-te-domosdoshme\/"]}]},{"@type":"BreadcrumbList","@id":"https:\/\/www.visit-ulcinj.com\/blog\/2008\/12\/04\/klubi-i-taekwondo-se-ulqini-pajiset-me-disa-mjete-te-domosdoshme\/#breadcrumb","itemListElement":[{"@type":"ListItem","position":1,"name":"klubi i taekwondo-s\u00eb &#8220;ulqini&#8221; pajiset me disa mjete t\u00eb domosdoshme"}]},{"@type":"Person","@id":"https:\/\/www.visit-ulcinj.com\/blog\/#\/schema\/person\/dcab619c614d3038751c63bc2aadc06d","name":"ulqini","sameAs":["http:\/\/www.visit-ulcinj.com"],"url":"https:\/\/www.visit-ulcinj.com\/blog\/author\/admin\/"}]}},"jetpack_featured_media_url":"","jetpack_sharing_enabled":true,"jetpack_shortlink":"https:\/\/wp.me\/pe6lTn-1M7","_links":{"self":[{"href":"https:\/\/www.visit-ulcinj.com\/blog\/wp-json\/wp\/v2\/posts\/6827"}],"collection":[{"href":"https:\/\/www.visit-ulcinj.com\/blog\/wp-json\/wp\/v2\/posts"}],"about":[{"href":"https:\/\/www.visit-ulcinj.com\/blog\/wp-json\/wp\/v2\/types\/post"}],"author":[{"embeddable":true,"href":"https:\/\/www.visit-ulcinj.com\/blog\/wp-json\/wp\/v2\/users\/1"}],"replies":[{"embeddable":true,"href":"https:\/\/www.visit-ulcinj.com\/blog\/wp-json\/wp\/v2\/comments?post=6827"}],"version-history":[{"count":0,"href":"https:\/\/www.visit-ulcinj.com\/blog\/wp-json\/wp\/v2\/posts\/6827\/revisions"}],"wp:attachment":[{"href":"https:\/\/www.visit-ulcinj.com\/blog\/wp-json\/wp\/v2\/media?parent=6827"}],"wp:term":[{"taxonomy":"category","embeddable":true,"href":"https:\/\/www.visit-ulcinj.com\/blog\/wp-json\/wp\/v2\/categories?post=6827"},{"taxonomy":"post_tag","embeddable":true,"href":"https:\/\/www.visit-ulcinj.com\/blog\/wp-json\/wp\/v2\/tags?post=6827"}],"curies":[{"name":"wp","href":"https:\/\/api.w.org\/{rel}","templated":true}]}}