{"id":68271,"date":"2013-02-03T10:53:44","date_gmt":"2013-02-03T09:53:44","guid":{"rendered":"http:\/\/www.visit-ulcinj.com\/blog\/?p=68271"},"modified":"2013-02-03T10:54:31","modified_gmt":"2013-02-03T09:54:31","slug":"albanci-u-crnoj-gori","status":"publish","type":"post","link":"https:\/\/www.visit-ulcinj.com\/blog\/2013\/02\/03\/albanci-u-crnoj-gori\/","title":{"rendered":"Albanci u Crnoj Gori"},"content":{"rendered":"<p style=\"text-align: center;\">IZNEVJERENA O\u010cEKIVANJA<\/p>\n<p><a href=\"http:\/\/www.visit-ulcinj.com\/blog\/wp-content\/uploads\/2013\/02\/Albanci-u-Crnoj-Gori.jpg\"><img loading=\"lazy\" class=\"alignleft  wp-image-68272\" alt=\"Albanci u Crnoj Gori\" src=\"http:\/\/www.visit-ulcinj.com\/blog\/wp-content\/uploads\/2013\/02\/Albanci-u-Crnoj-Gori.jpg\" width=\"508\" height=\"264\" \/><\/a>Nakon parlamentarnih izbora albanske stranke postale su svojim djelovanjem marginalan faktor na politi\u010dkoj sceni Crne Gore. Igrarije oko podr\u0161ke kandidatu DPS-a za predsjedni\u010dke izbore samo su potvrdile takvu poziciju.<\/p>\n<div id=\"attachment_68273\" style=\"width: 518px\" class=\"wp-caption alignleft\"><a href=\"http:\/\/www.visit-ulcinj.com\/blog\/wp-content\/uploads\/2013\/02\/Celnici-albanskih-stranaka.jpg\"><img aria-describedby=\"caption-attachment-68273\" loading=\"lazy\" class=\" wp-image-68273\" alt=\"Celnici-albanskih stranaka\" src=\"http:\/\/www.visit-ulcinj.com\/blog\/wp-content\/uploads\/2013\/02\/Celnici-albanskih-stranaka.jpg\" width=\"508\" height=\"300\" \/><\/a><p id=\"caption-attachment-68273\" class=\"wp-caption-text\">Fotro: Vijesti<\/p><\/div>\n<p>\u010celnicima vode\u0107ih albanskih stranaka, Nove demokratske snage FORCA Nazifa Cungua i Demokratske partije (DP) Fatmira \u0110eke, dovoljna su garancija obe\u0107anja Demokratske partije socijalista i njezinog lidera Mila \u0110ukanovi\u0107a. Jer, DPS je obe\u0107ao, a on, op\u0161tepoznato je, obe\u0107anja uvijek dr\u017ei, da \u0107e referenduma o statusu op\u0161tine Malesija sa mjesnim centrom Tuzi, svakako biti. Iako niko sa sigurno\u0161\u0107u ne zna kada \u0107e se to i desiti, oni procjenjuju da to nije ni previ\u0161e va\u017eno. Ko jo\u0161 pamti \u0161to je sve izdogovarano i potpisano, a nije ispo\u0161tovano, od 1997. do 2006. godine, neposredno pred referendum, o statusu i nacionalnim pravima Albanaca. Zato su, kako tvrdi u izjavi za Monitor najdugovje\u010dniji albanski postkomunisti\u010dki politi\u010dar u Crnoj Gori i predsjednik Demokratskog saveza Mehmet Bardhi, prava Albanaca u ovoj dr\u017eavi danas gora nego ikada ranije! \u201eDijelom odgovornost za to snose sami Albanci, odnosno lideri nacionalnih stranaka koji su bez busole i ikakvih kriterijuma potr\u010dali i tr\u010de da na\u0111u mjesto u skutima vlasti\u201c, smatra on.<\/p>\n<p>Bardhi tu svakako ne misli samo na svog koalicionog partnera \u0110eku, ve\u0107 i na FORCU, koja je na prethodnim izborima procentualno osvojila najve\u0107i broj glasova Albanaca. Jer, iako su njezini \u010delnici isticali da ne\u0107e voditi servilnu politiku prema centralnoj vlasti za koju su godinama \u017eestoko optu\u017eivali Demokratsku uniju Albanaca, to je obe\u0107anje iznevjereno samo par sedmica kasnije. Zabrinuti da bi u novoj kombinatorici mogao biti ugro\u017een njihov posjed, odnosno lokalna vlast u Ulcinju, oni su pristali da bez prakti\u010dno ikakvih uslova podr\u017ee novu \u0110ukanovi\u0107evu vladu. Nezvani\u010dno se navodi da \u0107e njihovi kadrovi biti zastupljeni tek u Ministarstvu obrazovanja, Sekretarijatu za kapitalne investicije i u Agenciji za upravljanje morskim dobrom. \u0160to je jo\u0161 paradoksalnije, u Sporazumu koji su neposredno nakon izbora potpisali sa DPS-om, obavezali su se da \u0107e podr\u017eati i njezinog kandidata za predsjednika Crne Gore!? Od DPS-a o\u010dekuju tek da ispuni jo\u0161 neka svoja obe\u0107anja koja bi se trebala definisati naknadno, Aneksom tog sporazuma. Istovremeno, vra\u0107anjem u op\u0161tinsku upravu u Ulcinju biv\u0161ih funkcionera lokalne vlasti lagano otvaraju prostor da i DPS postane dio vladaju\u0107e koalicije koju trenutno \u010dine FORCA, DP, SDP i Gra\u0111anski pokret \u201ePerspektiva\u201c.<\/p>\n<div id=\"attachment_68274\" style=\"width: 518px\" class=\"wp-caption alignleft\"><a href=\"http:\/\/www.visit-ulcinj.com\/blog\/wp-content\/uploads\/2013\/02\/marovic_cungu.jpg\"><img aria-describedby=\"caption-attachment-68274\" loading=\"lazy\" class=\" wp-image-68274\" alt=\"marovic_cungu\" src=\"http:\/\/www.visit-ulcinj.com\/blog\/wp-content\/uploads\/2013\/02\/marovic_cungu.jpg\" width=\"508\" height=\"300\" \/><\/a><p id=\"caption-attachment-68274\" class=\"wp-caption-text\">Foto: Vijesti<\/p><\/div>\n<p>Takva politika pomije\u0161ana sa izuzetno slabim rezultatima u vo\u0111enju lokalne samouprave u proteklih 16 mjeseci dovela je velikog razo\u010darenja njihovih glasa\u010da i gra\u0111ana Ulcinja uop\u0161te, jer su obe\u0107anja i o\u010dekivanja bila zaista velika. Zato informacije sa trerena govore da znatan dio njihovog bira\u010dkog tijela ne\u0107e poslu\u0161ati svoje lidere i 7. aprila podr\u017eati predsjedni\u010dkog kandidata DPS-a Filipa Vujanovi\u0107a. Posebno \u0161to nema nikakvih zna\u010dajnijih pomaka u rje\u0161avanju povra\u0107aja imovine u uvali Valdanos, kao ni statusa op\u0161tine Tuzi.<br \/>\nU te\u0161koj poziciji sada je lider Gra\u0111anske inicijative Vaselj Sini\u0161taj, koji je na posljednjim izborima u\u010destvovao na poslani\u010dkoj listi Force za jedinstvo, a koja je od albanskih stranaka i koalicija imala proporcionalno najvi\u0161e glasova u Malesiji. Sini\u0161taj je nakon izbora nezadovoljan politikom koju vodi njegov koalicioni partner i odbio je da se on ili \u010dlanovi njegove grupacije na\u0111u u bilo kojoj funkciji u izvr\u0161noj vlasti. Sada smatra da je kucnuo \u010das da se DPS primora da u zamjenu za podr\u0161ku Vujanovi\u0107u na izborima odredi ta\u010dan datum referenduma za samostalnu op\u0161tinu. \u010cini se da te spremnosti u DPS-u nema, iz nekoliko razloga, iako su ga u srijedu Svetozar Marovi\u0107 i njegovi saradnici poku\u0161avali uvjeriti u suprotno. Najprije, jasno je da bez glasova iz Malesije vladaju\u0107a stranka te\u0161ko da mo\u017ee da se nada pobijedi na op\u0161tinskim izborima u Podgorici naredne godine. A to je za DPS izuzetno veliki ulog da bi pristala na ucjene Sini\u0161taja ili \u010delnika Albanske alternative \u0110er\u0111a Camaja, partnera \u0110ekine DP. Uostalom, lider DPS-a u Malesiji Nikola Gegaj je prvih dana januara jasno saop\u0161tio da \u0107e \u201ekonsultativni referendum o punopravnom statusu op\u0161tine Tuzi biti odr\u017ean tokom 2014. godine\u201c. Stoga ne \u010dudi \u0161to politi\u010dki direktor \u0110ukanovi\u0107evih i Marovi\u0107evih socijalista Tarzan Milo\u0161evi\u0107 govori o proceduri koju je nu\u017eno ispuniti kako bi Tuzi postali op\u0161tina, a koja bi, kada bi sve i\u0161lo po loju u ovom slu\u010daju trajala barem jo\u0161 \u010detiri mjeseca. Za politiku \u017ertvovanja Malesije kako bi sa\u010duvala Podgorica \u0110ukanovi\u0107 je, ina\u010de, uvijek imao pre\u0107utnu podr\u0161ku zvani\u010dne Tirane i Pri\u0161tine.<br \/>\n<a href=\"http:\/\/www.visit-ulcinj.com\/blog\/wp-content\/uploads\/2013\/02\/Fatmir-Gjeka-Filip-Vujanoviq.jpg\"><img loading=\"lazy\" class=\"alignleft  wp-image-68275\" alt=\"Fatmir-Gjeka-Filip-Vujanoviq\" src=\"http:\/\/www.visit-ulcinj.com\/blog\/wp-content\/uploads\/2013\/02\/Fatmir-Gjeka-Filip-Vujanoviq.jpg\" width=\"508\" height=\"272\" \/><\/a><\/p>\n<p>No, Sini\u0161taju se veoma \u017euri, jer zna da vrijeme toj ideji ne ide u prilog. U pravu je svakako i \u0110eka koji tvrdi da bez podr\u0161ke glasa\u010da DPS-a referendum u Malesiji ne mo\u017ee uspjeti. Kao \u0161to DPS sada mo\u017ee da formira vlast u Ulcinju sa kim god to po\u017eeli. A to je upravo ona pozicija koja vladaju\u0107oj partiji omogu\u0107ava le\u017eeran, marovi\u0107evski odnos prema svojim novim koalicionim partnerima. Liderima albanskih politi\u010dkih stranaka i koalicija u crnogorskom Parlamentu preostalo je samo da koketiraju sa zvani\u010dnicima u Podgorici za mrvice vlasti ili da budu opozicija.<br \/>\n<a href=\"http:\/\/www.visit-ulcinj.com\/blog\/wp-content\/uploads\/2013\/02\/Ibrahim-Berjashi.jpg\"><img loading=\"lazy\" class=\"alignleft  wp-image-68276\" alt=\"Ibrahim-Berjashi\" src=\"http:\/\/www.visit-ulcinj.com\/blog\/wp-content\/uploads\/2013\/02\/Ibrahim-Berjashi.jpg\" width=\"508\" height=\"300\" \/><\/a><\/p>\n<p>\u201eIzjave na\u0161ih poslanika su poni\u017eavaju\u0107e za albanske glasa\u010de. Nakon decenije i po Albanci vi\u0161e nemaju nijedno ministarsko mjesto u Vladi Crne Gore. I taj nedostatak se osje\u0107a u kulturi, obrazovanju, turizmu, ekonomiji, unutra\u0161njim i spoljnim poslovima, poljoprivredi, a posebno u resoru manjinske politike\u201c, ka\u017ee za na\u0161 nedjeljnik novinar i publicista Ibrahim Berja\u0161i. On smatra da bi Nacionalni savjet Albanaca trebao da okupi sve politi\u010dke predstavnike te zajednice u Skup\u0161tini Crne Gore kako bi formulisali jedinstvene zahtjeve o njihovom statusu u ovoj zemlji.<\/p>\n<p>&nbsp;<\/p>\n<p><strong>\u00a0Mustafa CANKA<\/strong><\/p>\n","protected":false},"excerpt":{"rendered":"<p>IZNEVJERENA O\u010cEKIVANJA Nakon parlamentarnih izbora albanske stranke postale su svojim djelovanjem marginalan faktor na politi\u010dkoj sceni Crne Gore. Igrarije oko podr\u0161ke kandidatu DPS-a za predsjedni\u010dke izbore samo su potvrdile takvu poziciju. \u010celnicima vode\u0107ih albanskih stranaka, Nove demokratske snage FORCA Nazifa Cungua i Demokratske partije (DP) Fatmira \u0110eke, dovoljna su garancija obe\u0107anja Demokratske partije socijalista i [&hellip;]<\/p>\n","protected":false},"author":1,"featured_media":0,"comment_status":"open","ping_status":"closed","sticky":false,"template":"","format":"standard","meta":{"spay_email":"","jetpack_publicize_message":"","jetpack_is_tweetstorm":false,"jetpack_publicize_feature_enabled":true},"categories":[8337],"tags":[1520,19],"jetpack_publicize_connections":[],"yoast_head":"<!-- This site is optimized with the Yoast SEO plugin v19.1 - https:\/\/yoast.com\/wordpress\/plugins\/seo\/ -->\n<title>Albanci u Crnoj Gori - Lajme nga Ulqini<\/title>\n<meta name=\"description\" content=\"IZNEVJERENA O\u010cEKIVANJA Nakon parlamentarnih izbora albanske stranke postale su svojim djelovanjem marginalan faktor na politi\u010dkoj sceni Crne Gore.\" \/>\n<meta name=\"robots\" content=\"index, follow, max-snippet:-1, max-image-preview:large, max-video-preview:-1\" \/>\n<link rel=\"canonical\" href=\"https:\/\/www.visit-ulcinj.com\/blog\/2013\/02\/03\/albanci-u-crnoj-gori\/\" \/>\n<meta property=\"og:locale\" content=\"en_US\" \/>\n<meta property=\"og:type\" content=\"article\" \/>\n<meta property=\"og:title\" content=\"Albanci u Crnoj Gori - Lajme nga Ulqini\" \/>\n<meta property=\"og:description\" content=\"IZNEVJERENA O\u010cEKIVANJA Nakon parlamentarnih izbora albanske stranke postale su svojim djelovanjem marginalan faktor na politi\u010dkoj sceni Crne Gore.\" \/>\n<meta property=\"og:url\" content=\"https:\/\/www.visit-ulcinj.com\/blog\/2013\/02\/03\/albanci-u-crnoj-gori\/\" \/>\n<meta property=\"og:site_name\" content=\"Lajme nga Ulqini\" \/>\n<meta property=\"article:published_time\" content=\"2013-02-03T09:53:44+00:00\" \/>\n<meta property=\"article:modified_time\" content=\"2013-02-03T09:54:31+00:00\" \/>\n<meta property=\"og:image\" content=\"http:\/\/www.visit-ulcinj.com\/blog\/wp-content\/uploads\/2013\/02\/Albanci-u-Crnoj-Gori.jpg\" \/>\n<meta name=\"twitter:label1\" content=\"Written by\" \/>\n\t<meta name=\"twitter:data1\" content=\"ulqini\" \/>\n\t<meta name=\"twitter:label2\" content=\"Est. reading time\" \/>\n\t<meta name=\"twitter:data2\" content=\"5 minutes\" \/>\n<script type=\"application\/ld+json\" class=\"yoast-schema-graph\">{\"@context\":\"https:\/\/schema.org\",\"@graph\":[{\"@type\":\"WebSite\",\"@id\":\"https:\/\/www.visit-ulcinj.com\/blog\/#website\",\"url\":\"https:\/\/www.visit-ulcinj.com\/blog\/\",\"name\":\"Lajme nga Ulqini\",\"description\":\"Lajme,Vijesti,Ulqini,Ulqin,Crna Gora,Mali i Zi\",\"potentialAction\":[{\"@type\":\"SearchAction\",\"target\":{\"@type\":\"EntryPoint\",\"urlTemplate\":\"https:\/\/www.visit-ulcinj.com\/blog\/?s={search_term_string}\"},\"query-input\":\"required name=search_term_string\"}],\"inLanguage\":\"en-US\"},{\"@type\":\"ImageObject\",\"inLanguage\":\"en-US\",\"@id\":\"https:\/\/www.visit-ulcinj.com\/blog\/2013\/02\/03\/albanci-u-crnoj-gori\/#primaryimage\",\"url\":\"https:\/\/www.visit-ulcinj.com\/blog\/wp-content\/uploads\/2013\/02\/Albanci-u-Crnoj-Gori.jpg\",\"contentUrl\":\"https:\/\/www.visit-ulcinj.com\/blog\/wp-content\/uploads\/2013\/02\/Albanci-u-Crnoj-Gori.jpg\",\"width\":420,\"height\":264},{\"@type\":\"WebPage\",\"@id\":\"https:\/\/www.visit-ulcinj.com\/blog\/2013\/02\/03\/albanci-u-crnoj-gori\/#webpage\",\"url\":\"https:\/\/www.visit-ulcinj.com\/blog\/2013\/02\/03\/albanci-u-crnoj-gori\/\",\"name\":\"Albanci u Crnoj Gori - Lajme nga Ulqini\",\"isPartOf\":{\"@id\":\"https:\/\/www.visit-ulcinj.com\/blog\/#website\"},\"primaryImageOfPage\":{\"@id\":\"https:\/\/www.visit-ulcinj.com\/blog\/2013\/02\/03\/albanci-u-crnoj-gori\/#primaryimage\"},\"datePublished\":\"2013-02-03T09:53:44+00:00\",\"dateModified\":\"2013-02-03T09:54:31+00:00\",\"author\":{\"@id\":\"https:\/\/www.visit-ulcinj.com\/blog\/#\/schema\/person\/dcab619c614d3038751c63bc2aadc06d\"},\"description\":\"IZNEVJERENA O\u010cEKIVANJA Nakon parlamentarnih izbora albanske stranke postale su svojim djelovanjem marginalan faktor na politi\u010dkoj sceni Crne Gore.\",\"breadcrumb\":{\"@id\":\"https:\/\/www.visit-ulcinj.com\/blog\/2013\/02\/03\/albanci-u-crnoj-gori\/#breadcrumb\"},\"inLanguage\":\"en-US\",\"potentialAction\":[{\"@type\":\"ReadAction\",\"target\":[\"https:\/\/www.visit-ulcinj.com\/blog\/2013\/02\/03\/albanci-u-crnoj-gori\/\"]}]},{\"@type\":\"BreadcrumbList\",\"@id\":\"https:\/\/www.visit-ulcinj.com\/blog\/2013\/02\/03\/albanci-u-crnoj-gori\/#breadcrumb\",\"itemListElement\":[{\"@type\":\"ListItem\",\"position\":1,\"name\":\"Albanci u Crnoj Gori\"}]},{\"@type\":\"Person\",\"@id\":\"https:\/\/www.visit-ulcinj.com\/blog\/#\/schema\/person\/dcab619c614d3038751c63bc2aadc06d\",\"name\":\"ulqini\",\"sameAs\":[\"http:\/\/www.visit-ulcinj.com\"],\"url\":\"https:\/\/www.visit-ulcinj.com\/blog\/author\/admin\/\"}]}<\/script>\n<!-- \/ Yoast SEO plugin. -->","yoast_head_json":{"title":"Albanci u Crnoj Gori - Lajme nga Ulqini","description":"IZNEVJERENA O\u010cEKIVANJA Nakon parlamentarnih izbora albanske stranke postale su svojim djelovanjem marginalan faktor na politi\u010dkoj sceni Crne Gore.","robots":{"index":"index","follow":"follow","max-snippet":"max-snippet:-1","max-image-preview":"max-image-preview:large","max-video-preview":"max-video-preview:-1"},"canonical":"https:\/\/www.visit-ulcinj.com\/blog\/2013\/02\/03\/albanci-u-crnoj-gori\/","og_locale":"en_US","og_type":"article","og_title":"Albanci u Crnoj Gori - Lajme nga Ulqini","og_description":"IZNEVJERENA O\u010cEKIVANJA Nakon parlamentarnih izbora albanske stranke postale su svojim djelovanjem marginalan faktor na politi\u010dkoj sceni Crne Gore.","og_url":"https:\/\/www.visit-ulcinj.com\/blog\/2013\/02\/03\/albanci-u-crnoj-gori\/","og_site_name":"Lajme nga Ulqini","article_published_time":"2013-02-03T09:53:44+00:00","article_modified_time":"2013-02-03T09:54:31+00:00","og_image":[{"url":"http:\/\/www.visit-ulcinj.com\/blog\/wp-content\/uploads\/2013\/02\/Albanci-u-Crnoj-Gori.jpg"}],"twitter_misc":{"Written by":"ulqini","Est. reading time":"5 minutes"},"schema":{"@context":"https:\/\/schema.org","@graph":[{"@type":"WebSite","@id":"https:\/\/www.visit-ulcinj.com\/blog\/#website","url":"https:\/\/www.visit-ulcinj.com\/blog\/","name":"Lajme nga Ulqini","description":"Lajme,Vijesti,Ulqini,Ulqin,Crna Gora,Mali i Zi","potentialAction":[{"@type":"SearchAction","target":{"@type":"EntryPoint","urlTemplate":"https:\/\/www.visit-ulcinj.com\/blog\/?s={search_term_string}"},"query-input":"required name=search_term_string"}],"inLanguage":"en-US"},{"@type":"ImageObject","inLanguage":"en-US","@id":"https:\/\/www.visit-ulcinj.com\/blog\/2013\/02\/03\/albanci-u-crnoj-gori\/#primaryimage","url":"https:\/\/www.visit-ulcinj.com\/blog\/wp-content\/uploads\/2013\/02\/Albanci-u-Crnoj-Gori.jpg","contentUrl":"https:\/\/www.visit-ulcinj.com\/blog\/wp-content\/uploads\/2013\/02\/Albanci-u-Crnoj-Gori.jpg","width":420,"height":264},{"@type":"WebPage","@id":"https:\/\/www.visit-ulcinj.com\/blog\/2013\/02\/03\/albanci-u-crnoj-gori\/#webpage","url":"https:\/\/www.visit-ulcinj.com\/blog\/2013\/02\/03\/albanci-u-crnoj-gori\/","name":"Albanci u Crnoj Gori - Lajme nga Ulqini","isPartOf":{"@id":"https:\/\/www.visit-ulcinj.com\/blog\/#website"},"primaryImageOfPage":{"@id":"https:\/\/www.visit-ulcinj.com\/blog\/2013\/02\/03\/albanci-u-crnoj-gori\/#primaryimage"},"datePublished":"2013-02-03T09:53:44+00:00","dateModified":"2013-02-03T09:54:31+00:00","author":{"@id":"https:\/\/www.visit-ulcinj.com\/blog\/#\/schema\/person\/dcab619c614d3038751c63bc2aadc06d"},"description":"IZNEVJERENA O\u010cEKIVANJA Nakon parlamentarnih izbora albanske stranke postale su svojim djelovanjem marginalan faktor na politi\u010dkoj sceni Crne Gore.","breadcrumb":{"@id":"https:\/\/www.visit-ulcinj.com\/blog\/2013\/02\/03\/albanci-u-crnoj-gori\/#breadcrumb"},"inLanguage":"en-US","potentialAction":[{"@type":"ReadAction","target":["https:\/\/www.visit-ulcinj.com\/blog\/2013\/02\/03\/albanci-u-crnoj-gori\/"]}]},{"@type":"BreadcrumbList","@id":"https:\/\/www.visit-ulcinj.com\/blog\/2013\/02\/03\/albanci-u-crnoj-gori\/#breadcrumb","itemListElement":[{"@type":"ListItem","position":1,"name":"Albanci u Crnoj Gori"}]},{"@type":"Person","@id":"https:\/\/www.visit-ulcinj.com\/blog\/#\/schema\/person\/dcab619c614d3038751c63bc2aadc06d","name":"ulqini","sameAs":["http:\/\/www.visit-ulcinj.com"],"url":"https:\/\/www.visit-ulcinj.com\/blog\/author\/admin\/"}]}},"jetpack_featured_media_url":"","jetpack_sharing_enabled":true,"jetpack_shortlink":"https:\/\/wp.me\/pe6lTn-hL9","_links":{"self":[{"href":"https:\/\/www.visit-ulcinj.com\/blog\/wp-json\/wp\/v2\/posts\/68271"}],"collection":[{"href":"https:\/\/www.visit-ulcinj.com\/blog\/wp-json\/wp\/v2\/posts"}],"about":[{"href":"https:\/\/www.visit-ulcinj.com\/blog\/wp-json\/wp\/v2\/types\/post"}],"author":[{"embeddable":true,"href":"https:\/\/www.visit-ulcinj.com\/blog\/wp-json\/wp\/v2\/users\/1"}],"replies":[{"embeddable":true,"href":"https:\/\/www.visit-ulcinj.com\/blog\/wp-json\/wp\/v2\/comments?post=68271"}],"version-history":[{"count":3,"href":"https:\/\/www.visit-ulcinj.com\/blog\/wp-json\/wp\/v2\/posts\/68271\/revisions"}],"predecessor-version":[{"id":68278,"href":"https:\/\/www.visit-ulcinj.com\/blog\/wp-json\/wp\/v2\/posts\/68271\/revisions\/68278"}],"wp:attachment":[{"href":"https:\/\/www.visit-ulcinj.com\/blog\/wp-json\/wp\/v2\/media?parent=68271"}],"wp:term":[{"taxonomy":"category","embeddable":true,"href":"https:\/\/www.visit-ulcinj.com\/blog\/wp-json\/wp\/v2\/categories?post=68271"},{"taxonomy":"post_tag","embeddable":true,"href":"https:\/\/www.visit-ulcinj.com\/blog\/wp-json\/wp\/v2\/tags?post=68271"}],"curies":[{"name":"wp","href":"https:\/\/api.w.org\/{rel}","templated":true}]}}