{"id":68287,"date":"2013-02-03T19:44:56","date_gmt":"2013-02-03T18:44:56","guid":{"rendered":"http:\/\/www.visit-ulcinj.com\/blog\/?p=68287"},"modified":"2013-02-03T20:32:31","modified_gmt":"2013-02-03T19:32:31","slug":"most-port-milene-bice-zavrsen-do-kraja-marta","status":"publish","type":"post","link":"https:\/\/www.visit-ulcinj.com\/blog\/2013\/02\/03\/most-port-milene-bice-zavrsen-do-kraja-marta\/","title":{"rendered":"Grbovic: Most Port Milene bi\u0107e zavr\u0161en do kraja marta &#8211; Video"},"content":{"rendered":"<p><strong><a href=\"http:\/\/www.visit-ulcinj.com\/blog\/wp-content\/uploads\/2013\/02\/Most-Port-Milena-Ulcinj.jpg\"><img loading=\"lazy\" class=\"alignleft  wp-image-68288\" alt=\"Most Port Milena Ulcinj\" src=\"http:\/\/www.visit-ulcinj.com\/blog\/wp-content\/uploads\/2013\/02\/Most-Port-Milena-Ulcinj.jpg\" width=\"508\" height=\"360\" \/><\/a><\/strong><\/p>\n<p>Direktor Direkcije za saobra\u0107aj Veselin Grbovi\u0107, kazao jeda \u0107e most prekoPort Milene biti zavr\u0161en do kraja marta.<\/p>\n<p>&#8211; U toku su zavr\u0161ni radovi na izgradnji mosta preko Port Milene. U pitanju je najve\u0107i infrastrukturni projekat koji se gradi kod nas u posljednjih godinu dana. Vrijednost radova je oko 13,5 miliona eura, a o\u010dekujem da \u0107e biti zavr\u0161en do kraja marta, naveo je Grbovi\u0107.<\/p>\n<p>Ukupna du\u017eina poteza koji je obuhva\u0107en projektom iznosi 900 m od \u010dega je most du\u017eine 350 m. Ispred mosta je ura\u0111en kru\u017eni tok. Na mostu se nalaze 4 kolovozne trake, a sa obje srane je trotoar. Du\u017e mosta, kao i na prilaznim saobra\u0107ajnicama ura\u0111ena je rasvjeta. Na mostu je napravljena veoma kvalitetna ograda od ner\u0111aju\u0107eg \u010delika.<br \/>\n<a href=\"http:\/\/www.visit-ulcinj.com\/blog\/wp-content\/uploads\/2013\/02\/Most-Port-Milena-Ulcinj.1.jpg\"><img loading=\"lazy\" class=\"alignleft  wp-image-68289\" alt=\"Most Port Milena Ulcinj.1\" src=\"http:\/\/www.visit-ulcinj.com\/blog\/wp-content\/uploads\/2013\/02\/Most-Port-Milena-Ulcinj.1.jpg\" width=\"508\" height=\"300\" \/><\/a><\/p>\n<p>-Most \u0107e biti izvanredan i sjajno uklopljen u sredinu. Radi se o jedinstvenom sistemu navla\u010denja, a na sredini most se otvara i bi\u0107e omogu\u0107eno propu\u0161tanje velikih jahti za marinu Port Milena, rekao je Grbovi\u0107.<\/p>\n<p>Izgradnjom mosta preko kanala Port Milena izvr\u0161i\u0107e se povezivanje ve\u0107 izgra\u0111enog bulevara u Ulcinju sa putem za Adu Bojanu \u010dime \u0107e se pove\u0107ati proto\u010dnost saobra\u0107aja, odnosno smanjiti saobra\u0107ajne gu\u017eve koje su naro\u010dito izra\u017eene tokom ljetnje turisti\u010dke sezone. Most je projektovan sa 4 saobra\u0107ajne trake \u0161irine po 3,25 m, razdjelnim pojasom od 2,0 m i obostranim pje\u0161a\u010dkim stazama \u0161irine po 2,65 m. Ukupna \u0161irina mosta iznosi 20,30 m. Projektant mosta preko kanala Port Milena je DB In\u017eenjering.<\/p>\n<p><strong>Analitika &#8211; Informativni Portal<\/strong><br \/>\n<strong>Video Portal Analitika<\/strong><\/p>\n<p>[flv]http:\/\/www.infobiro.info\/files\/webvideo02cg\/Ulcinj%20Direktor%20Direkcije%20za%20saobracaj%20Veselin%20Grbovic%20o%20izgradnji%20mosta%20preko%20Port%20Milene.flv[\/flv]<\/p>\n","protected":false},"excerpt":{"rendered":"<p>Direktor Direkcije za saobra\u0107aj Veselin Grbovi\u0107, kazao jeda \u0107e most prekoPort Milene biti zavr\u0161en do kraja marta. &#8211; U toku su zavr\u0161ni radovi na izgradnji mosta preko Port Milene. U pitanju je najve\u0107i infrastrukturni projekat koji se gradi kod nas u posljednjih godinu dana. Vrijednost radova je oko 13,5 miliona eura, a o\u010dekujem da \u0107e [&hellip;]<\/p>\n","protected":false},"author":1,"featured_media":0,"comment_status":"open","ping_status":"closed","sticky":false,"template":"","format":"standard","meta":{"spay_email":"","jetpack_publicize_message":"","jetpack_is_tweetstorm":false,"jetpack_publicize_feature_enabled":true},"categories":[6950],"tags":[3381,19],"jetpack_publicize_connections":[],"yoast_head":"<!-- This site is optimized with the Yoast SEO plugin v19.1 - https:\/\/yoast.com\/wordpress\/plugins\/seo\/ -->\n<title>Grbovic: Most Port Milene bi\u0107e zavr\u0161en do kraja marta - Video - Lajme nga Ulqini<\/title>\n<meta name=\"description\" content=\"Direktor Direkcije za saobra\u0107aj Veselin Grbovi\u0107, kazao jeda \u0107e most prekoPort Milene biti zavr\u0161en do kraja marta. - U toku su zavr\u0161ni radovi na izgradnji\" \/>\n<meta name=\"robots\" content=\"index, follow, max-snippet:-1, max-image-preview:large, max-video-preview:-1\" \/>\n<link rel=\"canonical\" href=\"https:\/\/www.visit-ulcinj.com\/blog\/2013\/02\/03\/most-port-milene-bice-zavrsen-do-kraja-marta\/\" \/>\n<meta property=\"og:locale\" content=\"en_US\" \/>\n<meta property=\"og:type\" content=\"article\" \/>\n<meta property=\"og:title\" content=\"Grbovic: Most Port Milene bi\u0107e zavr\u0161en do kraja marta - Video - Lajme nga Ulqini\" \/>\n<meta property=\"og:description\" content=\"Direktor Direkcije za saobra\u0107aj Veselin Grbovi\u0107, kazao jeda \u0107e most prekoPort Milene biti zavr\u0161en do kraja marta. - U toku su zavr\u0161ni radovi na izgradnji\" \/>\n<meta property=\"og:url\" content=\"https:\/\/www.visit-ulcinj.com\/blog\/2013\/02\/03\/most-port-milene-bice-zavrsen-do-kraja-marta\/\" \/>\n<meta property=\"og:site_name\" content=\"Lajme nga Ulqini\" \/>\n<meta property=\"article:published_time\" content=\"2013-02-03T18:44:56+00:00\" \/>\n<meta property=\"article:modified_time\" content=\"2013-02-03T19:32:31+00:00\" \/>\n<meta property=\"og:image\" content=\"http:\/\/www.visit-ulcinj.com\/blog\/wp-content\/uploads\/2013\/02\/Most-Port-Milena-Ulcinj.jpg\" \/>\n<meta name=\"twitter:label1\" content=\"Written by\" \/>\n\t<meta name=\"twitter:data1\" content=\"ulqini\" \/>\n\t<meta name=\"twitter:label2\" content=\"Est. reading time\" \/>\n\t<meta name=\"twitter:data2\" content=\"1 minute\" \/>\n<script type=\"application\/ld+json\" class=\"yoast-schema-graph\">{\"@context\":\"https:\/\/schema.org\",\"@graph\":[{\"@type\":\"WebSite\",\"@id\":\"https:\/\/www.visit-ulcinj.com\/blog\/#website\",\"url\":\"https:\/\/www.visit-ulcinj.com\/blog\/\",\"name\":\"Lajme nga Ulqini\",\"description\":\"Lajme,Vijesti,Ulqini,Ulqin,Crna Gora,Mali i Zi\",\"potentialAction\":[{\"@type\":\"SearchAction\",\"target\":{\"@type\":\"EntryPoint\",\"urlTemplate\":\"https:\/\/www.visit-ulcinj.com\/blog\/?s={search_term_string}\"},\"query-input\":\"required name=search_term_string\"}],\"inLanguage\":\"en-US\"},{\"@type\":\"ImageObject\",\"inLanguage\":\"en-US\",\"@id\":\"https:\/\/www.visit-ulcinj.com\/blog\/2013\/02\/03\/most-port-milene-bice-zavrsen-do-kraja-marta\/#primaryimage\",\"url\":\"https:\/\/www.visit-ulcinj.com\/blog\/wp-content\/uploads\/2013\/02\/Most-Port-Milena-Ulcinj.jpg\",\"contentUrl\":\"https:\/\/www.visit-ulcinj.com\/blog\/wp-content\/uploads\/2013\/02\/Most-Port-Milena-Ulcinj.jpg\",\"width\":960,\"height\":722},{\"@type\":\"WebPage\",\"@id\":\"https:\/\/www.visit-ulcinj.com\/blog\/2013\/02\/03\/most-port-milene-bice-zavrsen-do-kraja-marta\/#webpage\",\"url\":\"https:\/\/www.visit-ulcinj.com\/blog\/2013\/02\/03\/most-port-milene-bice-zavrsen-do-kraja-marta\/\",\"name\":\"Grbovic: Most Port Milene bi\u0107e zavr\u0161en do kraja marta - Video - Lajme nga Ulqini\",\"isPartOf\":{\"@id\":\"https:\/\/www.visit-ulcinj.com\/blog\/#website\"},\"primaryImageOfPage\":{\"@id\":\"https:\/\/www.visit-ulcinj.com\/blog\/2013\/02\/03\/most-port-milene-bice-zavrsen-do-kraja-marta\/#primaryimage\"},\"datePublished\":\"2013-02-03T18:44:56+00:00\",\"dateModified\":\"2013-02-03T19:32:31+00:00\",\"author\":{\"@id\":\"https:\/\/www.visit-ulcinj.com\/blog\/#\/schema\/person\/dcab619c614d3038751c63bc2aadc06d\"},\"description\":\"Direktor Direkcije za saobra\u0107aj Veselin Grbovi\u0107, kazao jeda \u0107e most prekoPort Milene biti zavr\u0161en do kraja marta. - U toku su zavr\u0161ni radovi na izgradnji\",\"breadcrumb\":{\"@id\":\"https:\/\/www.visit-ulcinj.com\/blog\/2013\/02\/03\/most-port-milene-bice-zavrsen-do-kraja-marta\/#breadcrumb\"},\"inLanguage\":\"en-US\",\"potentialAction\":[{\"@type\":\"ReadAction\",\"target\":[\"https:\/\/www.visit-ulcinj.com\/blog\/2013\/02\/03\/most-port-milene-bice-zavrsen-do-kraja-marta\/\"]}]},{\"@type\":\"BreadcrumbList\",\"@id\":\"https:\/\/www.visit-ulcinj.com\/blog\/2013\/02\/03\/most-port-milene-bice-zavrsen-do-kraja-marta\/#breadcrumb\",\"itemListElement\":[{\"@type\":\"ListItem\",\"position\":1,\"name\":\"Grbovic: Most Port Milene bi\u0107e zavr\u0161en do kraja marta &#8211; Video\"}]},{\"@type\":\"Person\",\"@id\":\"https:\/\/www.visit-ulcinj.com\/blog\/#\/schema\/person\/dcab619c614d3038751c63bc2aadc06d\",\"name\":\"ulqini\",\"sameAs\":[\"http:\/\/www.visit-ulcinj.com\"],\"url\":\"https:\/\/www.visit-ulcinj.com\/blog\/author\/admin\/\"}]}<\/script>\n<!-- \/ Yoast SEO plugin. -->","yoast_head_json":{"title":"Grbovic: Most Port Milene bi\u0107e zavr\u0161en do kraja marta - Video - Lajme nga Ulqini","description":"Direktor Direkcije za saobra\u0107aj Veselin Grbovi\u0107, kazao jeda \u0107e most prekoPort Milene biti zavr\u0161en do kraja marta. - U toku su zavr\u0161ni radovi na izgradnji","robots":{"index":"index","follow":"follow","max-snippet":"max-snippet:-1","max-image-preview":"max-image-preview:large","max-video-preview":"max-video-preview:-1"},"canonical":"https:\/\/www.visit-ulcinj.com\/blog\/2013\/02\/03\/most-port-milene-bice-zavrsen-do-kraja-marta\/","og_locale":"en_US","og_type":"article","og_title":"Grbovic: Most Port Milene bi\u0107e zavr\u0161en do kraja marta - Video - Lajme nga Ulqini","og_description":"Direktor Direkcije za saobra\u0107aj Veselin Grbovi\u0107, kazao jeda \u0107e most prekoPort Milene biti zavr\u0161en do kraja marta. - U toku su zavr\u0161ni radovi na izgradnji","og_url":"https:\/\/www.visit-ulcinj.com\/blog\/2013\/02\/03\/most-port-milene-bice-zavrsen-do-kraja-marta\/","og_site_name":"Lajme nga Ulqini","article_published_time":"2013-02-03T18:44:56+00:00","article_modified_time":"2013-02-03T19:32:31+00:00","og_image":[{"url":"http:\/\/www.visit-ulcinj.com\/blog\/wp-content\/uploads\/2013\/02\/Most-Port-Milena-Ulcinj.jpg"}],"twitter_misc":{"Written by":"ulqini","Est. reading time":"1 minute"},"schema":{"@context":"https:\/\/schema.org","@graph":[{"@type":"WebSite","@id":"https:\/\/www.visit-ulcinj.com\/blog\/#website","url":"https:\/\/www.visit-ulcinj.com\/blog\/","name":"Lajme nga Ulqini","description":"Lajme,Vijesti,Ulqini,Ulqin,Crna Gora,Mali i Zi","potentialAction":[{"@type":"SearchAction","target":{"@type":"EntryPoint","urlTemplate":"https:\/\/www.visit-ulcinj.com\/blog\/?s={search_term_string}"},"query-input":"required name=search_term_string"}],"inLanguage":"en-US"},{"@type":"ImageObject","inLanguage":"en-US","@id":"https:\/\/www.visit-ulcinj.com\/blog\/2013\/02\/03\/most-port-milene-bice-zavrsen-do-kraja-marta\/#primaryimage","url":"https:\/\/www.visit-ulcinj.com\/blog\/wp-content\/uploads\/2013\/02\/Most-Port-Milena-Ulcinj.jpg","contentUrl":"https:\/\/www.visit-ulcinj.com\/blog\/wp-content\/uploads\/2013\/02\/Most-Port-Milena-Ulcinj.jpg","width":960,"height":722},{"@type":"WebPage","@id":"https:\/\/www.visit-ulcinj.com\/blog\/2013\/02\/03\/most-port-milene-bice-zavrsen-do-kraja-marta\/#webpage","url":"https:\/\/www.visit-ulcinj.com\/blog\/2013\/02\/03\/most-port-milene-bice-zavrsen-do-kraja-marta\/","name":"Grbovic: Most Port Milene bi\u0107e zavr\u0161en do kraja marta - Video - Lajme nga Ulqini","isPartOf":{"@id":"https:\/\/www.visit-ulcinj.com\/blog\/#website"},"primaryImageOfPage":{"@id":"https:\/\/www.visit-ulcinj.com\/blog\/2013\/02\/03\/most-port-milene-bice-zavrsen-do-kraja-marta\/#primaryimage"},"datePublished":"2013-02-03T18:44:56+00:00","dateModified":"2013-02-03T19:32:31+00:00","author":{"@id":"https:\/\/www.visit-ulcinj.com\/blog\/#\/schema\/person\/dcab619c614d3038751c63bc2aadc06d"},"description":"Direktor Direkcije za saobra\u0107aj Veselin Grbovi\u0107, kazao jeda \u0107e most prekoPort Milene biti zavr\u0161en do kraja marta. - U toku su zavr\u0161ni radovi na izgradnji","breadcrumb":{"@id":"https:\/\/www.visit-ulcinj.com\/blog\/2013\/02\/03\/most-port-milene-bice-zavrsen-do-kraja-marta\/#breadcrumb"},"inLanguage":"en-US","potentialAction":[{"@type":"ReadAction","target":["https:\/\/www.visit-ulcinj.com\/blog\/2013\/02\/03\/most-port-milene-bice-zavrsen-do-kraja-marta\/"]}]},{"@type":"BreadcrumbList","@id":"https:\/\/www.visit-ulcinj.com\/blog\/2013\/02\/03\/most-port-milene-bice-zavrsen-do-kraja-marta\/#breadcrumb","itemListElement":[{"@type":"ListItem","position":1,"name":"Grbovic: Most Port Milene bi\u0107e zavr\u0161en do kraja marta &#8211; Video"}]},{"@type":"Person","@id":"https:\/\/www.visit-ulcinj.com\/blog\/#\/schema\/person\/dcab619c614d3038751c63bc2aadc06d","name":"ulqini","sameAs":["http:\/\/www.visit-ulcinj.com"],"url":"https:\/\/www.visit-ulcinj.com\/blog\/author\/admin\/"}]}},"jetpack_featured_media_url":"","jetpack_sharing_enabled":true,"jetpack_shortlink":"https:\/\/wp.me\/pe6lTn-hLp","_links":{"self":[{"href":"https:\/\/www.visit-ulcinj.com\/blog\/wp-json\/wp\/v2\/posts\/68287"}],"collection":[{"href":"https:\/\/www.visit-ulcinj.com\/blog\/wp-json\/wp\/v2\/posts"}],"about":[{"href":"https:\/\/www.visit-ulcinj.com\/blog\/wp-json\/wp\/v2\/types\/post"}],"author":[{"embeddable":true,"href":"https:\/\/www.visit-ulcinj.com\/blog\/wp-json\/wp\/v2\/users\/1"}],"replies":[{"embeddable":true,"href":"https:\/\/www.visit-ulcinj.com\/blog\/wp-json\/wp\/v2\/comments?post=68287"}],"version-history":[{"count":4,"href":"https:\/\/www.visit-ulcinj.com\/blog\/wp-json\/wp\/v2\/posts\/68287\/revisions"}],"predecessor-version":[{"id":68299,"href":"https:\/\/www.visit-ulcinj.com\/blog\/wp-json\/wp\/v2\/posts\/68287\/revisions\/68299"}],"wp:attachment":[{"href":"https:\/\/www.visit-ulcinj.com\/blog\/wp-json\/wp\/v2\/media?parent=68287"}],"wp:term":[{"taxonomy":"category","embeddable":true,"href":"https:\/\/www.visit-ulcinj.com\/blog\/wp-json\/wp\/v2\/categories?post=68287"},{"taxonomy":"post_tag","embeddable":true,"href":"https:\/\/www.visit-ulcinj.com\/blog\/wp-json\/wp\/v2\/tags?post=68287"}],"curies":[{"name":"wp","href":"https:\/\/api.w.org\/{rel}","templated":true}]}}