{"id":68293,"date":"2013-02-03T20:23:51","date_gmt":"2013-02-03T19:23:51","guid":{"rendered":"http:\/\/www.visit-ulcinj.com\/blog\/?p=68293"},"modified":"2013-02-09T00:41:50","modified_gmt":"2013-02-08T23:41:50","slug":"leshohet-ne-perdorim-ura-e-re-e-port-milenes-video","status":"publish","type":"post","link":"https:\/\/www.visit-ulcinj.com\/blog\/2013\/02\/03\/leshohet-ne-perdorim-ura-e-re-e-port-milenes-video\/","title":{"rendered":"L\u00ebshohet s\u00eb shpejti n\u00eb p\u00ebrdorim ura e re e Port Milen\u00ebs &#8211; Video"},"content":{"rendered":"<p><strong>Drejtori i \u00a0Drejtoris\u00eb s\u00eb Komunikacionit, Veselin Grboviq ka b\u00eb t\u00eb ditur p\u00ebr \u201cPortalin Analitika\u201dduke premtuar gjat\u00eb vizit\u00ebs s\u00eb tij\u00eb n\u00eb Ulqin se do t\u00eb p\u00ebrfundoj\u00eb nd\u00ebrtimi i Ur\u00ebs s\u00eb Port Milen\u00ebs deri n\u00eb fund t\u00eb muajit Mars.<\/strong><br \/>\n<a href=\"http:\/\/www.visit-ulcinj.com\/blog\/wp-content\/uploads\/2013\/02\/Ura-e-port-Milenes-Ulqin.jpg\"><img loading=\"lazy\" class=\"alignleft  wp-image-68294\" alt=\"Ura e port Milenes Ulqin\" src=\"http:\/\/www.visit-ulcinj.com\/blog\/wp-content\/uploads\/2013\/02\/Ura-e-port-Milenes-Ulqin.jpg\" width=\"508\" height=\"360\" \/><\/a><\/p>\n<p>Nj\u00eb pjes\u00eb e parave jan\u00eb siguruar nga Qeveria e Malit t\u00eb Zi, kurse pjesa tjet\u00ebr p\u00ebrmes kredis\u00eb nga Banka Evropiane p\u00ebr Investime.<br \/>\nN\u00eb baz\u00eb t\u00eb projektit, Ura e Port Milen\u00ebs parashikohet t\u00eb jet\u00eb e gjat\u00eb 600 metra, nga t\u00eb cilat 330 metra \u00ebsht\u00eb vet\u00ebm ura, si dhe 50 metra pjesa e hapur e ur\u00ebs q\u00eb lejon kalimin e mjeteve lundruese.<br \/>\n<a href=\"http:\/\/www.visit-ulcinj.com\/blog\/wp-content\/uploads\/2013\/02\/veselin-grbovic.jpg\"><img loading=\"lazy\" class=\"alignleft  wp-image-68295\" alt=\"veselin grbovic\" src=\"http:\/\/www.visit-ulcinj.com\/blog\/wp-content\/uploads\/2013\/02\/veselin-grbovic.jpg\" width=\"508\" height=\"300\" \/><\/a><br \/>\nVeselin Grboviqi ka shpjeguar se nd\u00ebrtimi i Ur\u00ebs s\u00eb Port Milen\u00ebs ka hyr\u00eb nd\u00ebr kat\u00ebr projektet kapitale me prioritet t\u00eb Qeveris\u00eb s\u00eb Malit t\u00eb Zi.<br \/>\nAi ka th\u00ebn\u00eb se e g\u00ebzon fakti q\u00eb me nd\u00ebrtimin e Ur\u00ebs do t\u00eb valorizohet kjo zon\u00eb dhe se Port Milena edhe pas nd\u00ebrtimit t\u00eb ur\u00ebs do t\u00eb jet\u00eb e lundrueshme.<br \/>\nProjekti p\u00ebr nd\u00ebrtimin e Ur\u00ebs s\u00eb Port Milen\u00ebs \u00ebsht\u00eb punuar nga Sht\u00ebpia Projektuese DB \u201cInxhinjering\u201d nga Beogradi.<\/p>\n<p>Ai ka theksuar se ura do t\u00eb jet\u00eb e p\u00ebrb\u00ebr\u00eb nga dy pjes\u00eb, do t\u00eb ket\u00eb kat\u00ebr korsi p\u00ebr makina, nga dy n\u00eb secilin drejtim me gjer\u00ebsi nga 3.5 metra, si dhe trotuare p\u00ebr k\u00ebmb\u00ebsor\u00eb n\u00eb t\u00eb dy an\u00ebt me gjer\u00ebsi nga dy metra.<br \/>\nSipas tij, p\u00ebrkund\u00ebr faktit se ura e re do t\u00eb jet\u00eb e hapur, problem p\u00ebr lundrim paraqet ekzistenca e ur\u00ebs s\u00eb vjet\u00ebr si dhe fakti se thell\u00ebsia e Port Milen\u00ebs \u00ebsht\u00eb vet\u00ebm 1.20-1.30 metra, e q\u00eb sipas tij p\u00ebr t\u00eb qen\u00eb i lundruesh\u00ebm duhet q\u00eb kanali t\u00eb thellohet.<br \/>\nHartimi i projektit t\u00eb Ur\u00ebs s\u00eb Port Milen\u00ebs \u00ebsht\u00eb financuar nga Drejtoria e Komunikacionit, nd\u00ebrsa nd\u00ebrtimi i saj u financua nga Qeveria e Malit t\u00eb Zi.<br \/>\n<a href=\"http:\/\/www.visit-ulcinj.com\/blog\/wp-content\/uploads\/2013\/02\/Most-Port-Milena-Ulcinj.1.jpg\"><img loading=\"lazy\" class=\"alignleft  wp-image-68289\" alt=\"Most Port Milena Ulcinj.1\" src=\"http:\/\/www.visit-ulcinj.com\/blog\/wp-content\/uploads\/2013\/02\/Most-Port-Milena-Ulcinj.1.jpg\" width=\"508\" height=\"300\" \/><\/a><\/p>\n<p>Ndertimi i ures se Port Milenes do te lidhe bulevardin \u201cTeuta\u201d\u00a0me rrugen qe te con ne Ade dhe do te ndikoje ne lehtesimin e\u00a0qarkullimit rrugor ne kete aks, sidomos gjate sezonit veror. Kjo\u00a0ure njekohesisht do te ndikoje ne valorizimin e Plazhit te Madh.\u00a0Ura eshte projektuar nga firma DB \u201cInzhenjering\u201d nga\u00a0Beogradi. Gjatesia e pergjithshme e ures do te jete 20.30 metra.\u00a0Ura do te kete kater korsi, nga dy ne te dy kahjet, me gjeresi prej\u00a03.25 metra, pjesen ndarese prej dy metrash dhe trotuaret ne te\u00a0dy anet me gjeresi prej 2.65 metrash. Me qellim te kalimit te\u00a0mjeteve lundruese te larta, ura eshte parashikuar te kete\u00a0mekanizmin levizes ne gjeresi prej 50 metrash.\u00a0Ne tenderin per ndertimin e ures se Port Milenes kane marre\u00a0pjese shtate kompani.<\/p>\n<p><strong>Video Portal Analitika<\/strong><\/p>\n<p>[flv]http:\/\/www.infobiro.info\/files\/webvideo02cg\/Ulcinj%20Direktor%20Direkcije%20za%20saobracaj%20Veselin%20Grbovic%20o%20izgradnji%20mosta%20preko%20Port%20Milene.flv[\/flv]<\/p>\n<p>2.[flv]http:\/\/www.infobiro.info\/files\/webvideo02cg\/Ulcinj%20Obilazak%20radova%20na%20mostu%20preko%20kanala%20Port%20Milena%20KADROVI.flv[\/flv]<\/p>\n","protected":false},"excerpt":{"rendered":"<p>Drejtori i \u00a0Drejtoris\u00eb s\u00eb Komunikacionit, Veselin Grboviq ka b\u00eb t\u00eb ditur p\u00ebr \u201cPortalin Analitika\u201dduke premtuar gjat\u00eb vizit\u00ebs s\u00eb tij\u00eb n\u00eb Ulqin se do t\u00eb p\u00ebrfundoj\u00eb nd\u00ebrtimi i Ur\u00ebs s\u00eb Port Milen\u00ebs deri n\u00eb fund t\u00eb muajit Mars. Nj\u00eb pjes\u00eb e parave jan\u00eb siguruar nga Qeveria e Malit t\u00eb Zi, kurse pjesa tjet\u00ebr p\u00ebrmes kredis\u00eb nga [&hellip;]<\/p>\n","protected":false},"author":1,"featured_media":0,"comment_status":"open","ping_status":"closed","sticky":false,"template":"","format":"standard","meta":{"spay_email":"","jetpack_publicize_message":"","jetpack_is_tweetstorm":false,"jetpack_publicize_feature_enabled":true},"categories":[14249],"tags":[200,18,2210],"jetpack_publicize_connections":[],"yoast_head":"<!-- This site is optimized with the Yoast SEO plugin v19.1 - https:\/\/yoast.com\/wordpress\/plugins\/seo\/ -->\n<title>L\u00ebshohet s\u00eb shpejti n\u00eb p\u00ebrdorim ura e re e Port Milen\u00ebs - Video - Lajme nga Ulqini<\/title>\n<meta name=\"description\" content=\"Drejtori i \u00a0Drejtoris\u00eb s\u00eb Komunikacionit, Veselin Grboviq ka b\u00eb t\u00eb ditur p\u00ebr \u201cPortalin Analitika\u201dduke premtuar gjat\u00eb vizit\u00ebs s\u00eb tij\u00eb n\u00eb Ulqin se do t\u00eb\" \/>\n<meta name=\"robots\" content=\"index, follow, max-snippet:-1, max-image-preview:large, max-video-preview:-1\" \/>\n<link rel=\"canonical\" href=\"https:\/\/www.visit-ulcinj.com\/blog\/2013\/02\/03\/leshohet-ne-perdorim-ura-e-re-e-port-milenes-video\/\" \/>\n<meta property=\"og:locale\" content=\"en_US\" \/>\n<meta property=\"og:type\" content=\"article\" \/>\n<meta property=\"og:title\" content=\"L\u00ebshohet s\u00eb shpejti n\u00eb p\u00ebrdorim ura e re e Port Milen\u00ebs - Video - Lajme nga Ulqini\" \/>\n<meta property=\"og:description\" content=\"Drejtori i \u00a0Drejtoris\u00eb s\u00eb Komunikacionit, Veselin Grboviq ka b\u00eb t\u00eb ditur p\u00ebr \u201cPortalin Analitika\u201dduke premtuar gjat\u00eb vizit\u00ebs s\u00eb tij\u00eb n\u00eb Ulqin se do t\u00eb\" \/>\n<meta property=\"og:url\" content=\"https:\/\/www.visit-ulcinj.com\/blog\/2013\/02\/03\/leshohet-ne-perdorim-ura-e-re-e-port-milenes-video\/\" \/>\n<meta property=\"og:site_name\" content=\"Lajme nga Ulqini\" \/>\n<meta property=\"article:published_time\" content=\"2013-02-03T19:23:51+00:00\" \/>\n<meta property=\"article:modified_time\" content=\"2013-02-08T23:41:50+00:00\" \/>\n<meta property=\"og:image\" content=\"http:\/\/www.visit-ulcinj.com\/blog\/wp-content\/uploads\/2013\/02\/Ura-e-port-Milenes-Ulqin.jpg\" \/>\n<meta name=\"twitter:label1\" content=\"Written by\" \/>\n\t<meta name=\"twitter:data1\" content=\"ulqini\" \/>\n\t<meta name=\"twitter:label2\" content=\"Est. reading time\" \/>\n\t<meta name=\"twitter:data2\" content=\"3 minutes\" \/>\n<script type=\"application\/ld+json\" class=\"yoast-schema-graph\">{\"@context\":\"https:\/\/schema.org\",\"@graph\":[{\"@type\":\"WebSite\",\"@id\":\"https:\/\/www.visit-ulcinj.com\/blog\/#website\",\"url\":\"https:\/\/www.visit-ulcinj.com\/blog\/\",\"name\":\"Lajme nga Ulqini\",\"description\":\"Lajme,Vijesti,Ulqini,Ulqin,Crna Gora,Mali i Zi\",\"potentialAction\":[{\"@type\":\"SearchAction\",\"target\":{\"@type\":\"EntryPoint\",\"urlTemplate\":\"https:\/\/www.visit-ulcinj.com\/blog\/?s={search_term_string}\"},\"query-input\":\"required name=search_term_string\"}],\"inLanguage\":\"en-US\"},{\"@type\":\"ImageObject\",\"inLanguage\":\"en-US\",\"@id\":\"https:\/\/www.visit-ulcinj.com\/blog\/2013\/02\/03\/leshohet-ne-perdorim-ura-e-re-e-port-milenes-video\/#primaryimage\",\"url\":\"https:\/\/www.visit-ulcinj.com\/blog\/wp-content\/uploads\/2013\/02\/Ura-e-port-Milenes-Ulqin.jpg\",\"contentUrl\":\"https:\/\/www.visit-ulcinj.com\/blog\/wp-content\/uploads\/2013\/02\/Ura-e-port-Milenes-Ulqin.jpg\",\"width\":960,\"height\":722},{\"@type\":\"WebPage\",\"@id\":\"https:\/\/www.visit-ulcinj.com\/blog\/2013\/02\/03\/leshohet-ne-perdorim-ura-e-re-e-port-milenes-video\/#webpage\",\"url\":\"https:\/\/www.visit-ulcinj.com\/blog\/2013\/02\/03\/leshohet-ne-perdorim-ura-e-re-e-port-milenes-video\/\",\"name\":\"L\u00ebshohet s\u00eb shpejti n\u00eb p\u00ebrdorim ura e re e Port Milen\u00ebs - Video - Lajme nga Ulqini\",\"isPartOf\":{\"@id\":\"https:\/\/www.visit-ulcinj.com\/blog\/#website\"},\"primaryImageOfPage\":{\"@id\":\"https:\/\/www.visit-ulcinj.com\/blog\/2013\/02\/03\/leshohet-ne-perdorim-ura-e-re-e-port-milenes-video\/#primaryimage\"},\"datePublished\":\"2013-02-03T19:23:51+00:00\",\"dateModified\":\"2013-02-08T23:41:50+00:00\",\"author\":{\"@id\":\"https:\/\/www.visit-ulcinj.com\/blog\/#\/schema\/person\/dcab619c614d3038751c63bc2aadc06d\"},\"description\":\"Drejtori i \u00a0Drejtoris\u00eb s\u00eb Komunikacionit, Veselin Grboviq ka b\u00eb t\u00eb ditur p\u00ebr \u201cPortalin Analitika\u201dduke premtuar gjat\u00eb vizit\u00ebs s\u00eb tij\u00eb n\u00eb Ulqin se do t\u00eb\",\"breadcrumb\":{\"@id\":\"https:\/\/www.visit-ulcinj.com\/blog\/2013\/02\/03\/leshohet-ne-perdorim-ura-e-re-e-port-milenes-video\/#breadcrumb\"},\"inLanguage\":\"en-US\",\"potentialAction\":[{\"@type\":\"ReadAction\",\"target\":[\"https:\/\/www.visit-ulcinj.com\/blog\/2013\/02\/03\/leshohet-ne-perdorim-ura-e-re-e-port-milenes-video\/\"]}]},{\"@type\":\"BreadcrumbList\",\"@id\":\"https:\/\/www.visit-ulcinj.com\/blog\/2013\/02\/03\/leshohet-ne-perdorim-ura-e-re-e-port-milenes-video\/#breadcrumb\",\"itemListElement\":[{\"@type\":\"ListItem\",\"position\":1,\"name\":\"L\u00ebshohet s\u00eb shpejti n\u00eb p\u00ebrdorim ura e re e Port Milen\u00ebs &#8211; Video\"}]},{\"@type\":\"Person\",\"@id\":\"https:\/\/www.visit-ulcinj.com\/blog\/#\/schema\/person\/dcab619c614d3038751c63bc2aadc06d\",\"name\":\"ulqini\",\"sameAs\":[\"http:\/\/www.visit-ulcinj.com\"],\"url\":\"https:\/\/www.visit-ulcinj.com\/blog\/author\/admin\/\"}]}<\/script>\n<!-- \/ Yoast SEO plugin. -->","yoast_head_json":{"title":"L\u00ebshohet s\u00eb shpejti n\u00eb p\u00ebrdorim ura e re e Port Milen\u00ebs - Video - Lajme nga Ulqini","description":"Drejtori i \u00a0Drejtoris\u00eb s\u00eb Komunikacionit, Veselin Grboviq ka b\u00eb t\u00eb ditur p\u00ebr \u201cPortalin Analitika\u201dduke premtuar gjat\u00eb vizit\u00ebs s\u00eb tij\u00eb n\u00eb Ulqin se do t\u00eb","robots":{"index":"index","follow":"follow","max-snippet":"max-snippet:-1","max-image-preview":"max-image-preview:large","max-video-preview":"max-video-preview:-1"},"canonical":"https:\/\/www.visit-ulcinj.com\/blog\/2013\/02\/03\/leshohet-ne-perdorim-ura-e-re-e-port-milenes-video\/","og_locale":"en_US","og_type":"article","og_title":"L\u00ebshohet s\u00eb shpejti n\u00eb p\u00ebrdorim ura e re e Port Milen\u00ebs - Video - Lajme nga Ulqini","og_description":"Drejtori i \u00a0Drejtoris\u00eb s\u00eb Komunikacionit, Veselin Grboviq ka b\u00eb t\u00eb ditur p\u00ebr \u201cPortalin Analitika\u201dduke premtuar gjat\u00eb vizit\u00ebs s\u00eb tij\u00eb n\u00eb Ulqin se do t\u00eb","og_url":"https:\/\/www.visit-ulcinj.com\/blog\/2013\/02\/03\/leshohet-ne-perdorim-ura-e-re-e-port-milenes-video\/","og_site_name":"Lajme nga Ulqini","article_published_time":"2013-02-03T19:23:51+00:00","article_modified_time":"2013-02-08T23:41:50+00:00","og_image":[{"url":"http:\/\/www.visit-ulcinj.com\/blog\/wp-content\/uploads\/2013\/02\/Ura-e-port-Milenes-Ulqin.jpg"}],"twitter_misc":{"Written by":"ulqini","Est. reading time":"3 minutes"},"schema":{"@context":"https:\/\/schema.org","@graph":[{"@type":"WebSite","@id":"https:\/\/www.visit-ulcinj.com\/blog\/#website","url":"https:\/\/www.visit-ulcinj.com\/blog\/","name":"Lajme nga Ulqini","description":"Lajme,Vijesti,Ulqini,Ulqin,Crna Gora,Mali i Zi","potentialAction":[{"@type":"SearchAction","target":{"@type":"EntryPoint","urlTemplate":"https:\/\/www.visit-ulcinj.com\/blog\/?s={search_term_string}"},"query-input":"required name=search_term_string"}],"inLanguage":"en-US"},{"@type":"ImageObject","inLanguage":"en-US","@id":"https:\/\/www.visit-ulcinj.com\/blog\/2013\/02\/03\/leshohet-ne-perdorim-ura-e-re-e-port-milenes-video\/#primaryimage","url":"https:\/\/www.visit-ulcinj.com\/blog\/wp-content\/uploads\/2013\/02\/Ura-e-port-Milenes-Ulqin.jpg","contentUrl":"https:\/\/www.visit-ulcinj.com\/blog\/wp-content\/uploads\/2013\/02\/Ura-e-port-Milenes-Ulqin.jpg","width":960,"height":722},{"@type":"WebPage","@id":"https:\/\/www.visit-ulcinj.com\/blog\/2013\/02\/03\/leshohet-ne-perdorim-ura-e-re-e-port-milenes-video\/#webpage","url":"https:\/\/www.visit-ulcinj.com\/blog\/2013\/02\/03\/leshohet-ne-perdorim-ura-e-re-e-port-milenes-video\/","name":"L\u00ebshohet s\u00eb shpejti n\u00eb p\u00ebrdorim ura e re e Port Milen\u00ebs - Video - Lajme nga Ulqini","isPartOf":{"@id":"https:\/\/www.visit-ulcinj.com\/blog\/#website"},"primaryImageOfPage":{"@id":"https:\/\/www.visit-ulcinj.com\/blog\/2013\/02\/03\/leshohet-ne-perdorim-ura-e-re-e-port-milenes-video\/#primaryimage"},"datePublished":"2013-02-03T19:23:51+00:00","dateModified":"2013-02-08T23:41:50+00:00","author":{"@id":"https:\/\/www.visit-ulcinj.com\/blog\/#\/schema\/person\/dcab619c614d3038751c63bc2aadc06d"},"description":"Drejtori i \u00a0Drejtoris\u00eb s\u00eb Komunikacionit, Veselin Grboviq ka b\u00eb t\u00eb ditur p\u00ebr \u201cPortalin Analitika\u201dduke premtuar gjat\u00eb vizit\u00ebs s\u00eb tij\u00eb n\u00eb Ulqin se do t\u00eb","breadcrumb":{"@id":"https:\/\/www.visit-ulcinj.com\/blog\/2013\/02\/03\/leshohet-ne-perdorim-ura-e-re-e-port-milenes-video\/#breadcrumb"},"inLanguage":"en-US","potentialAction":[{"@type":"ReadAction","target":["https:\/\/www.visit-ulcinj.com\/blog\/2013\/02\/03\/leshohet-ne-perdorim-ura-e-re-e-port-milenes-video\/"]}]},{"@type":"BreadcrumbList","@id":"https:\/\/www.visit-ulcinj.com\/blog\/2013\/02\/03\/leshohet-ne-perdorim-ura-e-re-e-port-milenes-video\/#breadcrumb","itemListElement":[{"@type":"ListItem","position":1,"name":"L\u00ebshohet s\u00eb shpejti n\u00eb p\u00ebrdorim ura e re e Port Milen\u00ebs &#8211; Video"}]},{"@type":"Person","@id":"https:\/\/www.visit-ulcinj.com\/blog\/#\/schema\/person\/dcab619c614d3038751c63bc2aadc06d","name":"ulqini","sameAs":["http:\/\/www.visit-ulcinj.com"],"url":"https:\/\/www.visit-ulcinj.com\/blog\/author\/admin\/"}]}},"jetpack_featured_media_url":"","jetpack_sharing_enabled":true,"jetpack_shortlink":"https:\/\/wp.me\/pe6lTn-hLv","_links":{"self":[{"href":"https:\/\/www.visit-ulcinj.com\/blog\/wp-json\/wp\/v2\/posts\/68293"}],"collection":[{"href":"https:\/\/www.visit-ulcinj.com\/blog\/wp-json\/wp\/v2\/posts"}],"about":[{"href":"https:\/\/www.visit-ulcinj.com\/blog\/wp-json\/wp\/v2\/types\/post"}],"author":[{"embeddable":true,"href":"https:\/\/www.visit-ulcinj.com\/blog\/wp-json\/wp\/v2\/users\/1"}],"replies":[{"embeddable":true,"href":"https:\/\/www.visit-ulcinj.com\/blog\/wp-json\/wp\/v2\/comments?post=68293"}],"version-history":[{"count":10,"href":"https:\/\/www.visit-ulcinj.com\/blog\/wp-json\/wp\/v2\/posts\/68293\/revisions"}],"predecessor-version":[{"id":68303,"href":"https:\/\/www.visit-ulcinj.com\/blog\/wp-json\/wp\/v2\/posts\/68293\/revisions\/68303"}],"wp:attachment":[{"href":"https:\/\/www.visit-ulcinj.com\/blog\/wp-json\/wp\/v2\/media?parent=68293"}],"wp:term":[{"taxonomy":"category","embeddable":true,"href":"https:\/\/www.visit-ulcinj.com\/blog\/wp-json\/wp\/v2\/categories?post=68293"},{"taxonomy":"post_tag","embeddable":true,"href":"https:\/\/www.visit-ulcinj.com\/blog\/wp-json\/wp\/v2\/tags?post=68293"}],"curies":[{"name":"wp","href":"https:\/\/api.w.org\/{rel}","templated":true}]}}