{"id":68305,"date":"2013-02-04T06:39:34","date_gmt":"2013-02-04T05:39:34","guid":{"rendered":"http:\/\/www.visit-ulcinj.com\/blog\/?p=68305"},"modified":"2013-02-04T06:42:39","modified_gmt":"2013-02-04T05:42:39","slug":"pdiu-kunder-copetimit-te-komunes-se-plave-dhe-gucise","status":"publish","type":"post","link":"https:\/\/www.visit-ulcinj.com\/blog\/2013\/02\/04\/pdiu-kunder-copetimit-te-komunes-se-plave-dhe-gucise\/","title":{"rendered":"PDIU kund\u00ebr cop\u00ebtimit t\u00eb komun\u00ebs s\u00eb Plav\u00eb  dhe Gucis\u00eb"},"content":{"rendered":"<p style=\"text-align: center;\"><span style=\"color: #000000;\"><strong><a href=\"http:\/\/www.visit-ulcinj.com\/blog\/wp-content\/uploads\/2013\/02\/Plava.jpg\"><img loading=\"lazy\" class=\"alignleft  wp-image-68306\" alt=\"Plava\" src=\"http:\/\/www.visit-ulcinj.com\/blog\/wp-content\/uploads\/2013\/02\/Plava.jpg\" width=\"508\" height=\"360\" \/><\/a>Deklarat\u00eb p\u00ebr media<\/strong><\/span><\/p>\n<p><span style=\"color: #000000;\"><strong><span style=\"font-family: arial,sans-serif;\">Partia Drejt\u00ebsi Integrim dhe Unitet kund\u00ebrshton cop\u00ebtimin e komun\u00ebs s\u00eb Plav\u00eb -Gucis\u00eb n\u00eb Mal t\u00eb Zi<\/span><\/strong><\/span><\/p>\n<p>&nbsp;<\/p>\n<p><span style=\"color: #222222;\"><span style=\"font-family: arial,sans-serif;\"><span>Partia Drejt\u00ebsi Integrim dhe Unitet kund\u00ebrshton v\u00ebnien n\u00eb jet\u00eb t\u00eb vendimit t\u00eb Kuvendit Komunal t\u00eb Plav\u00eb -Gucis\u00eb n\u00eb Mal t\u00eb Zi q\u00eb synon ndarjen e k\u00ebsaj komune dhe krijimin e komun\u00ebs s\u00eb Gucis\u00eb. N\u00ebse zbatohet ky vendim komuniteti i vog\u00ebl shqiptar q\u00eb ka mbijetuar n\u00eb trojet e veta edhe pas emigracionit dhe asimilimit masiv do t\u00eb p\u00ebr\u00e7ahet n\u00eb dy nj\u00ebsi administrative dhe pesha politike e tij do t\u00eb minimizohet dramatikisht. Prandaj PDIU shpreh solidaritetin me organizator\u00ebt dhe pjes\u00ebmarr\u00ebsit e protest\u00ebs popullore t\u00eb dat\u00ebs 1 shkurt t\u00eb cil\u00ebt dol\u00ebn para kuvendit komunal t\u00eb Plav\u00ebs p\u00ebr t\u00eb kund\u00ebrshtuar cop\u00ebtimin e komun\u00ebs Plav\u00eb-Guci.<\/span><\/span><\/span><\/p>\n<p><span style=\"color: #222222;\"><span style=\"font-family: arial,sans-serif;\"><span>PDIU u b\u00ebn thirrje t\u00eb gjith\u00eb aktor\u00ebve politik\u00eb shqiptar\u00eb kudo q\u00eb ndodhen q\u00eb t\u00eb kthejn\u00eb v\u00ebmendjen tek bashkombasit tan\u00eb n\u00eb krahin\u00ebn heroike t\u00eb Plav\u00eb-Gucis\u00eb dhe t\u00eb japin mb\u00ebshtetje t\u00eb pakufizuar q\u00eb ata t\u00eb g\u00ebzojn\u00eb lirit\u00eb dhe t\u00eb drejtat e tyre. PDIU beson se p\u00ebrshpejtimi i hapave p\u00ebr t\u00eb nd\u00ebrtuar nj\u00eb rrug\u00eb t\u00eb re t\u00eb kombit De\u00e7an-Plav\u00eb-Guci-Vermosh-<wbr \/>Shkod\u00ebr do i nxjerr\u00eb shqiptar\u00ebt e k\u00ebsaj krahine nga izolimi nj\u00ebshekullor, do t\u00eb sjell\u00eb zhvillimin ekonomik dhe do i v\u00ebr\u00eb fre vazhdimit t\u00eb braktisjes s\u00eb identitetit komb\u00ebtar shqiptar dhe largimit t\u00eb m\u00ebtejsh\u00ebm prej k\u00ebtyre trojeve t\u00eb trungut ton\u00eb etnik.<\/span><\/span><\/span><\/p>\n<p>&nbsp;<\/p>\n<p><strong>PDIU Zyra e shtypit<\/strong><\/p>\n","protected":false},"excerpt":{"rendered":"<p>Deklarat\u00eb p\u00ebr media Partia Drejt\u00ebsi Integrim dhe Unitet kund\u00ebrshton cop\u00ebtimin e komun\u00ebs s\u00eb Plav\u00eb -Gucis\u00eb n\u00eb Mal t\u00eb Zi &nbsp; Partia Drejt\u00ebsi Integrim dhe Unitet kund\u00ebrshton v\u00ebnien n\u00eb jet\u00eb t\u00eb vendimit t\u00eb Kuvendit Komunal t\u00eb Plav\u00eb -Gucis\u00eb n\u00eb Mal t\u00eb Zi q\u00eb synon ndarjen e k\u00ebsaj komune dhe krijimin e komun\u00ebs s\u00eb Gucis\u00eb. N\u00ebse zbatohet [&hellip;]<\/p>\n","protected":false},"author":1,"featured_media":0,"comment_status":"open","ping_status":"closed","sticky":false,"template":"","format":"standard","meta":{"spay_email":"","jetpack_publicize_message":"","jetpack_is_tweetstorm":false,"jetpack_publicize_feature_enabled":true},"categories":[14],"tags":[7699,95,5314],"jetpack_publicize_connections":[],"yoast_head":"<!-- This site is optimized with the Yoast SEO plugin v19.1 - https:\/\/yoast.com\/wordpress\/plugins\/seo\/ -->\n<title>PDIU kund\u00ebr cop\u00ebtimit t\u00eb komun\u00ebs s\u00eb Plav\u00eb dhe Gucis\u00eb - Lajme nga Ulqini<\/title>\n<meta name=\"description\" content=\"Deklarat\u00eb p\u00ebr media Partia Drejt\u00ebsi Integrim dhe Unitet kund\u00ebrshton cop\u00ebtimin e komun\u00ebs s\u00eb Plav\u00eb -Gucis\u00eb n\u00eb Mal t\u00eb Zi &nbsp; Partia Drejt\u00ebsi Integrim dhe\" \/>\n<meta name=\"robots\" content=\"index, follow, max-snippet:-1, max-image-preview:large, max-video-preview:-1\" \/>\n<link rel=\"canonical\" href=\"https:\/\/www.visit-ulcinj.com\/blog\/2013\/02\/04\/pdiu-kunder-copetimit-te-komunes-se-plave-dhe-gucise\/\" \/>\n<meta property=\"og:locale\" content=\"en_US\" \/>\n<meta property=\"og:type\" content=\"article\" \/>\n<meta property=\"og:title\" content=\"PDIU kund\u00ebr cop\u00ebtimit t\u00eb komun\u00ebs s\u00eb Plav\u00eb dhe Gucis\u00eb - Lajme nga Ulqini\" \/>\n<meta property=\"og:description\" content=\"Deklarat\u00eb p\u00ebr media Partia Drejt\u00ebsi Integrim dhe Unitet kund\u00ebrshton cop\u00ebtimin e komun\u00ebs s\u00eb Plav\u00eb -Gucis\u00eb n\u00eb Mal t\u00eb Zi &nbsp; Partia Drejt\u00ebsi Integrim dhe\" \/>\n<meta property=\"og:url\" content=\"https:\/\/www.visit-ulcinj.com\/blog\/2013\/02\/04\/pdiu-kunder-copetimit-te-komunes-se-plave-dhe-gucise\/\" \/>\n<meta property=\"og:site_name\" content=\"Lajme nga Ulqini\" \/>\n<meta property=\"article:published_time\" content=\"2013-02-04T05:39:34+00:00\" \/>\n<meta property=\"article:modified_time\" content=\"2013-02-04T05:42:39+00:00\" \/>\n<meta property=\"og:image\" content=\"http:\/\/www.visit-ulcinj.com\/blog\/wp-content\/uploads\/2013\/02\/Plava.jpg\" \/>\n<meta name=\"twitter:label1\" content=\"Written by\" \/>\n\t<meta name=\"twitter:data1\" content=\"ulqini\" \/>\n\t<meta name=\"twitter:label2\" content=\"Est. reading time\" \/>\n\t<meta name=\"twitter:data2\" content=\"1 minute\" \/>\n<script type=\"application\/ld+json\" class=\"yoast-schema-graph\">{\"@context\":\"https:\/\/schema.org\",\"@graph\":[{\"@type\":\"WebSite\",\"@id\":\"https:\/\/www.visit-ulcinj.com\/blog\/#website\",\"url\":\"https:\/\/www.visit-ulcinj.com\/blog\/\",\"name\":\"Lajme nga Ulqini\",\"description\":\"Lajme,Vijesti,Ulqini,Ulqin,Crna Gora,Mali i Zi\",\"potentialAction\":[{\"@type\":\"SearchAction\",\"target\":{\"@type\":\"EntryPoint\",\"urlTemplate\":\"https:\/\/www.visit-ulcinj.com\/blog\/?s={search_term_string}\"},\"query-input\":\"required name=search_term_string\"}],\"inLanguage\":\"en-US\"},{\"@type\":\"ImageObject\",\"inLanguage\":\"en-US\",\"@id\":\"https:\/\/www.visit-ulcinj.com\/blog\/2013\/02\/04\/pdiu-kunder-copetimit-te-komunes-se-plave-dhe-gucise\/#primaryimage\",\"url\":\"http:\/\/www.visit-ulcinj.com\/blog\/wp-content\/uploads\/2013\/02\/Plava.jpg\",\"contentUrl\":\"http:\/\/www.visit-ulcinj.com\/blog\/wp-content\/uploads\/2013\/02\/Plava.jpg\"},{\"@type\":\"WebPage\",\"@id\":\"https:\/\/www.visit-ulcinj.com\/blog\/2013\/02\/04\/pdiu-kunder-copetimit-te-komunes-se-plave-dhe-gucise\/#webpage\",\"url\":\"https:\/\/www.visit-ulcinj.com\/blog\/2013\/02\/04\/pdiu-kunder-copetimit-te-komunes-se-plave-dhe-gucise\/\",\"name\":\"PDIU kund\u00ebr cop\u00ebtimit t\u00eb komun\u00ebs s\u00eb Plav\u00eb dhe Gucis\u00eb - Lajme nga Ulqini\",\"isPartOf\":{\"@id\":\"https:\/\/www.visit-ulcinj.com\/blog\/#website\"},\"primaryImageOfPage\":{\"@id\":\"https:\/\/www.visit-ulcinj.com\/blog\/2013\/02\/04\/pdiu-kunder-copetimit-te-komunes-se-plave-dhe-gucise\/#primaryimage\"},\"datePublished\":\"2013-02-04T05:39:34+00:00\",\"dateModified\":\"2013-02-04T05:42:39+00:00\",\"author\":{\"@id\":\"https:\/\/www.visit-ulcinj.com\/blog\/#\/schema\/person\/dcab619c614d3038751c63bc2aadc06d\"},\"description\":\"Deklarat\u00eb p\u00ebr media Partia Drejt\u00ebsi Integrim dhe Unitet kund\u00ebrshton cop\u00ebtimin e komun\u00ebs s\u00eb Plav\u00eb -Gucis\u00eb n\u00eb Mal t\u00eb Zi &nbsp; Partia Drejt\u00ebsi Integrim dhe\",\"breadcrumb\":{\"@id\":\"https:\/\/www.visit-ulcinj.com\/blog\/2013\/02\/04\/pdiu-kunder-copetimit-te-komunes-se-plave-dhe-gucise\/#breadcrumb\"},\"inLanguage\":\"en-US\",\"potentialAction\":[{\"@type\":\"ReadAction\",\"target\":[\"https:\/\/www.visit-ulcinj.com\/blog\/2013\/02\/04\/pdiu-kunder-copetimit-te-komunes-se-plave-dhe-gucise\/\"]}]},{\"@type\":\"BreadcrumbList\",\"@id\":\"https:\/\/www.visit-ulcinj.com\/blog\/2013\/02\/04\/pdiu-kunder-copetimit-te-komunes-se-plave-dhe-gucise\/#breadcrumb\",\"itemListElement\":[{\"@type\":\"ListItem\",\"position\":1,\"name\":\"PDIU kund\u00ebr cop\u00ebtimit t\u00eb komun\u00ebs s\u00eb Plav\u00eb dhe Gucis\u00eb\"}]},{\"@type\":\"Person\",\"@id\":\"https:\/\/www.visit-ulcinj.com\/blog\/#\/schema\/person\/dcab619c614d3038751c63bc2aadc06d\",\"name\":\"ulqini\",\"sameAs\":[\"http:\/\/www.visit-ulcinj.com\"],\"url\":\"https:\/\/www.visit-ulcinj.com\/blog\/author\/admin\/\"}]}<\/script>\n<!-- \/ Yoast SEO plugin. -->","yoast_head_json":{"title":"PDIU kund\u00ebr cop\u00ebtimit t\u00eb komun\u00ebs s\u00eb Plav\u00eb dhe Gucis\u00eb - Lajme nga Ulqini","description":"Deklarat\u00eb p\u00ebr media Partia Drejt\u00ebsi Integrim dhe Unitet kund\u00ebrshton cop\u00ebtimin e komun\u00ebs s\u00eb Plav\u00eb -Gucis\u00eb n\u00eb Mal t\u00eb Zi &nbsp; Partia Drejt\u00ebsi Integrim dhe","robots":{"index":"index","follow":"follow","max-snippet":"max-snippet:-1","max-image-preview":"max-image-preview:large","max-video-preview":"max-video-preview:-1"},"canonical":"https:\/\/www.visit-ulcinj.com\/blog\/2013\/02\/04\/pdiu-kunder-copetimit-te-komunes-se-plave-dhe-gucise\/","og_locale":"en_US","og_type":"article","og_title":"PDIU kund\u00ebr cop\u00ebtimit t\u00eb komun\u00ebs s\u00eb Plav\u00eb dhe Gucis\u00eb - Lajme nga Ulqini","og_description":"Deklarat\u00eb p\u00ebr media Partia Drejt\u00ebsi Integrim dhe Unitet kund\u00ebrshton cop\u00ebtimin e komun\u00ebs s\u00eb Plav\u00eb -Gucis\u00eb n\u00eb Mal t\u00eb Zi &nbsp; Partia Drejt\u00ebsi Integrim dhe","og_url":"https:\/\/www.visit-ulcinj.com\/blog\/2013\/02\/04\/pdiu-kunder-copetimit-te-komunes-se-plave-dhe-gucise\/","og_site_name":"Lajme nga Ulqini","article_published_time":"2013-02-04T05:39:34+00:00","article_modified_time":"2013-02-04T05:42:39+00:00","og_image":[{"url":"http:\/\/www.visit-ulcinj.com\/blog\/wp-content\/uploads\/2013\/02\/Plava.jpg"}],"twitter_misc":{"Written by":"ulqini","Est. reading time":"1 minute"},"schema":{"@context":"https:\/\/schema.org","@graph":[{"@type":"WebSite","@id":"https:\/\/www.visit-ulcinj.com\/blog\/#website","url":"https:\/\/www.visit-ulcinj.com\/blog\/","name":"Lajme nga Ulqini","description":"Lajme,Vijesti,Ulqini,Ulqin,Crna Gora,Mali i Zi","potentialAction":[{"@type":"SearchAction","target":{"@type":"EntryPoint","urlTemplate":"https:\/\/www.visit-ulcinj.com\/blog\/?s={search_term_string}"},"query-input":"required name=search_term_string"}],"inLanguage":"en-US"},{"@type":"ImageObject","inLanguage":"en-US","@id":"https:\/\/www.visit-ulcinj.com\/blog\/2013\/02\/04\/pdiu-kunder-copetimit-te-komunes-se-plave-dhe-gucise\/#primaryimage","url":"http:\/\/www.visit-ulcinj.com\/blog\/wp-content\/uploads\/2013\/02\/Plava.jpg","contentUrl":"http:\/\/www.visit-ulcinj.com\/blog\/wp-content\/uploads\/2013\/02\/Plava.jpg"},{"@type":"WebPage","@id":"https:\/\/www.visit-ulcinj.com\/blog\/2013\/02\/04\/pdiu-kunder-copetimit-te-komunes-se-plave-dhe-gucise\/#webpage","url":"https:\/\/www.visit-ulcinj.com\/blog\/2013\/02\/04\/pdiu-kunder-copetimit-te-komunes-se-plave-dhe-gucise\/","name":"PDIU kund\u00ebr cop\u00ebtimit t\u00eb komun\u00ebs s\u00eb Plav\u00eb dhe Gucis\u00eb - Lajme nga Ulqini","isPartOf":{"@id":"https:\/\/www.visit-ulcinj.com\/blog\/#website"},"primaryImageOfPage":{"@id":"https:\/\/www.visit-ulcinj.com\/blog\/2013\/02\/04\/pdiu-kunder-copetimit-te-komunes-se-plave-dhe-gucise\/#primaryimage"},"datePublished":"2013-02-04T05:39:34+00:00","dateModified":"2013-02-04T05:42:39+00:00","author":{"@id":"https:\/\/www.visit-ulcinj.com\/blog\/#\/schema\/person\/dcab619c614d3038751c63bc2aadc06d"},"description":"Deklarat\u00eb p\u00ebr media Partia Drejt\u00ebsi Integrim dhe Unitet kund\u00ebrshton cop\u00ebtimin e komun\u00ebs s\u00eb Plav\u00eb -Gucis\u00eb n\u00eb Mal t\u00eb Zi &nbsp; Partia Drejt\u00ebsi Integrim dhe","breadcrumb":{"@id":"https:\/\/www.visit-ulcinj.com\/blog\/2013\/02\/04\/pdiu-kunder-copetimit-te-komunes-se-plave-dhe-gucise\/#breadcrumb"},"inLanguage":"en-US","potentialAction":[{"@type":"ReadAction","target":["https:\/\/www.visit-ulcinj.com\/blog\/2013\/02\/04\/pdiu-kunder-copetimit-te-komunes-se-plave-dhe-gucise\/"]}]},{"@type":"BreadcrumbList","@id":"https:\/\/www.visit-ulcinj.com\/blog\/2013\/02\/04\/pdiu-kunder-copetimit-te-komunes-se-plave-dhe-gucise\/#breadcrumb","itemListElement":[{"@type":"ListItem","position":1,"name":"PDIU kund\u00ebr cop\u00ebtimit t\u00eb komun\u00ebs s\u00eb Plav\u00eb dhe Gucis\u00eb"}]},{"@type":"Person","@id":"https:\/\/www.visit-ulcinj.com\/blog\/#\/schema\/person\/dcab619c614d3038751c63bc2aadc06d","name":"ulqini","sameAs":["http:\/\/www.visit-ulcinj.com"],"url":"https:\/\/www.visit-ulcinj.com\/blog\/author\/admin\/"}]}},"jetpack_featured_media_url":"","jetpack_sharing_enabled":true,"jetpack_shortlink":"https:\/\/wp.me\/pe6lTn-hLH","_links":{"self":[{"href":"https:\/\/www.visit-ulcinj.com\/blog\/wp-json\/wp\/v2\/posts\/68305"}],"collection":[{"href":"https:\/\/www.visit-ulcinj.com\/blog\/wp-json\/wp\/v2\/posts"}],"about":[{"href":"https:\/\/www.visit-ulcinj.com\/blog\/wp-json\/wp\/v2\/types\/post"}],"author":[{"embeddable":true,"href":"https:\/\/www.visit-ulcinj.com\/blog\/wp-json\/wp\/v2\/users\/1"}],"replies":[{"embeddable":true,"href":"https:\/\/www.visit-ulcinj.com\/blog\/wp-json\/wp\/v2\/comments?post=68305"}],"version-history":[{"count":3,"href":"https:\/\/www.visit-ulcinj.com\/blog\/wp-json\/wp\/v2\/posts\/68305\/revisions"}],"predecessor-version":[{"id":68309,"href":"https:\/\/www.visit-ulcinj.com\/blog\/wp-json\/wp\/v2\/posts\/68305\/revisions\/68309"}],"wp:attachment":[{"href":"https:\/\/www.visit-ulcinj.com\/blog\/wp-json\/wp\/v2\/media?parent=68305"}],"wp:term":[{"taxonomy":"category","embeddable":true,"href":"https:\/\/www.visit-ulcinj.com\/blog\/wp-json\/wp\/v2\/categories?post=68305"},{"taxonomy":"post_tag","embeddable":true,"href":"https:\/\/www.visit-ulcinj.com\/blog\/wp-json\/wp\/v2\/tags?post=68305"}],"curies":[{"name":"wp","href":"https:\/\/api.w.org\/{rel}","templated":true}]}}