{"id":68310,"date":"2013-02-04T07:12:56","date_gmt":"2013-02-04T06:12:56","guid":{"rendered":"http:\/\/www.visit-ulcinj.com\/blog\/?p=68310"},"modified":"2013-02-04T07:19:25","modified_gmt":"2013-02-04T06:19:25","slug":"tuna-rremben-ish-te-dashurin-e-dafina-zeqirit","status":"publish","type":"post","link":"https:\/\/www.visit-ulcinj.com\/blog\/2013\/02\/04\/tuna-rremben-ish-te-dashurin-e-dafina-zeqirit\/","title":{"rendered":"Tuna rr\u00ebmben ish t\u00eb dashurin e Dafina Zeqirit"},"content":{"rendered":"<p><a href=\"http:\/\/www.visit-ulcinj.com\/blog\/wp-content\/uploads\/2013\/02\/Tuna_KrenarCocaj.jpg\"><img loading=\"lazy\" class=\"alignleft  wp-image-68311\" alt=\"Tuna_KrenarCocaj\" src=\"http:\/\/www.visit-ulcinj.com\/blog\/wp-content\/uploads\/2013\/02\/Tuna_KrenarCocaj.jpg\" width=\"508\" height=\"360\" \/><\/a>N\u00eb nj\u00eb fotografi t\u00eb publikuar nga nj\u00eb mik i saj, shihet k\u00ebng\u00ebtarja Tuna n\u00ebn shoq\u00ebri t\u00eb ish t\u00eb dashurit t\u00eb Dafina Zeqirit, e cili \u00ebsht\u00eb Krenar \u00c7o\u00e7aj.<\/p>\n<p>T\u00eb tre, shihen duke u arg\u00ebtuar n\u00eb nj\u00eb klub nate nd\u00ebrkaq, nuk \u00ebsht\u00eb e qart\u00eb p\u00ebrse Krenari ndodhet n\u00eb mesin e Tun\u00ebs.<\/p>\n<p>Tuna, njihet si nj\u00eb fem\u00ebr mjaft\u00eb kontraverse e cila parap\u00eblqen t\u00eb terheq v\u00ebmendje n\u00eb m\u00ebnyra t\u00eb ndryshme. Pak dit\u00eb n\u00eb par\u00eb, ajo thumboi reper\u00ebt kosovar\u00eb duke i akuzuar se po huazojn\u00eb kolona zanore nga filma turqisht gj\u00eb q\u00eb u duk t\u00eb ishte e drejtuar m\u00eb shum\u00eb nga k\u00ebnga e re, \u2018Ngoje zemr\u00ebn tem\u2019 e grupit \u2018Kaos\u2019.<\/p>\n<p>N\u00eb k\u00ebt\u00eb rast, ajo nuk mbeti pa kund\u00ebrp\u00ebrgjigjje.<\/p>\n<p>\u201dAta q\u00eb i kan\u00eb b\u00ebr\u00eb \u201csoundtrack\u201d-at turqisht, t\u2019i kan\u00eb b\u00ebr\u00eb hitet m\u00eb t\u00eb m\u00ebdhaja n\u00eb karrier\u00eb. Prap\u00eb se prap\u00eb, m\u00eb mir\u00eb se me rreh ****\u2026\u201d, ishte reagimi Lumit t\u00eb \u2018Kaos\u2019 q\u00eb u duk si kund\u00ebrp\u00ebrgjigjje ndaj k\u00ebtyre fjal\u00ebve t\u00eb Tun\u00ebs.<\/p>\n<p>Telegrafi<\/p>\n<p><iframe loading=\"lazy\" width=\"508\" height=\"360\" src=\"http:\/\/www.youtube.com\/embed\/d5xZK6lGy1M?rel=0\" frameborder=\"0\" allowfullscreen><\/iframe><\/p>\n","protected":false},"excerpt":{"rendered":"<p>N\u00eb nj\u00eb fotografi t\u00eb publikuar nga nj\u00eb mik i saj, shihet k\u00ebng\u00ebtarja Tuna n\u00ebn shoq\u00ebri t\u00eb ish t\u00eb dashurit t\u00eb Dafina Zeqirit, e cili \u00ebsht\u00eb Krenar \u00c7o\u00e7aj. T\u00eb tre, shihen duke u arg\u00ebtuar n\u00eb nj\u00eb klub nate nd\u00ebrkaq, nuk \u00ebsht\u00eb e qart\u00eb p\u00ebrse Krenari ndodhet n\u00eb mesin e Tun\u00ebs. Tuna, njihet si nj\u00eb fem\u00ebr mjaft\u00eb [&hellip;]<\/p>\n","protected":false},"author":1,"featured_media":0,"comment_status":"open","ping_status":"closed","sticky":false,"template":"","format":"standard","meta":{"spay_email":"","jetpack_publicize_message":"","jetpack_is_tweetstorm":false,"jetpack_publicize_feature_enabled":true},"categories":[1],"tags":[4972,12963,19677,4926,19806,16036,12655,19514,19511,19513,6693,4684],"jetpack_publicize_connections":[],"yoast_head":"<!-- This site is optimized with the Yoast SEO plugin v19.1 - https:\/\/yoast.com\/wordpress\/plugins\/seo\/ -->\n<title>Tuna rr\u00ebmben ish t\u00eb dashurin e Dafina Zeqirit - Lajme nga Ulqini<\/title>\n<meta name=\"description\" content=\"N\u00eb nj\u00eb fotografi t\u00eb publikuar nga nj\u00eb mik i saj, shihet k\u00ebng\u00ebtarja Tuna n\u00ebn shoq\u00ebri t\u00eb ish t\u00eb dashurit t\u00eb Dafina Zeqirit, e cili \u00ebsht\u00eb Krenar \u00c7o\u00e7aj. T\u00eb\" \/>\n<meta name=\"robots\" content=\"index, follow, max-snippet:-1, max-image-preview:large, max-video-preview:-1\" \/>\n<link rel=\"canonical\" href=\"https:\/\/www.visit-ulcinj.com\/blog\/2013\/02\/04\/tuna-rremben-ish-te-dashurin-e-dafina-zeqirit\/\" \/>\n<meta property=\"og:locale\" content=\"en_US\" \/>\n<meta property=\"og:type\" content=\"article\" \/>\n<meta property=\"og:title\" content=\"Tuna rr\u00ebmben ish t\u00eb dashurin e Dafina Zeqirit - Lajme nga Ulqini\" \/>\n<meta property=\"og:description\" content=\"N\u00eb nj\u00eb fotografi t\u00eb publikuar nga nj\u00eb mik i saj, shihet k\u00ebng\u00ebtarja Tuna n\u00ebn shoq\u00ebri t\u00eb ish t\u00eb dashurit t\u00eb Dafina Zeqirit, e cili \u00ebsht\u00eb Krenar \u00c7o\u00e7aj. T\u00eb\" \/>\n<meta property=\"og:url\" content=\"https:\/\/www.visit-ulcinj.com\/blog\/2013\/02\/04\/tuna-rremben-ish-te-dashurin-e-dafina-zeqirit\/\" \/>\n<meta property=\"og:site_name\" content=\"Lajme nga Ulqini\" \/>\n<meta property=\"article:published_time\" content=\"2013-02-04T06:12:56+00:00\" \/>\n<meta property=\"article:modified_time\" content=\"2013-02-04T06:19:25+00:00\" \/>\n<meta property=\"og:image\" content=\"http:\/\/www.visit-ulcinj.com\/blog\/wp-content\/uploads\/2013\/02\/Tuna_KrenarCocaj.jpg\" \/>\n<meta name=\"twitter:label1\" content=\"Written by\" \/>\n\t<meta name=\"twitter:data1\" content=\"ulqini\" \/>\n\t<meta name=\"twitter:label2\" content=\"Est. reading time\" \/>\n\t<meta name=\"twitter:data2\" content=\"1 minute\" \/>\n<script type=\"application\/ld+json\" class=\"yoast-schema-graph\">{\"@context\":\"https:\/\/schema.org\",\"@graph\":[{\"@type\":\"WebSite\",\"@id\":\"https:\/\/www.visit-ulcinj.com\/blog\/#website\",\"url\":\"https:\/\/www.visit-ulcinj.com\/blog\/\",\"name\":\"Lajme nga Ulqini\",\"description\":\"Lajme,Vijesti,Ulqini,Ulqin,Crna Gora,Mali i Zi\",\"potentialAction\":[{\"@type\":\"SearchAction\",\"target\":{\"@type\":\"EntryPoint\",\"urlTemplate\":\"https:\/\/www.visit-ulcinj.com\/blog\/?s={search_term_string}\"},\"query-input\":\"required name=search_term_string\"}],\"inLanguage\":\"en-US\"},{\"@type\":\"ImageObject\",\"inLanguage\":\"en-US\",\"@id\":\"https:\/\/www.visit-ulcinj.com\/blog\/2013\/02\/04\/tuna-rremben-ish-te-dashurin-e-dafina-zeqirit\/#primaryimage\",\"url\":\"http:\/\/www.visit-ulcinj.com\/blog\/wp-content\/uploads\/2013\/02\/Tuna_KrenarCocaj.jpg\",\"contentUrl\":\"http:\/\/www.visit-ulcinj.com\/blog\/wp-content\/uploads\/2013\/02\/Tuna_KrenarCocaj.jpg\"},{\"@type\":\"WebPage\",\"@id\":\"https:\/\/www.visit-ulcinj.com\/blog\/2013\/02\/04\/tuna-rremben-ish-te-dashurin-e-dafina-zeqirit\/#webpage\",\"url\":\"https:\/\/www.visit-ulcinj.com\/blog\/2013\/02\/04\/tuna-rremben-ish-te-dashurin-e-dafina-zeqirit\/\",\"name\":\"Tuna rr\u00ebmben ish t\u00eb dashurin e Dafina Zeqirit - Lajme nga Ulqini\",\"isPartOf\":{\"@id\":\"https:\/\/www.visit-ulcinj.com\/blog\/#website\"},\"primaryImageOfPage\":{\"@id\":\"https:\/\/www.visit-ulcinj.com\/blog\/2013\/02\/04\/tuna-rremben-ish-te-dashurin-e-dafina-zeqirit\/#primaryimage\"},\"datePublished\":\"2013-02-04T06:12:56+00:00\",\"dateModified\":\"2013-02-04T06:19:25+00:00\",\"author\":{\"@id\":\"https:\/\/www.visit-ulcinj.com\/blog\/#\/schema\/person\/dcab619c614d3038751c63bc2aadc06d\"},\"description\":\"N\u00eb nj\u00eb fotografi t\u00eb publikuar nga nj\u00eb mik i saj, shihet k\u00ebng\u00ebtarja Tuna n\u00ebn shoq\u00ebri t\u00eb ish t\u00eb dashurit t\u00eb Dafina Zeqirit, e cili \u00ebsht\u00eb Krenar \u00c7o\u00e7aj. T\u00eb\",\"breadcrumb\":{\"@id\":\"https:\/\/www.visit-ulcinj.com\/blog\/2013\/02\/04\/tuna-rremben-ish-te-dashurin-e-dafina-zeqirit\/#breadcrumb\"},\"inLanguage\":\"en-US\",\"potentialAction\":[{\"@type\":\"ReadAction\",\"target\":[\"https:\/\/www.visit-ulcinj.com\/blog\/2013\/02\/04\/tuna-rremben-ish-te-dashurin-e-dafina-zeqirit\/\"]}]},{\"@type\":\"BreadcrumbList\",\"@id\":\"https:\/\/www.visit-ulcinj.com\/blog\/2013\/02\/04\/tuna-rremben-ish-te-dashurin-e-dafina-zeqirit\/#breadcrumb\",\"itemListElement\":[{\"@type\":\"ListItem\",\"position\":1,\"name\":\"Tuna rr\u00ebmben ish t\u00eb dashurin e Dafina Zeqirit\"}]},{\"@type\":\"Person\",\"@id\":\"https:\/\/www.visit-ulcinj.com\/blog\/#\/schema\/person\/dcab619c614d3038751c63bc2aadc06d\",\"name\":\"ulqini\",\"sameAs\":[\"http:\/\/www.visit-ulcinj.com\"],\"url\":\"https:\/\/www.visit-ulcinj.com\/blog\/author\/admin\/\"}]}<\/script>\n<!-- \/ Yoast SEO plugin. -->","yoast_head_json":{"title":"Tuna rr\u00ebmben ish t\u00eb dashurin e Dafina Zeqirit - Lajme nga Ulqini","description":"N\u00eb nj\u00eb fotografi t\u00eb publikuar nga nj\u00eb mik i saj, shihet k\u00ebng\u00ebtarja Tuna n\u00ebn shoq\u00ebri t\u00eb ish t\u00eb dashurit t\u00eb Dafina Zeqirit, e cili \u00ebsht\u00eb Krenar \u00c7o\u00e7aj. T\u00eb","robots":{"index":"index","follow":"follow","max-snippet":"max-snippet:-1","max-image-preview":"max-image-preview:large","max-video-preview":"max-video-preview:-1"},"canonical":"https:\/\/www.visit-ulcinj.com\/blog\/2013\/02\/04\/tuna-rremben-ish-te-dashurin-e-dafina-zeqirit\/","og_locale":"en_US","og_type":"article","og_title":"Tuna rr\u00ebmben ish t\u00eb dashurin e Dafina Zeqirit - Lajme nga Ulqini","og_description":"N\u00eb nj\u00eb fotografi t\u00eb publikuar nga nj\u00eb mik i saj, shihet k\u00ebng\u00ebtarja Tuna n\u00ebn shoq\u00ebri t\u00eb ish t\u00eb dashurit t\u00eb Dafina Zeqirit, e cili \u00ebsht\u00eb Krenar \u00c7o\u00e7aj. T\u00eb","og_url":"https:\/\/www.visit-ulcinj.com\/blog\/2013\/02\/04\/tuna-rremben-ish-te-dashurin-e-dafina-zeqirit\/","og_site_name":"Lajme nga Ulqini","article_published_time":"2013-02-04T06:12:56+00:00","article_modified_time":"2013-02-04T06:19:25+00:00","og_image":[{"url":"http:\/\/www.visit-ulcinj.com\/blog\/wp-content\/uploads\/2013\/02\/Tuna_KrenarCocaj.jpg"}],"twitter_misc":{"Written by":"ulqini","Est. reading time":"1 minute"},"schema":{"@context":"https:\/\/schema.org","@graph":[{"@type":"WebSite","@id":"https:\/\/www.visit-ulcinj.com\/blog\/#website","url":"https:\/\/www.visit-ulcinj.com\/blog\/","name":"Lajme nga Ulqini","description":"Lajme,Vijesti,Ulqini,Ulqin,Crna Gora,Mali i Zi","potentialAction":[{"@type":"SearchAction","target":{"@type":"EntryPoint","urlTemplate":"https:\/\/www.visit-ulcinj.com\/blog\/?s={search_term_string}"},"query-input":"required name=search_term_string"}],"inLanguage":"en-US"},{"@type":"ImageObject","inLanguage":"en-US","@id":"https:\/\/www.visit-ulcinj.com\/blog\/2013\/02\/04\/tuna-rremben-ish-te-dashurin-e-dafina-zeqirit\/#primaryimage","url":"http:\/\/www.visit-ulcinj.com\/blog\/wp-content\/uploads\/2013\/02\/Tuna_KrenarCocaj.jpg","contentUrl":"http:\/\/www.visit-ulcinj.com\/blog\/wp-content\/uploads\/2013\/02\/Tuna_KrenarCocaj.jpg"},{"@type":"WebPage","@id":"https:\/\/www.visit-ulcinj.com\/blog\/2013\/02\/04\/tuna-rremben-ish-te-dashurin-e-dafina-zeqirit\/#webpage","url":"https:\/\/www.visit-ulcinj.com\/blog\/2013\/02\/04\/tuna-rremben-ish-te-dashurin-e-dafina-zeqirit\/","name":"Tuna rr\u00ebmben ish t\u00eb dashurin e Dafina Zeqirit - Lajme nga Ulqini","isPartOf":{"@id":"https:\/\/www.visit-ulcinj.com\/blog\/#website"},"primaryImageOfPage":{"@id":"https:\/\/www.visit-ulcinj.com\/blog\/2013\/02\/04\/tuna-rremben-ish-te-dashurin-e-dafina-zeqirit\/#primaryimage"},"datePublished":"2013-02-04T06:12:56+00:00","dateModified":"2013-02-04T06:19:25+00:00","author":{"@id":"https:\/\/www.visit-ulcinj.com\/blog\/#\/schema\/person\/dcab619c614d3038751c63bc2aadc06d"},"description":"N\u00eb nj\u00eb fotografi t\u00eb publikuar nga nj\u00eb mik i saj, shihet k\u00ebng\u00ebtarja Tuna n\u00ebn shoq\u00ebri t\u00eb ish t\u00eb dashurit t\u00eb Dafina Zeqirit, e cili \u00ebsht\u00eb Krenar \u00c7o\u00e7aj. T\u00eb","breadcrumb":{"@id":"https:\/\/www.visit-ulcinj.com\/blog\/2013\/02\/04\/tuna-rremben-ish-te-dashurin-e-dafina-zeqirit\/#breadcrumb"},"inLanguage":"en-US","potentialAction":[{"@type":"ReadAction","target":["https:\/\/www.visit-ulcinj.com\/blog\/2013\/02\/04\/tuna-rremben-ish-te-dashurin-e-dafina-zeqirit\/"]}]},{"@type":"BreadcrumbList","@id":"https:\/\/www.visit-ulcinj.com\/blog\/2013\/02\/04\/tuna-rremben-ish-te-dashurin-e-dafina-zeqirit\/#breadcrumb","itemListElement":[{"@type":"ListItem","position":1,"name":"Tuna rr\u00ebmben ish t\u00eb dashurin e Dafina Zeqirit"}]},{"@type":"Person","@id":"https:\/\/www.visit-ulcinj.com\/blog\/#\/schema\/person\/dcab619c614d3038751c63bc2aadc06d","name":"ulqini","sameAs":["http:\/\/www.visit-ulcinj.com"],"url":"https:\/\/www.visit-ulcinj.com\/blog\/author\/admin\/"}]}},"jetpack_featured_media_url":"","jetpack_sharing_enabled":true,"jetpack_shortlink":"https:\/\/wp.me\/pe6lTn-hLM","_links":{"self":[{"href":"https:\/\/www.visit-ulcinj.com\/blog\/wp-json\/wp\/v2\/posts\/68310"}],"collection":[{"href":"https:\/\/www.visit-ulcinj.com\/blog\/wp-json\/wp\/v2\/posts"}],"about":[{"href":"https:\/\/www.visit-ulcinj.com\/blog\/wp-json\/wp\/v2\/types\/post"}],"author":[{"embeddable":true,"href":"https:\/\/www.visit-ulcinj.com\/blog\/wp-json\/wp\/v2\/users\/1"}],"replies":[{"embeddable":true,"href":"https:\/\/www.visit-ulcinj.com\/blog\/wp-json\/wp\/v2\/comments?post=68310"}],"version-history":[{"count":4,"href":"https:\/\/www.visit-ulcinj.com\/blog\/wp-json\/wp\/v2\/posts\/68310\/revisions"}],"predecessor-version":[{"id":68315,"href":"https:\/\/www.visit-ulcinj.com\/blog\/wp-json\/wp\/v2\/posts\/68310\/revisions\/68315"}],"wp:attachment":[{"href":"https:\/\/www.visit-ulcinj.com\/blog\/wp-json\/wp\/v2\/media?parent=68310"}],"wp:term":[{"taxonomy":"category","embeddable":true,"href":"https:\/\/www.visit-ulcinj.com\/blog\/wp-json\/wp\/v2\/categories?post=68310"},{"taxonomy":"post_tag","embeddable":true,"href":"https:\/\/www.visit-ulcinj.com\/blog\/wp-json\/wp\/v2\/tags?post=68310"}],"curies":[{"name":"wp","href":"https:\/\/api.w.org\/{rel}","templated":true}]}}