{"id":68338,"date":"2013-02-04T08:27:02","date_gmt":"2013-02-04T07:27:02","guid":{"rendered":"http:\/\/www.visit-ulcinj.com\/blog\/?p=68338"},"modified":"2013-02-04T08:27:02","modified_gmt":"2013-02-04T07:27:02","slug":"adriani-dhe-florian-beqiri-ne-pergaditje-te-ngjyra-e-kuqe-2","status":"publish","type":"post","link":"https:\/\/www.visit-ulcinj.com\/blog\/2013\/02\/04\/adriani-dhe-florian-beqiri-ne-pergaditje-te-ngjyra-e-kuqe-2\/","title":{"rendered":"Adriani dhe Florian Beqiri n\u00eb p\u00ebrgaditje t\u00eb Ngjyra e kuqe 2"},"content":{"rendered":"<p><a href=\"http:\/\/www.visit-ulcinj.com\/blog\/wp-content\/uploads\/2013\/02\/Adriani-dhe-Florian-Beqiri.jpg\"><img loading=\"lazy\" class=\"alignleft  wp-image-68339\" alt=\"Adriani dhe Florian Beqiri\" src=\"http:\/\/www.visit-ulcinj.com\/blog\/wp-content\/uploads\/2013\/02\/Adriani-dhe-Florian-Beqiri.jpg\" width=\"508\" height=\"359\" \/><\/a>K\u00ebnga \u201dNgjyra e kuqe\u201d, q\u00eb sh\u00ebnoi nj\u00eb nd\u00ebr sukseset m\u00eb t\u00eb m\u00ebdha n\u00eb karrier\u00ebn e k\u00ebng\u00ebtarit Adrian Gaxha dhe ndryshoi jet\u00ebn e Florian Beqirit, do t\u00eb rikthehet me pjes\u00ebn e dyt\u00eb, njofton \u201cIndeksonline\u201d.<\/p>\n<p>K\u00ebshtu \u00ebsht\u00eb konfirmuar n\u00ebp\u00ebrmjet faqes zyrtare t\u00eb Adrian Gaxh\u00ebs, n\u00eb rrjetin social Facebook: \u201cAdriani dhe Florian Beqiri n\u00eb p\u00ebrgaditje t\u00eb Ngjyra e kuqe 2\u2033.<\/p>\n<p>Bashk\u00ebpunimi mes Gaxh\u00ebs dhe vog\u00eblushit nga Shkupi, ka vazhduar intensivisht pas festivalit \u201cK\u00ebnga Magjike\u201d.<\/p>\n<p>Floriani, tashm\u00eb \u00ebsht\u00eb n\u00ebn p\u00ebrkujdesje profesionale t\u00eb Gaxh\u00ebs, i cili e ndihmon n\u00eb shkollim dhe zhvillim profesional.<\/p>\n<!--YouTube Error: bad URL entered-->\n<p>&nbsp;<\/p>\n","protected":false},"excerpt":{"rendered":"<p>K\u00ebnga \u201dNgjyra e kuqe\u201d, q\u00eb sh\u00ebnoi nj\u00eb nd\u00ebr sukseset m\u00eb t\u00eb m\u00ebdha n\u00eb karrier\u00ebn e k\u00ebng\u00ebtarit Adrian Gaxha dhe ndryshoi jet\u00ebn e Florian Beqirit, do t\u00eb rikthehet me pjes\u00ebn e dyt\u00eb, njofton \u201cIndeksonline\u201d. K\u00ebshtu \u00ebsht\u00eb konfirmuar n\u00ebp\u00ebrmjet faqes zyrtare t\u00eb Adrian Gaxh\u00ebs, n\u00eb rrjetin social Facebook: \u201cAdriani dhe Florian Beqiri n\u00eb p\u00ebrgaditje t\u00eb Ngjyra e [&hellip;]<\/p>\n","protected":false},"author":1,"featured_media":0,"comment_status":"open","ping_status":"closed","sticky":false,"template":"","format":"standard","meta":{"spay_email":"","jetpack_publicize_message":"","jetpack_is_tweetstorm":false,"jetpack_publicize_feature_enabled":true},"categories":[1],"tags":[13177,19677,21762,19806,16036,19514,19511,227,19513,6693,4684,19460],"jetpack_publicize_connections":[],"yoast_head":"<!-- This site is optimized with the Yoast SEO plugin v19.1 - https:\/\/yoast.com\/wordpress\/plugins\/seo\/ -->\n<title>Adriani dhe Florian Beqiri n\u00eb p\u00ebrgaditje t\u00eb Ngjyra e kuqe 2 - Lajme nga Ulqini<\/title>\n<meta name=\"description\" content=\"K\u00ebnga \u201dNgjyra e kuqe\u201d, q\u00eb sh\u00ebnoi nj\u00eb nd\u00ebr sukseset m\u00eb t\u00eb m\u00ebdha n\u00eb karrier\u00ebn e k\u00ebng\u00ebtarit Adrian Gaxha dhe ndryshoi jet\u00ebn e Florian Beqirit, do t\u00eb\" \/>\n<meta name=\"robots\" content=\"index, follow, max-snippet:-1, max-image-preview:large, max-video-preview:-1\" \/>\n<link rel=\"canonical\" href=\"https:\/\/www.visit-ulcinj.com\/blog\/2013\/02\/04\/adriani-dhe-florian-beqiri-ne-pergaditje-te-ngjyra-e-kuqe-2\/\" \/>\n<meta property=\"og:locale\" content=\"en_US\" \/>\n<meta property=\"og:type\" content=\"article\" \/>\n<meta property=\"og:title\" content=\"Adriani dhe Florian Beqiri n\u00eb p\u00ebrgaditje t\u00eb Ngjyra e kuqe 2 - Lajme nga Ulqini\" \/>\n<meta property=\"og:description\" content=\"K\u00ebnga \u201dNgjyra e kuqe\u201d, q\u00eb sh\u00ebnoi nj\u00eb nd\u00ebr sukseset m\u00eb t\u00eb m\u00ebdha n\u00eb karrier\u00ebn e k\u00ebng\u00ebtarit Adrian Gaxha dhe ndryshoi jet\u00ebn e Florian Beqirit, do t\u00eb\" \/>\n<meta property=\"og:url\" content=\"https:\/\/www.visit-ulcinj.com\/blog\/2013\/02\/04\/adriani-dhe-florian-beqiri-ne-pergaditje-te-ngjyra-e-kuqe-2\/\" \/>\n<meta property=\"og:site_name\" content=\"Lajme nga Ulqini\" \/>\n<meta property=\"article:published_time\" content=\"2013-02-04T07:27:02+00:00\" \/>\n<meta property=\"og:image\" content=\"http:\/\/www.visit-ulcinj.com\/blog\/wp-content\/uploads\/2013\/02\/Adriani-dhe-Florian-Beqiri.jpg\" \/>\n<meta name=\"twitter:label1\" content=\"Written by\" \/>\n\t<meta name=\"twitter:data1\" content=\"ulqini\" \/>\n\t<meta name=\"twitter:label2\" content=\"Est. reading time\" \/>\n\t<meta name=\"twitter:data2\" content=\"1 minute\" \/>\n<script type=\"application\/ld+json\" class=\"yoast-schema-graph\">{\"@context\":\"https:\/\/schema.org\",\"@graph\":[{\"@type\":\"WebSite\",\"@id\":\"https:\/\/www.visit-ulcinj.com\/blog\/#website\",\"url\":\"https:\/\/www.visit-ulcinj.com\/blog\/\",\"name\":\"Lajme nga Ulqini\",\"description\":\"Lajme,Vijesti,Ulqini,Ulqin,Crna Gora,Mali i Zi\",\"potentialAction\":[{\"@type\":\"SearchAction\",\"target\":{\"@type\":\"EntryPoint\",\"urlTemplate\":\"https:\/\/www.visit-ulcinj.com\/blog\/?s={search_term_string}\"},\"query-input\":\"required name=search_term_string\"}],\"inLanguage\":\"en-US\"},{\"@type\":\"ImageObject\",\"inLanguage\":\"en-US\",\"@id\":\"https:\/\/www.visit-ulcinj.com\/blog\/2013\/02\/04\/adriani-dhe-florian-beqiri-ne-pergaditje-te-ngjyra-e-kuqe-2\/#primaryimage\",\"url\":\"http:\/\/www.visit-ulcinj.com\/blog\/wp-content\/uploads\/2013\/02\/Adriani-dhe-Florian-Beqiri.jpg\",\"contentUrl\":\"http:\/\/www.visit-ulcinj.com\/blog\/wp-content\/uploads\/2013\/02\/Adriani-dhe-Florian-Beqiri.jpg\"},{\"@type\":\"WebPage\",\"@id\":\"https:\/\/www.visit-ulcinj.com\/blog\/2013\/02\/04\/adriani-dhe-florian-beqiri-ne-pergaditje-te-ngjyra-e-kuqe-2\/#webpage\",\"url\":\"https:\/\/www.visit-ulcinj.com\/blog\/2013\/02\/04\/adriani-dhe-florian-beqiri-ne-pergaditje-te-ngjyra-e-kuqe-2\/\",\"name\":\"Adriani dhe Florian Beqiri n\u00eb p\u00ebrgaditje t\u00eb Ngjyra e kuqe 2 - Lajme nga Ulqini\",\"isPartOf\":{\"@id\":\"https:\/\/www.visit-ulcinj.com\/blog\/#website\"},\"primaryImageOfPage\":{\"@id\":\"https:\/\/www.visit-ulcinj.com\/blog\/2013\/02\/04\/adriani-dhe-florian-beqiri-ne-pergaditje-te-ngjyra-e-kuqe-2\/#primaryimage\"},\"datePublished\":\"2013-02-04T07:27:02+00:00\",\"dateModified\":\"2013-02-04T07:27:02+00:00\",\"author\":{\"@id\":\"https:\/\/www.visit-ulcinj.com\/blog\/#\/schema\/person\/dcab619c614d3038751c63bc2aadc06d\"},\"description\":\"K\u00ebnga \u201dNgjyra e kuqe\u201d, q\u00eb sh\u00ebnoi nj\u00eb nd\u00ebr sukseset m\u00eb t\u00eb m\u00ebdha n\u00eb karrier\u00ebn e k\u00ebng\u00ebtarit Adrian Gaxha dhe ndryshoi jet\u00ebn e Florian Beqirit, do t\u00eb\",\"breadcrumb\":{\"@id\":\"https:\/\/www.visit-ulcinj.com\/blog\/2013\/02\/04\/adriani-dhe-florian-beqiri-ne-pergaditje-te-ngjyra-e-kuqe-2\/#breadcrumb\"},\"inLanguage\":\"en-US\",\"potentialAction\":[{\"@type\":\"ReadAction\",\"target\":[\"https:\/\/www.visit-ulcinj.com\/blog\/2013\/02\/04\/adriani-dhe-florian-beqiri-ne-pergaditje-te-ngjyra-e-kuqe-2\/\"]}]},{\"@type\":\"BreadcrumbList\",\"@id\":\"https:\/\/www.visit-ulcinj.com\/blog\/2013\/02\/04\/adriani-dhe-florian-beqiri-ne-pergaditje-te-ngjyra-e-kuqe-2\/#breadcrumb\",\"itemListElement\":[{\"@type\":\"ListItem\",\"position\":1,\"name\":\"Adriani dhe Florian Beqiri n\u00eb p\u00ebrgaditje t\u00eb Ngjyra e kuqe 2\"}]},{\"@type\":\"Person\",\"@id\":\"https:\/\/www.visit-ulcinj.com\/blog\/#\/schema\/person\/dcab619c614d3038751c63bc2aadc06d\",\"name\":\"ulqini\",\"sameAs\":[\"http:\/\/www.visit-ulcinj.com\"],\"url\":\"https:\/\/www.visit-ulcinj.com\/blog\/author\/admin\/\"}]}<\/script>\n<!-- \/ Yoast SEO plugin. -->","yoast_head_json":{"title":"Adriani dhe Florian Beqiri n\u00eb p\u00ebrgaditje t\u00eb Ngjyra e kuqe 2 - Lajme nga Ulqini","description":"K\u00ebnga \u201dNgjyra e kuqe\u201d, q\u00eb sh\u00ebnoi nj\u00eb nd\u00ebr sukseset m\u00eb t\u00eb m\u00ebdha n\u00eb karrier\u00ebn e k\u00ebng\u00ebtarit Adrian Gaxha dhe ndryshoi jet\u00ebn e Florian Beqirit, do t\u00eb","robots":{"index":"index","follow":"follow","max-snippet":"max-snippet:-1","max-image-preview":"max-image-preview:large","max-video-preview":"max-video-preview:-1"},"canonical":"https:\/\/www.visit-ulcinj.com\/blog\/2013\/02\/04\/adriani-dhe-florian-beqiri-ne-pergaditje-te-ngjyra-e-kuqe-2\/","og_locale":"en_US","og_type":"article","og_title":"Adriani dhe Florian Beqiri n\u00eb p\u00ebrgaditje t\u00eb Ngjyra e kuqe 2 - Lajme nga Ulqini","og_description":"K\u00ebnga \u201dNgjyra e kuqe\u201d, q\u00eb sh\u00ebnoi nj\u00eb nd\u00ebr sukseset m\u00eb t\u00eb m\u00ebdha n\u00eb karrier\u00ebn e k\u00ebng\u00ebtarit Adrian Gaxha dhe ndryshoi jet\u00ebn e Florian Beqirit, do t\u00eb","og_url":"https:\/\/www.visit-ulcinj.com\/blog\/2013\/02\/04\/adriani-dhe-florian-beqiri-ne-pergaditje-te-ngjyra-e-kuqe-2\/","og_site_name":"Lajme nga Ulqini","article_published_time":"2013-02-04T07:27:02+00:00","og_image":[{"url":"http:\/\/www.visit-ulcinj.com\/blog\/wp-content\/uploads\/2013\/02\/Adriani-dhe-Florian-Beqiri.jpg"}],"twitter_misc":{"Written by":"ulqini","Est. reading time":"1 minute"},"schema":{"@context":"https:\/\/schema.org","@graph":[{"@type":"WebSite","@id":"https:\/\/www.visit-ulcinj.com\/blog\/#website","url":"https:\/\/www.visit-ulcinj.com\/blog\/","name":"Lajme nga Ulqini","description":"Lajme,Vijesti,Ulqini,Ulqin,Crna Gora,Mali i Zi","potentialAction":[{"@type":"SearchAction","target":{"@type":"EntryPoint","urlTemplate":"https:\/\/www.visit-ulcinj.com\/blog\/?s={search_term_string}"},"query-input":"required name=search_term_string"}],"inLanguage":"en-US"},{"@type":"ImageObject","inLanguage":"en-US","@id":"https:\/\/www.visit-ulcinj.com\/blog\/2013\/02\/04\/adriani-dhe-florian-beqiri-ne-pergaditje-te-ngjyra-e-kuqe-2\/#primaryimage","url":"http:\/\/www.visit-ulcinj.com\/blog\/wp-content\/uploads\/2013\/02\/Adriani-dhe-Florian-Beqiri.jpg","contentUrl":"http:\/\/www.visit-ulcinj.com\/blog\/wp-content\/uploads\/2013\/02\/Adriani-dhe-Florian-Beqiri.jpg"},{"@type":"WebPage","@id":"https:\/\/www.visit-ulcinj.com\/blog\/2013\/02\/04\/adriani-dhe-florian-beqiri-ne-pergaditje-te-ngjyra-e-kuqe-2\/#webpage","url":"https:\/\/www.visit-ulcinj.com\/blog\/2013\/02\/04\/adriani-dhe-florian-beqiri-ne-pergaditje-te-ngjyra-e-kuqe-2\/","name":"Adriani dhe Florian Beqiri n\u00eb p\u00ebrgaditje t\u00eb Ngjyra e kuqe 2 - Lajme nga Ulqini","isPartOf":{"@id":"https:\/\/www.visit-ulcinj.com\/blog\/#website"},"primaryImageOfPage":{"@id":"https:\/\/www.visit-ulcinj.com\/blog\/2013\/02\/04\/adriani-dhe-florian-beqiri-ne-pergaditje-te-ngjyra-e-kuqe-2\/#primaryimage"},"datePublished":"2013-02-04T07:27:02+00:00","dateModified":"2013-02-04T07:27:02+00:00","author":{"@id":"https:\/\/www.visit-ulcinj.com\/blog\/#\/schema\/person\/dcab619c614d3038751c63bc2aadc06d"},"description":"K\u00ebnga \u201dNgjyra e kuqe\u201d, q\u00eb sh\u00ebnoi nj\u00eb nd\u00ebr sukseset m\u00eb t\u00eb m\u00ebdha n\u00eb karrier\u00ebn e k\u00ebng\u00ebtarit Adrian Gaxha dhe ndryshoi jet\u00ebn e Florian Beqirit, do t\u00eb","breadcrumb":{"@id":"https:\/\/www.visit-ulcinj.com\/blog\/2013\/02\/04\/adriani-dhe-florian-beqiri-ne-pergaditje-te-ngjyra-e-kuqe-2\/#breadcrumb"},"inLanguage":"en-US","potentialAction":[{"@type":"ReadAction","target":["https:\/\/www.visit-ulcinj.com\/blog\/2013\/02\/04\/adriani-dhe-florian-beqiri-ne-pergaditje-te-ngjyra-e-kuqe-2\/"]}]},{"@type":"BreadcrumbList","@id":"https:\/\/www.visit-ulcinj.com\/blog\/2013\/02\/04\/adriani-dhe-florian-beqiri-ne-pergaditje-te-ngjyra-e-kuqe-2\/#breadcrumb","itemListElement":[{"@type":"ListItem","position":1,"name":"Adriani dhe Florian Beqiri n\u00eb p\u00ebrgaditje t\u00eb Ngjyra e kuqe 2"}]},{"@type":"Person","@id":"https:\/\/www.visit-ulcinj.com\/blog\/#\/schema\/person\/dcab619c614d3038751c63bc2aadc06d","name":"ulqini","sameAs":["http:\/\/www.visit-ulcinj.com"],"url":"https:\/\/www.visit-ulcinj.com\/blog\/author\/admin\/"}]}},"jetpack_featured_media_url":"","jetpack_sharing_enabled":true,"jetpack_shortlink":"https:\/\/wp.me\/pe6lTn-hMe","_links":{"self":[{"href":"https:\/\/www.visit-ulcinj.com\/blog\/wp-json\/wp\/v2\/posts\/68338"}],"collection":[{"href":"https:\/\/www.visit-ulcinj.com\/blog\/wp-json\/wp\/v2\/posts"}],"about":[{"href":"https:\/\/www.visit-ulcinj.com\/blog\/wp-json\/wp\/v2\/types\/post"}],"author":[{"embeddable":true,"href":"https:\/\/www.visit-ulcinj.com\/blog\/wp-json\/wp\/v2\/users\/1"}],"replies":[{"embeddable":true,"href":"https:\/\/www.visit-ulcinj.com\/blog\/wp-json\/wp\/v2\/comments?post=68338"}],"version-history":[{"count":2,"href":"https:\/\/www.visit-ulcinj.com\/blog\/wp-json\/wp\/v2\/posts\/68338\/revisions"}],"predecessor-version":[{"id":68341,"href":"https:\/\/www.visit-ulcinj.com\/blog\/wp-json\/wp\/v2\/posts\/68338\/revisions\/68341"}],"wp:attachment":[{"href":"https:\/\/www.visit-ulcinj.com\/blog\/wp-json\/wp\/v2\/media?parent=68338"}],"wp:term":[{"taxonomy":"category","embeddable":true,"href":"https:\/\/www.visit-ulcinj.com\/blog\/wp-json\/wp\/v2\/categories?post=68338"},{"taxonomy":"post_tag","embeddable":true,"href":"https:\/\/www.visit-ulcinj.com\/blog\/wp-json\/wp\/v2\/tags?post=68338"}],"curies":[{"name":"wp","href":"https:\/\/api.w.org\/{rel}","templated":true}]}}