{"id":6836,"date":"2008-12-04T20:15:02","date_gmt":"2008-12-04T19:15:02","guid":{"rendered":"http:\/\/www.visit-ulcinj.com\/blog\/?p=6836"},"modified":"2008-12-04T20:15:02","modified_gmt":"2008-12-04T19:15:02","slug":"%e2%80%9cvetes-nuk-ia-fali%e2%80%9d-videoklipi-i-ri-i-shpat-kasapit","status":"publish","type":"post","link":"https:\/\/www.visit-ulcinj.com\/blog\/2008\/12\/04\/%e2%80%9cvetes-nuk-ia-fali%e2%80%9d-videoklipi-i-ri-i-shpat-kasapit\/","title":{"rendered":"\u201cVetes nuk ia fali\u201d, videoklipi i ri i Shpat Kasapit"},"content":{"rendered":"<p><a href=\"http:\/\/www.visit-ulcinj.com\/blog\/wp-content\/uploads\/2008\/12\/shpat-kasapi-aferdita-dreshaj.jpg\"><img loading=\"lazy\" class=\"alignleft size-medium wp-image-6837\" title=\"shpat-kasapi-aferdita-dreshaj\" src=\"http:\/\/www.visit-ulcinj.com\/blog\/wp-content\/uploads\/2008\/12\/shpat-kasapi-aferdita-dreshaj-199x300.jpg\" alt=\"\" width=\"238\" height=\"300\" \/><\/a>Me t\u00eb reja muzikore s\u00eb fundi \u00ebsht\u00eb prezantuar edhe k\u00ebng\u00ebtari nga Shkupi, Shpat Kasapi. P\u00ebr audienc\u00ebn televizive Shpati ka vizuelizuar k\u00ebng\u00ebn \u201cVetes nuk ia fali\u201d. Me tekst t\u00eb Bujar Idrizit dhe muzik\u00eb e orkestrim t\u00eb Samir Durgutit, balada \u201cVetes nuk ia fali\u201d \u00ebsht\u00eb pjes\u00eb e albumit t\u00eb fundit t\u00eb k\u00ebng\u00ebtarit i publikuar gjat\u00eb k\u00ebtij sezoni veror. P\u00ebrve\u00e7 k\u00ebtij projekti, Shpati do t\u00eb marr\u00eb pjes\u00eb n\u00eb festivalet \u201cMikrofoni i Art\u00eb\u201d dhe at\u00eb t\u00eb Radiotelevizonit Shqiptar. Lidhur me k\u00ebt\u00eb t\u00eb fundit, k\u00ebng\u00ebtari n\u00eb nj\u00eb intervist\u00eb p\u00ebr emisionin \u201cP\u00ebrrall\u00eb me tupan\u201d, ka th\u00ebn\u00eb se p\u00ebr t\u00eb nuk \u00ebsht\u00eb e r\u00ebndsishme n\u00ebse do t\u00eb arrij\u00eb t\u00eb fitoj\u00eb q\u00eb n\u00eb k\u00ebt\u00eb m\u00ebnyr\u00eb t\u00eb p\u00ebrfaq\u00ebsoj\u00eb Shqip\u00ebrin\u00eb n\u00eb festivalin evropian t\u00eb k\u00ebng\u00ebs \u201cEurosong\u201d, por e r\u00ebnd\u00ebsishme \u00ebsht\u00eb se \u00e7far\u00eb do t\u00eb prezantoj\u00eb para publikut. Po n\u00eb k\u00ebt\u00eb emision Shpati p\u00ebr her\u00eb t\u00eb par\u00eb \u00ebsht\u00eb paraqitur publikisht me t\u00eb dashur\u00ebn e tij, modelen nga Mali i Zi, Af\u00ebrdita Dreshaj. Shpati ka th\u00ebn\u00eb se megjith\u00ebse jan\u00eb n\u00eb lidhje, ende nuk kan\u00eb menduar p\u00ebr fejes\u00ebn.<br \/>\n<strong><\/strong><\/p>\n<p><strong><br \/>\nKoha Vizion<\/strong><\/p>\n<!--YouTube Error: bad URL entered-->\n","protected":false},"excerpt":{"rendered":"<p>Me t\u00eb reja muzikore s\u00eb fundi \u00ebsht\u00eb prezantuar edhe k\u00ebng\u00ebtari nga Shkupi, Shpat Kasapi. P\u00ebr audienc\u00ebn televizive Shpati ka vizuelizuar k\u00ebng\u00ebn \u201cVetes nuk ia fali\u201d. Me tekst t\u00eb Bujar Idrizit dhe muzik\u00eb e orkestrim t\u00eb Samir Durgutit, balada \u201cVetes nuk ia fali\u201d \u00ebsht\u00eb pjes\u00eb e albumit t\u00eb fundit t\u00eb k\u00ebng\u00ebtarit i publikuar gjat\u00eb k\u00ebtij sezoni [&hellip;]<\/p>\n","protected":false},"author":1,"featured_media":0,"comment_status":"open","ping_status":"closed","sticky":false,"template":"","format":"standard","meta":{"spay_email":"","jetpack_publicize_message":"","jetpack_is_tweetstorm":false,"jetpack_publicize_feature_enabled":true},"categories":[1],"tags":[227,5155],"jetpack_publicize_connections":[],"yoast_head":"<!-- This site is optimized with the Yoast SEO plugin v19.1 - https:\/\/yoast.com\/wordpress\/plugins\/seo\/ -->\n<title>\u201cVetes nuk ia fali\u201d, videoklipi i ri i Shpat Kasapit - Lajme nga Ulqini<\/title>\n<meta name=\"description\" content=\"Me t\u00eb reja muzikore s\u00eb fundi \u00ebsht\u00eb prezantuar edhe k\u00ebng\u00ebtari nga Shkupi, Shpat Kasapi. P\u00ebr audienc\u00ebn televizive Shpati ka vizuelizuar k\u00ebng\u00ebn \u201cVetes nuk ia\" \/>\n<meta name=\"robots\" content=\"index, follow, max-snippet:-1, max-image-preview:large, max-video-preview:-1\" \/>\n<link rel=\"canonical\" href=\"https:\/\/www.visit-ulcinj.com\/blog\/2008\/12\/04\/\u201cvetes-nuk-ia-fali\u201d-videoklipi-i-ri-i-shpat-kasapit\/\" \/>\n<meta property=\"og:locale\" content=\"en_US\" \/>\n<meta property=\"og:type\" content=\"article\" \/>\n<meta property=\"og:title\" content=\"\u201cVetes nuk ia fali\u201d, videoklipi i ri i Shpat Kasapit - Lajme nga Ulqini\" \/>\n<meta property=\"og:description\" content=\"Me t\u00eb reja muzikore s\u00eb fundi \u00ebsht\u00eb prezantuar edhe k\u00ebng\u00ebtari nga Shkupi, Shpat Kasapi. P\u00ebr audienc\u00ebn televizive Shpati ka vizuelizuar k\u00ebng\u00ebn \u201cVetes nuk ia\" \/>\n<meta property=\"og:url\" content=\"https:\/\/www.visit-ulcinj.com\/blog\/2008\/12\/04\/\u201cvetes-nuk-ia-fali\u201d-videoklipi-i-ri-i-shpat-kasapit\/\" \/>\n<meta property=\"og:site_name\" content=\"Lajme nga Ulqini\" \/>\n<meta property=\"article:published_time\" content=\"2008-12-04T19:15:02+00:00\" \/>\n<meta property=\"og:image\" content=\"http:\/\/www.visit-ulcinj.com\/blog\/wp-content\/uploads\/2008\/12\/shpat-kasapi-aferdita-dreshaj-199x300.jpg\" \/>\n<meta name=\"twitter:label1\" content=\"Written by\" \/>\n\t<meta name=\"twitter:data1\" content=\"ulqini\" \/>\n\t<meta name=\"twitter:label2\" content=\"Est. reading time\" \/>\n\t<meta name=\"twitter:data2\" content=\"1 minute\" \/>\n<script type=\"application\/ld+json\" class=\"yoast-schema-graph\">{\"@context\":\"https:\/\/schema.org\",\"@graph\":[{\"@type\":\"WebSite\",\"@id\":\"https:\/\/www.visit-ulcinj.com\/blog\/#website\",\"url\":\"https:\/\/www.visit-ulcinj.com\/blog\/\",\"name\":\"Lajme nga Ulqini\",\"description\":\"Lajme,Vijesti,Ulqini,Ulqin,Crna Gora,Mali i Zi\",\"potentialAction\":[{\"@type\":\"SearchAction\",\"target\":{\"@type\":\"EntryPoint\",\"urlTemplate\":\"https:\/\/www.visit-ulcinj.com\/blog\/?s={search_term_string}\"},\"query-input\":\"required name=search_term_string\"}],\"inLanguage\":\"en-US\"},{\"@type\":\"ImageObject\",\"inLanguage\":\"en-US\",\"@id\":\"https:\/\/www.visit-ulcinj.com\/blog\/2008\/12\/04\/%e2%80%9cvetes-nuk-ia-fali%e2%80%9d-videoklipi-i-ri-i-shpat-kasapit\/#primaryimage\",\"url\":\"http:\/\/www.visit-ulcinj.com\/blog\/wp-content\/uploads\/2008\/12\/shpat-kasapi-aferdita-dreshaj-199x300.jpg\",\"contentUrl\":\"http:\/\/www.visit-ulcinj.com\/blog\/wp-content\/uploads\/2008\/12\/shpat-kasapi-aferdita-dreshaj-199x300.jpg\"},{\"@type\":\"WebPage\",\"@id\":\"https:\/\/www.visit-ulcinj.com\/blog\/2008\/12\/04\/%e2%80%9cvetes-nuk-ia-fali%e2%80%9d-videoklipi-i-ri-i-shpat-kasapit\/#webpage\",\"url\":\"https:\/\/www.visit-ulcinj.com\/blog\/2008\/12\/04\/%e2%80%9cvetes-nuk-ia-fali%e2%80%9d-videoklipi-i-ri-i-shpat-kasapit\/\",\"name\":\"\u201cVetes nuk ia fali\u201d, videoklipi i ri i Shpat Kasapit - Lajme nga Ulqini\",\"isPartOf\":{\"@id\":\"https:\/\/www.visit-ulcinj.com\/blog\/#website\"},\"primaryImageOfPage\":{\"@id\":\"https:\/\/www.visit-ulcinj.com\/blog\/2008\/12\/04\/%e2%80%9cvetes-nuk-ia-fali%e2%80%9d-videoklipi-i-ri-i-shpat-kasapit\/#primaryimage\"},\"datePublished\":\"2008-12-04T19:15:02+00:00\",\"dateModified\":\"2008-12-04T19:15:02+00:00\",\"author\":{\"@id\":\"https:\/\/www.visit-ulcinj.com\/blog\/#\/schema\/person\/dcab619c614d3038751c63bc2aadc06d\"},\"description\":\"Me t\u00eb reja muzikore s\u00eb fundi \u00ebsht\u00eb prezantuar edhe k\u00ebng\u00ebtari nga Shkupi, Shpat Kasapi. P\u00ebr audienc\u00ebn televizive Shpati ka vizuelizuar k\u00ebng\u00ebn \u201cVetes nuk ia\",\"breadcrumb\":{\"@id\":\"https:\/\/www.visit-ulcinj.com\/blog\/2008\/12\/04\/%e2%80%9cvetes-nuk-ia-fali%e2%80%9d-videoklipi-i-ri-i-shpat-kasapit\/#breadcrumb\"},\"inLanguage\":\"en-US\",\"potentialAction\":[{\"@type\":\"ReadAction\",\"target\":[\"https:\/\/www.visit-ulcinj.com\/blog\/2008\/12\/04\/%e2%80%9cvetes-nuk-ia-fali%e2%80%9d-videoklipi-i-ri-i-shpat-kasapit\/\"]}]},{\"@type\":\"BreadcrumbList\",\"@id\":\"https:\/\/www.visit-ulcinj.com\/blog\/2008\/12\/04\/%e2%80%9cvetes-nuk-ia-fali%e2%80%9d-videoklipi-i-ri-i-shpat-kasapit\/#breadcrumb\",\"itemListElement\":[{\"@type\":\"ListItem\",\"position\":1,\"name\":\"\u201cVetes nuk ia fali\u201d, videoklipi i ri i Shpat Kasapit\"}]},{\"@type\":\"Person\",\"@id\":\"https:\/\/www.visit-ulcinj.com\/blog\/#\/schema\/person\/dcab619c614d3038751c63bc2aadc06d\",\"name\":\"ulqini\",\"sameAs\":[\"http:\/\/www.visit-ulcinj.com\"],\"url\":\"https:\/\/www.visit-ulcinj.com\/blog\/author\/admin\/\"}]}<\/script>\n<!-- \/ Yoast SEO plugin. -->","yoast_head_json":{"title":"\u201cVetes nuk ia fali\u201d, videoklipi i ri i Shpat Kasapit - Lajme nga Ulqini","description":"Me t\u00eb reja muzikore s\u00eb fundi \u00ebsht\u00eb prezantuar edhe k\u00ebng\u00ebtari nga Shkupi, Shpat Kasapi. P\u00ebr audienc\u00ebn televizive Shpati ka vizuelizuar k\u00ebng\u00ebn \u201cVetes nuk ia","robots":{"index":"index","follow":"follow","max-snippet":"max-snippet:-1","max-image-preview":"max-image-preview:large","max-video-preview":"max-video-preview:-1"},"canonical":"https:\/\/www.visit-ulcinj.com\/blog\/2008\/12\/04\/\u201cvetes-nuk-ia-fali\u201d-videoklipi-i-ri-i-shpat-kasapit\/","og_locale":"en_US","og_type":"article","og_title":"\u201cVetes nuk ia fali\u201d, videoklipi i ri i Shpat Kasapit - Lajme nga Ulqini","og_description":"Me t\u00eb reja muzikore s\u00eb fundi \u00ebsht\u00eb prezantuar edhe k\u00ebng\u00ebtari nga Shkupi, Shpat Kasapi. P\u00ebr audienc\u00ebn televizive Shpati ka vizuelizuar k\u00ebng\u00ebn \u201cVetes nuk ia","og_url":"https:\/\/www.visit-ulcinj.com\/blog\/2008\/12\/04\/\u201cvetes-nuk-ia-fali\u201d-videoklipi-i-ri-i-shpat-kasapit\/","og_site_name":"Lajme nga Ulqini","article_published_time":"2008-12-04T19:15:02+00:00","og_image":[{"url":"http:\/\/www.visit-ulcinj.com\/blog\/wp-content\/uploads\/2008\/12\/shpat-kasapi-aferdita-dreshaj-199x300.jpg"}],"twitter_misc":{"Written by":"ulqini","Est. reading time":"1 minute"},"schema":{"@context":"https:\/\/schema.org","@graph":[{"@type":"WebSite","@id":"https:\/\/www.visit-ulcinj.com\/blog\/#website","url":"https:\/\/www.visit-ulcinj.com\/blog\/","name":"Lajme nga Ulqini","description":"Lajme,Vijesti,Ulqini,Ulqin,Crna Gora,Mali i Zi","potentialAction":[{"@type":"SearchAction","target":{"@type":"EntryPoint","urlTemplate":"https:\/\/www.visit-ulcinj.com\/blog\/?s={search_term_string}"},"query-input":"required name=search_term_string"}],"inLanguage":"en-US"},{"@type":"ImageObject","inLanguage":"en-US","@id":"https:\/\/www.visit-ulcinj.com\/blog\/2008\/12\/04\/%e2%80%9cvetes-nuk-ia-fali%e2%80%9d-videoklipi-i-ri-i-shpat-kasapit\/#primaryimage","url":"http:\/\/www.visit-ulcinj.com\/blog\/wp-content\/uploads\/2008\/12\/shpat-kasapi-aferdita-dreshaj-199x300.jpg","contentUrl":"http:\/\/www.visit-ulcinj.com\/blog\/wp-content\/uploads\/2008\/12\/shpat-kasapi-aferdita-dreshaj-199x300.jpg"},{"@type":"WebPage","@id":"https:\/\/www.visit-ulcinj.com\/blog\/2008\/12\/04\/%e2%80%9cvetes-nuk-ia-fali%e2%80%9d-videoklipi-i-ri-i-shpat-kasapit\/#webpage","url":"https:\/\/www.visit-ulcinj.com\/blog\/2008\/12\/04\/%e2%80%9cvetes-nuk-ia-fali%e2%80%9d-videoklipi-i-ri-i-shpat-kasapit\/","name":"\u201cVetes nuk ia fali\u201d, videoklipi i ri i Shpat Kasapit - Lajme nga Ulqini","isPartOf":{"@id":"https:\/\/www.visit-ulcinj.com\/blog\/#website"},"primaryImageOfPage":{"@id":"https:\/\/www.visit-ulcinj.com\/blog\/2008\/12\/04\/%e2%80%9cvetes-nuk-ia-fali%e2%80%9d-videoklipi-i-ri-i-shpat-kasapit\/#primaryimage"},"datePublished":"2008-12-04T19:15:02+00:00","dateModified":"2008-12-04T19:15:02+00:00","author":{"@id":"https:\/\/www.visit-ulcinj.com\/blog\/#\/schema\/person\/dcab619c614d3038751c63bc2aadc06d"},"description":"Me t\u00eb reja muzikore s\u00eb fundi \u00ebsht\u00eb prezantuar edhe k\u00ebng\u00ebtari nga Shkupi, Shpat Kasapi. P\u00ebr audienc\u00ebn televizive Shpati ka vizuelizuar k\u00ebng\u00ebn \u201cVetes nuk ia","breadcrumb":{"@id":"https:\/\/www.visit-ulcinj.com\/blog\/2008\/12\/04\/%e2%80%9cvetes-nuk-ia-fali%e2%80%9d-videoklipi-i-ri-i-shpat-kasapit\/#breadcrumb"},"inLanguage":"en-US","potentialAction":[{"@type":"ReadAction","target":["https:\/\/www.visit-ulcinj.com\/blog\/2008\/12\/04\/%e2%80%9cvetes-nuk-ia-fali%e2%80%9d-videoklipi-i-ri-i-shpat-kasapit\/"]}]},{"@type":"BreadcrumbList","@id":"https:\/\/www.visit-ulcinj.com\/blog\/2008\/12\/04\/%e2%80%9cvetes-nuk-ia-fali%e2%80%9d-videoklipi-i-ri-i-shpat-kasapit\/#breadcrumb","itemListElement":[{"@type":"ListItem","position":1,"name":"\u201cVetes nuk ia fali\u201d, videoklipi i ri i Shpat Kasapit"}]},{"@type":"Person","@id":"https:\/\/www.visit-ulcinj.com\/blog\/#\/schema\/person\/dcab619c614d3038751c63bc2aadc06d","name":"ulqini","sameAs":["http:\/\/www.visit-ulcinj.com"],"url":"https:\/\/www.visit-ulcinj.com\/blog\/author\/admin\/"}]}},"jetpack_featured_media_url":"","jetpack_sharing_enabled":true,"jetpack_shortlink":"https:\/\/wp.me\/pe6lTn-1Mg","_links":{"self":[{"href":"https:\/\/www.visit-ulcinj.com\/blog\/wp-json\/wp\/v2\/posts\/6836"}],"collection":[{"href":"https:\/\/www.visit-ulcinj.com\/blog\/wp-json\/wp\/v2\/posts"}],"about":[{"href":"https:\/\/www.visit-ulcinj.com\/blog\/wp-json\/wp\/v2\/types\/post"}],"author":[{"embeddable":true,"href":"https:\/\/www.visit-ulcinj.com\/blog\/wp-json\/wp\/v2\/users\/1"}],"replies":[{"embeddable":true,"href":"https:\/\/www.visit-ulcinj.com\/blog\/wp-json\/wp\/v2\/comments?post=6836"}],"version-history":[{"count":0,"href":"https:\/\/www.visit-ulcinj.com\/blog\/wp-json\/wp\/v2\/posts\/6836\/revisions"}],"wp:attachment":[{"href":"https:\/\/www.visit-ulcinj.com\/blog\/wp-json\/wp\/v2\/media?parent=6836"}],"wp:term":[{"taxonomy":"category","embeddable":true,"href":"https:\/\/www.visit-ulcinj.com\/blog\/wp-json\/wp\/v2\/categories?post=6836"},{"taxonomy":"post_tag","embeddable":true,"href":"https:\/\/www.visit-ulcinj.com\/blog\/wp-json\/wp\/v2\/tags?post=6836"}],"curies":[{"name":"wp","href":"https:\/\/api.w.org\/{rel}","templated":true}]}}