{"id":68361,"date":"2013-02-05T17:43:05","date_gmt":"2013-02-05T16:43:05","guid":{"rendered":"http:\/\/www.visit-ulcinj.com\/blog\/?p=68361"},"modified":"2013-02-05T17:43:05","modified_gmt":"2013-02-05T16:43:05","slug":"hoteli-u-hvaru-makarskoj-i-dubrovniku-vec-rasprodani-za-spicu-sezone","status":"publish","type":"post","link":"https:\/\/www.visit-ulcinj.com\/blog\/2013\/02\/05\/hoteli-u-hvaru-makarskoj-i-dubrovniku-vec-rasprodani-za-spicu-sezone\/","title":{"rendered":"Hoteli u Hvaru, Makarskoj i Dubrovniku ve\u0107 rasprodani za \u0161picu sezone"},"content":{"rendered":"<div id=\"sc_content_okvirSREDINA_TOPTX4\"><a href=\"http:\/\/www.visit-ulcinj.com\/blog\/wp-content\/uploads\/2013\/02\/turistidubrovnik.jpg\"><img loading=\"lazy\" class=\"alignleft  wp-image-68362\" alt=\"turistidubrovnik\" src=\"http:\/\/www.visit-ulcinj.com\/blog\/wp-content\/uploads\/2013\/02\/turistidubrovnik.jpg\" width=\"508\" height=\"360\" \/><\/a>ZAGREB &#8211; Pojedine hotelske ku\u0107e ve\u0107 su zaustavile prodaju aran\u017emana \u010dak i za rujan jer su im kapaciteti popunjeni, donosi HRT.<\/div>\n<div id=\"sc_content_okvirSREDINA_TOPTXOS\">\n<div id=\"sc_content_okvirSREDINA_TOPTX5\">Prema njihovim informacijama u hotelima u Hvaru i Makarskoj u hotelskom smje\u0161taju nemogu\u0107e je na\u0107i sobu za srpanj i kolovoz, a dubrova\u010dki hoteli ve\u0107 su odavno rasprodani.U splitskoj i dubrova\u010dkoj zrakoplovnoj luci veselo trljaju ruke, a Split je najavio uvo\u0111enje sedam novih linija ovog ljeta. Iz turisti\u010dkih zajednica pozivali su zainteresirane da prijave sobe i apartmane jer \u0107e prema najavama ovoga ljeta svaki krevet biti dragocjen. Prema ovakvim najavama \u010deka nas jo\u0161 jedna rekordna sezona.<\/p>\n<p>Ukupne investicije u hrvatskom turisti\u010dkom sektoru ove \u0107e godine iznositi 2,6 milijardi <a id=\"xClaimOglasId-89723-1\" target=\"_blank\"><\/a>kuna, od \u010dega gotovo dvije milijarde kuna ili 124 posto vi\u0161e nego lani ula\u017ee privatni sektor odnosno 25 najve\u0107ih hotelsko-turisti\u010dkih tvrtki, kazao je pro\u0161loga tjedna ministar turizma Veljko Ostoji\u0107. Do iznosa investicija Ministarstvo je, kao i svake godine, do\u0161lo anketiranjem turisti\u010dkih tvrtki, ali i javnog sektora (\u017eupanija, gradova, turisti\u010dkih zajednica) koji \u0107e prema procjenama ove godine u turizam ulo\u017eiti 200 milijuna kuna.<\/p>\n<p>Ministar je najavio i da \u0107e se u prvom ovogodi\u0161njem kvartalu razraditi modeli privatizacije za preostalih 13 turisti\u010dkih tvrtki u ve\u0107inskom dr\u017eavnom vlasni\u0161tvu te \u0107e se one na\u0107i na natje\u010dajima do kraja ove godine pa bi se onda u 2014. od toga mogao tako\u0111er o\u010dekivati sna\u017eniji zamah investiranja.<\/p>\n<p><a href=\"http:\/\/me.seebiz.eu\/hoteli-u-hvaru-makarskoj-i-dubrovniku-vec-rasprodani-za-spicu-sezone\/ar-56182\/\" target=\"_blank\"><strong>Autor\/izvor: SEEbiz<\/strong><\/p>\n<p><\/a><\/div>\n<\/div>\n","protected":false},"excerpt":{"rendered":"<p>ZAGREB &#8211; Pojedine hotelske ku\u0107e ve\u0107 su zaustavile prodaju aran\u017emana \u010dak i za rujan jer su im kapaciteti popunjeni, donosi HRT. Prema njihovim informacijama u hotelima u Hvaru i Makarskoj u hotelskom smje\u0161taju nemogu\u0107e je na\u0107i sobu za srpanj i kolovoz, a dubrova\u010dki hoteli ve\u0107 su odavno rasprodani.U splitskoj i dubrova\u010dkoj zrakoplovnoj luci veselo trljaju [&hellip;]<\/p>\n","protected":false},"author":1,"featured_media":0,"comment_status":"open","ping_status":"closed","sticky":false,"template":"","format":"standard","meta":{"spay_email":"","jetpack_publicize_message":"","jetpack_is_tweetstorm":false,"jetpack_publicize_feature_enabled":true},"categories":[7],"tags":[45],"jetpack_publicize_connections":[],"yoast_head":"<!-- This site is optimized with the Yoast SEO plugin v19.1 - https:\/\/yoast.com\/wordpress\/plugins\/seo\/ -->\n<title>Hoteli u Hvaru, Makarskoj i Dubrovniku ve\u0107 rasprodani za \u0161picu sezone - Lajme nga Ulqini<\/title>\n<meta name=\"description\" content=\"ZAGREB - Pojedine hotelske ku\u0107e ve\u0107 su zaustavile prodaju aran\u017emana \u010dak i za rujan jer su im kapaciteti popunjeni, donosi HRT. Prema njihovim\" \/>\n<meta name=\"robots\" content=\"index, follow, max-snippet:-1, max-image-preview:large, max-video-preview:-1\" \/>\n<link rel=\"canonical\" href=\"https:\/\/www.visit-ulcinj.com\/blog\/2013\/02\/05\/hoteli-u-hvaru-makarskoj-i-dubrovniku-vec-rasprodani-za-spicu-sezone\/\" \/>\n<meta property=\"og:locale\" content=\"en_US\" \/>\n<meta property=\"og:type\" content=\"article\" \/>\n<meta property=\"og:title\" content=\"Hoteli u Hvaru, Makarskoj i Dubrovniku ve\u0107 rasprodani za \u0161picu sezone - Lajme nga Ulqini\" \/>\n<meta property=\"og:description\" content=\"ZAGREB - Pojedine hotelske ku\u0107e ve\u0107 su zaustavile prodaju aran\u017emana \u010dak i za rujan jer su im kapaciteti popunjeni, donosi HRT. Prema njihovim\" \/>\n<meta property=\"og:url\" content=\"https:\/\/www.visit-ulcinj.com\/blog\/2013\/02\/05\/hoteli-u-hvaru-makarskoj-i-dubrovniku-vec-rasprodani-za-spicu-sezone\/\" \/>\n<meta property=\"og:site_name\" content=\"Lajme nga Ulqini\" \/>\n<meta property=\"article:published_time\" content=\"2013-02-05T16:43:05+00:00\" \/>\n<meta property=\"og:image\" content=\"http:\/\/www.visit-ulcinj.com\/blog\/wp-content\/uploads\/2013\/02\/turistidubrovnik.jpg\" \/>\n<meta name=\"twitter:label1\" content=\"Written by\" \/>\n\t<meta name=\"twitter:data1\" content=\"ulqini\" \/>\n\t<meta name=\"twitter:label2\" content=\"Est. reading time\" \/>\n\t<meta name=\"twitter:data2\" content=\"1 minute\" \/>\n<script type=\"application\/ld+json\" class=\"yoast-schema-graph\">{\"@context\":\"https:\/\/schema.org\",\"@graph\":[{\"@type\":\"WebSite\",\"@id\":\"https:\/\/www.visit-ulcinj.com\/blog\/#website\",\"url\":\"https:\/\/www.visit-ulcinj.com\/blog\/\",\"name\":\"Lajme nga Ulqini\",\"description\":\"Lajme,Vijesti,Ulqini,Ulqin,Crna Gora,Mali i Zi\",\"potentialAction\":[{\"@type\":\"SearchAction\",\"target\":{\"@type\":\"EntryPoint\",\"urlTemplate\":\"https:\/\/www.visit-ulcinj.com\/blog\/?s={search_term_string}\"},\"query-input\":\"required name=search_term_string\"}],\"inLanguage\":\"en-US\"},{\"@type\":\"ImageObject\",\"inLanguage\":\"en-US\",\"@id\":\"https:\/\/www.visit-ulcinj.com\/blog\/2013\/02\/05\/hoteli-u-hvaru-makarskoj-i-dubrovniku-vec-rasprodani-za-spicu-sezone\/#primaryimage\",\"url\":\"https:\/\/www.visit-ulcinj.com\/blog\/wp-content\/uploads\/2013\/02\/turistidubrovnik.jpg\",\"contentUrl\":\"https:\/\/www.visit-ulcinj.com\/blog\/wp-content\/uploads\/2013\/02\/turistidubrovnik.jpg\",\"width\":620,\"height\":413},{\"@type\":\"WebPage\",\"@id\":\"https:\/\/www.visit-ulcinj.com\/blog\/2013\/02\/05\/hoteli-u-hvaru-makarskoj-i-dubrovniku-vec-rasprodani-za-spicu-sezone\/#webpage\",\"url\":\"https:\/\/www.visit-ulcinj.com\/blog\/2013\/02\/05\/hoteli-u-hvaru-makarskoj-i-dubrovniku-vec-rasprodani-za-spicu-sezone\/\",\"name\":\"Hoteli u Hvaru, Makarskoj i Dubrovniku ve\u0107 rasprodani za \u0161picu sezone - Lajme nga Ulqini\",\"isPartOf\":{\"@id\":\"https:\/\/www.visit-ulcinj.com\/blog\/#website\"},\"primaryImageOfPage\":{\"@id\":\"https:\/\/www.visit-ulcinj.com\/blog\/2013\/02\/05\/hoteli-u-hvaru-makarskoj-i-dubrovniku-vec-rasprodani-za-spicu-sezone\/#primaryimage\"},\"datePublished\":\"2013-02-05T16:43:05+00:00\",\"dateModified\":\"2013-02-05T16:43:05+00:00\",\"author\":{\"@id\":\"https:\/\/www.visit-ulcinj.com\/blog\/#\/schema\/person\/dcab619c614d3038751c63bc2aadc06d\"},\"description\":\"ZAGREB - Pojedine hotelske ku\u0107e ve\u0107 su zaustavile prodaju aran\u017emana \u010dak i za rujan jer su im kapaciteti popunjeni, donosi HRT. Prema njihovim\",\"breadcrumb\":{\"@id\":\"https:\/\/www.visit-ulcinj.com\/blog\/2013\/02\/05\/hoteli-u-hvaru-makarskoj-i-dubrovniku-vec-rasprodani-za-spicu-sezone\/#breadcrumb\"},\"inLanguage\":\"en-US\",\"potentialAction\":[{\"@type\":\"ReadAction\",\"target\":[\"https:\/\/www.visit-ulcinj.com\/blog\/2013\/02\/05\/hoteli-u-hvaru-makarskoj-i-dubrovniku-vec-rasprodani-za-spicu-sezone\/\"]}]},{\"@type\":\"BreadcrumbList\",\"@id\":\"https:\/\/www.visit-ulcinj.com\/blog\/2013\/02\/05\/hoteli-u-hvaru-makarskoj-i-dubrovniku-vec-rasprodani-za-spicu-sezone\/#breadcrumb\",\"itemListElement\":[{\"@type\":\"ListItem\",\"position\":1,\"name\":\"Hoteli u Hvaru, Makarskoj i Dubrovniku ve\u0107 rasprodani za \u0161picu sezone\"}]},{\"@type\":\"Person\",\"@id\":\"https:\/\/www.visit-ulcinj.com\/blog\/#\/schema\/person\/dcab619c614d3038751c63bc2aadc06d\",\"name\":\"ulqini\",\"sameAs\":[\"http:\/\/www.visit-ulcinj.com\"],\"url\":\"https:\/\/www.visit-ulcinj.com\/blog\/author\/admin\/\"}]}<\/script>\n<!-- \/ Yoast SEO plugin. -->","yoast_head_json":{"title":"Hoteli u Hvaru, Makarskoj i Dubrovniku ve\u0107 rasprodani za \u0161picu sezone - Lajme nga Ulqini","description":"ZAGREB - Pojedine hotelske ku\u0107e ve\u0107 su zaustavile prodaju aran\u017emana \u010dak i za rujan jer su im kapaciteti popunjeni, donosi HRT. Prema njihovim","robots":{"index":"index","follow":"follow","max-snippet":"max-snippet:-1","max-image-preview":"max-image-preview:large","max-video-preview":"max-video-preview:-1"},"canonical":"https:\/\/www.visit-ulcinj.com\/blog\/2013\/02\/05\/hoteli-u-hvaru-makarskoj-i-dubrovniku-vec-rasprodani-za-spicu-sezone\/","og_locale":"en_US","og_type":"article","og_title":"Hoteli u Hvaru, Makarskoj i Dubrovniku ve\u0107 rasprodani za \u0161picu sezone - Lajme nga Ulqini","og_description":"ZAGREB - Pojedine hotelske ku\u0107e ve\u0107 su zaustavile prodaju aran\u017emana \u010dak i za rujan jer su im kapaciteti popunjeni, donosi HRT. Prema njihovim","og_url":"https:\/\/www.visit-ulcinj.com\/blog\/2013\/02\/05\/hoteli-u-hvaru-makarskoj-i-dubrovniku-vec-rasprodani-za-spicu-sezone\/","og_site_name":"Lajme nga Ulqini","article_published_time":"2013-02-05T16:43:05+00:00","og_image":[{"url":"http:\/\/www.visit-ulcinj.com\/blog\/wp-content\/uploads\/2013\/02\/turistidubrovnik.jpg"}],"twitter_misc":{"Written by":"ulqini","Est. reading time":"1 minute"},"schema":{"@context":"https:\/\/schema.org","@graph":[{"@type":"WebSite","@id":"https:\/\/www.visit-ulcinj.com\/blog\/#website","url":"https:\/\/www.visit-ulcinj.com\/blog\/","name":"Lajme nga Ulqini","description":"Lajme,Vijesti,Ulqini,Ulqin,Crna Gora,Mali i Zi","potentialAction":[{"@type":"SearchAction","target":{"@type":"EntryPoint","urlTemplate":"https:\/\/www.visit-ulcinj.com\/blog\/?s={search_term_string}"},"query-input":"required name=search_term_string"}],"inLanguage":"en-US"},{"@type":"ImageObject","inLanguage":"en-US","@id":"https:\/\/www.visit-ulcinj.com\/blog\/2013\/02\/05\/hoteli-u-hvaru-makarskoj-i-dubrovniku-vec-rasprodani-za-spicu-sezone\/#primaryimage","url":"https:\/\/www.visit-ulcinj.com\/blog\/wp-content\/uploads\/2013\/02\/turistidubrovnik.jpg","contentUrl":"https:\/\/www.visit-ulcinj.com\/blog\/wp-content\/uploads\/2013\/02\/turistidubrovnik.jpg","width":620,"height":413},{"@type":"WebPage","@id":"https:\/\/www.visit-ulcinj.com\/blog\/2013\/02\/05\/hoteli-u-hvaru-makarskoj-i-dubrovniku-vec-rasprodani-za-spicu-sezone\/#webpage","url":"https:\/\/www.visit-ulcinj.com\/blog\/2013\/02\/05\/hoteli-u-hvaru-makarskoj-i-dubrovniku-vec-rasprodani-za-spicu-sezone\/","name":"Hoteli u Hvaru, Makarskoj i Dubrovniku ve\u0107 rasprodani za \u0161picu sezone - Lajme nga Ulqini","isPartOf":{"@id":"https:\/\/www.visit-ulcinj.com\/blog\/#website"},"primaryImageOfPage":{"@id":"https:\/\/www.visit-ulcinj.com\/blog\/2013\/02\/05\/hoteli-u-hvaru-makarskoj-i-dubrovniku-vec-rasprodani-za-spicu-sezone\/#primaryimage"},"datePublished":"2013-02-05T16:43:05+00:00","dateModified":"2013-02-05T16:43:05+00:00","author":{"@id":"https:\/\/www.visit-ulcinj.com\/blog\/#\/schema\/person\/dcab619c614d3038751c63bc2aadc06d"},"description":"ZAGREB - Pojedine hotelske ku\u0107e ve\u0107 su zaustavile prodaju aran\u017emana \u010dak i za rujan jer su im kapaciteti popunjeni, donosi HRT. Prema njihovim","breadcrumb":{"@id":"https:\/\/www.visit-ulcinj.com\/blog\/2013\/02\/05\/hoteli-u-hvaru-makarskoj-i-dubrovniku-vec-rasprodani-za-spicu-sezone\/#breadcrumb"},"inLanguage":"en-US","potentialAction":[{"@type":"ReadAction","target":["https:\/\/www.visit-ulcinj.com\/blog\/2013\/02\/05\/hoteli-u-hvaru-makarskoj-i-dubrovniku-vec-rasprodani-za-spicu-sezone\/"]}]},{"@type":"BreadcrumbList","@id":"https:\/\/www.visit-ulcinj.com\/blog\/2013\/02\/05\/hoteli-u-hvaru-makarskoj-i-dubrovniku-vec-rasprodani-za-spicu-sezone\/#breadcrumb","itemListElement":[{"@type":"ListItem","position":1,"name":"Hoteli u Hvaru, Makarskoj i Dubrovniku ve\u0107 rasprodani za \u0161picu sezone"}]},{"@type":"Person","@id":"https:\/\/www.visit-ulcinj.com\/blog\/#\/schema\/person\/dcab619c614d3038751c63bc2aadc06d","name":"ulqini","sameAs":["http:\/\/www.visit-ulcinj.com"],"url":"https:\/\/www.visit-ulcinj.com\/blog\/author\/admin\/"}]}},"jetpack_featured_media_url":"","jetpack_sharing_enabled":true,"jetpack_shortlink":"https:\/\/wp.me\/pe6lTn-hMB","_links":{"self":[{"href":"https:\/\/www.visit-ulcinj.com\/blog\/wp-json\/wp\/v2\/posts\/68361"}],"collection":[{"href":"https:\/\/www.visit-ulcinj.com\/blog\/wp-json\/wp\/v2\/posts"}],"about":[{"href":"https:\/\/www.visit-ulcinj.com\/blog\/wp-json\/wp\/v2\/types\/post"}],"author":[{"embeddable":true,"href":"https:\/\/www.visit-ulcinj.com\/blog\/wp-json\/wp\/v2\/users\/1"}],"replies":[{"embeddable":true,"href":"https:\/\/www.visit-ulcinj.com\/blog\/wp-json\/wp\/v2\/comments?post=68361"}],"version-history":[{"count":1,"href":"https:\/\/www.visit-ulcinj.com\/blog\/wp-json\/wp\/v2\/posts\/68361\/revisions"}],"predecessor-version":[{"id":68363,"href":"https:\/\/www.visit-ulcinj.com\/blog\/wp-json\/wp\/v2\/posts\/68361\/revisions\/68363"}],"wp:attachment":[{"href":"https:\/\/www.visit-ulcinj.com\/blog\/wp-json\/wp\/v2\/media?parent=68361"}],"wp:term":[{"taxonomy":"category","embeddable":true,"href":"https:\/\/www.visit-ulcinj.com\/blog\/wp-json\/wp\/v2\/categories?post=68361"},{"taxonomy":"post_tag","embeddable":true,"href":"https:\/\/www.visit-ulcinj.com\/blog\/wp-json\/wp\/v2\/tags?post=68361"}],"curies":[{"name":"wp","href":"https:\/\/api.w.org\/{rel}","templated":true}]}}