{"id":68383,"date":"2013-02-06T15:31:21","date_gmt":"2013-02-06T14:31:21","guid":{"rendered":"http:\/\/www.visit-ulcinj.com\/blog\/?p=68383"},"modified":"2013-02-11T23:14:10","modified_gmt":"2013-02-11T22:14:10","slug":"konference-per-shtyp-i-udsh-se-reagim","status":"publish","type":"post","link":"https:\/\/www.visit-ulcinj.com\/blog\/2013\/02\/06\/konference-per-shtyp-i-udsh-se-reagim\/","title":{"rendered":"Konference p\u00ebr shtyp i UDSH-s\u00eb &#8211; Reagim"},"content":{"rendered":"<h3><a href=\"http:\/\/www.visit-ulcinj.com\/blog\/wp-content\/uploads\/2010\/09\/UNIONI-DEMOKRATIK-I-SHQIPTAR\u00cbVE.jpg\"><img loading=\"lazy\" class=\"alignleft size-thumbnail wp-image-36988\" title=\"UNIONI  DEMOKRATIK I SHQIPTAR\u00cbVE\" alt=\"\" src=\"http:\/\/www.visit-ulcinj.com\/blog\/wp-content\/uploads\/2010\/09\/UNIONI-DEMOKRATIK-I-SHQIPTAR\u00cbVE-150x150.jpg\" width=\"150\" height=\"150\" \/><\/a> UNIONI DEMOKRATIK I SHQIPTAR\u00cbVE<\/h3>\n<h3>DEMOKRATSKA UNIJA ALBANACA<\/h3>\n<h3><strong> THE DEMOCRATIC UNION OF ALBANIANS <\/strong><\/h3>\n<p>Ulcinj &#8211; Ulqin , 06.02.2013<\/p>\n<p>tel \/ fax: + 382 (0)30 412 757<\/p>\n<p>&nbsp;<\/p>\n<p>Mbas nj\u00eb serie t\u00eb veprimeve t\u00eb gabuara n\u00eb privatizim e burimeve ekonomike t\u00eb Komun\u00ebs s\u00eb Ulqinit, gabime t\u00eb cilat qytetin e \u00e7uan n\u00eb varf\u00ebri (n\u00eb mbrojtje t\u00eb k\u00ebsaj flet fakti q\u00eb privatizimi n\u00eb Ulqin la pa pun\u00eb 3000 pun\u00ebtor\u00eb dhe at\u00eb n\u00eb qytetin prej 20.000 banor\u00ebve), si\u00e7 duket kjo nuk ishte e mjaftueshme por tani nga qyteti k\u00ebrkohen 10 milion euro shtes\u00eb, si kompensim p\u00ebr vendbanimin e rr\u00ebnuar K1.<\/p>\n<p><strong>Tani me drejt pyesim: Deri kur do t\u00eb merret nga Ulqini? Kur do t\u00eb ndalet kjo gj\u00eb?<\/strong><\/p>\n<p><strong>A \u00ebsht\u00eb ndokush n\u00eb k\u00ebt\u00eb shtet i cili do ti dal n\u00eb mbrojtje k\u00ebtij qytet?<\/strong><\/p>\n<p>P\u00ebr hir t\u00eb v\u00ebrtet\u00ebs, K1 nuk e rr\u00ebnuan ulqinak\u00ebt, por u rr\u00ebnua me vendimin e pushtetit t\u00eb at\u00ebhersh\u00ebm republikan t\u00eb cil\u00ebt u frikuan q\u00eb at\u00eb vendbanim do ta banojn\u00eb shqiptar\u00ebt nga Kosova. Nuk ekzistonte ajo gazet\u00eb, ditore apo javore,\u00a0 e cila n\u00eb at\u00eb koh\u00eb nuk shkruante p\u00ebr rrezikun e ekzistimit t\u00eb k\u00ebtij vendbanim dhe p\u00ebr rrezikun q\u00eb vjen nga ky vendbanim ( \u00ebsht\u00eb shkruar p\u00ebr mij\u00ebra shqiptar q\u00eb do t\u00eb vijn\u00eb t\u00eb jetojn\u00eb n\u00eb Ulqin nga Kosova dhe p\u00ebr t\u00eb ashtuquajtura plane perfide t\u00eb irredent\u00ebs p\u00ebr banimin e Ulqinit).<\/p>\n<p>A duhet qyteti i Ulqinit t\u00eb paguaj dhe p\u00ebr veprimet politike t\u00eb gabuara t\u00eb strukturave udh\u00ebheq\u00ebse t\u00eb at\u00ebhershme t\u00eb republik\u00ebs s\u00eb Malit t\u00eb Zi, t\u00eb cil\u00ebt n\u00eb \u00e7do gj\u00eb shihnin irredentizmin Shqiptar?! N\u00eb at\u00eb koh\u00eb nuk jan\u00eb k\u00ebnaqur vet\u00ebm me arrestimin e shqiptar\u00ebve dhe me qitjen e tyre nga puna, por n\u00eb m\u00ebnyr\u00eb euforike u nis\u00ebn n\u00eb rr\u00ebnimin e \u00e7do gj\u00ebje q\u00eb lidhej me Kosov\u00ebn.<\/p>\n<p>T\u00eb gjitha k\u00ebto mund t\u00eb kuptoheshin sikur\u00a0 t\u00eb ja atribuonim ngjarjeve politike ditore n\u00eb at\u00eb koh\u00eb, por kurrsesi nuk mund t\u00eb pranojm\u00eb q\u00eb p\u00ebr t\u00eb gjitha k\u00ebto gabime prap\u00eb shqiptar\u00ebt t\u00eb paguajn\u00eb fatur\u00ebn.\u00a0 E kan\u00eb \u201cg\u00eblltit\u201d Ulqinak\u00ebt afer\u00ebn \u201cmushkonja\u201d, kur p\u00ebr 20.000 marka gjermane, Komuna Ulqinit n\u00eb baz\u00eb t\u00eb vendimit t\u00eb famsh\u00ebm t\u00eb gjykat\u00ebs pagoi mbi 10 her\u00eb m\u00eb shum\u00eb. Kjo nuk do t\u00eb ishte dhe aq tragjike sikur k\u00ebt\u00eb vendim mos ta pasonin nj\u00eb seri vendimesh t\u00eb gjykat\u00ebs t\u00eb cil\u00ebt e d\u00ebmtuan ark\u00ebn e Komun\u00ebs p\u00ebr disa milion euro dhe t\u00eb gjitha k\u00ebto ndodhen 20 vitet e fundit. Tani paralajm\u00ebrohet dhe obligimi prej 10 milion eurosh dhe kur k\u00ebsaj ja shtojm\u00eb dhe ekonomin krejt\u00ebsisht t\u00eb shkat\u00ebrruar, at\u00ebher\u00eb me t\u00eb drejt\u00eb mund t\u00eb pyesim, a ka perspektiv\u00eb p\u00ebr k\u00ebt\u00eb qytet?<\/p>\n<p>Ulqini askujt nuk i ka borxh, aq m\u00eb pak nj\u00ebfar\u00eb Rekreaturs-it, apo Atlas grupit, prandaj ftojm\u00eb t\u00eb gjitha strukturat politike n\u00eb Ulqin, q\u00eb me p\u00ebrpjekjet e p\u00ebrbashk\u00ebta ti japim fund grabitjeve t\u00eb ndryshme t\u00eb cilat k\u00ebt\u00eb qytet e \u00e7ojn\u00eb drejt humner\u00ebs.<\/p>\n<p>Konsiderojm\u00eb, q\u00eb sa m\u00eb shpejt duhet t\u00eb thirret mbledhja e jasht\u00ebzakonshme e Kuvendit lokal t\u00eb Ulqinit, dhe t\u00eb sjellim vendime t\u00eb duhura sepse interesi i qytetit ton\u00eb mund t\u00eb mbrohet vet\u00ebm me p\u00ebrpjekje dhe vendime t\u00eb p\u00ebrbashk\u00ebta.<\/p>\n<p>Po ashtu reagojm\u00eb n\u00eb tekstin e botuar n\u00eb t\u00eb p\u00ebrditshmen DAN me dat\u00ebn 04.02.2013 me titull \u2013 Plani sekret p\u00ebr Shqip\u00ebrin\u00eb e madhe<\/p>\n<p>Edhe pse shqiptar\u00ebt n\u00eb Mal t\u00eb Zi, rrjedhimisht dhe shqiptar\u00ebt e Plav\u00ebs me veprimin e vet politik p\u00ebr kush e di sat\u00ebn her\u00eb treguan, d\u00ebshmuan\u00a0 dhe than\u00eb nj\u00eb PO t\u00eb madhe \u00e7do procesi pozitiv n\u00eb Mal t\u00eb Zi, dikush vazhdimisht mundohet\u00a0 t\u00eb ju atribuoj projekte t\u00eb ndryshme.<\/p>\n<p>E drejta themelore e \u00e7do qytetari \u00ebsht\u00eb e drejta e vot\u00ebs dhe zgjedhjes dhe normalisht duke e p\u00ebrdorur k\u00ebt\u00eb t\u00eb drejt kushtetuese shqiptar\u00ebt e Komun\u00ebs s\u00eb Plav\u00ebs u p\u00ebrcaktuan dhe treguan mendimin e vet n\u00eb lidhje me formimin e Komun\u00ebs s\u00eb Gucis\u00eb.<\/p>\n<p>Pak\u00ebnaq\u00ebsin\u00eb e vet me k\u00ebt\u00eb projekt shqiptar\u00ebt e treguan me protest\u00eb t\u00eb qet\u00eb dhe demokratike para godin\u00ebs s\u00eb Komun\u00ebs s\u00eb Plav\u00ebs, dhe kjo p\u00ebr fat t\u00eb keq nuk i p\u00eblqej atyre q\u00eb priten di\u00e7ka tjet\u00ebr dhe q\u00eb me k\u00ebnaq\u00ebsi do t\u00eb na kthenin n\u00eb t\u00eb kaluar\u00ebn e err\u00ebt.<\/p>\n<p>UDSH p\u00ebrkrah k\u00ebt\u00eb lloj t\u00eb shprehjes s\u00eb pak\u00ebnaq\u00ebsis\u00eb dhe prandaj i p\u00ebrkrah an\u00ebtar\u00ebt e vet dhe t\u00eb gjith\u00eb qytetar\u00ebt e tjer\u00eb q\u00eb protestuan.<\/p>\n<p>Nuk e kemi nd\u00ebr mend t\u00eb sh\u00ebrojm\u00eb fiksimet imagjinare t\u00eb disa personave q\u00eb \u00e7do ku dhe n\u00eb \u00e7do vend shohin \u201crrezik\u201d nga shqiptar\u00ebt, prandaj dhe ky reagim i yni shkon drejt p\u00ebrkrahjes demokratike t\u00eb zgjedhjes q\u00eb b\u00ebn\u00eb shqiptar\u00ebt nga ato treva dhe vler\u00ebsimin e veprimtaris\u00eb s\u00eb deritashme politike t\u00eb tyre n\u00eb demokratizimin e Malit t\u00eb Zi si dhe n\u00eb promovimin e bashk\u00ebjetes\u00ebs dhe toleranc\u00ebs.<\/p>\n<p>D\u00ebshirojm\u00eb t\u00eb shprehim mospajtimin ton\u00eb t\u00eb thell\u00eb me propozimin e paralajm\u00ebruar t\u00eb Ministris\u00eb s\u00eb Sh\u00ebndet\u00ebsis\u00eb p\u00ebr riorganizimin apo shfuqizimin e Sht\u00ebpis\u00eb s\u00eb sh\u00ebndetit n\u00eb Ulqin.<\/p>\n<p>P\u00ebrkund\u00ebr k\u00ebrkesave dhe synimeve tona p\u00ebr decentralizimin e pushtetit n\u00eb Mal t\u00eb Zi, k\u00ebsi lloj projektesh apo propozimesh na \u00e7ojn\u00eb kah centralizimi m\u00eb i madh dhe p\u00ebr k\u00ebt\u00eb arsye p\u00ebr ne jan\u00eb t\u00eb papranueshme.<\/p>\n<p>Si\u00e7 duket, ask\u00ebnd nuk e brengos ve\u00e7oria etnike dhe gjuh\u00ebsore e qytetar\u00ebve t\u00eb Ulqinit dhe shtrirja hap\u00ebsinore e k\u00ebsaj komun\u00eb. N\u00eb vend q\u00eb sot t\u00eb flasim p\u00ebr faz\u00ebn e radh\u00ebs t\u00eb maternitetit me t\u00eb cil\u00ebn materniteti i Ulqinit do t\u00eb kompletohej me sall\u00ebn e operacioneve, si dhe me repartet cil\u00ebsore zonale sidomos n\u00eb zon\u00ebn e An\u00ebs s\u00eb Malit dhe Plazhit t\u00eb Madh, neve sot na parashtrohet heqja e statusit t\u00eb Sht\u00ebpis\u00eb s\u00eb sh\u00ebndetit n\u00eb Ulqin dhe na servohet ambulanca zonale. Dikush q\u00ebllimisht harron q\u00eb p\u00ebrve\u00e7 fakteve t\u00eb lartp\u00ebrmendura Ulqini \u00ebsht\u00eb qytet turistik, q\u00eb gjat\u00eb nj\u00eb viti pret mbi 600 mij\u00eb mysafir. Nuk shohim asnj\u00eb arsye t\u00eb mir\u00ebfillt\u00eb pse duhet t\u00eb ja nd\u00ebrrojm\u00eb statusin Sht\u00ebpis\u00eb s\u00eb sh\u00ebndetit n\u00eb Ulqin, prandaj plot\u00ebsisht jemi dakord me mendimin q\u00eb efektet pozitive t\u00eb nj\u00eb mase t\u00eb till\u00eb do t\u00eb ishin minimale, nd\u00ebrsa d\u00ebmi maksimal.<\/p>\n<p><strong>P\u00ebr fund shtrohet pyetja, a do t\u00eb jet\u00eb dhe kur do t\u00eb jet\u00eb Ulqini p\u00ebr di\u00e7ka QEND\u00cbR?!<\/strong><\/p>\n<p>&nbsp;<\/p>\n<p style=\"text-align: left;\">\u00a0<strong>Unioni Demokratik i Shqiptar\u00ebve<\/strong><\/p>\n<p style=\"text-align: left;\"><strong>\u00a0 Sh\u00ebrbimi p\u00ebr informim\u00a0<\/strong><\/p>\n","protected":false},"excerpt":{"rendered":"<p>UNIONI DEMOKRATIK I SHQIPTAR\u00cbVE DEMOKRATSKA UNIJA ALBANACA THE DEMOCRATIC UNION OF ALBANIANS Ulcinj &#8211; Ulqin , 06.02.2013 tel \/ fax: + 382 (0)30 412 757 &nbsp; Mbas nj\u00eb serie t\u00eb veprimeve t\u00eb gabuara n\u00eb privatizim e burimeve ekonomike t\u00eb Komun\u00ebs s\u00eb Ulqinit, gabime t\u00eb cilat qytetin e \u00e7uan n\u00eb varf\u00ebri (n\u00eb mbrojtje t\u00eb k\u00ebsaj flet [&hellip;]<\/p>\n","protected":false},"author":1,"featured_media":0,"comment_status":"open","ping_status":"closed","sticky":false,"template":"","format":"standard","meta":{"spay_email":"","jetpack_publicize_message":"","jetpack_is_tweetstorm":false,"jetpack_publicize_feature_enabled":true},"categories":[1,6],"tags":[86,21764,21765,15329,2394,21763],"jetpack_publicize_connections":[],"yoast_head":"<!-- This site is optimized with the Yoast SEO plugin v19.1 - https:\/\/yoast.com\/wordpress\/plugins\/seo\/ -->\n<title>Konference p\u00ebr shtyp i UDSH-s\u00eb - Reagim - Lajme nga Ulqini<\/title>\n<meta name=\"description\" content=\"UNIONI DEMOKRATIK I SHQIPTAR\u00cbVE DEMOKRATSKA UNIJA ALBANACA THE DEMOCRATIC UNION OF ALBANIANS Ulcinj - Ulqin , 06.02.2013 tel \/ fax: + 382 (0)30 412\" \/>\n<meta name=\"robots\" content=\"index, follow, max-snippet:-1, max-image-preview:large, max-video-preview:-1\" \/>\n<link rel=\"canonical\" href=\"https:\/\/www.visit-ulcinj.com\/blog\/2013\/02\/06\/konference-per-shtyp-i-udsh-se-reagim\/\" \/>\n<meta property=\"og:locale\" content=\"en_US\" \/>\n<meta property=\"og:type\" content=\"article\" \/>\n<meta property=\"og:title\" content=\"Konference p\u00ebr shtyp i UDSH-s\u00eb - Reagim - Lajme nga Ulqini\" \/>\n<meta property=\"og:description\" content=\"UNIONI DEMOKRATIK I SHQIPTAR\u00cbVE DEMOKRATSKA UNIJA ALBANACA THE DEMOCRATIC UNION OF ALBANIANS Ulcinj - Ulqin , 06.02.2013 tel \/ fax: + 382 (0)30 412\" \/>\n<meta property=\"og:url\" content=\"https:\/\/www.visit-ulcinj.com\/blog\/2013\/02\/06\/konference-per-shtyp-i-udsh-se-reagim\/\" \/>\n<meta property=\"og:site_name\" content=\"Lajme nga Ulqini\" \/>\n<meta property=\"article:published_time\" content=\"2013-02-06T14:31:21+00:00\" \/>\n<meta property=\"article:modified_time\" content=\"2013-02-11T22:14:10+00:00\" \/>\n<meta name=\"twitter:label1\" content=\"Written by\" \/>\n\t<meta name=\"twitter:data1\" content=\"ulqini\" \/>\n\t<meta name=\"twitter:label2\" content=\"Est. reading time\" \/>\n\t<meta name=\"twitter:data2\" content=\"6 minutes\" \/>\n<script type=\"application\/ld+json\" class=\"yoast-schema-graph\">{\"@context\":\"https:\/\/schema.org\",\"@graph\":[{\"@type\":\"WebSite\",\"@id\":\"https:\/\/www.visit-ulcinj.com\/blog\/#website\",\"url\":\"https:\/\/www.visit-ulcinj.com\/blog\/\",\"name\":\"Lajme nga Ulqini\",\"description\":\"Lajme,Vijesti,Ulqini,Ulqin,Crna Gora,Mali i Zi\",\"potentialAction\":[{\"@type\":\"SearchAction\",\"target\":{\"@type\":\"EntryPoint\",\"urlTemplate\":\"https:\/\/www.visit-ulcinj.com\/blog\/?s={search_term_string}\"},\"query-input\":\"required name=search_term_string\"}],\"inLanguage\":\"en-US\"},{\"@type\":\"WebPage\",\"@id\":\"https:\/\/www.visit-ulcinj.com\/blog\/2013\/02\/06\/konference-per-shtyp-i-udsh-se-reagim\/#webpage\",\"url\":\"https:\/\/www.visit-ulcinj.com\/blog\/2013\/02\/06\/konference-per-shtyp-i-udsh-se-reagim\/\",\"name\":\"Konference p\u00ebr shtyp i UDSH-s\u00eb - Reagim - Lajme nga Ulqini\",\"isPartOf\":{\"@id\":\"https:\/\/www.visit-ulcinj.com\/blog\/#website\"},\"datePublished\":\"2013-02-06T14:31:21+00:00\",\"dateModified\":\"2013-02-11T22:14:10+00:00\",\"author\":{\"@id\":\"https:\/\/www.visit-ulcinj.com\/blog\/#\/schema\/person\/dcab619c614d3038751c63bc2aadc06d\"},\"description\":\"UNIONI DEMOKRATIK I SHQIPTAR\u00cbVE DEMOKRATSKA UNIJA ALBANACA THE DEMOCRATIC UNION OF ALBANIANS Ulcinj - Ulqin , 06.02.2013 tel \/ fax: + 382 (0)30 412\",\"breadcrumb\":{\"@id\":\"https:\/\/www.visit-ulcinj.com\/blog\/2013\/02\/06\/konference-per-shtyp-i-udsh-se-reagim\/#breadcrumb\"},\"inLanguage\":\"en-US\",\"potentialAction\":[{\"@type\":\"ReadAction\",\"target\":[\"https:\/\/www.visit-ulcinj.com\/blog\/2013\/02\/06\/konference-per-shtyp-i-udsh-se-reagim\/\"]}]},{\"@type\":\"BreadcrumbList\",\"@id\":\"https:\/\/www.visit-ulcinj.com\/blog\/2013\/02\/06\/konference-per-shtyp-i-udsh-se-reagim\/#breadcrumb\",\"itemListElement\":[{\"@type\":\"ListItem\",\"position\":1,\"name\":\"Konference p\u00ebr shtyp i UDSH-s\u00eb &#8211; Reagim\"}]},{\"@type\":\"Person\",\"@id\":\"https:\/\/www.visit-ulcinj.com\/blog\/#\/schema\/person\/dcab619c614d3038751c63bc2aadc06d\",\"name\":\"ulqini\",\"sameAs\":[\"http:\/\/www.visit-ulcinj.com\"],\"url\":\"https:\/\/www.visit-ulcinj.com\/blog\/author\/admin\/\"}]}<\/script>\n<!-- \/ Yoast SEO plugin. -->","yoast_head_json":{"title":"Konference p\u00ebr shtyp i UDSH-s\u00eb - Reagim - Lajme nga Ulqini","description":"UNIONI DEMOKRATIK I SHQIPTAR\u00cbVE DEMOKRATSKA UNIJA ALBANACA THE DEMOCRATIC UNION OF ALBANIANS Ulcinj - Ulqin , 06.02.2013 tel \/ fax: + 382 (0)30 412","robots":{"index":"index","follow":"follow","max-snippet":"max-snippet:-1","max-image-preview":"max-image-preview:large","max-video-preview":"max-video-preview:-1"},"canonical":"https:\/\/www.visit-ulcinj.com\/blog\/2013\/02\/06\/konference-per-shtyp-i-udsh-se-reagim\/","og_locale":"en_US","og_type":"article","og_title":"Konference p\u00ebr shtyp i UDSH-s\u00eb - Reagim - Lajme nga Ulqini","og_description":"UNIONI DEMOKRATIK I SHQIPTAR\u00cbVE DEMOKRATSKA UNIJA ALBANACA THE DEMOCRATIC UNION OF ALBANIANS Ulcinj - Ulqin , 06.02.2013 tel \/ fax: + 382 (0)30 412","og_url":"https:\/\/www.visit-ulcinj.com\/blog\/2013\/02\/06\/konference-per-shtyp-i-udsh-se-reagim\/","og_site_name":"Lajme nga Ulqini","article_published_time":"2013-02-06T14:31:21+00:00","article_modified_time":"2013-02-11T22:14:10+00:00","twitter_misc":{"Written by":"ulqini","Est. reading time":"6 minutes"},"schema":{"@context":"https:\/\/schema.org","@graph":[{"@type":"WebSite","@id":"https:\/\/www.visit-ulcinj.com\/blog\/#website","url":"https:\/\/www.visit-ulcinj.com\/blog\/","name":"Lajme nga Ulqini","description":"Lajme,Vijesti,Ulqini,Ulqin,Crna Gora,Mali i Zi","potentialAction":[{"@type":"SearchAction","target":{"@type":"EntryPoint","urlTemplate":"https:\/\/www.visit-ulcinj.com\/blog\/?s={search_term_string}"},"query-input":"required name=search_term_string"}],"inLanguage":"en-US"},{"@type":"WebPage","@id":"https:\/\/www.visit-ulcinj.com\/blog\/2013\/02\/06\/konference-per-shtyp-i-udsh-se-reagim\/#webpage","url":"https:\/\/www.visit-ulcinj.com\/blog\/2013\/02\/06\/konference-per-shtyp-i-udsh-se-reagim\/","name":"Konference p\u00ebr shtyp i UDSH-s\u00eb - Reagim - Lajme nga Ulqini","isPartOf":{"@id":"https:\/\/www.visit-ulcinj.com\/blog\/#website"},"datePublished":"2013-02-06T14:31:21+00:00","dateModified":"2013-02-11T22:14:10+00:00","author":{"@id":"https:\/\/www.visit-ulcinj.com\/blog\/#\/schema\/person\/dcab619c614d3038751c63bc2aadc06d"},"description":"UNIONI DEMOKRATIK I SHQIPTAR\u00cbVE DEMOKRATSKA UNIJA ALBANACA THE DEMOCRATIC UNION OF ALBANIANS Ulcinj - Ulqin , 06.02.2013 tel \/ fax: + 382 (0)30 412","breadcrumb":{"@id":"https:\/\/www.visit-ulcinj.com\/blog\/2013\/02\/06\/konference-per-shtyp-i-udsh-se-reagim\/#breadcrumb"},"inLanguage":"en-US","potentialAction":[{"@type":"ReadAction","target":["https:\/\/www.visit-ulcinj.com\/blog\/2013\/02\/06\/konference-per-shtyp-i-udsh-se-reagim\/"]}]},{"@type":"BreadcrumbList","@id":"https:\/\/www.visit-ulcinj.com\/blog\/2013\/02\/06\/konference-per-shtyp-i-udsh-se-reagim\/#breadcrumb","itemListElement":[{"@type":"ListItem","position":1,"name":"Konference p\u00ebr shtyp i UDSH-s\u00eb &#8211; Reagim"}]},{"@type":"Person","@id":"https:\/\/www.visit-ulcinj.com\/blog\/#\/schema\/person\/dcab619c614d3038751c63bc2aadc06d","name":"ulqini","sameAs":["http:\/\/www.visit-ulcinj.com"],"url":"https:\/\/www.visit-ulcinj.com\/blog\/author\/admin\/"}]}},"jetpack_featured_media_url":"","jetpack_sharing_enabled":true,"jetpack_shortlink":"https:\/\/wp.me\/pe6lTn-hMX","_links":{"self":[{"href":"https:\/\/www.visit-ulcinj.com\/blog\/wp-json\/wp\/v2\/posts\/68383"}],"collection":[{"href":"https:\/\/www.visit-ulcinj.com\/blog\/wp-json\/wp\/v2\/posts"}],"about":[{"href":"https:\/\/www.visit-ulcinj.com\/blog\/wp-json\/wp\/v2\/types\/post"}],"author":[{"embeddable":true,"href":"https:\/\/www.visit-ulcinj.com\/blog\/wp-json\/wp\/v2\/users\/1"}],"replies":[{"embeddable":true,"href":"https:\/\/www.visit-ulcinj.com\/blog\/wp-json\/wp\/v2\/comments?post=68383"}],"version-history":[{"count":6,"href":"https:\/\/www.visit-ulcinj.com\/blog\/wp-json\/wp\/v2\/posts\/68383\/revisions"}],"predecessor-version":[{"id":68632,"href":"https:\/\/www.visit-ulcinj.com\/blog\/wp-json\/wp\/v2\/posts\/68383\/revisions\/68632"}],"wp:attachment":[{"href":"https:\/\/www.visit-ulcinj.com\/blog\/wp-json\/wp\/v2\/media?parent=68383"}],"wp:term":[{"taxonomy":"category","embeddable":true,"href":"https:\/\/www.visit-ulcinj.com\/blog\/wp-json\/wp\/v2\/categories?post=68383"},{"taxonomy":"post_tag","embeddable":true,"href":"https:\/\/www.visit-ulcinj.com\/blog\/wp-json\/wp\/v2\/tags?post=68383"}],"curies":[{"name":"wp","href":"https:\/\/api.w.org\/{rel}","templated":true}]}}