{"id":68391,"date":"2013-02-06T15:53:17","date_gmt":"2013-02-06T14:53:17","guid":{"rendered":"http:\/\/www.visit-ulcinj.com\/blog\/?p=68391"},"modified":"2013-02-09T00:41:04","modified_gmt":"2013-02-08T23:41:04","slug":"dua-ulcinju-traze-10-miliona-za-naselje-koje-nije-srusio-grad","status":"publish","type":"post","link":"https:\/\/www.visit-ulcinj.com\/blog\/2013\/02\/06\/dua-ulcinju-traze-10-miliona-za-naselje-koje-nije-srusio-grad\/","title":{"rendered":"DUA: Ulcinju tra\u017ee 10 miliona za naselje koje nije sru\u0161io grad"},"content":{"rendered":"<p><a href=\"http:\/\/www.visit-ulcinj.com\/blog\/wp-content\/uploads\/2013\/02\/Zona-naselje-K1-u-Stoju-Velika-Plaza-ulcinj.jpg\"><img loading=\"lazy\" class=\"alignleft  wp-image-68392\" alt=\"Zona naselje K1 u Stoju-Velika Plaza-ulcinj\" src=\"http:\/\/www.visit-ulcinj.com\/blog\/wp-content\/uploads\/2013\/02\/Zona-naselje-K1-u-Stoju-Velika-Plaza-ulcinj.jpg\" width=\"508\" height=\"360\" \/><\/a>\u201cPoslije niza pogre\u0161nih poteza u privatizaciji privrednih resursa op\u0161tine Ulcinj, gre\u0161ke koje su grad dovele maltene do prosja\u010dkog \u0161tapa, jer je privatizacija u Ulcinju ostavila bez posla preko 3.000 radnika i to u gradu od 20.000 stanovnika, izgleda da nisu dovoljne, pa se sada od grada tra\u017ei jo\u0161 dodatnih 10 miliona eura, kao od\u0161teta za poru\u0161eno naselje K1\u201d, navode se u saop\u0161tenju koje je Demokratska unija Albanaca proslijedila Portalu Analitika, uz pitanja &#8211; dokle uzimati od Ulcinja, kada \u0107e se s time stati i ima li koga u ovoj dr\u017eavi da stane u odbranu grada?<\/p>\n<p>Iz DUA podsje\u0107aju da naselje K1 nije sru\u0161emo po gradskoj odluci, ve\u0107 odlukom tada\u0161njih republi\u010dkih vlasti koje su se upla\u0161ile, tvrde iz DUA, da se u to naselje ne dosele kosovski Albanci.<\/p>\n<p>\u201cNema te novine koje nisu u to vrijeme pisale o opasnosti od postojanja tog naselja (pisalo se o hiljadama Albanaca koji \u0107e se doselit u Ulcinj sa podru\u010dja Kosova i o takozvanim perfidnim planovima \u2018iredente\u2019 o naseljavanju Ulcinja)\u201d, navodi se u saop\u0161tenju DUA.<\/p>\n<p>Iz partije se pitaju &#8211; treba li grad Ulcinj da plati i za pogre\u0161ne politi\u010dke poteze u\u010dinjene od strane tada\u0161njih rukovode\u0107ih struktura RCG koje su u svemu vidjele Albansku \u201ciredentu\u201d?<\/p>\n<p>\u201cU to vrijeme nisu se zadovoljavali samo hap\u0161enjima Albanaca i izbacivanjem istih sa posla, no su eufori\u010dno krenuli i na ru\u0161enje svega \u0161to je asociralo na Kosovo\u201d, navode iz DUA-e.<\/p>\n<p>\u201cSve bi se donekle moglo shvatiti tako \u0161to bismo sve to pripisali tada\u0161njim dnevno politi\u010dkim zbivanjima ali nikako ne prihvatamo da opet za sve te gre\u0161ke Albancima dostavljaju ra\u010duni. Progutali su Ulcinjani i aferu \u2018komarac\u2019, \u00a0kada je za 20 hiljada maraka op\u0161tina Ulcinj famoznom odlukom suda pla\u0107ala 200 hiljada maraka. I to ne bi bilo toliko tragi\u010dno, da nije uslijedio i niz drugih sudskih odluka \u00a0koje su o\u0161tetile op\u0161tinsku kasu za nekoliko miliona eura u zadnjih 20 godina. Sada se nagovje\u0161tava i obaveza od 10 miliona eura, pa kada se tome doda i totalno uni\u0161tena privreda onda se spravom pitamo ima li uop\u0161te prespektive za ovaj grad.<\/p>\n<p>Ulcinj nikome nije du\u017ean a jo\u0161 manje nekakvom Rekreatursu odnosno Atlas grupi, tvrde u DUA i pozivaju sve politi\u010dke strukture grada Ulcinja da zajedni\u010dkim naporima stanu na kraj \u201craznim otima\u010dinama koje ovaj grad vode u sunovrat\u201d.<\/p>\n<p>Iz DUA-e pozivaju na hitno sazivanje vanredne skup\u0161tine\u00a0 grada kojabi donijela odgovaraju\u0107e odluke.<\/p>\n<p><strong>Analitika &#8211; Informativni Portal<\/strong><\/p>\n","protected":false},"excerpt":{"rendered":"<p>\u201cPoslije niza pogre\u0161nih poteza u privatizaciji privrednih resursa op\u0161tine Ulcinj, gre\u0161ke koje su grad dovele maltene do prosja\u010dkog \u0161tapa, jer je privatizacija u Ulcinju ostavila bez posla preko 3.000 radnika i to u gradu od 20.000 stanovnika, izgleda da nisu dovoljne, pa se sada od grada tra\u017ei jo\u0161 dodatnih 10 miliona eura, kao od\u0161teta za [&hellip;]<\/p>\n","protected":false},"author":1,"featured_media":0,"comment_status":"open","ping_status":"closed","sticky":false,"template":"","format":"standard","meta":{"spay_email":"","jetpack_publicize_message":"","jetpack_is_tweetstorm":false,"jetpack_publicize_feature_enabled":true},"categories":[6950],"tags":[87,19],"jetpack_publicize_connections":[],"yoast_head":"<!-- This site is optimized with the Yoast SEO plugin v19.1 - https:\/\/yoast.com\/wordpress\/plugins\/seo\/ -->\n<title>DUA: Ulcinju tra\u017ee 10 miliona za naselje koje nije sru\u0161io grad - Lajme nga Ulqini<\/title>\n<meta name=\"description\" content=\"\u201cPoslije niza pogre\u0161nih poteza u privatizaciji privrednih resursa op\u0161tine Ulcinj, gre\u0161ke koje su grad dovele maltene do prosja\u010dkog \u0161tapa, jer je\" \/>\n<meta name=\"robots\" content=\"index, follow, max-snippet:-1, max-image-preview:large, max-video-preview:-1\" \/>\n<link rel=\"canonical\" href=\"https:\/\/www.visit-ulcinj.com\/blog\/2013\/02\/06\/dua-ulcinju-traze-10-miliona-za-naselje-koje-nije-srusio-grad\/\" \/>\n<meta property=\"og:locale\" content=\"en_US\" \/>\n<meta property=\"og:type\" content=\"article\" \/>\n<meta property=\"og:title\" content=\"DUA: Ulcinju tra\u017ee 10 miliona za naselje koje nije sru\u0161io grad - Lajme nga Ulqini\" \/>\n<meta property=\"og:description\" content=\"\u201cPoslije niza pogre\u0161nih poteza u privatizaciji privrednih resursa op\u0161tine Ulcinj, gre\u0161ke koje su grad dovele maltene do prosja\u010dkog \u0161tapa, jer je\" \/>\n<meta property=\"og:url\" content=\"https:\/\/www.visit-ulcinj.com\/blog\/2013\/02\/06\/dua-ulcinju-traze-10-miliona-za-naselje-koje-nije-srusio-grad\/\" \/>\n<meta property=\"og:site_name\" content=\"Lajme nga Ulqini\" \/>\n<meta property=\"article:published_time\" content=\"2013-02-06T14:53:17+00:00\" \/>\n<meta property=\"article:modified_time\" content=\"2013-02-08T23:41:04+00:00\" \/>\n<meta property=\"og:image\" content=\"http:\/\/www.visit-ulcinj.com\/blog\/wp-content\/uploads\/2013\/02\/Zona-naselje-K1-u-Stoju-Velika-Plaza-ulcinj.jpg\" \/>\n<meta name=\"twitter:label1\" content=\"Written by\" \/>\n\t<meta name=\"twitter:data1\" content=\"ulqini\" \/>\n\t<meta name=\"twitter:label2\" content=\"Est. reading time\" \/>\n\t<meta name=\"twitter:data2\" content=\"2 minutes\" \/>\n<script type=\"application\/ld+json\" class=\"yoast-schema-graph\">{\"@context\":\"https:\/\/schema.org\",\"@graph\":[{\"@type\":\"WebSite\",\"@id\":\"https:\/\/www.visit-ulcinj.com\/blog\/#website\",\"url\":\"https:\/\/www.visit-ulcinj.com\/blog\/\",\"name\":\"Lajme nga Ulqini\",\"description\":\"Lajme,Vijesti,Ulqini,Ulqin,Crna Gora,Mali i Zi\",\"potentialAction\":[{\"@type\":\"SearchAction\",\"target\":{\"@type\":\"EntryPoint\",\"urlTemplate\":\"https:\/\/www.visit-ulcinj.com\/blog\/?s={search_term_string}\"},\"query-input\":\"required name=search_term_string\"}],\"inLanguage\":\"en-US\"},{\"@type\":\"ImageObject\",\"inLanguage\":\"en-US\",\"@id\":\"https:\/\/www.visit-ulcinj.com\/blog\/2013\/02\/06\/dua-ulcinju-traze-10-miliona-za-naselje-koje-nije-srusio-grad\/#primaryimage\",\"url\":\"https:\/\/www.visit-ulcinj.com\/blog\/wp-content\/uploads\/2013\/02\/Zona-naselje-K1-u-Stoju-Velika-Plaza-ulcinj.jpg\",\"contentUrl\":\"https:\/\/www.visit-ulcinj.com\/blog\/wp-content\/uploads\/2013\/02\/Zona-naselje-K1-u-Stoju-Velika-Plaza-ulcinj.jpg\",\"width\":720,\"height\":468},{\"@type\":\"WebPage\",\"@id\":\"https:\/\/www.visit-ulcinj.com\/blog\/2013\/02\/06\/dua-ulcinju-traze-10-miliona-za-naselje-koje-nije-srusio-grad\/#webpage\",\"url\":\"https:\/\/www.visit-ulcinj.com\/blog\/2013\/02\/06\/dua-ulcinju-traze-10-miliona-za-naselje-koje-nije-srusio-grad\/\",\"name\":\"DUA: Ulcinju tra\u017ee 10 miliona za naselje koje nije sru\u0161io grad - Lajme nga Ulqini\",\"isPartOf\":{\"@id\":\"https:\/\/www.visit-ulcinj.com\/blog\/#website\"},\"primaryImageOfPage\":{\"@id\":\"https:\/\/www.visit-ulcinj.com\/blog\/2013\/02\/06\/dua-ulcinju-traze-10-miliona-za-naselje-koje-nije-srusio-grad\/#primaryimage\"},\"datePublished\":\"2013-02-06T14:53:17+00:00\",\"dateModified\":\"2013-02-08T23:41:04+00:00\",\"author\":{\"@id\":\"https:\/\/www.visit-ulcinj.com\/blog\/#\/schema\/person\/dcab619c614d3038751c63bc2aadc06d\"},\"description\":\"\u201cPoslije niza pogre\u0161nih poteza u privatizaciji privrednih resursa op\u0161tine Ulcinj, gre\u0161ke koje su grad dovele maltene do prosja\u010dkog \u0161tapa, jer je\",\"breadcrumb\":{\"@id\":\"https:\/\/www.visit-ulcinj.com\/blog\/2013\/02\/06\/dua-ulcinju-traze-10-miliona-za-naselje-koje-nije-srusio-grad\/#breadcrumb\"},\"inLanguage\":\"en-US\",\"potentialAction\":[{\"@type\":\"ReadAction\",\"target\":[\"https:\/\/www.visit-ulcinj.com\/blog\/2013\/02\/06\/dua-ulcinju-traze-10-miliona-za-naselje-koje-nije-srusio-grad\/\"]}]},{\"@type\":\"BreadcrumbList\",\"@id\":\"https:\/\/www.visit-ulcinj.com\/blog\/2013\/02\/06\/dua-ulcinju-traze-10-miliona-za-naselje-koje-nije-srusio-grad\/#breadcrumb\",\"itemListElement\":[{\"@type\":\"ListItem\",\"position\":1,\"name\":\"DUA: Ulcinju tra\u017ee 10 miliona za naselje koje nije sru\u0161io grad\"}]},{\"@type\":\"Person\",\"@id\":\"https:\/\/www.visit-ulcinj.com\/blog\/#\/schema\/person\/dcab619c614d3038751c63bc2aadc06d\",\"name\":\"ulqini\",\"sameAs\":[\"http:\/\/www.visit-ulcinj.com\"],\"url\":\"https:\/\/www.visit-ulcinj.com\/blog\/author\/admin\/\"}]}<\/script>\n<!-- \/ Yoast SEO plugin. -->","yoast_head_json":{"title":"DUA: Ulcinju tra\u017ee 10 miliona za naselje koje nije sru\u0161io grad - Lajme nga Ulqini","description":"\u201cPoslije niza pogre\u0161nih poteza u privatizaciji privrednih resursa op\u0161tine Ulcinj, gre\u0161ke koje su grad dovele maltene do prosja\u010dkog \u0161tapa, jer je","robots":{"index":"index","follow":"follow","max-snippet":"max-snippet:-1","max-image-preview":"max-image-preview:large","max-video-preview":"max-video-preview:-1"},"canonical":"https:\/\/www.visit-ulcinj.com\/blog\/2013\/02\/06\/dua-ulcinju-traze-10-miliona-za-naselje-koje-nije-srusio-grad\/","og_locale":"en_US","og_type":"article","og_title":"DUA: Ulcinju tra\u017ee 10 miliona za naselje koje nije sru\u0161io grad - Lajme nga Ulqini","og_description":"\u201cPoslije niza pogre\u0161nih poteza u privatizaciji privrednih resursa op\u0161tine Ulcinj, gre\u0161ke koje su grad dovele maltene do prosja\u010dkog \u0161tapa, jer je","og_url":"https:\/\/www.visit-ulcinj.com\/blog\/2013\/02\/06\/dua-ulcinju-traze-10-miliona-za-naselje-koje-nije-srusio-grad\/","og_site_name":"Lajme nga Ulqini","article_published_time":"2013-02-06T14:53:17+00:00","article_modified_time":"2013-02-08T23:41:04+00:00","og_image":[{"url":"http:\/\/www.visit-ulcinj.com\/blog\/wp-content\/uploads\/2013\/02\/Zona-naselje-K1-u-Stoju-Velika-Plaza-ulcinj.jpg"}],"twitter_misc":{"Written by":"ulqini","Est. reading time":"2 minutes"},"schema":{"@context":"https:\/\/schema.org","@graph":[{"@type":"WebSite","@id":"https:\/\/www.visit-ulcinj.com\/blog\/#website","url":"https:\/\/www.visit-ulcinj.com\/blog\/","name":"Lajme nga Ulqini","description":"Lajme,Vijesti,Ulqini,Ulqin,Crna Gora,Mali i Zi","potentialAction":[{"@type":"SearchAction","target":{"@type":"EntryPoint","urlTemplate":"https:\/\/www.visit-ulcinj.com\/blog\/?s={search_term_string}"},"query-input":"required name=search_term_string"}],"inLanguage":"en-US"},{"@type":"ImageObject","inLanguage":"en-US","@id":"https:\/\/www.visit-ulcinj.com\/blog\/2013\/02\/06\/dua-ulcinju-traze-10-miliona-za-naselje-koje-nije-srusio-grad\/#primaryimage","url":"https:\/\/www.visit-ulcinj.com\/blog\/wp-content\/uploads\/2013\/02\/Zona-naselje-K1-u-Stoju-Velika-Plaza-ulcinj.jpg","contentUrl":"https:\/\/www.visit-ulcinj.com\/blog\/wp-content\/uploads\/2013\/02\/Zona-naselje-K1-u-Stoju-Velika-Plaza-ulcinj.jpg","width":720,"height":468},{"@type":"WebPage","@id":"https:\/\/www.visit-ulcinj.com\/blog\/2013\/02\/06\/dua-ulcinju-traze-10-miliona-za-naselje-koje-nije-srusio-grad\/#webpage","url":"https:\/\/www.visit-ulcinj.com\/blog\/2013\/02\/06\/dua-ulcinju-traze-10-miliona-za-naselje-koje-nije-srusio-grad\/","name":"DUA: Ulcinju tra\u017ee 10 miliona za naselje koje nije sru\u0161io grad - Lajme nga Ulqini","isPartOf":{"@id":"https:\/\/www.visit-ulcinj.com\/blog\/#website"},"primaryImageOfPage":{"@id":"https:\/\/www.visit-ulcinj.com\/blog\/2013\/02\/06\/dua-ulcinju-traze-10-miliona-za-naselje-koje-nije-srusio-grad\/#primaryimage"},"datePublished":"2013-02-06T14:53:17+00:00","dateModified":"2013-02-08T23:41:04+00:00","author":{"@id":"https:\/\/www.visit-ulcinj.com\/blog\/#\/schema\/person\/dcab619c614d3038751c63bc2aadc06d"},"description":"\u201cPoslije niza pogre\u0161nih poteza u privatizaciji privrednih resursa op\u0161tine Ulcinj, gre\u0161ke koje su grad dovele maltene do prosja\u010dkog \u0161tapa, jer je","breadcrumb":{"@id":"https:\/\/www.visit-ulcinj.com\/blog\/2013\/02\/06\/dua-ulcinju-traze-10-miliona-za-naselje-koje-nije-srusio-grad\/#breadcrumb"},"inLanguage":"en-US","potentialAction":[{"@type":"ReadAction","target":["https:\/\/www.visit-ulcinj.com\/blog\/2013\/02\/06\/dua-ulcinju-traze-10-miliona-za-naselje-koje-nije-srusio-grad\/"]}]},{"@type":"BreadcrumbList","@id":"https:\/\/www.visit-ulcinj.com\/blog\/2013\/02\/06\/dua-ulcinju-traze-10-miliona-za-naselje-koje-nije-srusio-grad\/#breadcrumb","itemListElement":[{"@type":"ListItem","position":1,"name":"DUA: Ulcinju tra\u017ee 10 miliona za naselje koje nije sru\u0161io grad"}]},{"@type":"Person","@id":"https:\/\/www.visit-ulcinj.com\/blog\/#\/schema\/person\/dcab619c614d3038751c63bc2aadc06d","name":"ulqini","sameAs":["http:\/\/www.visit-ulcinj.com"],"url":"https:\/\/www.visit-ulcinj.com\/blog\/author\/admin\/"}]}},"jetpack_featured_media_url":"","jetpack_sharing_enabled":true,"jetpack_shortlink":"https:\/\/wp.me\/pe6lTn-hN5","_links":{"self":[{"href":"https:\/\/www.visit-ulcinj.com\/blog\/wp-json\/wp\/v2\/posts\/68391"}],"collection":[{"href":"https:\/\/www.visit-ulcinj.com\/blog\/wp-json\/wp\/v2\/posts"}],"about":[{"href":"https:\/\/www.visit-ulcinj.com\/blog\/wp-json\/wp\/v2\/types\/post"}],"author":[{"embeddable":true,"href":"https:\/\/www.visit-ulcinj.com\/blog\/wp-json\/wp\/v2\/users\/1"}],"replies":[{"embeddable":true,"href":"https:\/\/www.visit-ulcinj.com\/blog\/wp-json\/wp\/v2\/comments?post=68391"}],"version-history":[{"count":4,"href":"https:\/\/www.visit-ulcinj.com\/blog\/wp-json\/wp\/v2\/posts\/68391\/revisions"}],"predecessor-version":[{"id":68489,"href":"https:\/\/www.visit-ulcinj.com\/blog\/wp-json\/wp\/v2\/posts\/68391\/revisions\/68489"}],"wp:attachment":[{"href":"https:\/\/www.visit-ulcinj.com\/blog\/wp-json\/wp\/v2\/media?parent=68391"}],"wp:term":[{"taxonomy":"category","embeddable":true,"href":"https:\/\/www.visit-ulcinj.com\/blog\/wp-json\/wp\/v2\/categories?post=68391"},{"taxonomy":"post_tag","embeddable":true,"href":"https:\/\/www.visit-ulcinj.com\/blog\/wp-json\/wp\/v2\/tags?post=68391"}],"curies":[{"name":"wp","href":"https:\/\/api.w.org\/{rel}","templated":true}]}}