{"id":68399,"date":"2013-02-06T16:02:37","date_gmt":"2013-02-06T15:02:37","guid":{"rendered":"http:\/\/www.visit-ulcinj.com\/blog\/?p=68399"},"modified":"2013-02-09T09:11:54","modified_gmt":"2013-02-09T08:11:54","slug":"nimanbegu-ulqini-nuk-duhet-te-pranoje-planin-e-ministrise-se-shendetesise","status":"publish","type":"post","link":"https:\/\/www.visit-ulcinj.com\/blog\/2013\/02\/06\/nimanbegu-ulqini-nuk-duhet-te-pranoje-planin-e-ministrise-se-shendetesise\/","title":{"rendered":"Nimanbegu: Ulqini nuk duhet t\u00eb pranoj\u00eb planin e Ministris\u00eb s\u00eb Shendet\u00ebsis\u00eb"},"content":{"rendered":"<p align=\"right\">Ulqin me 06.02.2013<\/p>\n<p align=\"right\">Nr.06\/13<\/p>\n<p style=\"text-align: center;\"><strong>KUMTES\u00cb P\u00cbR OPINION<\/strong><\/p>\n<p style=\"text-align: center;\"><strong>Ulqini nuk duhet t\u00eb pranoj\u00eb planin e Ministris\u00eb s\u00eb Shendet\u00ebsis\u00eb<\/strong><\/p>\n<p><a href=\"http:\/\/www.visit-ulcinj.com\/blog\/wp-content\/uploads\/2013\/02\/gencinimanbegu1.jpg\"><img loading=\"lazy\" class=\"alignleft  wp-image-68400\" alt=\"gencinimanbegu\" src=\"http:\/\/www.visit-ulcinj.com\/blog\/wp-content\/uploads\/2013\/02\/gencinimanbegu1.jpg\" width=\"350\" height=\"400\" \/><\/a>Ulqini nuk duhet t\u00eb pranoj\u00eb planin e Ministris\u00eb s\u00eb Sh\u00ebndet\u00ebsis\u00eb q\u00eb Sht\u00ebpia e Sh\u00ebndetit t\u00eb bie n\u00ebn ingerencat e Qendr\u00ebs Sh\u00ebndet\u00ebsore Tivar!<\/p>\n<p>Komuna e Ulqinit dhe banor\u00ebt e saj me nostalgji \u00a0kujtojn\u00eb vitet kur\u00a0 Komunat kishin kompetenca shum\u00eb m\u00eb t\u00eb m\u00ebdha se n\u00eb dit\u00ebt e sotme dhe shum\u00eb t\u00eb drejta dhe vendime jetike vendoseshin n\u00eb nivelin komunal (si tatimet, arsimi , sh\u00ebndet\u00ebsia etj).<\/p>\n<p>K\u00ebshtu ishte edhe me nd\u00ebrmarrjet shtet\u00ebrore t\u00eb cilat udh\u00ebheq\u00ebsin e vet\u00eb e kishin n\u00eb Komun\u00eb (n\u00eb Ulqin), k\u00ebshtu q\u00eb me t\u00eb ardhurat dispononin dhe vendosnin n\u00eb po ato nd\u00ebrmarrje.<\/p>\n<p>Me fillimin e viteve t\u00eb \u201990-ta fillon procesi i kund\u00ebrt, kur Komunat n\u00eb p\u00ebrgjith\u00ebsi e Komuna e Ulqinit n\u00eb ve\u00e7anti vuan nga centralizimi i st\u00ebrtepruar n\u00eb Mal t\u00eb Zi.<\/p>\n<p>Me planin e \u201creformave dhe racionalizimit t\u00eb sh\u00ebrbimit sh\u00ebndet\u00ebsor\u00eb\u201d vendimarrja planifikohet t\u00eb zhvendoset\u00a0 n\u00eb Tivar. Me k\u00ebt\u00eb do t\u00eb p\u00ebrkeq\u00ebsohet \u00a0situata e punonj\u00ebsve n\u00eb institucionet e sh\u00ebndetit n\u00eb Ulqin. \u00c7far\u00ebdo racionalizimi dhe zvog\u00eblimi i shpenzimeve (\u201creformave dhe racionalizimeve&#8221;) t\u00eb jet\u00eb do t\u00eb rezultoj\u00eb me zvog\u00eblimin e sh\u00ebrbimeve dhe punonj\u00ebsve ne Ulqin, kurse Tivari do ti ruaj shum\u00eb m\u00eb tep\u00ebr pozicionet e veta (thjesht t\u00eb pun\u00ebsuarit e vet\u00eb). Shkurtimisht ato t\u00eb Tivarit do t\u00eb \u00e7ojn\u00eb ujin n\u00eb mullirin e vet\u00eb.<\/p>\n<p>Prandaj n\u00eb asnj\u00eb rast nuk duhet t\u00eb pranohet q\u00eb t\u00eb realizohet ky plan i Ministris\u00eb.<\/p>\n<p>P\u00ebr opinionin e gjer\u00eb duhet t\u00eb theksohet q\u00eb ky plan nuk \u00ebsht\u00eb i sotsh\u00ebm dhe k\u00ebtu nuk kan\u00eb gisht apo laps p\u00ebrfaq\u00ebsuesit e Forc\u00ebs.<\/p>\n<p>Ky plan \u00ebsht\u00eb rezultat nd\u00ebr t\u00eb tjera\u00a0 edhe i Planit Hap\u00ebsinor t\u00eb Malit t\u00eb Zi n\u00eb fuqi i cili \u00ebsht\u00eb \u00a0aprovuar n\u00eb vitin 2008 n\u00eb Parlamentin e MZ \u00a0me t\u00eb cilin Tivari p\u00ebrcaktohet si qend\u00ebr rajonale kurse Ulqini edhe pse \u00ebsht\u00eb \u201cqendra\u201d e Shqiptar\u00ebve n\u00eb MZ q\u00eb kan specifikat gjuh\u00ebsore, kulturore dhe shoq\u00ebrore mbet\u00ebt qend\u00ebr komunale pran\u00eb Tivarit.<\/p>\n<p>Kur Forca me vrull theksonte q\u00eb duhet\u00a0 ndryshuar ai plan partit\u00eb tjera flinin gjum\u00eb. Lideri i partis\u00eb Shqiptare n\u00eb pushtet t\u00eb asaj kohe e pranoi dhe e votoi n\u00eb Parlamentin e MZ dhe vulosi me at\u00eb plan edhe Kufirin e t\u00eb Mirave detare, Parkun Nacional n\u00eb Plav\u00eb dhe shum\u00eb t\u00eb tjera\u2026.te cilat do ti tregoje koha.<\/p>\n<p>Ka dy shembuj praktik\u00eb si mund t\u00eb rezultoj\u00eb Plani i \u201creform\u00ebs dhe racionalizimit\u201d t\u00eb sh\u00ebndet\u00ebsis\u00eb.<\/p>\n<p>Riviera e Ulqinit kundrejt Montenegro Turistit \u00a0si dhe Privatizimi i Telekom-it.<\/p>\n<p>Pasi q\u00eb Hoteleria e Ulqinit n\u00eb vitet e \u201980-ta b\u00ebhet pjes\u00eb e Montenegro Turistit me seli ne Budv\u00eb ndalet zhvillimi i Hotelieris\u00eb n\u00eb Ulqin. Sot ajo rezulton me nj\u00eb nd\u00ebrmarrje q\u00eb as nuk \u00ebsht\u00eb hija e nd\u00ebrmarrjes s\u00eb dikurshme; me privatizime t\u00eb d\u00ebshtuara dhe \u00e7ka \u00ebsht\u00eb m\u00eb tragjikja me zvog\u00eblimin e kapaciteteve, me njer\u00ebz t\u00eb papun\u00eb, lista fillon me Kampet Safari e Neptun dhe Vazhdon \u00a0me Galeb, Lido, Otrant, Mediteran, kurse Hotelet Belevue-ja dhe Olimpiku jan\u00eb Hotele me dy Yje!<\/p>\n<p>Rasti i Telekomit. N\u00eb vitin 2004 privatizohet kjo nd\u00ebrmarrje n\u00eb Mal t\u00eb Zi. N\u00eb at\u00eb moment n\u00eb Ulqin ka 42 apo 43 t\u00eb pun\u00ebsuar. Sot me 2013 Telekomi n\u00eb Ulqin ka m\u00eb pak se 9 t\u00eb pun\u00ebsuar dmth af\u00ebr 80% \u00ebsht\u00eb zvog\u00ebluar numri i t\u00eb pun\u00ebsuarve.<\/p>\n<p>Forca nuk \u00ebsht\u00eb e k\u00ebnaqur as me nivelin e deritanish\u00ebm t\u00eb sh\u00ebrbimeve sh\u00ebndet\u00ebsore n\u00eb Komun\u00ebn e Ulqinit. Materniteti kurr nuk ka marr funksionin e plot\u00eb t\u00eb tij p\u00ebr shkak t\u00eb pamund\u00ebsis\u00eb t\u00eb ket\u00eb repartin e kirurgjis\u00eb.<\/p>\n<p>Ndikimi i pushtetit lokal n\u00eb udh\u00ebheqjen e Sht\u00ebpis\u00eb s\u00eb Sh\u00ebndetit nuk ekziston.N\u00eb k\u00ebrkes\u00eb t\u00eb Komun\u00ebs q\u00eb t\u00eb ket\u00eb p\u00ebrfaq\u00ebsues t\u00eb vet\u00eb n\u00eb Bordin drejtues t\u00eb Sht\u00ebpis\u00eb s\u00eb sh\u00ebndetit, Ministria nuk ka nisur as edhe nj\u00eb p\u00ebrgjigje.<\/p>\n<p>Ndikimi i politik\u00ebs n\u00eb institucionet \u00a0publike si \u00a0sh\u00ebndet\u00ebsia dhe arsimi \u00ebsht\u00eb treguar si tejet i d\u00ebmsh\u00ebm p\u00ebr vet\u00eb ato institucione.<\/p>\n<p>Problemin e centralizimit t\u00eb tep\u00ebrt e kemi paraqitur dhe do t\u00eb vazhdojm\u00eb tju shprehim p\u00ebrfaq\u00ebsuesve t\u00eb Bashkimit Evropian.<\/p>\n<p>Mali i Zi duhet ecur drejt decentralizimit shum\u00eb shpejt dhe prej asaj varet a d\u00ebshirohet\u00a0 t\u00eb demokratizohet Mali i Zi apo Jo!<\/p>\n<p>Prandaj Ulqini nuk guxon t\u00eb pranoj\u00eb nj\u00eb plan t\u00eb till\u00eb,sepse \u00ebsht\u00eb i d\u00ebmsh\u00ebm dhe jo demokratik.<\/p>\n<p>Forca e re demokratike nuk e p\u00ebrkrah n\u00eb asnj\u00eb m\u00ebnyr\u00eb k\u00ebt\u00eb plan \u00a0t\u00eb Ministris\u00eb s\u00eb sh\u00ebndet\u00ebsis\u00eb dhe do t\u00eb k\u00ebrkoj\u00eb te Ministria e Sh\u00ebndet\u00ebsis\u00eb ndryshimin e k\u00ebtij plani n\u00eb favor t\u00eb Banor\u00ebve t\u00eb Komun\u00ebs s\u00eb Ulqinit.<\/p>\n<p><strong>Genci Nimanbegu<\/strong><\/p>\n<p><strong>Deputet i Forc\u00ebs s\u00eb re demokratike<\/strong><\/p>\n<div>\n<table cellspacing=\"0\" cellpadding=\"0\" align=\"center\">\n<tbody>\n<tr>\n<td align=\"left\" valign=\"top\">\n<p style=\"text-align: left;\">FORCA E RE DEMOKRATIKE<\/p>\n<p style=\"text-align: left;\">NOVA DEMOKRATSKA SNAGA<\/p>\n<p style=\"text-align: left;\">Bul. Skenderbeupn\/bb 85360 Ulqin\/Ulcinj<\/p>\n<p style=\"text-align: left;\">Tel:. +382 030 401 760 Fax:; +382 030 401 761<\/p>\n<p style=\"text-align: left;\">info@forca.me, www.forca.me<\/p>\n<\/td>\n<\/tr>\n<\/tbody>\n<\/table>\n<\/div>\n","protected":false},"excerpt":{"rendered":"<p>Ulqin me 06.02.2013 Nr.06\/13 KUMTES\u00cb P\u00cbR OPINION Ulqini nuk duhet t\u00eb pranoj\u00eb planin e Ministris\u00eb s\u00eb Shendet\u00ebsis\u00eb Ulqini nuk duhet t\u00eb pranoj\u00eb planin e Ministris\u00eb s\u00eb Sh\u00ebndet\u00ebsis\u00eb q\u00eb Sht\u00ebpia e Sh\u00ebndetit t\u00eb bie n\u00ebn ingerencat e Qendr\u00ebs Sh\u00ebndet\u00ebsore Tivar! Komuna e Ulqinit dhe banor\u00ebt e saj me nostalgji \u00a0kujtojn\u00eb vitet kur\u00a0 Komunat kishin kompetenca shum\u00eb [&hellip;]<\/p>\n","protected":false},"author":1,"featured_media":0,"comment_status":"open","ping_status":"closed","sticky":false,"template":"","format":"standard","meta":{"spay_email":"","jetpack_publicize_message":"","jetpack_is_tweetstorm":false,"jetpack_publicize_feature_enabled":true},"categories":[12],"tags":[200,18],"jetpack_publicize_connections":[],"yoast_head":"<!-- This site is optimized with the Yoast SEO plugin v19.1 - https:\/\/yoast.com\/wordpress\/plugins\/seo\/ -->\n<title>Nimanbegu: Ulqini nuk duhet t\u00eb pranoj\u00eb planin e Ministris\u00eb s\u00eb Shendet\u00ebsis\u00eb - Lajme nga Ulqini<\/title>\n<meta name=\"description\" content=\"Ulqin me 06.02.2013 Nr.06\/13 KUMTES\u00cb P\u00cbR OPINION Ulqini nuk duhet t\u00eb pranoj\u00eb planin e Ministris\u00eb s\u00eb Shendet\u00ebsis\u00eb Ulqini nuk duhet t\u00eb pranoj\u00eb planin e\" \/>\n<meta name=\"robots\" content=\"index, follow, max-snippet:-1, max-image-preview:large, max-video-preview:-1\" \/>\n<link rel=\"canonical\" href=\"https:\/\/www.visit-ulcinj.com\/blog\/2013\/02\/06\/nimanbegu-ulqini-nuk-duhet-te-pranoje-planin-e-ministrise-se-shendetesise\/\" \/>\n<meta property=\"og:locale\" content=\"en_US\" \/>\n<meta property=\"og:type\" content=\"article\" \/>\n<meta property=\"og:title\" content=\"Nimanbegu: Ulqini nuk duhet t\u00eb pranoj\u00eb planin e Ministris\u00eb s\u00eb Shendet\u00ebsis\u00eb - Lajme nga Ulqini\" \/>\n<meta property=\"og:description\" content=\"Ulqin me 06.02.2013 Nr.06\/13 KUMTES\u00cb P\u00cbR OPINION Ulqini nuk duhet t\u00eb pranoj\u00eb planin e Ministris\u00eb s\u00eb Shendet\u00ebsis\u00eb Ulqini nuk duhet t\u00eb pranoj\u00eb planin e\" \/>\n<meta property=\"og:url\" content=\"https:\/\/www.visit-ulcinj.com\/blog\/2013\/02\/06\/nimanbegu-ulqini-nuk-duhet-te-pranoje-planin-e-ministrise-se-shendetesise\/\" \/>\n<meta property=\"og:site_name\" content=\"Lajme nga Ulqini\" \/>\n<meta property=\"article:published_time\" content=\"2013-02-06T15:02:37+00:00\" \/>\n<meta property=\"article:modified_time\" content=\"2013-02-09T08:11:54+00:00\" \/>\n<meta property=\"og:image\" content=\"http:\/\/www.visit-ulcinj.com\/blog\/wp-content\/uploads\/2013\/02\/gencinimanbegu1.jpg\" \/>\n<meta name=\"twitter:label1\" content=\"Written by\" \/>\n\t<meta name=\"twitter:data1\" content=\"ulqini\" \/>\n\t<meta name=\"twitter:label2\" content=\"Est. reading time\" \/>\n\t<meta name=\"twitter:data2\" content=\"4 minutes\" \/>\n<script type=\"application\/ld+json\" class=\"yoast-schema-graph\">{\"@context\":\"https:\/\/schema.org\",\"@graph\":[{\"@type\":\"WebSite\",\"@id\":\"https:\/\/www.visit-ulcinj.com\/blog\/#website\",\"url\":\"https:\/\/www.visit-ulcinj.com\/blog\/\",\"name\":\"Lajme nga Ulqini\",\"description\":\"Lajme,Vijesti,Ulqini,Ulqin,Crna Gora,Mali i Zi\",\"potentialAction\":[{\"@type\":\"SearchAction\",\"target\":{\"@type\":\"EntryPoint\",\"urlTemplate\":\"https:\/\/www.visit-ulcinj.com\/blog\/?s={search_term_string}\"},\"query-input\":\"required name=search_term_string\"}],\"inLanguage\":\"en-US\"},{\"@type\":\"ImageObject\",\"inLanguage\":\"en-US\",\"@id\":\"https:\/\/www.visit-ulcinj.com\/blog\/2013\/02\/06\/nimanbegu-ulqini-nuk-duhet-te-pranoje-planin-e-ministrise-se-shendetesise\/#primaryimage\",\"url\":\"https:\/\/www.visit-ulcinj.com\/blog\/wp-content\/uploads\/2013\/02\/gencinimanbegu1.jpg\",\"contentUrl\":\"https:\/\/www.visit-ulcinj.com\/blog\/wp-content\/uploads\/2013\/02\/gencinimanbegu1.jpg\",\"width\":440,\"height\":580},{\"@type\":\"WebPage\",\"@id\":\"https:\/\/www.visit-ulcinj.com\/blog\/2013\/02\/06\/nimanbegu-ulqini-nuk-duhet-te-pranoje-planin-e-ministrise-se-shendetesise\/#webpage\",\"url\":\"https:\/\/www.visit-ulcinj.com\/blog\/2013\/02\/06\/nimanbegu-ulqini-nuk-duhet-te-pranoje-planin-e-ministrise-se-shendetesise\/\",\"name\":\"Nimanbegu: Ulqini nuk duhet t\u00eb pranoj\u00eb planin e Ministris\u00eb s\u00eb Shendet\u00ebsis\u00eb - Lajme nga Ulqini\",\"isPartOf\":{\"@id\":\"https:\/\/www.visit-ulcinj.com\/blog\/#website\"},\"primaryImageOfPage\":{\"@id\":\"https:\/\/www.visit-ulcinj.com\/blog\/2013\/02\/06\/nimanbegu-ulqini-nuk-duhet-te-pranoje-planin-e-ministrise-se-shendetesise\/#primaryimage\"},\"datePublished\":\"2013-02-06T15:02:37+00:00\",\"dateModified\":\"2013-02-09T08:11:54+00:00\",\"author\":{\"@id\":\"https:\/\/www.visit-ulcinj.com\/blog\/#\/schema\/person\/dcab619c614d3038751c63bc2aadc06d\"},\"description\":\"Ulqin me 06.02.2013 Nr.06\/13 KUMTES\u00cb P\u00cbR OPINION Ulqini nuk duhet t\u00eb pranoj\u00eb planin e Ministris\u00eb s\u00eb Shendet\u00ebsis\u00eb Ulqini nuk duhet t\u00eb pranoj\u00eb planin e\",\"breadcrumb\":{\"@id\":\"https:\/\/www.visit-ulcinj.com\/blog\/2013\/02\/06\/nimanbegu-ulqini-nuk-duhet-te-pranoje-planin-e-ministrise-se-shendetesise\/#breadcrumb\"},\"inLanguage\":\"en-US\",\"potentialAction\":[{\"@type\":\"ReadAction\",\"target\":[\"https:\/\/www.visit-ulcinj.com\/blog\/2013\/02\/06\/nimanbegu-ulqini-nuk-duhet-te-pranoje-planin-e-ministrise-se-shendetesise\/\"]}]},{\"@type\":\"BreadcrumbList\",\"@id\":\"https:\/\/www.visit-ulcinj.com\/blog\/2013\/02\/06\/nimanbegu-ulqini-nuk-duhet-te-pranoje-planin-e-ministrise-se-shendetesise\/#breadcrumb\",\"itemListElement\":[{\"@type\":\"ListItem\",\"position\":1,\"name\":\"Nimanbegu: Ulqini nuk duhet t\u00eb pranoj\u00eb planin e Ministris\u00eb s\u00eb Shendet\u00ebsis\u00eb\"}]},{\"@type\":\"Person\",\"@id\":\"https:\/\/www.visit-ulcinj.com\/blog\/#\/schema\/person\/dcab619c614d3038751c63bc2aadc06d\",\"name\":\"ulqini\",\"sameAs\":[\"http:\/\/www.visit-ulcinj.com\"],\"url\":\"https:\/\/www.visit-ulcinj.com\/blog\/author\/admin\/\"}]}<\/script>\n<!-- \/ Yoast SEO plugin. -->","yoast_head_json":{"title":"Nimanbegu: Ulqini nuk duhet t\u00eb pranoj\u00eb planin e Ministris\u00eb s\u00eb Shendet\u00ebsis\u00eb - Lajme nga Ulqini","description":"Ulqin me 06.02.2013 Nr.06\/13 KUMTES\u00cb P\u00cbR OPINION Ulqini nuk duhet t\u00eb pranoj\u00eb planin e Ministris\u00eb s\u00eb Shendet\u00ebsis\u00eb Ulqini nuk duhet t\u00eb pranoj\u00eb planin e","robots":{"index":"index","follow":"follow","max-snippet":"max-snippet:-1","max-image-preview":"max-image-preview:large","max-video-preview":"max-video-preview:-1"},"canonical":"https:\/\/www.visit-ulcinj.com\/blog\/2013\/02\/06\/nimanbegu-ulqini-nuk-duhet-te-pranoje-planin-e-ministrise-se-shendetesise\/","og_locale":"en_US","og_type":"article","og_title":"Nimanbegu: Ulqini nuk duhet t\u00eb pranoj\u00eb planin e Ministris\u00eb s\u00eb Shendet\u00ebsis\u00eb - Lajme nga Ulqini","og_description":"Ulqin me 06.02.2013 Nr.06\/13 KUMTES\u00cb P\u00cbR OPINION Ulqini nuk duhet t\u00eb pranoj\u00eb planin e Ministris\u00eb s\u00eb Shendet\u00ebsis\u00eb Ulqini nuk duhet t\u00eb pranoj\u00eb planin e","og_url":"https:\/\/www.visit-ulcinj.com\/blog\/2013\/02\/06\/nimanbegu-ulqini-nuk-duhet-te-pranoje-planin-e-ministrise-se-shendetesise\/","og_site_name":"Lajme nga Ulqini","article_published_time":"2013-02-06T15:02:37+00:00","article_modified_time":"2013-02-09T08:11:54+00:00","og_image":[{"url":"http:\/\/www.visit-ulcinj.com\/blog\/wp-content\/uploads\/2013\/02\/gencinimanbegu1.jpg"}],"twitter_misc":{"Written by":"ulqini","Est. reading time":"4 minutes"},"schema":{"@context":"https:\/\/schema.org","@graph":[{"@type":"WebSite","@id":"https:\/\/www.visit-ulcinj.com\/blog\/#website","url":"https:\/\/www.visit-ulcinj.com\/blog\/","name":"Lajme nga Ulqini","description":"Lajme,Vijesti,Ulqini,Ulqin,Crna Gora,Mali i Zi","potentialAction":[{"@type":"SearchAction","target":{"@type":"EntryPoint","urlTemplate":"https:\/\/www.visit-ulcinj.com\/blog\/?s={search_term_string}"},"query-input":"required name=search_term_string"}],"inLanguage":"en-US"},{"@type":"ImageObject","inLanguage":"en-US","@id":"https:\/\/www.visit-ulcinj.com\/blog\/2013\/02\/06\/nimanbegu-ulqini-nuk-duhet-te-pranoje-planin-e-ministrise-se-shendetesise\/#primaryimage","url":"https:\/\/www.visit-ulcinj.com\/blog\/wp-content\/uploads\/2013\/02\/gencinimanbegu1.jpg","contentUrl":"https:\/\/www.visit-ulcinj.com\/blog\/wp-content\/uploads\/2013\/02\/gencinimanbegu1.jpg","width":440,"height":580},{"@type":"WebPage","@id":"https:\/\/www.visit-ulcinj.com\/blog\/2013\/02\/06\/nimanbegu-ulqini-nuk-duhet-te-pranoje-planin-e-ministrise-se-shendetesise\/#webpage","url":"https:\/\/www.visit-ulcinj.com\/blog\/2013\/02\/06\/nimanbegu-ulqini-nuk-duhet-te-pranoje-planin-e-ministrise-se-shendetesise\/","name":"Nimanbegu: Ulqini nuk duhet t\u00eb pranoj\u00eb planin e Ministris\u00eb s\u00eb Shendet\u00ebsis\u00eb - Lajme nga Ulqini","isPartOf":{"@id":"https:\/\/www.visit-ulcinj.com\/blog\/#website"},"primaryImageOfPage":{"@id":"https:\/\/www.visit-ulcinj.com\/blog\/2013\/02\/06\/nimanbegu-ulqini-nuk-duhet-te-pranoje-planin-e-ministrise-se-shendetesise\/#primaryimage"},"datePublished":"2013-02-06T15:02:37+00:00","dateModified":"2013-02-09T08:11:54+00:00","author":{"@id":"https:\/\/www.visit-ulcinj.com\/blog\/#\/schema\/person\/dcab619c614d3038751c63bc2aadc06d"},"description":"Ulqin me 06.02.2013 Nr.06\/13 KUMTES\u00cb P\u00cbR OPINION Ulqini nuk duhet t\u00eb pranoj\u00eb planin e Ministris\u00eb s\u00eb Shendet\u00ebsis\u00eb Ulqini nuk duhet t\u00eb pranoj\u00eb planin e","breadcrumb":{"@id":"https:\/\/www.visit-ulcinj.com\/blog\/2013\/02\/06\/nimanbegu-ulqini-nuk-duhet-te-pranoje-planin-e-ministrise-se-shendetesise\/#breadcrumb"},"inLanguage":"en-US","potentialAction":[{"@type":"ReadAction","target":["https:\/\/www.visit-ulcinj.com\/blog\/2013\/02\/06\/nimanbegu-ulqini-nuk-duhet-te-pranoje-planin-e-ministrise-se-shendetesise\/"]}]},{"@type":"BreadcrumbList","@id":"https:\/\/www.visit-ulcinj.com\/blog\/2013\/02\/06\/nimanbegu-ulqini-nuk-duhet-te-pranoje-planin-e-ministrise-se-shendetesise\/#breadcrumb","itemListElement":[{"@type":"ListItem","position":1,"name":"Nimanbegu: Ulqini nuk duhet t\u00eb pranoj\u00eb planin e Ministris\u00eb s\u00eb Shendet\u00ebsis\u00eb"}]},{"@type":"Person","@id":"https:\/\/www.visit-ulcinj.com\/blog\/#\/schema\/person\/dcab619c614d3038751c63bc2aadc06d","name":"ulqini","sameAs":["http:\/\/www.visit-ulcinj.com"],"url":"https:\/\/www.visit-ulcinj.com\/blog\/author\/admin\/"}]}},"jetpack_featured_media_url":"","jetpack_sharing_enabled":true,"jetpack_shortlink":"https:\/\/wp.me\/pe6lTn-hNd","_links":{"self":[{"href":"https:\/\/www.visit-ulcinj.com\/blog\/wp-json\/wp\/v2\/posts\/68399"}],"collection":[{"href":"https:\/\/www.visit-ulcinj.com\/blog\/wp-json\/wp\/v2\/posts"}],"about":[{"href":"https:\/\/www.visit-ulcinj.com\/blog\/wp-json\/wp\/v2\/types\/post"}],"author":[{"embeddable":true,"href":"https:\/\/www.visit-ulcinj.com\/blog\/wp-json\/wp\/v2\/users\/1"}],"replies":[{"embeddable":true,"href":"https:\/\/www.visit-ulcinj.com\/blog\/wp-json\/wp\/v2\/comments?post=68399"}],"version-history":[{"count":3,"href":"https:\/\/www.visit-ulcinj.com\/blog\/wp-json\/wp\/v2\/posts\/68399\/revisions"}],"predecessor-version":[{"id":68520,"href":"https:\/\/www.visit-ulcinj.com\/blog\/wp-json\/wp\/v2\/posts\/68399\/revisions\/68520"}],"wp:attachment":[{"href":"https:\/\/www.visit-ulcinj.com\/blog\/wp-json\/wp\/v2\/media?parent=68399"}],"wp:term":[{"taxonomy":"category","embeddable":true,"href":"https:\/\/www.visit-ulcinj.com\/blog\/wp-json\/wp\/v2\/categories?post=68399"},{"taxonomy":"post_tag","embeddable":true,"href":"https:\/\/www.visit-ulcinj.com\/blog\/wp-json\/wp\/v2\/tags?post=68399"}],"curies":[{"name":"wp","href":"https:\/\/api.w.org\/{rel}","templated":true}]}}