{"id":684,"date":"2008-02-28T04:07:19","date_gmt":"2008-02-28T09:07:19","guid":{"rendered":"http:\/\/www.visit-ulcinj.com\/blog\/2008\/02\/28\/kandidat-pzp-za-predsjednika-crne-gore-nebojsedojevic-se-zalozio-za-institucionalizaciju-dijasporea-m\/"},"modified":"2008-02-28T04:10:59","modified_gmt":"2008-02-28T09:10:59","slug":"kandidat-pzp-za-predsjednika-crne-gore-nebojsedojevic-se-zalozio-za-institucionalizaciju-dijasporea-m","status":"publish","type":"post","link":"https:\/\/www.visit-ulcinj.com\/blog\/2008\/02\/28\/kandidat-pzp-za-predsjednika-crne-gore-nebojsedojevic-se-zalozio-za-institucionalizaciju-dijasporea-m\/","title":{"rendered":"Kandidat pzp za predsjednika crne gore Neboj\u0161a Medojevi? se zalo\u017eio za institucionalizaciju dijasporea"},"content":{"rendered":"<p><img loading=\"lazy\" src=\"http:\/\/upload.wikimedia.org\/wikipedia\/en\/thumb\/5\/57\/Nebojsa_Medojevic.jpg\/180px-Nebojsa_Medojevic.jpg\" align=\"left\" height=\"231\" width=\"180\" \/><strong>Iseljenici nijesu samo rezervno bira?ko tijelo<\/strong><br \/>\nPodgorica, 26. februara &#8211; Kandidat Pokreta za promjene Neboj\u0161a Medojevi? za predsjednika Crne Gore rekao je da ?e se, ukoliko pobijedi na izborima, zalagati za institucionalizaciju saradnje sa dijasporom. &#8211; Aktuelna vlast crnogorske iseljenike do\u017eivljava isklju?ivo kao rezervno bira?ko tijelo i dopunski izvor finansiranja najsiroma\u0161nijih stanovnika, posebno onih na sjeveru i u Malesiji i Ulcinju, kazao je Medojevi?. On je ocijenio i da je crnogorska mre\u017ea diplomatskih predstavni\u0161tava nedovoljno razvijena, neefikasna i nestru?na .<br \/>\n&#8211; Crnogorski gra?ani u dijaspori imaju zna?ajan kapital, ali ne \u017eele da ula\u017eu u Crnu Goru, jer su bili prevareni u pro\u0161losti vi\u0161e puta i danas ne vjeruju, dr\u017eavi, bankama i lokalnim biznismenima. Klju? za ulaganje kapitala dijaspore u domovini je u povratku povjerenja i obezbje?ivanju neophodnih garancija i podsticaja od strane Vlade i institucija matice, istakao je Medojevi?. On je poru?io da ?e se, kao predsjednik Crne Gore, zalagati da se hitno oformi nezavisna dr\u017eavna ustanova za odnose sa dijasporom, u ?ijoj ?e upravi biti i li?nosti iz dijaspore sa autoritetom. Medojevi? sugeri\u0161e da bogati iseljenici odmah da po?nu sa planovima i inicijativama da se napravi jedan privatni investicioni fond za ulaganje u domovinu.<br \/>\nNavode?i da Demokratska partija socijalista, u strahu od gubitka izbora, \u00bbponovo aktivira svoje mehanizme &#8211; besplatni avio prevoz\u00ab, on je rekao da ?e PZP tra\u017eiti od Montenegroerlajnza da im dostavi spisak ?arter letova i specifikaciju ko ih pla?a, kako bi svi u?esnici izborne trke imali ravnopravan tretman.<br \/>\nOdgovaraju?i na pitanje da li bi, kao predsjednik Crne Gore, pomogao registraciju Crnogorske pravoslavne crkve u Srbiji, on je rekao da to pitanje treba da rje\u0161avaju vjernici i religiozne i vjerske institucije.<br \/>\n&#8211; Nije posao predsjednika da se mije\u0161a u crkvene poslove i ja ?u se toga pridr\u017eavati, za razliku od Vujanovi?a, koji je zloupotrebljavao vjerska pitanja, zaklju?io je Medojevi?.<\/p>\n<p>O Kosovu nakon konsultacija sa Briselom<\/p>\n<p>Medojevi? je kazao da niko od Crne Gore ne o?ekuje eksplicitan odgovor o nezavisnosti Kosova i da ta odluka treba da bude pa\u017eljivo donesena kao plod konsultacija sa Briselom.<br \/>\n&#8211; Niko se od velikih institucija nije se oglasio povodom tog pitanja. Crna Gora mora biti oprezna i sam ?u u?estvovati u ozbiljnim regionalnim i evropskim konsultacijama o tom pitanju, istakao je lider PZP-a.<\/p>\n<p>Medojevi? pozvao Vujanovi?a na TV duel<\/p>\n<p>Medojevi? je ocijenio da jedino on ima predsjedni?ki program i pozvao kandidata vladaju?e koalicije Filipa Vujanovi?a na TV duel.<br \/>\n&#8211; O?igledno je da svi moji protivkandidati imaju samo jedan program, a to sam ja, kazao je Medojevi? na konferenciji za novinare. On je naveo da se Vujanovi? i na prvom predizbornom skupu u Baru bavio kandidatom PZP.<br \/>\n&#8211; Bilo bi korektno da Vujanovi? kao predsjedni?ki kandidat vlasti prihvati da razmijenimo mi\u0161ljenja i stavove, ako ga tata pusti. Ako ga tata ne pusti, ja ?u ga zamoliti kada budemo imali raspravu o Vladi u parlamentu, da ga pusti i da poku\u0161amo da raspravimo sve stvari o kojima Vujanovi? \u017eeli da polemi\u0161e sa mnom, kazao je Medojevi?.<\/p>\n<p>D.?.<br \/>\nwww.pobjeda.co.yu<\/p>\n","protected":false},"excerpt":{"rendered":"<p><img loading=\"lazy\" src=\"http:\/\/upload.wikimedia.org\/wikipedia\/en\/thumb\/5\/57\/Nebojsa_Medojevic.jpg\/180px-Nebojsa_Medojevic.jpg\" align=\"left\" height=\"140\" width=\"140\" \/><\/p>\n","protected":false},"author":1,"featured_media":0,"comment_status":"open","ping_status":"closed","sticky":false,"template":"","format":"standard","meta":{"spay_email":"","jetpack_publicize_message":"","jetpack_is_tweetstorm":false,"jetpack_publicize_feature_enabled":true},"categories":[6],"tags":[1991,1993,90,1990,1983,1339,1393,1434,1985,1992,49,803,1603,92,1336,1854,1884],"jetpack_publicize_connections":[],"yoast_head":"<!-- This site is optimized with the Yoast SEO plugin v19.1 - https:\/\/yoast.com\/wordpress\/plugins\/seo\/ -->\n<title>Kandidat pzp za predsjednika crne gore Neboj\u0161a Medojevi? se zalo\u017eio za institucionalizaciju dijasporea - Lajme nga Ulqini<\/title>\n<meta name=\"robots\" content=\"index, follow, max-snippet:-1, max-image-preview:large, max-video-preview:-1\" \/>\n<link rel=\"canonical\" href=\"https:\/\/www.visit-ulcinj.com\/blog\/2008\/02\/28\/kandidat-pzp-za-predsjednika-crne-gore-nebojsedojevic-se-zalozio-za-institucionalizaciju-dijasporea-m\/\" \/>\n<meta property=\"og:locale\" content=\"en_US\" \/>\n<meta property=\"og:type\" content=\"article\" \/>\n<meta property=\"og:title\" content=\"Kandidat pzp za predsjednika crne gore Neboj\u0161a Medojevi? se zalo\u017eio za institucionalizaciju dijasporea - Lajme nga Ulqini\" \/>\n<meta property=\"og:url\" content=\"https:\/\/www.visit-ulcinj.com\/blog\/2008\/02\/28\/kandidat-pzp-za-predsjednika-crne-gore-nebojsedojevic-se-zalozio-za-institucionalizaciju-dijasporea-m\/\" \/>\n<meta property=\"og:site_name\" content=\"Lajme nga Ulqini\" \/>\n<meta property=\"article:published_time\" content=\"2008-02-28T09:07:19+00:00\" \/>\n<meta property=\"article:modified_time\" content=\"2008-02-28T09:10:59+00:00\" \/>\n<meta property=\"og:image\" content=\"http:\/\/upload.wikimedia.org\/wikipedia\/en\/thumb\/5\/57\/Nebojsa_Medojevic.jpg\/180px-Nebojsa_Medojevic.jpg\" \/>\n<meta name=\"twitter:label1\" content=\"Written by\" \/>\n\t<meta name=\"twitter:data1\" content=\"ulqini\" \/>\n\t<meta name=\"twitter:label2\" content=\"Est. reading time\" \/>\n\t<meta name=\"twitter:data2\" content=\"3 minutes\" \/>\n<script type=\"application\/ld+json\" class=\"yoast-schema-graph\">{\"@context\":\"https:\/\/schema.org\",\"@graph\":[{\"@type\":\"WebSite\",\"@id\":\"https:\/\/www.visit-ulcinj.com\/blog\/#website\",\"url\":\"https:\/\/www.visit-ulcinj.com\/blog\/\",\"name\":\"Lajme nga Ulqini\",\"description\":\"Lajme,Vijesti,Ulqini,Ulqin,Crna Gora,Mali i Zi\",\"potentialAction\":[{\"@type\":\"SearchAction\",\"target\":{\"@type\":\"EntryPoint\",\"urlTemplate\":\"https:\/\/www.visit-ulcinj.com\/blog\/?s={search_term_string}\"},\"query-input\":\"required name=search_term_string\"}],\"inLanguage\":\"en-US\"},{\"@type\":\"ImageObject\",\"inLanguage\":\"en-US\",\"@id\":\"https:\/\/www.visit-ulcinj.com\/blog\/2008\/02\/28\/kandidat-pzp-za-predsjednika-crne-gore-nebojsedojevic-se-zalozio-za-institucionalizaciju-dijasporea-m\/#primaryimage\",\"url\":\"http:\/\/upload.wikimedia.org\/wikipedia\/en\/thumb\/5\/57\/Nebojsa_Medojevic.jpg\/180px-Nebojsa_Medojevic.jpg\",\"contentUrl\":\"http:\/\/upload.wikimedia.org\/wikipedia\/en\/thumb\/5\/57\/Nebojsa_Medojevic.jpg\/180px-Nebojsa_Medojevic.jpg\"},{\"@type\":\"WebPage\",\"@id\":\"https:\/\/www.visit-ulcinj.com\/blog\/2008\/02\/28\/kandidat-pzp-za-predsjednika-crne-gore-nebojsedojevic-se-zalozio-za-institucionalizaciju-dijasporea-m\/#webpage\",\"url\":\"https:\/\/www.visit-ulcinj.com\/blog\/2008\/02\/28\/kandidat-pzp-za-predsjednika-crne-gore-nebojsedojevic-se-zalozio-za-institucionalizaciju-dijasporea-m\/\",\"name\":\"Kandidat pzp za predsjednika crne gore Neboj\u0161a Medojevi? se zalo\u017eio za institucionalizaciju dijasporea - Lajme nga Ulqini\",\"isPartOf\":{\"@id\":\"https:\/\/www.visit-ulcinj.com\/blog\/#website\"},\"primaryImageOfPage\":{\"@id\":\"https:\/\/www.visit-ulcinj.com\/blog\/2008\/02\/28\/kandidat-pzp-za-predsjednika-crne-gore-nebojsedojevic-se-zalozio-za-institucionalizaciju-dijasporea-m\/#primaryimage\"},\"datePublished\":\"2008-02-28T09:07:19+00:00\",\"dateModified\":\"2008-02-28T09:10:59+00:00\",\"author\":{\"@id\":\"https:\/\/www.visit-ulcinj.com\/blog\/#\/schema\/person\/dcab619c614d3038751c63bc2aadc06d\"},\"breadcrumb\":{\"@id\":\"https:\/\/www.visit-ulcinj.com\/blog\/2008\/02\/28\/kandidat-pzp-za-predsjednika-crne-gore-nebojsedojevic-se-zalozio-za-institucionalizaciju-dijasporea-m\/#breadcrumb\"},\"inLanguage\":\"en-US\",\"potentialAction\":[{\"@type\":\"ReadAction\",\"target\":[\"https:\/\/www.visit-ulcinj.com\/blog\/2008\/02\/28\/kandidat-pzp-za-predsjednika-crne-gore-nebojsedojevic-se-zalozio-za-institucionalizaciju-dijasporea-m\/\"]}]},{\"@type\":\"BreadcrumbList\",\"@id\":\"https:\/\/www.visit-ulcinj.com\/blog\/2008\/02\/28\/kandidat-pzp-za-predsjednika-crne-gore-nebojsedojevic-se-zalozio-za-institucionalizaciju-dijasporea-m\/#breadcrumb\",\"itemListElement\":[{\"@type\":\"ListItem\",\"position\":1,\"name\":\"Kandidat pzp za predsjednika crne gore Neboj\u0161a Medojevi? se zalo\u017eio za institucionalizaciju dijasporea\"}]},{\"@type\":\"Person\",\"@id\":\"https:\/\/www.visit-ulcinj.com\/blog\/#\/schema\/person\/dcab619c614d3038751c63bc2aadc06d\",\"name\":\"ulqini\",\"sameAs\":[\"http:\/\/www.visit-ulcinj.com\"],\"url\":\"https:\/\/www.visit-ulcinj.com\/blog\/author\/admin\/\"}]}<\/script>\n<!-- \/ Yoast SEO plugin. -->","yoast_head_json":{"title":"Kandidat pzp za predsjednika crne gore Neboj\u0161a Medojevi? se zalo\u017eio za institucionalizaciju dijasporea - Lajme nga Ulqini","robots":{"index":"index","follow":"follow","max-snippet":"max-snippet:-1","max-image-preview":"max-image-preview:large","max-video-preview":"max-video-preview:-1"},"canonical":"https:\/\/www.visit-ulcinj.com\/blog\/2008\/02\/28\/kandidat-pzp-za-predsjednika-crne-gore-nebojsedojevic-se-zalozio-za-institucionalizaciju-dijasporea-m\/","og_locale":"en_US","og_type":"article","og_title":"Kandidat pzp za predsjednika crne gore Neboj\u0161a Medojevi? se zalo\u017eio za institucionalizaciju dijasporea - Lajme nga Ulqini","og_url":"https:\/\/www.visit-ulcinj.com\/blog\/2008\/02\/28\/kandidat-pzp-za-predsjednika-crne-gore-nebojsedojevic-se-zalozio-za-institucionalizaciju-dijasporea-m\/","og_site_name":"Lajme nga Ulqini","article_published_time":"2008-02-28T09:07:19+00:00","article_modified_time":"2008-02-28T09:10:59+00:00","og_image":[{"url":"http:\/\/upload.wikimedia.org\/wikipedia\/en\/thumb\/5\/57\/Nebojsa_Medojevic.jpg\/180px-Nebojsa_Medojevic.jpg"}],"twitter_misc":{"Written by":"ulqini","Est. reading time":"3 minutes"},"schema":{"@context":"https:\/\/schema.org","@graph":[{"@type":"WebSite","@id":"https:\/\/www.visit-ulcinj.com\/blog\/#website","url":"https:\/\/www.visit-ulcinj.com\/blog\/","name":"Lajme nga Ulqini","description":"Lajme,Vijesti,Ulqini,Ulqin,Crna Gora,Mali i Zi","potentialAction":[{"@type":"SearchAction","target":{"@type":"EntryPoint","urlTemplate":"https:\/\/www.visit-ulcinj.com\/blog\/?s={search_term_string}"},"query-input":"required name=search_term_string"}],"inLanguage":"en-US"},{"@type":"ImageObject","inLanguage":"en-US","@id":"https:\/\/www.visit-ulcinj.com\/blog\/2008\/02\/28\/kandidat-pzp-za-predsjednika-crne-gore-nebojsedojevic-se-zalozio-za-institucionalizaciju-dijasporea-m\/#primaryimage","url":"http:\/\/upload.wikimedia.org\/wikipedia\/en\/thumb\/5\/57\/Nebojsa_Medojevic.jpg\/180px-Nebojsa_Medojevic.jpg","contentUrl":"http:\/\/upload.wikimedia.org\/wikipedia\/en\/thumb\/5\/57\/Nebojsa_Medojevic.jpg\/180px-Nebojsa_Medojevic.jpg"},{"@type":"WebPage","@id":"https:\/\/www.visit-ulcinj.com\/blog\/2008\/02\/28\/kandidat-pzp-za-predsjednika-crne-gore-nebojsedojevic-se-zalozio-za-institucionalizaciju-dijasporea-m\/#webpage","url":"https:\/\/www.visit-ulcinj.com\/blog\/2008\/02\/28\/kandidat-pzp-za-predsjednika-crne-gore-nebojsedojevic-se-zalozio-za-institucionalizaciju-dijasporea-m\/","name":"Kandidat pzp za predsjednika crne gore Neboj\u0161a Medojevi? se zalo\u017eio za institucionalizaciju dijasporea - Lajme nga Ulqini","isPartOf":{"@id":"https:\/\/www.visit-ulcinj.com\/blog\/#website"},"primaryImageOfPage":{"@id":"https:\/\/www.visit-ulcinj.com\/blog\/2008\/02\/28\/kandidat-pzp-za-predsjednika-crne-gore-nebojsedojevic-se-zalozio-za-institucionalizaciju-dijasporea-m\/#primaryimage"},"datePublished":"2008-02-28T09:07:19+00:00","dateModified":"2008-02-28T09:10:59+00:00","author":{"@id":"https:\/\/www.visit-ulcinj.com\/blog\/#\/schema\/person\/dcab619c614d3038751c63bc2aadc06d"},"breadcrumb":{"@id":"https:\/\/www.visit-ulcinj.com\/blog\/2008\/02\/28\/kandidat-pzp-za-predsjednika-crne-gore-nebojsedojevic-se-zalozio-za-institucionalizaciju-dijasporea-m\/#breadcrumb"},"inLanguage":"en-US","potentialAction":[{"@type":"ReadAction","target":["https:\/\/www.visit-ulcinj.com\/blog\/2008\/02\/28\/kandidat-pzp-za-predsjednika-crne-gore-nebojsedojevic-se-zalozio-za-institucionalizaciju-dijasporea-m\/"]}]},{"@type":"BreadcrumbList","@id":"https:\/\/www.visit-ulcinj.com\/blog\/2008\/02\/28\/kandidat-pzp-za-predsjednika-crne-gore-nebojsedojevic-se-zalozio-za-institucionalizaciju-dijasporea-m\/#breadcrumb","itemListElement":[{"@type":"ListItem","position":1,"name":"Kandidat pzp za predsjednika crne gore Neboj\u0161a Medojevi? se zalo\u017eio za institucionalizaciju dijasporea"}]},{"@type":"Person","@id":"https:\/\/www.visit-ulcinj.com\/blog\/#\/schema\/person\/dcab619c614d3038751c63bc2aadc06d","name":"ulqini","sameAs":["http:\/\/www.visit-ulcinj.com"],"url":"https:\/\/www.visit-ulcinj.com\/blog\/author\/admin\/"}]}},"jetpack_featured_media_url":"","jetpack_sharing_enabled":true,"jetpack_shortlink":"https:\/\/wp.me\/pe6lTn-b2","_links":{"self":[{"href":"https:\/\/www.visit-ulcinj.com\/blog\/wp-json\/wp\/v2\/posts\/684"}],"collection":[{"href":"https:\/\/www.visit-ulcinj.com\/blog\/wp-json\/wp\/v2\/posts"}],"about":[{"href":"https:\/\/www.visit-ulcinj.com\/blog\/wp-json\/wp\/v2\/types\/post"}],"author":[{"embeddable":true,"href":"https:\/\/www.visit-ulcinj.com\/blog\/wp-json\/wp\/v2\/users\/1"}],"replies":[{"embeddable":true,"href":"https:\/\/www.visit-ulcinj.com\/blog\/wp-json\/wp\/v2\/comments?post=684"}],"version-history":[{"count":0,"href":"https:\/\/www.visit-ulcinj.com\/blog\/wp-json\/wp\/v2\/posts\/684\/revisions"}],"wp:attachment":[{"href":"https:\/\/www.visit-ulcinj.com\/blog\/wp-json\/wp\/v2\/media?parent=684"}],"wp:term":[{"taxonomy":"category","embeddable":true,"href":"https:\/\/www.visit-ulcinj.com\/blog\/wp-json\/wp\/v2\/categories?post=684"},{"taxonomy":"post_tag","embeddable":true,"href":"https:\/\/www.visit-ulcinj.com\/blog\/wp-json\/wp\/v2\/tags?post=684"}],"curies":[{"name":"wp","href":"https:\/\/api.w.org\/{rel}","templated":true}]}}