{"id":68403,"date":"2013-02-06T19:28:55","date_gmt":"2013-02-06T18:28:55","guid":{"rendered":"http:\/\/www.visit-ulcinj.com\/blog\/?p=68403"},"modified":"2013-02-06T19:32:54","modified_gmt":"2013-02-06T18:32:54","slug":"genci-nimanbegu-ulcinj-ne-treba-da-prihvati-plan-ministarstva-zdravlja","status":"publish","type":"post","link":"https:\/\/www.visit-ulcinj.com\/blog\/2013\/02\/06\/genci-nimanbegu-ulcinj-ne-treba-da-prihvati-plan-ministarstva-zdravlja\/","title":{"rendered":"Genci Nimanbegu: Ulcinj ne treba da prihvati plan Ministarstva zdravlja"},"content":{"rendered":"<p><a href=\"http:\/\/www.visit-ulcinj.com\/blog\/wp-content\/uploads\/2013\/02\/GenciNimanbegu_Ulqin_Ulcinj.jpg\"><img loading=\"lazy\" class=\"alignleft  wp-image-68404\" alt=\"GenciNimanbegu_Ulqin_Ulcinj\" src=\"http:\/\/www.visit-ulcinj.com\/blog\/wp-content\/uploads\/2013\/02\/GenciNimanbegu_Ulqin_Ulcinj.jpg\" width=\"350\" height=\"400\" \/><\/a>Poslanik Nove demokratske snage- Forca Genci Nimanbegu, saop\u0161tio je da op\u0161tina Ulcinj ne treba da prihvati plan Ministarstva zdravlja, da Dom zdravlja Ulcinj podpadne pod ingerencijom Zdravstvenog centra u Baru.<\/p>\n<p>-Ulcinj ne treba da prihvati plan Ministarstva zdravlja da Dom zdravlja Ulcinj podpadne pod ingerencijom Zdravstvenog centra u Baru! Op\u0161tina Ulcinj i njeni gra\u0111ani se sa nostalgijom prisje\u0107aju na godine, kada je op\u0161tina imala mnogo ve\u0107e kompetencije nego na dana\u0161nje dane kada su se mnoga prava i \u017eivotne odluke odlu\u010divale na lokalnom nivou (porezi i takse, obrazovanje, zdravstvo, i dr.), saop\u0161tio je Nimanbegu Portalu Analitika.<\/p>\n<p>Kako je dodao, Ovo je bio slu\u010daj i sa dr\u017eavnim preduze\u0107ima koje su rukovodstva imale u op\u0161tini tako da su sa prihodima raspolagali i odlu\u010divali u samim tim preduze\u0107ima.<\/p>\n<p>&#8211; Sa po\u010detkom\u00a0 \u201990-tih godina po\u010dinje suprotni proces, kada op\u0161tine u cjelini a Op\u0161tina Ulcinj posebno, pate od prekomjerne centralizacije u Crnoj Gori. Sa planom za \u201creforme i racionalizaciju zdravstvenih usluga\u201d planira se da\u00a0 Dom zdravlja Ulcinj dodje pod nadle\u017enost Bara. S ovim \u0107e se pogor\u0161ati situacija radnika u Zdravstvenoj ustanovi u Ulcinj. Bilo kakva racionalizacija ili smanjenje potro\u0161nje (\u201creforme i racionalizacija\u201d) rezultira\u0107e sa smanjenjem usluga i radnika u Ulcinju, dok \u0107e Bar mnogo vi\u0161e \u010duvati svoje pozicije (tj.svoje zaposlene). Skra\u0107eno Barani \u0107e svoju vodu usmjeriti u svoj mlin, kazao je Nimanbegu, dodaju\u0107i da se ni u kom slu\u010daju nesmije prihvatiti realizacija ovog plana Ministrastva.<\/p>\n<p>&#8211; Za \u0161iru javnost se treba naglasiti i to da ovaj plan nije sada\u0161nji i da u tome nemaju prst ili niti olovku predstavnici Force. Ovaj plan je izme\u0111u ostalog i rezultat va\u017ee\u0107eg Prostornog plana Crne Gore koji je usvojen 2008. godine u Skup\u0161tini Crne Gore sa kojim se Bar odre\u0111uje kao regionalni centar, dok je Ulcinj, iako je \u201ccentar\u201d Albanaca u CG koji imaju svoje jezi\u010dke, kulturne i dru\u0161tvene specifi\u010dnosti, ostaje Op\u0161tinski centar pri Baru. Kada je Forca nagla\u0161avala da se taj plan treba mijenjati, ostale partije su spavale. Lider albanske partije tada na vlasti, prihvatio je i glasao u Skup\u0161tini CG i s tim planom je zape\u010datirao i granicu Morskog dobra, Nacionalni park u Plavu i mnogo drugih stvari&#8230;koje \u0107e se vremenom pokazati.Postoje dva primjera iz prakse \u010dime mo\u017ee rezultirati plan \u201creforme i racionalizacije\u201d zdravstva. To su Ulcinjska rivijera nasuprot Montenegro Turistu i privatizacija Telekoma, naveo je Nimanbegu, podsjetiv\u0161i na neuspjele privatizacije u op\u0161tini Ulcinj.<br \/>\n<a href=\"http:\/\/www.visit-ulcinj.com\/blog\/wp-content\/uploads\/2013\/02\/GenciNimanbegu_Ulqin_Ulcinj.1.jpg\"><img loading=\"lazy\" class=\"alignleft  wp-image-68406\" alt=\"GenciNimanbegu_Ulqin_Ulcinj.1\" src=\"http:\/\/www.visit-ulcinj.com\/blog\/wp-content\/uploads\/2013\/02\/GenciNimanbegu_Ulqin_Ulcinj.1.jpg\" width=\"508\" height=\"300\" \/><\/a><\/p>\n<p>&#8211; Nakon \u0161to \u201980-tih godina Hotelsko preduze\u0107e Ulcinja postaje dio Montenegro Turista sa sjedi\u0161tem u Budvi, prestaje razvoj Hotelierstva u Ulcinju. Danas ona rezultira sa jednim preduze\u0107em koji\u00a0 nije ni sjenka nekada\u0161njeg preduze\u0107a: sa neuspjelim privatizacijama i \u0161to je jo\u0161 tragi\u010dnije sa nezaposlenim ljudima i sa smanjenjem kapaciteta.\u00a0 Lista po\u010dinje sa Kampovima Safari i Neptun i nastavlja sa Galebom, Lidom, Otrantom, Mediteranom, dok hoteli Belvi i Olimpik imaju tek po dvije zvjezdice. \u0160to se ti\u010de Telekoma, ovo preduze\u0107e se u Crnoj Gori privatizovalo 2004. godine. U tom trenutku u Ulcinju je bilo 42 ili 43 zaposlenih. Danas 2013. godine Telekom u Ulcinju ima 9 zaposlenih, \u0161to zna\u010di da se za 80 odsto smanjio broj zaposlenih.<\/p>\n<p>Forca nije zadovoljna ni sa dosada\u0161njim nivoom zdravstvenih usluga u Op\u0161tini Ulcinj. Porodili\u0161te nikada nije preuzelo punu funksionalnost zbog nemogu\u0107nosti da ima hiru\u0161ku salu.<\/p>\n<p>Uticaj lokalne vlasti u rukovo\u0111enju Doma zdravlja ne postoji. Na zahjtev Op\u0161tine da ima svog predstavnika u upravnom odboru iz Ministarstva nije stigao nikakav odgovor.<\/p>\n<p>Politi\u010dki uticaj u javnim institucijama kao u zdravstvu i obrazovanju se pokazalo veoma \u0161tetnim po same te institucije. Problem prevelike centralizacije smo ukazivali i nastavi\u0107emo da isti\u010demo predstavnicima Evropske unije, zaklju\u010dio je Nimanbegu.<\/p>\n<p><strong>Analitika &#8211; Informativni Portal<\/strong><\/p>\n","protected":false},"excerpt":{"rendered":"<p>Poslanik Nove demokratske snage- Forca Genci Nimanbegu, saop\u0161tio je da op\u0161tina Ulcinj ne treba da prihvati plan Ministarstva zdravlja, da Dom zdravlja Ulcinj podpadne pod ingerencijom Zdravstvenog centra u Baru. -Ulcinj ne treba da prihvati plan Ministarstva zdravlja da Dom zdravlja Ulcinj podpadne pod ingerencijom Zdravstvenog centra u Baru! Op\u0161tina Ulcinj i njeni gra\u0111ani se [&hellip;]<\/p>\n","protected":false},"author":1,"featured_media":0,"comment_status":"open","ping_status":"closed","sticky":false,"template":"","format":"standard","meta":{"spay_email":"","jetpack_publicize_message":"","jetpack_is_tweetstorm":false,"jetpack_publicize_feature_enabled":true},"categories":[6950],"tags":[1073,19],"jetpack_publicize_connections":[],"yoast_head":"<!-- This site is optimized with the Yoast SEO plugin v19.1 - https:\/\/yoast.com\/wordpress\/plugins\/seo\/ -->\n<title>Genci Nimanbegu: Ulcinj ne treba da prihvati plan Ministarstva zdravlja - Lajme nga Ulqini<\/title>\n<meta name=\"description\" content=\"Poslanik Nove demokratske snage- Forca Genci Nimanbegu, saop\u0161tio je da op\u0161tina Ulcinj ne treba da prihvati plan Ministarstva zdravlja, da Dom zdravlja\" \/>\n<meta name=\"robots\" content=\"index, follow, max-snippet:-1, max-image-preview:large, max-video-preview:-1\" \/>\n<link rel=\"canonical\" href=\"https:\/\/www.visit-ulcinj.com\/blog\/2013\/02\/06\/genci-nimanbegu-ulcinj-ne-treba-da-prihvati-plan-ministarstva-zdravlja\/\" \/>\n<meta property=\"og:locale\" content=\"en_US\" \/>\n<meta property=\"og:type\" content=\"article\" \/>\n<meta property=\"og:title\" content=\"Genci Nimanbegu: Ulcinj ne treba da prihvati plan Ministarstva zdravlja - Lajme nga Ulqini\" \/>\n<meta property=\"og:description\" content=\"Poslanik Nove demokratske snage- Forca Genci Nimanbegu, saop\u0161tio je da op\u0161tina Ulcinj ne treba da prihvati plan Ministarstva zdravlja, da Dom zdravlja\" \/>\n<meta property=\"og:url\" content=\"https:\/\/www.visit-ulcinj.com\/blog\/2013\/02\/06\/genci-nimanbegu-ulcinj-ne-treba-da-prihvati-plan-ministarstva-zdravlja\/\" \/>\n<meta property=\"og:site_name\" content=\"Lajme nga Ulqini\" \/>\n<meta property=\"article:published_time\" content=\"2013-02-06T18:28:55+00:00\" \/>\n<meta property=\"article:modified_time\" content=\"2013-02-06T18:32:54+00:00\" \/>\n<meta property=\"og:image\" content=\"http:\/\/www.visit-ulcinj.com\/blog\/wp-content\/uploads\/2013\/02\/GenciNimanbegu_Ulqin_Ulcinj.jpg\" \/>\n<meta name=\"twitter:label1\" content=\"Written by\" \/>\n\t<meta name=\"twitter:data1\" content=\"ulqini\" \/>\n\t<meta name=\"twitter:label2\" content=\"Est. reading time\" \/>\n\t<meta name=\"twitter:data2\" content=\"3 minutes\" \/>\n<script type=\"application\/ld+json\" class=\"yoast-schema-graph\">{\"@context\":\"https:\/\/schema.org\",\"@graph\":[{\"@type\":\"WebSite\",\"@id\":\"https:\/\/www.visit-ulcinj.com\/blog\/#website\",\"url\":\"https:\/\/www.visit-ulcinj.com\/blog\/\",\"name\":\"Lajme nga Ulqini\",\"description\":\"Lajme,Vijesti,Ulqini,Ulqin,Crna Gora,Mali i Zi\",\"potentialAction\":[{\"@type\":\"SearchAction\",\"target\":{\"@type\":\"EntryPoint\",\"urlTemplate\":\"https:\/\/www.visit-ulcinj.com\/blog\/?s={search_term_string}\"},\"query-input\":\"required name=search_term_string\"}],\"inLanguage\":\"en-US\"},{\"@type\":\"ImageObject\",\"inLanguage\":\"en-US\",\"@id\":\"https:\/\/www.visit-ulcinj.com\/blog\/2013\/02\/06\/genci-nimanbegu-ulcinj-ne-treba-da-prihvati-plan-ministarstva-zdravlja\/#primaryimage\",\"url\":\"https:\/\/www.visit-ulcinj.com\/blog\/wp-content\/uploads\/2013\/02\/GenciNimanbegu_Ulqin_Ulcinj.jpg\",\"contentUrl\":\"https:\/\/www.visit-ulcinj.com\/blog\/wp-content\/uploads\/2013\/02\/GenciNimanbegu_Ulqin_Ulcinj.jpg\",\"width\":428,\"height\":640},{\"@type\":\"WebPage\",\"@id\":\"https:\/\/www.visit-ulcinj.com\/blog\/2013\/02\/06\/genci-nimanbegu-ulcinj-ne-treba-da-prihvati-plan-ministarstva-zdravlja\/#webpage\",\"url\":\"https:\/\/www.visit-ulcinj.com\/blog\/2013\/02\/06\/genci-nimanbegu-ulcinj-ne-treba-da-prihvati-plan-ministarstva-zdravlja\/\",\"name\":\"Genci Nimanbegu: Ulcinj ne treba da prihvati plan Ministarstva zdravlja - Lajme nga Ulqini\",\"isPartOf\":{\"@id\":\"https:\/\/www.visit-ulcinj.com\/blog\/#website\"},\"primaryImageOfPage\":{\"@id\":\"https:\/\/www.visit-ulcinj.com\/blog\/2013\/02\/06\/genci-nimanbegu-ulcinj-ne-treba-da-prihvati-plan-ministarstva-zdravlja\/#primaryimage\"},\"datePublished\":\"2013-02-06T18:28:55+00:00\",\"dateModified\":\"2013-02-06T18:32:54+00:00\",\"author\":{\"@id\":\"https:\/\/www.visit-ulcinj.com\/blog\/#\/schema\/person\/dcab619c614d3038751c63bc2aadc06d\"},\"description\":\"Poslanik Nove demokratske snage- Forca Genci Nimanbegu, saop\u0161tio je da op\u0161tina Ulcinj ne treba da prihvati plan Ministarstva zdravlja, da Dom zdravlja\",\"breadcrumb\":{\"@id\":\"https:\/\/www.visit-ulcinj.com\/blog\/2013\/02\/06\/genci-nimanbegu-ulcinj-ne-treba-da-prihvati-plan-ministarstva-zdravlja\/#breadcrumb\"},\"inLanguage\":\"en-US\",\"potentialAction\":[{\"@type\":\"ReadAction\",\"target\":[\"https:\/\/www.visit-ulcinj.com\/blog\/2013\/02\/06\/genci-nimanbegu-ulcinj-ne-treba-da-prihvati-plan-ministarstva-zdravlja\/\"]}]},{\"@type\":\"BreadcrumbList\",\"@id\":\"https:\/\/www.visit-ulcinj.com\/blog\/2013\/02\/06\/genci-nimanbegu-ulcinj-ne-treba-da-prihvati-plan-ministarstva-zdravlja\/#breadcrumb\",\"itemListElement\":[{\"@type\":\"ListItem\",\"position\":1,\"name\":\"Genci Nimanbegu: Ulcinj ne treba da prihvati plan Ministarstva zdravlja\"}]},{\"@type\":\"Person\",\"@id\":\"https:\/\/www.visit-ulcinj.com\/blog\/#\/schema\/person\/dcab619c614d3038751c63bc2aadc06d\",\"name\":\"ulqini\",\"sameAs\":[\"http:\/\/www.visit-ulcinj.com\"],\"url\":\"https:\/\/www.visit-ulcinj.com\/blog\/author\/admin\/\"}]}<\/script>\n<!-- \/ Yoast SEO plugin. -->","yoast_head_json":{"title":"Genci Nimanbegu: Ulcinj ne treba da prihvati plan Ministarstva zdravlja - Lajme nga Ulqini","description":"Poslanik Nove demokratske snage- Forca Genci Nimanbegu, saop\u0161tio je da op\u0161tina Ulcinj ne treba da prihvati plan Ministarstva zdravlja, da Dom zdravlja","robots":{"index":"index","follow":"follow","max-snippet":"max-snippet:-1","max-image-preview":"max-image-preview:large","max-video-preview":"max-video-preview:-1"},"canonical":"https:\/\/www.visit-ulcinj.com\/blog\/2013\/02\/06\/genci-nimanbegu-ulcinj-ne-treba-da-prihvati-plan-ministarstva-zdravlja\/","og_locale":"en_US","og_type":"article","og_title":"Genci Nimanbegu: Ulcinj ne treba da prihvati plan Ministarstva zdravlja - Lajme nga Ulqini","og_description":"Poslanik Nove demokratske snage- Forca Genci Nimanbegu, saop\u0161tio je da op\u0161tina Ulcinj ne treba da prihvati plan Ministarstva zdravlja, da Dom zdravlja","og_url":"https:\/\/www.visit-ulcinj.com\/blog\/2013\/02\/06\/genci-nimanbegu-ulcinj-ne-treba-da-prihvati-plan-ministarstva-zdravlja\/","og_site_name":"Lajme nga Ulqini","article_published_time":"2013-02-06T18:28:55+00:00","article_modified_time":"2013-02-06T18:32:54+00:00","og_image":[{"url":"http:\/\/www.visit-ulcinj.com\/blog\/wp-content\/uploads\/2013\/02\/GenciNimanbegu_Ulqin_Ulcinj.jpg"}],"twitter_misc":{"Written by":"ulqini","Est. reading time":"3 minutes"},"schema":{"@context":"https:\/\/schema.org","@graph":[{"@type":"WebSite","@id":"https:\/\/www.visit-ulcinj.com\/blog\/#website","url":"https:\/\/www.visit-ulcinj.com\/blog\/","name":"Lajme nga Ulqini","description":"Lajme,Vijesti,Ulqini,Ulqin,Crna Gora,Mali i Zi","potentialAction":[{"@type":"SearchAction","target":{"@type":"EntryPoint","urlTemplate":"https:\/\/www.visit-ulcinj.com\/blog\/?s={search_term_string}"},"query-input":"required name=search_term_string"}],"inLanguage":"en-US"},{"@type":"ImageObject","inLanguage":"en-US","@id":"https:\/\/www.visit-ulcinj.com\/blog\/2013\/02\/06\/genci-nimanbegu-ulcinj-ne-treba-da-prihvati-plan-ministarstva-zdravlja\/#primaryimage","url":"https:\/\/www.visit-ulcinj.com\/blog\/wp-content\/uploads\/2013\/02\/GenciNimanbegu_Ulqin_Ulcinj.jpg","contentUrl":"https:\/\/www.visit-ulcinj.com\/blog\/wp-content\/uploads\/2013\/02\/GenciNimanbegu_Ulqin_Ulcinj.jpg","width":428,"height":640},{"@type":"WebPage","@id":"https:\/\/www.visit-ulcinj.com\/blog\/2013\/02\/06\/genci-nimanbegu-ulcinj-ne-treba-da-prihvati-plan-ministarstva-zdravlja\/#webpage","url":"https:\/\/www.visit-ulcinj.com\/blog\/2013\/02\/06\/genci-nimanbegu-ulcinj-ne-treba-da-prihvati-plan-ministarstva-zdravlja\/","name":"Genci Nimanbegu: Ulcinj ne treba da prihvati plan Ministarstva zdravlja - Lajme nga Ulqini","isPartOf":{"@id":"https:\/\/www.visit-ulcinj.com\/blog\/#website"},"primaryImageOfPage":{"@id":"https:\/\/www.visit-ulcinj.com\/blog\/2013\/02\/06\/genci-nimanbegu-ulcinj-ne-treba-da-prihvati-plan-ministarstva-zdravlja\/#primaryimage"},"datePublished":"2013-02-06T18:28:55+00:00","dateModified":"2013-02-06T18:32:54+00:00","author":{"@id":"https:\/\/www.visit-ulcinj.com\/blog\/#\/schema\/person\/dcab619c614d3038751c63bc2aadc06d"},"description":"Poslanik Nove demokratske snage- Forca Genci Nimanbegu, saop\u0161tio je da op\u0161tina Ulcinj ne treba da prihvati plan Ministarstva zdravlja, da Dom zdravlja","breadcrumb":{"@id":"https:\/\/www.visit-ulcinj.com\/blog\/2013\/02\/06\/genci-nimanbegu-ulcinj-ne-treba-da-prihvati-plan-ministarstva-zdravlja\/#breadcrumb"},"inLanguage":"en-US","potentialAction":[{"@type":"ReadAction","target":["https:\/\/www.visit-ulcinj.com\/blog\/2013\/02\/06\/genci-nimanbegu-ulcinj-ne-treba-da-prihvati-plan-ministarstva-zdravlja\/"]}]},{"@type":"BreadcrumbList","@id":"https:\/\/www.visit-ulcinj.com\/blog\/2013\/02\/06\/genci-nimanbegu-ulcinj-ne-treba-da-prihvati-plan-ministarstva-zdravlja\/#breadcrumb","itemListElement":[{"@type":"ListItem","position":1,"name":"Genci Nimanbegu: Ulcinj ne treba da prihvati plan Ministarstva zdravlja"}]},{"@type":"Person","@id":"https:\/\/www.visit-ulcinj.com\/blog\/#\/schema\/person\/dcab619c614d3038751c63bc2aadc06d","name":"ulqini","sameAs":["http:\/\/www.visit-ulcinj.com"],"url":"https:\/\/www.visit-ulcinj.com\/blog\/author\/admin\/"}]}},"jetpack_featured_media_url":"","jetpack_sharing_enabled":true,"jetpack_shortlink":"https:\/\/wp.me\/pe6lTn-hNh","_links":{"self":[{"href":"https:\/\/www.visit-ulcinj.com\/blog\/wp-json\/wp\/v2\/posts\/68403"}],"collection":[{"href":"https:\/\/www.visit-ulcinj.com\/blog\/wp-json\/wp\/v2\/posts"}],"about":[{"href":"https:\/\/www.visit-ulcinj.com\/blog\/wp-json\/wp\/v2\/types\/post"}],"author":[{"embeddable":true,"href":"https:\/\/www.visit-ulcinj.com\/blog\/wp-json\/wp\/v2\/users\/1"}],"replies":[{"embeddable":true,"href":"https:\/\/www.visit-ulcinj.com\/blog\/wp-json\/wp\/v2\/comments?post=68403"}],"version-history":[{"count":2,"href":"https:\/\/www.visit-ulcinj.com\/blog\/wp-json\/wp\/v2\/posts\/68403\/revisions"}],"predecessor-version":[{"id":68407,"href":"https:\/\/www.visit-ulcinj.com\/blog\/wp-json\/wp\/v2\/posts\/68403\/revisions\/68407"}],"wp:attachment":[{"href":"https:\/\/www.visit-ulcinj.com\/blog\/wp-json\/wp\/v2\/media?parent=68403"}],"wp:term":[{"taxonomy":"category","embeddable":true,"href":"https:\/\/www.visit-ulcinj.com\/blog\/wp-json\/wp\/v2\/categories?post=68403"},{"taxonomy":"post_tag","embeddable":true,"href":"https:\/\/www.visit-ulcinj.com\/blog\/wp-json\/wp\/v2\/tags?post=68403"}],"curies":[{"name":"wp","href":"https:\/\/api.w.org\/{rel}","templated":true}]}}