{"id":68412,"date":"2013-02-06T20:20:30","date_gmt":"2013-02-06T19:20:30","guid":{"rendered":"http:\/\/www.visit-ulcinj.com\/blog\/?p=68412"},"modified":"2013-02-09T18:56:54","modified_gmt":"2013-02-09T17:56:54","slug":"tharmi-i-shqetesimit-kushtuar-harmonise-fetare-ne-mes-te-shqiptareve","status":"publish","type":"post","link":"https:\/\/www.visit-ulcinj.com\/blog\/2013\/02\/06\/tharmi-i-shqetesimit-kushtuar-harmonise-fetare-ne-mes-te-shqiptareve\/","title":{"rendered":"Tharmi i shqet\u00ebsimit: Kushtuar harmonise fetare ne mes te shqiptareve"},"content":{"rendered":"<p><strong>Tharmi i shqet\u00ebsimit<\/strong><\/p>\n<p>Edhe pse historia na tregon shum\u00eb p\u00ebr toleranc\u00ebn fetare, prap\u00eb se prap\u00eb secili nga ne duhet t\u00eb jemi shum\u00eb t\u00eb kujdessh\u00ebm, pasi, sipas shkrimtarit Ismail Kadare: \u201cHarmonia fetare, sa \u00e7\u2019\u00ebsht\u00eb madh\u00ebshtore si ngrehin\u00eb, aq \u00ebsht\u00eb edhe e brisht\u00eb. Mjafton e \u00e7ara e par\u00eb serioze, mjafton radikalizimi i nj\u00ebrit prej besimeve,<\/p>\n<p><strong>Gjek\u00eb Gjonaj, Ulqin<\/strong><\/p>\n<p>T\u00eb\u00a0 gjith\u00eb ata q\u00eb e njohin\u00a0 t\u00eb kaluar\u00ebn e Mal\u00ebsis\u00eb kan\u00eb th\u00ebn\u00eb dhe thon\u00eb se mal\u00ebsor\u00ebt jan\u00eb dalluar nd\u00ebr shekuj p\u00ebr toleranc\u00ebn fetare dhe p\u00ebr nj\u00eb bashk\u00ebjetes\u00eb t\u00eb\u00a0 shk\u00eblqyer me nj\u00ebri-tjetrin. Kjo \u00ebsht\u00eb e v\u00ebrtet\u00eb e pakontestueshme ! Mal\u00ebsor\u00ebt e shum\u00ebvuajtur, si t\u00eb gjith\u00eb shqiptar\u00ebt, nuk e kishn formuar k\u00ebt\u00eb harmoni fetare dje, e as sot, por \u00ebsht\u00eb kjo vler\u00eb dhe thesar i \u00e7muar i shqiptar\u00ebve q\u00eb buron me shekuj. Ata toleranc\u00ebn dhe mir\u00ebkuptimin n\u00eb mes veti e kishin kuptuar si dy gj\u00ebra q\u00eb duhet t\u2019i posedojn\u00eb, t\u2019i ruajn\u00eb dhe t\u2019i kultivojn\u00eb nga brezi n\u00eb brez. Virtyti i solidarizimit e mbajti gjall\u00eb shpirtin e mal\u00ebsor\u00ebve dhe at\u00ebher\u00eb kur ishin buz\u00eb gremin\u00ebs. Mysliman\u00eb apo i krishter\u00eb nga \u00e7do cep i Mal\u00ebsis\u00eb ishin nj\u00eb dhe t\u00eb pandar\u00eb. Motoja e tyre kryesore ishte dhe duhet t\u00eb jet\u00eb: Ta duam nj\u00ebri &#8211; tjetrin, si v\u00ebllau \u2013 v\u00ebllan\u00eb, si shqiptari-shqiptarin. Po nuk e desht\u00ebm kombin, gjuh\u00ebn, historin\u00eb, flamurin, gjakun e veten ton\u00eb, nuk mund t\u00eb presim se do t\u00eb na doj\u00eb dikush tjket\u00ebr\u201d. K\u00ebt\u00eb\u00a0 parim ata e bazonin n\u00eb faktin se\u00a0 p\u00ebr t\u00eb gjith\u00eb shqiptar\u00ebt, sikur edhe te popujt e tjer\u00eb, mbi t\u00eb gjitha duhet t\u00eb jet\u00eb interesi komb\u00ebtar dhe se feja nuk duhet t\u00eb jet\u00eb element ndarjeje n\u00eb mes t\u00eb shqiptar\u00ebve.<br \/>\n<a href=\"http:\/\/www.visit-ulcinj.com\/blog\/wp-content\/uploads\/2013\/02\/rexheplika_ambasadori-moore_imzotDom-Tom-Koci.jpg\"><img loading=\"lazy\" class=\"alignleft size-full wp-image-68413\" alt=\"SONY DSC\" src=\"http:\/\/www.visit-ulcinj.com\/blog\/wp-content\/uploads\/2013\/02\/rexheplika_ambasadori-moore_imzotDom-Tom-Koci.jpg\" width=\"350\" height=\"234\" srcset=\"https:\/\/www.visit-ulcinj.com\/blog\/wp-content\/uploads\/2013\/02\/rexheplika_ambasadori-moore_imzotDom-Tom-Koci.jpg 350w, https:\/\/www.visit-ulcinj.com\/blog\/wp-content\/uploads\/2013\/02\/rexheplika_ambasadori-moore_imzotDom-Tom-Koci-300x200.jpg 300w\" sizes=\"(max-width: 350px) 100vw, 350px\" \/><\/a><\/p>\n<p><strong>Shembuj t\u00eb toleranc\u00ebs nd\u00ebrfetare nd\u00ebr mal\u00ebsor\u00ebt<\/strong><\/p>\n<p>D\u00ebshmia m\u00eb e mir\u00eb e harmonis\u00eb fetare n\u00eb jet\u00ebn shoq\u00ebrore t\u00eb mal\u00ebsor\u00ebve\u00a0 na v\u00ebrtetohet\u00a0 historikisht n\u00eb shum\u00eb raste si\u00a0 n\u00eb luft\u00eb e n\u00eb mbrojtje bashk\u00eb, n\u00eb\u00a0 dasma, n\u00eb festa, n\u00eb g\u00ebzime, n\u00eb hidh\u00ebrime bashk\u00eb. Po t\u00eb nismim dhe t\u00eb rendisim shembuj n\u00eb lidhje me toleranc\u00ebn fetare nd\u00ebr mal\u00ebsor\u00ebt gjat\u00eb shekujve, nuk do t\u00eb mundemi t\u2019i p\u00ebrmbledhim me nj\u00eb shkrim kaq t\u00eb\u00a0\u00a0 shkurt\u00ebr. Por le t\u00eb jet\u00eb kjo nj\u00eb p\u00ebrpjekje modeste p\u00ebr\u00a0 t\u2019i kontribuar sadopak\u00a0 toleranc\u00ebs dhe harmonis\u00eb nd\u00ebrfetare t\u00eb\u00a0 mal\u00ebsor\u00ebve,e cila\u00a0 gjat\u00eb historis\u00eb ka pasur edhe sprovat e veta, q\u00eb p\u00ebr\u00a0 fatin ton\u00eb t\u00eb mir\u00eb\u00a0 jan\u00eb kaluar me guxim e gjak\u00ebftoht\u00ebsi. Nga biseda me personalitetin e nderuar\u00a0 ish kryeimamin e\u00a0 Tuzit, Rexhep\u00a0 Lika, i cili\u00a0 21 vjet ka sh\u00ebrbyer\u00a0 me dinjitet si udh\u00ebheq\u00ebs shpirt\u00ebror n\u00eb Mal\u00ebsi\u00a0 ve\u00e7ojm\u00eb k\u00ebta shembuj:<\/p>\n<ul>\n<li>1. Me rastin e fest\u00ebs s\u00eb madh\u00ebrueshme t\u00eb Kurban Bajramit, n\u00eb vitin 1967\u00a0 prift\u00ebrinjt\u00eb katolik\u00eb t\u00eb Mal\u00ebsis\u00eb\u00a0 kishin ardhur\u00a0 p\u00ebr ta p\u00ebrg\u00ebzuar\u00a0 Lik\u00ebn n\u00eb sht\u00ebpin\u00eb e tij.\u00a0 Kur ata hyn\u00eb mbrenda\u00a0 gjet\u00ebn\u00a0 vet\u00ebm bashk\u00ebshorten e Rexhepit, Hatixhen. Ajo nuk\u00a0\u00a0 i ka njohur mysafir\u00ebt, por i ka mir\u00ebpritur dhe\u00a0 sh\u00ebrbyer sipas tradit\u00ebs e riteve\u00a0 fetare. N\u00eb ndarje u ka dhuruar nga nj\u00eb pal\u00eb \u00e7orap\u00eb, kurse me ardhjen e Rexhepit n\u00eb sht\u00ebpi e mori vesh\u00eb se kush kan\u00eb qen\u00eb mysafir\u00ebt\u00a0 p\u00ebr t\u00eb t\u00eb panjohur.<\/li>\n<li>2.\u00a0 Kur ambasadori i Vatikanit\u00a0 ka vizituar\u00a0 Kish\u00ebn e Tuzit kryeimami Rexhep Lika ka qen\u00eb i ftuar dhe ka marr\u00eb pjes\u00eb\u00a0 n\u00eb\u00a0 mesh\u00ebn shejte.\u00a0 Ai me k\u00ebt\u00eb rast u mir\u00ebprit\u00eb dhe u respektua nga t\u00eb gjith\u00eb besimtar\u00ebt. Madje disa besimtar\u00eb\u00a0 t\u00eb pranish\u00ebm n\u00eb kish\u00eb\u00a0 kan\u00eb b\u00ebr\u00eb kryq\u00a0 n\u00eb shenj\u00eb miradije p\u00ebr pjes\u00ebmarrjen e tij n\u00eb k\u00ebt\u00eb ceremoni fetare.<\/li>\n<li>3. Kryemimami Rexhep Lika\u00a0 bashk\u00eb me 20 besimtar\u00eb mysliman\u00eb merr\u00eb pjes\u00eb n\u00eb Fest\u00ebn e Zoj\u00ebs s\u00eb Grud\u00ebs n\u00eb Qel\u00ebn e Kish\u00ebs n\u00eb\u00a0 Grud\u00eb, ku\u00a0 p\u00ebr t\u00eb gjith\u00eb\u00a0 t\u00eb pranishmit ishte shtruar\u00a0 dreka.<\/li>\n<li>4. Nj\u00eb dit\u00eb, si shum\u00eb her\u00eb\u00a0 t\u00eb tjera, kryeimami Rexhep Lika dhe pat\u00ebr Gjergji\u00a0\u00a0\u00a0 rrinin\u00a0 s\u00eb bashku n\u00eb nj\u00eb kafene t\u00eb Tuzit. Nj\u00eb mal\u00ebsor i ulur jo\u00a0 larg tyre\u00a0 i pyet : \u201cJu pini kafe bashk\u00eb\u00a0 e dikush\u00a0 prej nesh\u00a0 e shikon\u00a0 nj\u00ebri-tjetrin me sy t\u00eb keq ?!\u201d . Pat\u00ebr Gejrgji iu p\u00ebrgjigj: \u201cT\u00eb urtit rrin\u00eb bashk\u00eb e pin\u00eb kafe, kurse t\u00eb tjer\u00ebt mund t\u00eb shikohen shtremb\u00ebr\u201d.<\/li>\n<\/ul>\n<p>&nbsp;<\/p>\n<p><strong>Porosia<\/strong><\/p>\n<p>Kryeimami Rexhep Lika, duke folur p\u00ebr harmonin\u00eb e besimeve\u00a0 n\u00eb Mal\u00ebsi\u00a0 shprehet me krenari se gjat\u00eb sh\u00ebrbimit t\u00eb tij shum\u00ebvje\u00e7ar n\u00eb Tuz ka bashk\u00ebpunuar ngusht\u00eb me prift\u00ebrnjt\u00eb katolik\u00eb,\u00a0 pat\u00ebr Gjergjin, pat\u00ebr Kol\u00ebn, Pat\u00ebr Ded\u00ebn dhe pat\u00ebr Zefin, duke shtuar \u00a0se nuk ka kaluar\u00a0\u00a0 asnj\u00eb jav\u00eb q\u00eb mos t\u00eb pijn\u00eb\u00a0 kafe s\u00eb bashku me ndonj\u00ebrin prej tyre.\u00a0 Lika nuk mban mend\u00a0\u00a0 t\u00eb ket\u00eb pasur asohere ndonj\u00eb situat\u00eb konfliktuale nd\u00ebrmjet dy konfesioneve n\u00eb Mal\u00ebsi.\u00a0 Ai\u00a0 shprehet: \u201c T\u00eb gjith\u00eb jemi prej nj\u00eb n\u00ebne dhe prej nj\u00eb babai, t\u00eb krijuar nga nj\u00eb Krijues, i cili ka dashtur q\u00eb t\u00eb gjith\u00eb t\u00eb mos jemi t\u00eb nj\u00eb feje ( besimi), por dallimi t\u00eb sh\u00ebrbej si afrim e jo p\u00ebr\u00e7arje. N\u00ebse e nderojm\u00eb at\u00eb q\u00eb \u00ebsht\u00eb e shenjt\u00eb, jet\u00ebn, nderin dhe pasurin\u00eb\u00a0 e nj\u00ebri-tjetrin,\u00a0 nuk ka vend p\u00ebr urrejtje, p\u00ebr\u00e7arje e mos\u00ebmarr\u00ebveshje\u201d. Ky mesazh\u00a0 mendoj se i duhet sot\u00a0 Mal\u00ebsis\u00eb,\u00a0 n\u00eb shekullin e ri , n\u00eb koh\u00ebn e zhvillimeve\u00a0\u00a0 dhe ndryshimeve t\u00eb m\u00ebdha, kur\u00a0 shum\u00eb vlera tradicionale, historike, kulturore dhe civilizuese\u00a0\u00a0\u00a0 rrezikohen t\u00eb zbehen, t\u00eb ftohen dhe t\u00eb zhb\u00ebhen.<\/p>\n<p>Edhe pse historia na tregon shum\u00eb p\u00ebr toleranc\u00ebn fetare, prap\u00eb se prap\u00eb secili nga ne duhet t\u00eb jemi shum\u00eb t\u00eb kujdessh\u00ebm, pasi, sipas shkrimtarit Ismail Kadare: \u201cHarmonia fetare, sa \u00e7\u2019\u00ebsht\u00eb madh\u00ebshtore si ngrehin\u00eb, aq \u00ebsht\u00eb edhe e brisht\u00eb. Mjafton e \u00e7ara e par\u00eb serioze, mjafton radikalizimi i nj\u00ebrit prej besimeve, q\u00eb ngrehina t\u00eb shembet.\u201d<\/p>\n<p>Toleranca dhe bashk\u00ebjetesa fetare \u00ebsht\u00eb nj\u00eb lule e \u00e7muar, por edhe e brisht\u00eb, e cila thahet e prishet, po s\u2019u tregua kujdesi i duhur.\u00a0 Jam i bindur se\u00a0 njer\u00ebzit e urt\u00eb t\u00eb Mal\u00ebsis\u00eb,\u00a0 prij\u00ebsit fetar\u00eb dhe\u00a0 politk\u00eb, do t\u00eb jen\u00eb t\u00eb v\u00ebmendsh\u00ebm dhe do ta zgjedhin\u00a0 mosmarr\u00ebveshjen\u00a0\u00a0 fetare\u00a0 t\u00eb inicuar nga armiqt\u00eb\u00a0 tan\u00eb,\u00a0 q\u00eb ndodhi m\u00eb 16 janar\u00a0 t\u00eb k\u00ebtij viti n\u00eb varrezat e Kish\u00ebs s\u00eb Sh\u00ebn M\u00ebhillit n\u00eb fshatin\u00a0 Dinosh\u00eb, e cila\u00a0 shqet\u00ebsoi secilin\u00a0\u00a0 shqiptar\u00eb\u00a0 t\u00eb cil\u00ebsdo bashk\u00ebsi fetare , i cili ia do t\u00eb\u00a0 mir\u00ebn vetes, familjes dhe kombit. Ky tharm\u00eb i shqet\u00ebsimit\u00a0 t\u00eb mal\u00ebsor\u00ebve, i mbjellur kush e di se kur\u00a0 n\u00eb Mal\u00ebsi,\u00a0\u00a0 nuk \u00ebsht\u00eb asgj\u00eb tjet\u00ebr vet\u00ebm\u00a0 nj\u00eb vras\u00ebs i v\u00ebllaz\u00ebrimit,\u00a0 i rreziksh\u00ebm jo vet\u00ebm\u00a0 p\u00ebr besime ( fe) , por\u00a0 dhe\u00a0 p\u00ebr\u00a0 ekzistenc\u00ebn \u00a0e bashk\u00ebjetes\u00ebn \u00a0ton\u00eb t\u00eb p\u00ebrbashk\u00ebt n\u00eb k\u00ebt\u00eb truall\u00a0\u00a0 t\u00eb lar\u00eb me gjakun e liris\u00eb.\u00a0 Prandaj mal\u00ebsor\u00ebt duhet t\u00eb ngrihen mbi ndasit\u00eb fetare dhe t\u00eb jen\u00eb t\u00eb bashkuar. T\u00eb ruajn\u00eb harmonin\u00eb fetare si syt\u00eb n\u00eb ball\u00eb. T\u00eb mos themi ky \u00ebsht\u00eb mysliman dhe ai \u00ebsht\u00eb i krishter\u00eb, sespe t\u00eb gjith\u00eb jemi shqiptar\u00eb, jemi nj\u00eb fis e nj\u00eb far\u00eb. Mos t\u2019i harrojm\u00eb\u00a0 fjal\u00ebt e At Anton Harapit se \u00a0\u201cnuk shp\u00ebton, jo, as xhamia pa kish\u00ebn, as kisha pa xhamin\u00eb, por as njena, as tjetra pa Shqipnin\u00eb\u2026 me t\u00eb gjith\u00eb atdhetar\u00ebt\u2026afrim, dashuri, vllaznim&#8221;, e as fjal\u00ebt\u00a0 e Haxhi Vehbi Dibr\u00ebs, drejtuar besimtar\u00ebve:&#8221;Kristian\u00eb e musliman\u00eb jan\u00eb v\u00ebllez\u00ebr shqiptar\u00eb t\u00eb pandar\u00eb&#8230; Ta duam nj\u00ebri-tjetrin&#8230;\u2026t&#8217;i tregojm\u00eb bot\u00ebs mbar\u00eb se shqiptar\u00ebt pa dallim feje, jan\u00eb v\u00ebllez\u00ebr si bij t\u00eb nj\u00ebsh\u00ebm t\u00eb s\u00eb dashur\u00ebs son\u00eb Shqip\u00ebri&#8221;.<\/p>\n<p><strong>Zoti na ndihmoft\u00eb!<\/strong><\/p>\n","protected":false},"excerpt":{"rendered":"<p>Tharmi i shqet\u00ebsimit Edhe pse historia na tregon shum\u00eb p\u00ebr toleranc\u00ebn fetare, prap\u00eb se prap\u00eb secili nga ne duhet t\u00eb jemi shum\u00eb t\u00eb kujdessh\u00ebm, pasi, sipas shkrimtarit Ismail Kadare: \u201cHarmonia fetare, sa \u00e7\u2019\u00ebsht\u00eb madh\u00ebshtore si ngrehin\u00eb, aq \u00ebsht\u00eb edhe e brisht\u00eb. Mjafton e \u00e7ara e par\u00eb serioze, mjafton radikalizimi i nj\u00ebrit prej besimeve, Gjek\u00eb Gjonaj, [&hellip;]<\/p>\n","protected":false},"author":1,"featured_media":0,"comment_status":"open","ping_status":"closed","sticky":false,"template":"","format":"standard","meta":{"spay_email":"","jetpack_publicize_message":"","jetpack_is_tweetstorm":false,"jetpack_publicize_feature_enabled":true},"categories":[14249],"tags":[95,201,200],"jetpack_publicize_connections":[],"yoast_head":"<!-- This site is optimized with the Yoast SEO plugin v19.1 - https:\/\/yoast.com\/wordpress\/plugins\/seo\/ -->\n<title>Tharmi i shqet\u00ebsimit: Kushtuar harmonise fetare ne mes te shqiptareve - Lajme nga Ulqini<\/title>\n<meta name=\"description\" content=\"Tharmi i shqet\u00ebsimit Edhe pse historia na tregon shum\u00eb p\u00ebr toleranc\u00ebn fetare, prap\u00eb se prap\u00eb secili nga ne duhet t\u00eb jemi shum\u00eb t\u00eb kujdessh\u00ebm, pasi, sipas\" \/>\n<meta name=\"robots\" content=\"index, follow, max-snippet:-1, max-image-preview:large, max-video-preview:-1\" \/>\n<link rel=\"canonical\" href=\"https:\/\/www.visit-ulcinj.com\/blog\/2013\/02\/06\/tharmi-i-shqetesimit-kushtuar-harmonise-fetare-ne-mes-te-shqiptareve\/\" \/>\n<meta property=\"og:locale\" content=\"en_US\" \/>\n<meta property=\"og:type\" content=\"article\" \/>\n<meta property=\"og:title\" content=\"Tharmi i shqet\u00ebsimit: Kushtuar harmonise fetare ne mes te shqiptareve - Lajme nga Ulqini\" \/>\n<meta property=\"og:description\" content=\"Tharmi i shqet\u00ebsimit Edhe pse historia na tregon shum\u00eb p\u00ebr toleranc\u00ebn fetare, prap\u00eb se prap\u00eb secili nga ne duhet t\u00eb jemi shum\u00eb t\u00eb kujdessh\u00ebm, pasi, sipas\" \/>\n<meta property=\"og:url\" content=\"https:\/\/www.visit-ulcinj.com\/blog\/2013\/02\/06\/tharmi-i-shqetesimit-kushtuar-harmonise-fetare-ne-mes-te-shqiptareve\/\" \/>\n<meta property=\"og:site_name\" content=\"Lajme nga Ulqini\" \/>\n<meta property=\"article:published_time\" content=\"2013-02-06T19:20:30+00:00\" \/>\n<meta property=\"article:modified_time\" content=\"2013-02-09T17:56:54+00:00\" \/>\n<meta property=\"og:image\" content=\"http:\/\/www.visit-ulcinj.com\/blog\/wp-content\/uploads\/2013\/02\/rexheplika_ambasadori-moore_imzotDom-Tom-Koci.jpg\" \/>\n<meta name=\"twitter:label1\" content=\"Written by\" \/>\n\t<meta name=\"twitter:data1\" content=\"ulqini\" \/>\n\t<meta name=\"twitter:label2\" content=\"Est. reading time\" \/>\n\t<meta name=\"twitter:data2\" content=\"7 minutes\" \/>\n<script type=\"application\/ld+json\" class=\"yoast-schema-graph\">{\"@context\":\"https:\/\/schema.org\",\"@graph\":[{\"@type\":\"WebSite\",\"@id\":\"https:\/\/www.visit-ulcinj.com\/blog\/#website\",\"url\":\"https:\/\/www.visit-ulcinj.com\/blog\/\",\"name\":\"Lajme nga Ulqini\",\"description\":\"Lajme,Vijesti,Ulqini,Ulqin,Crna Gora,Mali i Zi\",\"potentialAction\":[{\"@type\":\"SearchAction\",\"target\":{\"@type\":\"EntryPoint\",\"urlTemplate\":\"https:\/\/www.visit-ulcinj.com\/blog\/?s={search_term_string}\"},\"query-input\":\"required name=search_term_string\"}],\"inLanguage\":\"en-US\"},{\"@type\":\"ImageObject\",\"inLanguage\":\"en-US\",\"@id\":\"https:\/\/www.visit-ulcinj.com\/blog\/2013\/02\/06\/tharmi-i-shqetesimit-kushtuar-harmonise-fetare-ne-mes-te-shqiptareve\/#primaryimage\",\"url\":\"https:\/\/www.visit-ulcinj.com\/blog\/wp-content\/uploads\/2013\/02\/rexheplika_ambasadori-moore_imzotDom-Tom-Koci.jpg\",\"contentUrl\":\"https:\/\/www.visit-ulcinj.com\/blog\/wp-content\/uploads\/2013\/02\/rexheplika_ambasadori-moore_imzotDom-Tom-Koci.jpg\",\"width\":350,\"height\":234},{\"@type\":\"WebPage\",\"@id\":\"https:\/\/www.visit-ulcinj.com\/blog\/2013\/02\/06\/tharmi-i-shqetesimit-kushtuar-harmonise-fetare-ne-mes-te-shqiptareve\/#webpage\",\"url\":\"https:\/\/www.visit-ulcinj.com\/blog\/2013\/02\/06\/tharmi-i-shqetesimit-kushtuar-harmonise-fetare-ne-mes-te-shqiptareve\/\",\"name\":\"Tharmi i shqet\u00ebsimit: Kushtuar harmonise fetare ne mes te shqiptareve - Lajme nga Ulqini\",\"isPartOf\":{\"@id\":\"https:\/\/www.visit-ulcinj.com\/blog\/#website\"},\"primaryImageOfPage\":{\"@id\":\"https:\/\/www.visit-ulcinj.com\/blog\/2013\/02\/06\/tharmi-i-shqetesimit-kushtuar-harmonise-fetare-ne-mes-te-shqiptareve\/#primaryimage\"},\"datePublished\":\"2013-02-06T19:20:30+00:00\",\"dateModified\":\"2013-02-09T17:56:54+00:00\",\"author\":{\"@id\":\"https:\/\/www.visit-ulcinj.com\/blog\/#\/schema\/person\/dcab619c614d3038751c63bc2aadc06d\"},\"description\":\"Tharmi i shqet\u00ebsimit Edhe pse historia na tregon shum\u00eb p\u00ebr toleranc\u00ebn fetare, prap\u00eb se prap\u00eb secili nga ne duhet t\u00eb jemi shum\u00eb t\u00eb kujdessh\u00ebm, pasi, sipas\",\"breadcrumb\":{\"@id\":\"https:\/\/www.visit-ulcinj.com\/blog\/2013\/02\/06\/tharmi-i-shqetesimit-kushtuar-harmonise-fetare-ne-mes-te-shqiptareve\/#breadcrumb\"},\"inLanguage\":\"en-US\",\"potentialAction\":[{\"@type\":\"ReadAction\",\"target\":[\"https:\/\/www.visit-ulcinj.com\/blog\/2013\/02\/06\/tharmi-i-shqetesimit-kushtuar-harmonise-fetare-ne-mes-te-shqiptareve\/\"]}]},{\"@type\":\"BreadcrumbList\",\"@id\":\"https:\/\/www.visit-ulcinj.com\/blog\/2013\/02\/06\/tharmi-i-shqetesimit-kushtuar-harmonise-fetare-ne-mes-te-shqiptareve\/#breadcrumb\",\"itemListElement\":[{\"@type\":\"ListItem\",\"position\":1,\"name\":\"Tharmi i shqet\u00ebsimit: Kushtuar harmonise fetare ne mes te shqiptareve\"}]},{\"@type\":\"Person\",\"@id\":\"https:\/\/www.visit-ulcinj.com\/blog\/#\/schema\/person\/dcab619c614d3038751c63bc2aadc06d\",\"name\":\"ulqini\",\"sameAs\":[\"http:\/\/www.visit-ulcinj.com\"],\"url\":\"https:\/\/www.visit-ulcinj.com\/blog\/author\/admin\/\"}]}<\/script>\n<!-- \/ Yoast SEO plugin. -->","yoast_head_json":{"title":"Tharmi i shqet\u00ebsimit: Kushtuar harmonise fetare ne mes te shqiptareve - Lajme nga Ulqini","description":"Tharmi i shqet\u00ebsimit Edhe pse historia na tregon shum\u00eb p\u00ebr toleranc\u00ebn fetare, prap\u00eb se prap\u00eb secili nga ne duhet t\u00eb jemi shum\u00eb t\u00eb kujdessh\u00ebm, pasi, sipas","robots":{"index":"index","follow":"follow","max-snippet":"max-snippet:-1","max-image-preview":"max-image-preview:large","max-video-preview":"max-video-preview:-1"},"canonical":"https:\/\/www.visit-ulcinj.com\/blog\/2013\/02\/06\/tharmi-i-shqetesimit-kushtuar-harmonise-fetare-ne-mes-te-shqiptareve\/","og_locale":"en_US","og_type":"article","og_title":"Tharmi i shqet\u00ebsimit: Kushtuar harmonise fetare ne mes te shqiptareve - Lajme nga Ulqini","og_description":"Tharmi i shqet\u00ebsimit Edhe pse historia na tregon shum\u00eb p\u00ebr toleranc\u00ebn fetare, prap\u00eb se prap\u00eb secili nga ne duhet t\u00eb jemi shum\u00eb t\u00eb kujdessh\u00ebm, pasi, sipas","og_url":"https:\/\/www.visit-ulcinj.com\/blog\/2013\/02\/06\/tharmi-i-shqetesimit-kushtuar-harmonise-fetare-ne-mes-te-shqiptareve\/","og_site_name":"Lajme nga Ulqini","article_published_time":"2013-02-06T19:20:30+00:00","article_modified_time":"2013-02-09T17:56:54+00:00","og_image":[{"url":"http:\/\/www.visit-ulcinj.com\/blog\/wp-content\/uploads\/2013\/02\/rexheplika_ambasadori-moore_imzotDom-Tom-Koci.jpg"}],"twitter_misc":{"Written by":"ulqini","Est. reading time":"7 minutes"},"schema":{"@context":"https:\/\/schema.org","@graph":[{"@type":"WebSite","@id":"https:\/\/www.visit-ulcinj.com\/blog\/#website","url":"https:\/\/www.visit-ulcinj.com\/blog\/","name":"Lajme nga Ulqini","description":"Lajme,Vijesti,Ulqini,Ulqin,Crna Gora,Mali i Zi","potentialAction":[{"@type":"SearchAction","target":{"@type":"EntryPoint","urlTemplate":"https:\/\/www.visit-ulcinj.com\/blog\/?s={search_term_string}"},"query-input":"required name=search_term_string"}],"inLanguage":"en-US"},{"@type":"ImageObject","inLanguage":"en-US","@id":"https:\/\/www.visit-ulcinj.com\/blog\/2013\/02\/06\/tharmi-i-shqetesimit-kushtuar-harmonise-fetare-ne-mes-te-shqiptareve\/#primaryimage","url":"https:\/\/www.visit-ulcinj.com\/blog\/wp-content\/uploads\/2013\/02\/rexheplika_ambasadori-moore_imzotDom-Tom-Koci.jpg","contentUrl":"https:\/\/www.visit-ulcinj.com\/blog\/wp-content\/uploads\/2013\/02\/rexheplika_ambasadori-moore_imzotDom-Tom-Koci.jpg","width":350,"height":234},{"@type":"WebPage","@id":"https:\/\/www.visit-ulcinj.com\/blog\/2013\/02\/06\/tharmi-i-shqetesimit-kushtuar-harmonise-fetare-ne-mes-te-shqiptareve\/#webpage","url":"https:\/\/www.visit-ulcinj.com\/blog\/2013\/02\/06\/tharmi-i-shqetesimit-kushtuar-harmonise-fetare-ne-mes-te-shqiptareve\/","name":"Tharmi i shqet\u00ebsimit: Kushtuar harmonise fetare ne mes te shqiptareve - Lajme nga Ulqini","isPartOf":{"@id":"https:\/\/www.visit-ulcinj.com\/blog\/#website"},"primaryImageOfPage":{"@id":"https:\/\/www.visit-ulcinj.com\/blog\/2013\/02\/06\/tharmi-i-shqetesimit-kushtuar-harmonise-fetare-ne-mes-te-shqiptareve\/#primaryimage"},"datePublished":"2013-02-06T19:20:30+00:00","dateModified":"2013-02-09T17:56:54+00:00","author":{"@id":"https:\/\/www.visit-ulcinj.com\/blog\/#\/schema\/person\/dcab619c614d3038751c63bc2aadc06d"},"description":"Tharmi i shqet\u00ebsimit Edhe pse historia na tregon shum\u00eb p\u00ebr toleranc\u00ebn fetare, prap\u00eb se prap\u00eb secili nga ne duhet t\u00eb jemi shum\u00eb t\u00eb kujdessh\u00ebm, pasi, sipas","breadcrumb":{"@id":"https:\/\/www.visit-ulcinj.com\/blog\/2013\/02\/06\/tharmi-i-shqetesimit-kushtuar-harmonise-fetare-ne-mes-te-shqiptareve\/#breadcrumb"},"inLanguage":"en-US","potentialAction":[{"@type":"ReadAction","target":["https:\/\/www.visit-ulcinj.com\/blog\/2013\/02\/06\/tharmi-i-shqetesimit-kushtuar-harmonise-fetare-ne-mes-te-shqiptareve\/"]}]},{"@type":"BreadcrumbList","@id":"https:\/\/www.visit-ulcinj.com\/blog\/2013\/02\/06\/tharmi-i-shqetesimit-kushtuar-harmonise-fetare-ne-mes-te-shqiptareve\/#breadcrumb","itemListElement":[{"@type":"ListItem","position":1,"name":"Tharmi i shqet\u00ebsimit: Kushtuar harmonise fetare ne mes te shqiptareve"}]},{"@type":"Person","@id":"https:\/\/www.visit-ulcinj.com\/blog\/#\/schema\/person\/dcab619c614d3038751c63bc2aadc06d","name":"ulqini","sameAs":["http:\/\/www.visit-ulcinj.com"],"url":"https:\/\/www.visit-ulcinj.com\/blog\/author\/admin\/"}]}},"jetpack_featured_media_url":"","jetpack_sharing_enabled":true,"jetpack_shortlink":"https:\/\/wp.me\/pe6lTn-hNq","_links":{"self":[{"href":"https:\/\/www.visit-ulcinj.com\/blog\/wp-json\/wp\/v2\/posts\/68412"}],"collection":[{"href":"https:\/\/www.visit-ulcinj.com\/blog\/wp-json\/wp\/v2\/posts"}],"about":[{"href":"https:\/\/www.visit-ulcinj.com\/blog\/wp-json\/wp\/v2\/types\/post"}],"author":[{"embeddable":true,"href":"https:\/\/www.visit-ulcinj.com\/blog\/wp-json\/wp\/v2\/users\/1"}],"replies":[{"embeddable":true,"href":"https:\/\/www.visit-ulcinj.com\/blog\/wp-json\/wp\/v2\/comments?post=68412"}],"version-history":[{"count":4,"href":"https:\/\/www.visit-ulcinj.com\/blog\/wp-json\/wp\/v2\/posts\/68412\/revisions"}],"predecessor-version":[{"id":68549,"href":"https:\/\/www.visit-ulcinj.com\/blog\/wp-json\/wp\/v2\/posts\/68412\/revisions\/68549"}],"wp:attachment":[{"href":"https:\/\/www.visit-ulcinj.com\/blog\/wp-json\/wp\/v2\/media?parent=68412"}],"wp:term":[{"taxonomy":"category","embeddable":true,"href":"https:\/\/www.visit-ulcinj.com\/blog\/wp-json\/wp\/v2\/categories?post=68412"},{"taxonomy":"post_tag","embeddable":true,"href":"https:\/\/www.visit-ulcinj.com\/blog\/wp-json\/wp\/v2\/tags?post=68412"}],"curies":[{"name":"wp","href":"https:\/\/api.w.org\/{rel}","templated":true}]}}