{"id":68431,"date":"2013-02-08T14:51:51","date_gmt":"2013-02-08T13:51:51","guid":{"rendered":"http:\/\/www.visit-ulcinj.com\/blog\/?p=68431"},"modified":"2013-02-08T15:31:27","modified_gmt":"2013-02-08T14:31:27","slug":"cungu-takoi-kryetarin-e-organizates-se-te-verberve-nga-tivari-dhe-ulqini","status":"publish","type":"post","link":"https:\/\/www.visit-ulcinj.com\/blog\/2013\/02\/08\/cungu-takoi-kryetarin-e-organizates-se-te-verberve-nga-tivari-dhe-ulqini\/","title":{"rendered":"Cungu takoi kryetarin e Organizat\u00ebs s\u00eb t\u00eb verb\u00ebrve nga Tivari dhe Ulqini"},"content":{"rendered":"<p><strong><a href=\"http:\/\/www.visit-ulcinj.com\/blog\/wp-content\/uploads\/2013\/02\/Nazif-Cungu-Veselin-Joketiq-Drnda.jpg\"><img loading=\"lazy\" class=\"alignleft  wp-image-68432\" alt=\"Nazif Cungu-Veselin Joketiq-Drnda\" src=\"http:\/\/www.visit-ulcinj.com\/blog\/wp-content\/uploads\/2013\/02\/Nazif-Cungu-Veselin-Joketiq-Drnda.jpg\" width=\"508\" height=\"360\" \/><\/a>Kryetari Cungu u takua me kryetarin e Organizat\u00ebs s\u00eb t\u00eb verb\u00ebrve nga Tivari dhe Ulqini<\/strong><\/p>\n<p>Kryetari i Komun\u00ebs s\u00eb Ulqinit Nazif Cungu u takua me kryetarin e Organizat\u00ebs s\u00eb t\u00eb verb\u00ebrve nga Tivari dhe Ulqini, Veselin Joketiq, kryetarin e Lidhjes nacionale t\u00eb t\u00eb verb\u00ebrve t\u00eb Malit t\u00eb Zi Bozhidar Drnda. Pas ndryshimit t\u00eb udh\u00ebheq\u00ebsish s\u00eb Organizat\u00ebs s\u00eb t\u00eb verb\u00ebrve p\u00ebr Tivar dhe Ulqin, nj\u00eb nga objektivat kryesore t\u00eb udh\u00ebheq\u00ebsish s\u00eb re s\u00eb organizat\u00ebs \u00ebsht\u00eb Komuna e Ulqinit.<\/p>\n<p>Ata thon\u00eb q\u00eb pozita e an\u00ebtar\u00ebve t\u00eb organizat\u00ebs s\u00eb t\u00eb verb\u00ebrve nga Ulqini krahasuar me an\u00ebtar\u00ebt nga Tivari \u00ebsht\u00eb shum\u00eb m\u00eb e keqe.<br \/>\n<a href=\"http:\/\/www.visit-ulcinj.com\/blog\/wp-content\/uploads\/2013\/02\/Nazif-Cungu-Veselin-Joketiq-Drnda.1.jpg\"><img loading=\"lazy\" class=\"alignleft  wp-image-68433\" alt=\"Nazif Cungu-Veselin Joketiq-Drnda.1\" src=\"http:\/\/www.visit-ulcinj.com\/blog\/wp-content\/uploads\/2013\/02\/Nazif-Cungu-Veselin-Joketiq-Drnda.1.jpg\" width=\"508\" height=\"300\" \/><\/a><\/p>\n<p>Mungesa e bashk\u00ebpunimit me vet\u00ebqeverisjen lokale t\u00eb Komun\u00ebs s\u00eb Ulqinit n\u00eb dhjet\u00eb pes\u00ebmb\u00ebdhjet\u00eb vitet e fundit \u00ebsht\u00eb edhe shkaku pse an\u00ebtar\u00ebt nga komuna e Ulqinit nuk i g\u00ebzojn\u00eb disa privilegje si an\u00ebtar\u00ebt nga Tivari, duke p\u00ebrfshir\u00eb: privilegjet n\u00eb komunalje, p\u00ebrkrahjen e rregullt financiare n\u00eb nivelin mujor e tjer\u00eb. Ata kan\u00eb parashtruar idet\u00eb dhe shembujt e bashk\u00ebpunimit me Komun\u00ebn e Tivarit si dhe mund\u00ebsit\u00eb e bashk\u00ebpunimit me Komun\u00ebn e Ulqinit. Kryetari Cungu p\u00ebrsh\u00ebndeti iniciativ\u00ebn e vendosjes s\u00eb bashk\u00ebpunimit me k\u00ebt\u00eb organizat\u00eb dhe ka konfirmuar q\u00eb do t\u00eb p\u00ebrkrahi k\u00ebrkesat ndaj nd\u00ebrmarrjes publike t\u00eb Uj\u00ebsjell\u00ebsit dhe nd\u00ebrmarrjes publike p\u00ebr \u00e7\u00ebshtje komunale. Ai tha q\u00eb p\u00ebrkrahja e rregullt financiare \u00ebsht\u00eb e mundur pas rebalancit eventual t\u00eb buxhetit, por shprehi gatishm\u00ebrin\u00eb m\u00eb ndihm\u00ebn e nj\u00ebhershme financiare si dhe ndihm\u00ebn n\u00eb realizimin e projektit t\u00eb bibliotek\u00ebs p\u00ebr t\u00eb verb\u00ebr n\u00eb bashk\u00ebpunim me IP Qendra p\u00ebr kultur\u00eb si dhe realizimin e programit n\u00eb bashk\u00ebpunim me Radio Ulqinin.<\/p>\n<p><strong>Op\u0161tina Ulcinj \/ Komuna e Ulqinit<\/strong><br \/>\nTel: +382 30 412 050<br \/>\nFax: +382 30 412 413<br \/>\nAdresa: Bul. Skenderbeu bb, 85360 Ulcinj, MNE<\/p>\n","protected":false},"excerpt":{"rendered":"<p>Kryetari Cungu u takua me kryetarin e Organizat\u00ebs s\u00eb t\u00eb verb\u00ebrve nga Tivari dhe Ulqini Kryetari i Komun\u00ebs s\u00eb Ulqinit Nazif Cungu u takua me kryetarin e Organizat\u00ebs s\u00eb t\u00eb verb\u00ebrve nga Tivari dhe Ulqini, Veselin Joketiq, kryetarin e Lidhjes nacionale t\u00eb t\u00eb verb\u00ebrve t\u00eb Malit t\u00eb Zi Bozhidar Drnda. Pas ndryshimit t\u00eb udh\u00ebheq\u00ebsish s\u00eb [&hellip;]<\/p>\n","protected":false},"author":1,"featured_media":0,"comment_status":"open","ping_status":"closed","sticky":false,"template":"","format":"standard","meta":{"spay_email":"","jetpack_publicize_message":"","jetpack_is_tweetstorm":false,"jetpack_publicize_feature_enabled":true},"categories":[1,11],"tags":[118,200,18],"jetpack_publicize_connections":[],"yoast_head":"<!-- This site is optimized with the Yoast SEO plugin v19.1 - https:\/\/yoast.com\/wordpress\/plugins\/seo\/ -->\n<title>Cungu takoi kryetarin e Organizat\u00ebs s\u00eb t\u00eb verb\u00ebrve nga Tivari dhe Ulqini - Lajme nga Ulqini<\/title>\n<meta name=\"description\" content=\"Kryetari Cungu u takua me kryetarin e Organizat\u00ebs s\u00eb t\u00eb verb\u00ebrve nga Tivari dhe Ulqini Kryetari i Komun\u00ebs s\u00eb Ulqinit Nazif Cungu u takua me kryetarin e\" \/>\n<meta name=\"robots\" content=\"index, follow, max-snippet:-1, max-image-preview:large, max-video-preview:-1\" \/>\n<link rel=\"canonical\" href=\"https:\/\/www.visit-ulcinj.com\/blog\/2013\/02\/08\/cungu-takoi-kryetarin-e-organizates-se-te-verberve-nga-tivari-dhe-ulqini\/\" \/>\n<meta property=\"og:locale\" content=\"en_US\" \/>\n<meta property=\"og:type\" content=\"article\" \/>\n<meta property=\"og:title\" content=\"Cungu takoi kryetarin e Organizat\u00ebs s\u00eb t\u00eb verb\u00ebrve nga Tivari dhe Ulqini - Lajme nga Ulqini\" \/>\n<meta property=\"og:description\" content=\"Kryetari Cungu u takua me kryetarin e Organizat\u00ebs s\u00eb t\u00eb verb\u00ebrve nga Tivari dhe Ulqini Kryetari i Komun\u00ebs s\u00eb Ulqinit Nazif Cungu u takua me kryetarin e\" \/>\n<meta property=\"og:url\" content=\"https:\/\/www.visit-ulcinj.com\/blog\/2013\/02\/08\/cungu-takoi-kryetarin-e-organizates-se-te-verberve-nga-tivari-dhe-ulqini\/\" \/>\n<meta property=\"og:site_name\" content=\"Lajme nga Ulqini\" \/>\n<meta property=\"article:published_time\" content=\"2013-02-08T13:51:51+00:00\" \/>\n<meta property=\"article:modified_time\" content=\"2013-02-08T14:31:27+00:00\" \/>\n<meta property=\"og:image\" content=\"http:\/\/www.visit-ulcinj.com\/blog\/wp-content\/uploads\/2013\/02\/Nazif-Cungu-Veselin-Joketiq-Drnda.jpg\" \/>\n<meta name=\"twitter:label1\" content=\"Written by\" \/>\n\t<meta name=\"twitter:data1\" content=\"ulqini\" \/>\n\t<meta name=\"twitter:label2\" content=\"Est. reading time\" \/>\n\t<meta name=\"twitter:data2\" content=\"2 minutes\" \/>\n<script type=\"application\/ld+json\" class=\"yoast-schema-graph\">{\"@context\":\"https:\/\/schema.org\",\"@graph\":[{\"@type\":\"WebSite\",\"@id\":\"https:\/\/www.visit-ulcinj.com\/blog\/#website\",\"url\":\"https:\/\/www.visit-ulcinj.com\/blog\/\",\"name\":\"Lajme nga Ulqini\",\"description\":\"Lajme,Vijesti,Ulqini,Ulqin,Crna Gora,Mali i Zi\",\"potentialAction\":[{\"@type\":\"SearchAction\",\"target\":{\"@type\":\"EntryPoint\",\"urlTemplate\":\"https:\/\/www.visit-ulcinj.com\/blog\/?s={search_term_string}\"},\"query-input\":\"required name=search_term_string\"}],\"inLanguage\":\"en-US\"},{\"@type\":\"ImageObject\",\"inLanguage\":\"en-US\",\"@id\":\"https:\/\/www.visit-ulcinj.com\/blog\/2013\/02\/08\/cungu-takoi-kryetarin-e-organizates-se-te-verberve-nga-tivari-dhe-ulqini\/#primaryimage\",\"url\":\"https:\/\/www.visit-ulcinj.com\/blog\/wp-content\/uploads\/2013\/02\/Nazif-Cungu-Veselin-Joketiq-Drnda.jpg\",\"contentUrl\":\"https:\/\/www.visit-ulcinj.com\/blog\/wp-content\/uploads\/2013\/02\/Nazif-Cungu-Veselin-Joketiq-Drnda.jpg\",\"width\":640,\"height\":424},{\"@type\":\"WebPage\",\"@id\":\"https:\/\/www.visit-ulcinj.com\/blog\/2013\/02\/08\/cungu-takoi-kryetarin-e-organizates-se-te-verberve-nga-tivari-dhe-ulqini\/#webpage\",\"url\":\"https:\/\/www.visit-ulcinj.com\/blog\/2013\/02\/08\/cungu-takoi-kryetarin-e-organizates-se-te-verberve-nga-tivari-dhe-ulqini\/\",\"name\":\"Cungu takoi kryetarin e Organizat\u00ebs s\u00eb t\u00eb verb\u00ebrve nga Tivari dhe Ulqini - Lajme nga Ulqini\",\"isPartOf\":{\"@id\":\"https:\/\/www.visit-ulcinj.com\/blog\/#website\"},\"primaryImageOfPage\":{\"@id\":\"https:\/\/www.visit-ulcinj.com\/blog\/2013\/02\/08\/cungu-takoi-kryetarin-e-organizates-se-te-verberve-nga-tivari-dhe-ulqini\/#primaryimage\"},\"datePublished\":\"2013-02-08T13:51:51+00:00\",\"dateModified\":\"2013-02-08T14:31:27+00:00\",\"author\":{\"@id\":\"https:\/\/www.visit-ulcinj.com\/blog\/#\/schema\/person\/dcab619c614d3038751c63bc2aadc06d\"},\"description\":\"Kryetari Cungu u takua me kryetarin e Organizat\u00ebs s\u00eb t\u00eb verb\u00ebrve nga Tivari dhe Ulqini Kryetari i Komun\u00ebs s\u00eb Ulqinit Nazif Cungu u takua me kryetarin e\",\"breadcrumb\":{\"@id\":\"https:\/\/www.visit-ulcinj.com\/blog\/2013\/02\/08\/cungu-takoi-kryetarin-e-organizates-se-te-verberve-nga-tivari-dhe-ulqini\/#breadcrumb\"},\"inLanguage\":\"en-US\",\"potentialAction\":[{\"@type\":\"ReadAction\",\"target\":[\"https:\/\/www.visit-ulcinj.com\/blog\/2013\/02\/08\/cungu-takoi-kryetarin-e-organizates-se-te-verberve-nga-tivari-dhe-ulqini\/\"]}]},{\"@type\":\"BreadcrumbList\",\"@id\":\"https:\/\/www.visit-ulcinj.com\/blog\/2013\/02\/08\/cungu-takoi-kryetarin-e-organizates-se-te-verberve-nga-tivari-dhe-ulqini\/#breadcrumb\",\"itemListElement\":[{\"@type\":\"ListItem\",\"position\":1,\"name\":\"Cungu takoi kryetarin e Organizat\u00ebs s\u00eb t\u00eb verb\u00ebrve nga Tivari dhe Ulqini\"}]},{\"@type\":\"Person\",\"@id\":\"https:\/\/www.visit-ulcinj.com\/blog\/#\/schema\/person\/dcab619c614d3038751c63bc2aadc06d\",\"name\":\"ulqini\",\"sameAs\":[\"http:\/\/www.visit-ulcinj.com\"],\"url\":\"https:\/\/www.visit-ulcinj.com\/blog\/author\/admin\/\"}]}<\/script>\n<!-- \/ Yoast SEO plugin. -->","yoast_head_json":{"title":"Cungu takoi kryetarin e Organizat\u00ebs s\u00eb t\u00eb verb\u00ebrve nga Tivari dhe Ulqini - Lajme nga Ulqini","description":"Kryetari Cungu u takua me kryetarin e Organizat\u00ebs s\u00eb t\u00eb verb\u00ebrve nga Tivari dhe Ulqini Kryetari i Komun\u00ebs s\u00eb Ulqinit Nazif Cungu u takua me kryetarin e","robots":{"index":"index","follow":"follow","max-snippet":"max-snippet:-1","max-image-preview":"max-image-preview:large","max-video-preview":"max-video-preview:-1"},"canonical":"https:\/\/www.visit-ulcinj.com\/blog\/2013\/02\/08\/cungu-takoi-kryetarin-e-organizates-se-te-verberve-nga-tivari-dhe-ulqini\/","og_locale":"en_US","og_type":"article","og_title":"Cungu takoi kryetarin e Organizat\u00ebs s\u00eb t\u00eb verb\u00ebrve nga Tivari dhe Ulqini - Lajme nga Ulqini","og_description":"Kryetari Cungu u takua me kryetarin e Organizat\u00ebs s\u00eb t\u00eb verb\u00ebrve nga Tivari dhe Ulqini Kryetari i Komun\u00ebs s\u00eb Ulqinit Nazif Cungu u takua me kryetarin e","og_url":"https:\/\/www.visit-ulcinj.com\/blog\/2013\/02\/08\/cungu-takoi-kryetarin-e-organizates-se-te-verberve-nga-tivari-dhe-ulqini\/","og_site_name":"Lajme nga Ulqini","article_published_time":"2013-02-08T13:51:51+00:00","article_modified_time":"2013-02-08T14:31:27+00:00","og_image":[{"url":"http:\/\/www.visit-ulcinj.com\/blog\/wp-content\/uploads\/2013\/02\/Nazif-Cungu-Veselin-Joketiq-Drnda.jpg"}],"twitter_misc":{"Written by":"ulqini","Est. reading time":"2 minutes"},"schema":{"@context":"https:\/\/schema.org","@graph":[{"@type":"WebSite","@id":"https:\/\/www.visit-ulcinj.com\/blog\/#website","url":"https:\/\/www.visit-ulcinj.com\/blog\/","name":"Lajme nga Ulqini","description":"Lajme,Vijesti,Ulqini,Ulqin,Crna Gora,Mali i Zi","potentialAction":[{"@type":"SearchAction","target":{"@type":"EntryPoint","urlTemplate":"https:\/\/www.visit-ulcinj.com\/blog\/?s={search_term_string}"},"query-input":"required name=search_term_string"}],"inLanguage":"en-US"},{"@type":"ImageObject","inLanguage":"en-US","@id":"https:\/\/www.visit-ulcinj.com\/blog\/2013\/02\/08\/cungu-takoi-kryetarin-e-organizates-se-te-verberve-nga-tivari-dhe-ulqini\/#primaryimage","url":"https:\/\/www.visit-ulcinj.com\/blog\/wp-content\/uploads\/2013\/02\/Nazif-Cungu-Veselin-Joketiq-Drnda.jpg","contentUrl":"https:\/\/www.visit-ulcinj.com\/blog\/wp-content\/uploads\/2013\/02\/Nazif-Cungu-Veselin-Joketiq-Drnda.jpg","width":640,"height":424},{"@type":"WebPage","@id":"https:\/\/www.visit-ulcinj.com\/blog\/2013\/02\/08\/cungu-takoi-kryetarin-e-organizates-se-te-verberve-nga-tivari-dhe-ulqini\/#webpage","url":"https:\/\/www.visit-ulcinj.com\/blog\/2013\/02\/08\/cungu-takoi-kryetarin-e-organizates-se-te-verberve-nga-tivari-dhe-ulqini\/","name":"Cungu takoi kryetarin e Organizat\u00ebs s\u00eb t\u00eb verb\u00ebrve nga Tivari dhe Ulqini - Lajme nga Ulqini","isPartOf":{"@id":"https:\/\/www.visit-ulcinj.com\/blog\/#website"},"primaryImageOfPage":{"@id":"https:\/\/www.visit-ulcinj.com\/blog\/2013\/02\/08\/cungu-takoi-kryetarin-e-organizates-se-te-verberve-nga-tivari-dhe-ulqini\/#primaryimage"},"datePublished":"2013-02-08T13:51:51+00:00","dateModified":"2013-02-08T14:31:27+00:00","author":{"@id":"https:\/\/www.visit-ulcinj.com\/blog\/#\/schema\/person\/dcab619c614d3038751c63bc2aadc06d"},"description":"Kryetari Cungu u takua me kryetarin e Organizat\u00ebs s\u00eb t\u00eb verb\u00ebrve nga Tivari dhe Ulqini Kryetari i Komun\u00ebs s\u00eb Ulqinit Nazif Cungu u takua me kryetarin e","breadcrumb":{"@id":"https:\/\/www.visit-ulcinj.com\/blog\/2013\/02\/08\/cungu-takoi-kryetarin-e-organizates-se-te-verberve-nga-tivari-dhe-ulqini\/#breadcrumb"},"inLanguage":"en-US","potentialAction":[{"@type":"ReadAction","target":["https:\/\/www.visit-ulcinj.com\/blog\/2013\/02\/08\/cungu-takoi-kryetarin-e-organizates-se-te-verberve-nga-tivari-dhe-ulqini\/"]}]},{"@type":"BreadcrumbList","@id":"https:\/\/www.visit-ulcinj.com\/blog\/2013\/02\/08\/cungu-takoi-kryetarin-e-organizates-se-te-verberve-nga-tivari-dhe-ulqini\/#breadcrumb","itemListElement":[{"@type":"ListItem","position":1,"name":"Cungu takoi kryetarin e Organizat\u00ebs s\u00eb t\u00eb verb\u00ebrve nga Tivari dhe Ulqini"}]},{"@type":"Person","@id":"https:\/\/www.visit-ulcinj.com\/blog\/#\/schema\/person\/dcab619c614d3038751c63bc2aadc06d","name":"ulqini","sameAs":["http:\/\/www.visit-ulcinj.com"],"url":"https:\/\/www.visit-ulcinj.com\/blog\/author\/admin\/"}]}},"jetpack_featured_media_url":"","jetpack_sharing_enabled":true,"jetpack_shortlink":"https:\/\/wp.me\/pe6lTn-hNJ","_links":{"self":[{"href":"https:\/\/www.visit-ulcinj.com\/blog\/wp-json\/wp\/v2\/posts\/68431"}],"collection":[{"href":"https:\/\/www.visit-ulcinj.com\/blog\/wp-json\/wp\/v2\/posts"}],"about":[{"href":"https:\/\/www.visit-ulcinj.com\/blog\/wp-json\/wp\/v2\/types\/post"}],"author":[{"embeddable":true,"href":"https:\/\/www.visit-ulcinj.com\/blog\/wp-json\/wp\/v2\/users\/1"}],"replies":[{"embeddable":true,"href":"https:\/\/www.visit-ulcinj.com\/blog\/wp-json\/wp\/v2\/comments?post=68431"}],"version-history":[{"count":2,"href":"https:\/\/www.visit-ulcinj.com\/blog\/wp-json\/wp\/v2\/posts\/68431\/revisions"}],"predecessor-version":[{"id":68447,"href":"https:\/\/www.visit-ulcinj.com\/blog\/wp-json\/wp\/v2\/posts\/68431\/revisions\/68447"}],"wp:attachment":[{"href":"https:\/\/www.visit-ulcinj.com\/blog\/wp-json\/wp\/v2\/media?parent=68431"}],"wp:term":[{"taxonomy":"category","embeddable":true,"href":"https:\/\/www.visit-ulcinj.com\/blog\/wp-json\/wp\/v2\/categories?post=68431"},{"taxonomy":"post_tag","embeddable":true,"href":"https:\/\/www.visit-ulcinj.com\/blog\/wp-json\/wp\/v2\/tags?post=68431"}],"curies":[{"name":"wp","href":"https:\/\/api.w.org\/{rel}","templated":true}]}}