{"id":68436,"date":"2013-02-08T14:59:15","date_gmt":"2013-02-08T13:59:15","guid":{"rendered":"http:\/\/www.visit-ulcinj.com\/blog\/?p=68436"},"modified":"2013-02-08T14:59:15","modified_gmt":"2013-02-08T13:59:15","slug":"cungu-se-sastao-sa-predsjednikom-organizacije-slijepih-za-bar-i-ulcinj","status":"publish","type":"post","link":"https:\/\/www.visit-ulcinj.com\/blog\/2013\/02\/08\/cungu-se-sastao-sa-predsjednikom-organizacije-slijepih-za-bar-i-ulcinj\/","title":{"rendered":"Cungu se sastao sa predsjednikom Organizacije slijepih za Bar i Ulcinj"},"content":{"rendered":"<p><strong><a href=\"http:\/\/www.visit-ulcinj.com\/blog\/wp-content\/uploads\/2013\/02\/Nazif-Cungu-Veselin-Joketiq-Drnda.1.jpg\"><img loading=\"lazy\" class=\"alignleft  wp-image-68433\" alt=\"Nazif Cungu-Veselin Joketiq-Drnda.1\" src=\"http:\/\/www.visit-ulcinj.com\/blog\/wp-content\/uploads\/2013\/02\/Nazif-Cungu-Veselin-Joketiq-Drnda.1.jpg\" width=\"508\" height=\"360\" \/><\/a>Predsjednik Cungu sastao se sa predsjednikom Organizacije slijepih za Bar i Ulcinj<\/strong><\/p>\n<p>Predsjednik op\u0161tine Ulcinj Nazif Cungu sastao se sa predsjednikom Organizacije slijepih za Bar i Ulcinj Veselinom Joketi\u0107, predjsednikom Nacionalnog saveza slijepih Crne Gore Bo\u017eidarom Drnda. Nakon promjene rukovodstva Oganizacije slijepih za Bar i Ulcinj, jedan od glavnih ciljeva novog rukovodstva organizacije je op\u0161tina Ulcinj.<br \/>\n<a href=\"http:\/\/www.visit-ulcinj.com\/blog\/wp-content\/uploads\/2013\/02\/Nazif-Cungu-Veselin-Joketiq-Drnda.jpg\"><img loading=\"lazy\" class=\"alignleft  wp-image-68432\" alt=\"Nazif Cungu-Veselin Joketiq-Drnda\" src=\"http:\/\/www.visit-ulcinj.com\/blog\/wp-content\/uploads\/2013\/02\/Nazif-Cungu-Veselin-Joketiq-Drnda.jpg\" width=\"508\" height=\"300\" \/><\/a><\/p>\n<p>Oni navode da je pozicija \u010dlanova organizacije slepih iz Ulcinja u upore\u0111enju sa \u010dlanovima iz Bara mnogo te\u017ea. Nedostatak saradnje sa lokalnom samoupravom op\u0161tine Ulcinj u zadnjih deset do petnaes godina je i razlog za\u0161to \u010dlanovi iz op\u0161tine Ulcinj ne u\u017eivaju u odre\u0111enim beneficijama kao \u010dlanovi iz Bara, uklju\u010duju\u0107i : beneficije u komunalijama, redovnu finasisku podr\u0161ku u mjese\u010dnom nivou i sli\u010dno. Oni su izlo\u017eili ideje i primjere saradnje sa Op\u0161tinom Bar kao i razne mogu\u0107nosti saradnje sa Op\u0161tinom Ulcinj. Predsjednik Cung je pozdravio inicjativu uspostavljanja saradnje sa ovom organizacijom i potvrdio da \u0107e podr\u017eati njihov zahtjev prema JP Vodovod i JP Komunalno. On je naveo da je redovna finasiska pomo\u0107 mogu\u0107a nakon eventualnog rebalansa bud\u017eeta ali je pokazao spremnost za jednokratku finansisku pomo\u0107 kao i pomo\u0107 u realizaciji projekta biblioteka za slijepe u saradnji sa JP Centar za kulturu kao i realizaciji programa u saradnji sa Radiom Ulcinj.<\/p>\n<p><strong>Op\u0161tina Ulcinj \/ Komuna e Ulqinit<\/strong><br \/>\nTel: +382 30 412 050<br \/>\nFax: +382 30 412 413<br \/>\nAdresa: Bul. Skenderbeu bb, 85360 Ulcinj, MNE<\/p>\n","protected":false},"excerpt":{"rendered":"<p>Predsjednik Cungu sastao se sa predsjednikom Organizacije slijepih za Bar i Ulcinj Predsjednik op\u0161tine Ulcinj Nazif Cungu sastao se sa predsjednikom Organizacije slijepih za Bar i Ulcinj Veselinom Joketi\u0107, predjsednikom Nacionalnog saveza slijepih Crne Gore Bo\u017eidarom Drnda. Nakon promjene rukovodstva Oganizacije slijepih za Bar i Ulcinj, jedan od glavnih ciljeva novog rukovodstva organizacije je op\u0161tina [&hellip;]<\/p>\n","protected":false},"author":1,"featured_media":0,"comment_status":"open","ping_status":"closed","sticky":false,"template":"","format":"standard","meta":{"spay_email":"","jetpack_publicize_message":"","jetpack_is_tweetstorm":false,"jetpack_publicize_feature_enabled":true},"categories":[6950],"tags":[118,19],"jetpack_publicize_connections":[],"yoast_head":"<!-- This site is optimized with the Yoast SEO plugin v19.1 - https:\/\/yoast.com\/wordpress\/plugins\/seo\/ -->\n<title>Cungu se sastao sa predsjednikom Organizacije slijepih za Bar i Ulcinj - Lajme nga Ulqini<\/title>\n<meta name=\"description\" content=\"Predsjednik Cungu sastao se sa predsjednikom Organizacije slijepih za Bar i Ulcinj Predsjednik op\u0161tine Ulcinj Nazif Cungu sastao se sa predsjednikom\" \/>\n<meta name=\"robots\" content=\"index, follow, max-snippet:-1, max-image-preview:large, max-video-preview:-1\" \/>\n<link rel=\"canonical\" href=\"https:\/\/www.visit-ulcinj.com\/blog\/2013\/02\/08\/cungu-se-sastao-sa-predsjednikom-organizacije-slijepih-za-bar-i-ulcinj\/\" \/>\n<meta property=\"og:locale\" content=\"en_US\" \/>\n<meta property=\"og:type\" content=\"article\" \/>\n<meta property=\"og:title\" content=\"Cungu se sastao sa predsjednikom Organizacije slijepih za Bar i Ulcinj - Lajme nga Ulqini\" \/>\n<meta property=\"og:description\" content=\"Predsjednik Cungu sastao se sa predsjednikom Organizacije slijepih za Bar i Ulcinj Predsjednik op\u0161tine Ulcinj Nazif Cungu sastao se sa predsjednikom\" \/>\n<meta property=\"og:url\" content=\"https:\/\/www.visit-ulcinj.com\/blog\/2013\/02\/08\/cungu-se-sastao-sa-predsjednikom-organizacije-slijepih-za-bar-i-ulcinj\/\" \/>\n<meta property=\"og:site_name\" content=\"Lajme nga Ulqini\" \/>\n<meta property=\"article:published_time\" content=\"2013-02-08T13:59:15+00:00\" \/>\n<meta property=\"og:image\" content=\"http:\/\/www.visit-ulcinj.com\/blog\/wp-content\/uploads\/2013\/02\/Nazif-Cungu-Veselin-Joketiq-Drnda.1.jpg\" \/>\n<meta name=\"twitter:label1\" content=\"Written by\" \/>\n\t<meta name=\"twitter:data1\" content=\"ulqini\" \/>\n\t<meta name=\"twitter:label2\" content=\"Est. reading time\" \/>\n\t<meta name=\"twitter:data2\" content=\"1 minute\" \/>\n<script type=\"application\/ld+json\" class=\"yoast-schema-graph\">{\"@context\":\"https:\/\/schema.org\",\"@graph\":[{\"@type\":\"WebSite\",\"@id\":\"https:\/\/www.visit-ulcinj.com\/blog\/#website\",\"url\":\"https:\/\/www.visit-ulcinj.com\/blog\/\",\"name\":\"Lajme nga Ulqini\",\"description\":\"Lajme,Vijesti,Ulqini,Ulqin,Crna Gora,Mali i Zi\",\"potentialAction\":[{\"@type\":\"SearchAction\",\"target\":{\"@type\":\"EntryPoint\",\"urlTemplate\":\"https:\/\/www.visit-ulcinj.com\/blog\/?s={search_term_string}\"},\"query-input\":\"required name=search_term_string\"}],\"inLanguage\":\"en-US\"},{\"@type\":\"ImageObject\",\"inLanguage\":\"en-US\",\"@id\":\"https:\/\/www.visit-ulcinj.com\/blog\/2013\/02\/08\/cungu-se-sastao-sa-predsjednikom-organizacije-slijepih-za-bar-i-ulcinj\/#primaryimage\",\"url\":\"https:\/\/www.visit-ulcinj.com\/blog\/wp-content\/uploads\/2013\/02\/Nazif-Cungu-Veselin-Joketiq-Drnda.1.jpg\",\"contentUrl\":\"https:\/\/www.visit-ulcinj.com\/blog\/wp-content\/uploads\/2013\/02\/Nazif-Cungu-Veselin-Joketiq-Drnda.1.jpg\",\"width\":640,\"height\":424},{\"@type\":\"WebPage\",\"@id\":\"https:\/\/www.visit-ulcinj.com\/blog\/2013\/02\/08\/cungu-se-sastao-sa-predsjednikom-organizacije-slijepih-za-bar-i-ulcinj\/#webpage\",\"url\":\"https:\/\/www.visit-ulcinj.com\/blog\/2013\/02\/08\/cungu-se-sastao-sa-predsjednikom-organizacije-slijepih-za-bar-i-ulcinj\/\",\"name\":\"Cungu se sastao sa predsjednikom Organizacije slijepih za Bar i Ulcinj - Lajme nga Ulqini\",\"isPartOf\":{\"@id\":\"https:\/\/www.visit-ulcinj.com\/blog\/#website\"},\"primaryImageOfPage\":{\"@id\":\"https:\/\/www.visit-ulcinj.com\/blog\/2013\/02\/08\/cungu-se-sastao-sa-predsjednikom-organizacije-slijepih-za-bar-i-ulcinj\/#primaryimage\"},\"datePublished\":\"2013-02-08T13:59:15+00:00\",\"dateModified\":\"2013-02-08T13:59:15+00:00\",\"author\":{\"@id\":\"https:\/\/www.visit-ulcinj.com\/blog\/#\/schema\/person\/dcab619c614d3038751c63bc2aadc06d\"},\"description\":\"Predsjednik Cungu sastao se sa predsjednikom Organizacije slijepih za Bar i Ulcinj Predsjednik op\u0161tine Ulcinj Nazif Cungu sastao se sa predsjednikom\",\"breadcrumb\":{\"@id\":\"https:\/\/www.visit-ulcinj.com\/blog\/2013\/02\/08\/cungu-se-sastao-sa-predsjednikom-organizacije-slijepih-za-bar-i-ulcinj\/#breadcrumb\"},\"inLanguage\":\"en-US\",\"potentialAction\":[{\"@type\":\"ReadAction\",\"target\":[\"https:\/\/www.visit-ulcinj.com\/blog\/2013\/02\/08\/cungu-se-sastao-sa-predsjednikom-organizacije-slijepih-za-bar-i-ulcinj\/\"]}]},{\"@type\":\"BreadcrumbList\",\"@id\":\"https:\/\/www.visit-ulcinj.com\/blog\/2013\/02\/08\/cungu-se-sastao-sa-predsjednikom-organizacije-slijepih-za-bar-i-ulcinj\/#breadcrumb\",\"itemListElement\":[{\"@type\":\"ListItem\",\"position\":1,\"name\":\"Cungu se sastao sa predsjednikom Organizacije slijepih za Bar i Ulcinj\"}]},{\"@type\":\"Person\",\"@id\":\"https:\/\/www.visit-ulcinj.com\/blog\/#\/schema\/person\/dcab619c614d3038751c63bc2aadc06d\",\"name\":\"ulqini\",\"sameAs\":[\"http:\/\/www.visit-ulcinj.com\"],\"url\":\"https:\/\/www.visit-ulcinj.com\/blog\/author\/admin\/\"}]}<\/script>\n<!-- \/ Yoast SEO plugin. -->","yoast_head_json":{"title":"Cungu se sastao sa predsjednikom Organizacije slijepih za Bar i Ulcinj - Lajme nga Ulqini","description":"Predsjednik Cungu sastao se sa predsjednikom Organizacije slijepih za Bar i Ulcinj Predsjednik op\u0161tine Ulcinj Nazif Cungu sastao se sa predsjednikom","robots":{"index":"index","follow":"follow","max-snippet":"max-snippet:-1","max-image-preview":"max-image-preview:large","max-video-preview":"max-video-preview:-1"},"canonical":"https:\/\/www.visit-ulcinj.com\/blog\/2013\/02\/08\/cungu-se-sastao-sa-predsjednikom-organizacije-slijepih-za-bar-i-ulcinj\/","og_locale":"en_US","og_type":"article","og_title":"Cungu se sastao sa predsjednikom Organizacije slijepih za Bar i Ulcinj - Lajme nga Ulqini","og_description":"Predsjednik Cungu sastao se sa predsjednikom Organizacije slijepih za Bar i Ulcinj Predsjednik op\u0161tine Ulcinj Nazif Cungu sastao se sa predsjednikom","og_url":"https:\/\/www.visit-ulcinj.com\/blog\/2013\/02\/08\/cungu-se-sastao-sa-predsjednikom-organizacije-slijepih-za-bar-i-ulcinj\/","og_site_name":"Lajme nga Ulqini","article_published_time":"2013-02-08T13:59:15+00:00","og_image":[{"url":"http:\/\/www.visit-ulcinj.com\/blog\/wp-content\/uploads\/2013\/02\/Nazif-Cungu-Veselin-Joketiq-Drnda.1.jpg"}],"twitter_misc":{"Written by":"ulqini","Est. reading time":"1 minute"},"schema":{"@context":"https:\/\/schema.org","@graph":[{"@type":"WebSite","@id":"https:\/\/www.visit-ulcinj.com\/blog\/#website","url":"https:\/\/www.visit-ulcinj.com\/blog\/","name":"Lajme nga Ulqini","description":"Lajme,Vijesti,Ulqini,Ulqin,Crna Gora,Mali i Zi","potentialAction":[{"@type":"SearchAction","target":{"@type":"EntryPoint","urlTemplate":"https:\/\/www.visit-ulcinj.com\/blog\/?s={search_term_string}"},"query-input":"required name=search_term_string"}],"inLanguage":"en-US"},{"@type":"ImageObject","inLanguage":"en-US","@id":"https:\/\/www.visit-ulcinj.com\/blog\/2013\/02\/08\/cungu-se-sastao-sa-predsjednikom-organizacije-slijepih-za-bar-i-ulcinj\/#primaryimage","url":"https:\/\/www.visit-ulcinj.com\/blog\/wp-content\/uploads\/2013\/02\/Nazif-Cungu-Veselin-Joketiq-Drnda.1.jpg","contentUrl":"https:\/\/www.visit-ulcinj.com\/blog\/wp-content\/uploads\/2013\/02\/Nazif-Cungu-Veselin-Joketiq-Drnda.1.jpg","width":640,"height":424},{"@type":"WebPage","@id":"https:\/\/www.visit-ulcinj.com\/blog\/2013\/02\/08\/cungu-se-sastao-sa-predsjednikom-organizacije-slijepih-za-bar-i-ulcinj\/#webpage","url":"https:\/\/www.visit-ulcinj.com\/blog\/2013\/02\/08\/cungu-se-sastao-sa-predsjednikom-organizacije-slijepih-za-bar-i-ulcinj\/","name":"Cungu se sastao sa predsjednikom Organizacije slijepih za Bar i Ulcinj - Lajme nga Ulqini","isPartOf":{"@id":"https:\/\/www.visit-ulcinj.com\/blog\/#website"},"primaryImageOfPage":{"@id":"https:\/\/www.visit-ulcinj.com\/blog\/2013\/02\/08\/cungu-se-sastao-sa-predsjednikom-organizacije-slijepih-za-bar-i-ulcinj\/#primaryimage"},"datePublished":"2013-02-08T13:59:15+00:00","dateModified":"2013-02-08T13:59:15+00:00","author":{"@id":"https:\/\/www.visit-ulcinj.com\/blog\/#\/schema\/person\/dcab619c614d3038751c63bc2aadc06d"},"description":"Predsjednik Cungu sastao se sa predsjednikom Organizacije slijepih za Bar i Ulcinj Predsjednik op\u0161tine Ulcinj Nazif Cungu sastao se sa predsjednikom","breadcrumb":{"@id":"https:\/\/www.visit-ulcinj.com\/blog\/2013\/02\/08\/cungu-se-sastao-sa-predsjednikom-organizacije-slijepih-za-bar-i-ulcinj\/#breadcrumb"},"inLanguage":"en-US","potentialAction":[{"@type":"ReadAction","target":["https:\/\/www.visit-ulcinj.com\/blog\/2013\/02\/08\/cungu-se-sastao-sa-predsjednikom-organizacije-slijepih-za-bar-i-ulcinj\/"]}]},{"@type":"BreadcrumbList","@id":"https:\/\/www.visit-ulcinj.com\/blog\/2013\/02\/08\/cungu-se-sastao-sa-predsjednikom-organizacije-slijepih-za-bar-i-ulcinj\/#breadcrumb","itemListElement":[{"@type":"ListItem","position":1,"name":"Cungu se sastao sa predsjednikom Organizacije slijepih za Bar i Ulcinj"}]},{"@type":"Person","@id":"https:\/\/www.visit-ulcinj.com\/blog\/#\/schema\/person\/dcab619c614d3038751c63bc2aadc06d","name":"ulqini","sameAs":["http:\/\/www.visit-ulcinj.com"],"url":"https:\/\/www.visit-ulcinj.com\/blog\/author\/admin\/"}]}},"jetpack_featured_media_url":"","jetpack_sharing_enabled":true,"jetpack_shortlink":"https:\/\/wp.me\/pe6lTn-hNO","_links":{"self":[{"href":"https:\/\/www.visit-ulcinj.com\/blog\/wp-json\/wp\/v2\/posts\/68436"}],"collection":[{"href":"https:\/\/www.visit-ulcinj.com\/blog\/wp-json\/wp\/v2\/posts"}],"about":[{"href":"https:\/\/www.visit-ulcinj.com\/blog\/wp-json\/wp\/v2\/types\/post"}],"author":[{"embeddable":true,"href":"https:\/\/www.visit-ulcinj.com\/blog\/wp-json\/wp\/v2\/users\/1"}],"replies":[{"embeddable":true,"href":"https:\/\/www.visit-ulcinj.com\/blog\/wp-json\/wp\/v2\/comments?post=68436"}],"version-history":[{"count":1,"href":"https:\/\/www.visit-ulcinj.com\/blog\/wp-json\/wp\/v2\/posts\/68436\/revisions"}],"predecessor-version":[{"id":68437,"href":"https:\/\/www.visit-ulcinj.com\/blog\/wp-json\/wp\/v2\/posts\/68436\/revisions\/68437"}],"wp:attachment":[{"href":"https:\/\/www.visit-ulcinj.com\/blog\/wp-json\/wp\/v2\/media?parent=68436"}],"wp:term":[{"taxonomy":"category","embeddable":true,"href":"https:\/\/www.visit-ulcinj.com\/blog\/wp-json\/wp\/v2\/categories?post=68436"},{"taxonomy":"post_tag","embeddable":true,"href":"https:\/\/www.visit-ulcinj.com\/blog\/wp-json\/wp\/v2\/tags?post=68436"}],"curies":[{"name":"wp","href":"https:\/\/api.w.org\/{rel}","templated":true}]}}