{"id":68438,"date":"2013-02-08T15:17:36","date_gmt":"2013-02-08T14:17:36","guid":{"rendered":"http:\/\/www.visit-ulcinj.com\/blog\/?p=68438"},"modified":"2013-02-08T15:18:45","modified_gmt":"2013-02-08T14:18:45","slug":"princ-nikola-petrovic-njegos-posjetio-ulcinj","status":"publish","type":"post","link":"https:\/\/www.visit-ulcinj.com\/blog\/2013\/02\/08\/princ-nikola-petrovic-njegos-posjetio-ulcinj\/","title":{"rendered":"Princ Nikola Petrovi\u0107 Njego\u0161 posjetio Ulcinj"},"content":{"rendered":"<p><strong><a href=\"http:\/\/www.visit-ulcinj.com\/blog\/wp-content\/uploads\/2013\/02\/Nazif-Cungu-Princ-Nikola-Petrovic-Njegos-ulcinj.1.jpg\"><img loading=\"lazy\" class=\"alignleft  wp-image-68439\" alt=\"Nazif Cungu-Princ Nikola Petrovic Njegos-ulcinj.1\" src=\"http:\/\/www.visit-ulcinj.com\/blog\/wp-content\/uploads\/2013\/02\/Nazif-Cungu-Princ-Nikola-Petrovic-Njegos-ulcinj.1.jpg\" width=\"508\" height=\"360\" \/><\/a>Predsjednik Cungu ugostio je princa Nikolu Petrovi\u0107-Njego\u0161a<\/strong><\/p>\n<p>Predsjednik op\u0161tine Ulcinj Nazif Cungu ugostio je princa Nikolu Petrovi\u0107-Njego\u0161a, sa kojim je dogovorio nekoliko zajedni\u010dkih projekata. Fondacija Petrovi\u0107 njego\u0161 \u0107e pomo\u0107i u restauraciji Starog grada, arheolo\u0161kim istra\u017eivanjima na \u0160asu, a usledi\u0107e i susret albanskog princa Leke drugog i Nikole Petrovi\u0107a u Ulcinju koji \u0107e Cungu ugostiti u Ulcinju.<br \/>\n<a href=\"http:\/\/www.visit-ulcinj.com\/blog\/wp-content\/uploads\/2013\/02\/Nazif-Cungu-Princ-Nikola-Petrovic-Njegos-ulcinj.2.jpg\"><img loading=\"lazy\" class=\"alignleft  wp-image-68440\" alt=\"Nazif Cungu-Princ Nikola Petrovic Njegos-ulcinj.2\" src=\"http:\/\/www.visit-ulcinj.com\/blog\/wp-content\/uploads\/2013\/02\/Nazif-Cungu-Princ-Nikola-Petrovic-Njegos-ulcinj.2.jpg\" width=\"508\" height=\"300\" \/><\/a><\/p>\n<p>Princ je obavjesio prisutne o njegovim kontaktima sa francuskom \u0161kolom koja se isklju\u010divo bavi restauracijom. On je izjavio da \u0107e nastojati da u narednom periodu ugosti predstavnike te \u0161kole kao i da par arhitekta iy Ulcinja po\u0161aljemo u Pariz , na propreme vezane za restauraciju Starog grada.<br \/>\n<a href=\"http:\/\/www.visit-ulcinj.com\/blog\/wp-content\/uploads\/2013\/02\/Nazif-Cungu-Princ-Nikola-Petrovic-Njegos-ulcinj.jpg\"><img loading=\"lazy\" class=\"alignleft  wp-image-68441\" alt=\"Nazif Cungu-Princ Nikola Petrovic Njegos-ulcinj\" src=\"http:\/\/www.visit-ulcinj.com\/blog\/wp-content\/uploads\/2013\/02\/Nazif-Cungu-Princ-Nikola-Petrovic-Njegos-ulcinj.jpg\" width=\"508\" height=\"300\" \/><\/a><\/p>\n<p>Cungu je princa informisao i o arheolo\u0161kim istra\u017eivanjima na \u0160asu koja su u toku. Svi su se slo\u017eili da su svi projekti o kojima su govorili od izuzetnog zna\u010daja za valorizaciju i promocju grada Ulcinja.<\/p>\n<p><strong>Op\u0161tina Ulcinj \/ Komuna e Ulqinit<\/strong><br \/>\nTel: +382 30 412 050<br \/>\nFax: +382 30 412 413<br \/>\nAdresa: Bul. Skenderbeu bb, 85360 Ulcinj, MNE<\/p>\n","protected":false},"excerpt":{"rendered":"<p>Predsjednik Cungu ugostio je princa Nikolu Petrovi\u0107-Njego\u0161a Predsjednik op\u0161tine Ulcinj Nazif Cungu ugostio je princa Nikolu Petrovi\u0107-Njego\u0161a, sa kojim je dogovorio nekoliko zajedni\u010dkih projekata. Fondacija Petrovi\u0107 njego\u0161 \u0107e pomo\u0107i u restauraciji Starog grada, arheolo\u0161kim istra\u017eivanjima na \u0160asu, a usledi\u0107e i susret albanskog princa Leke drugog i Nikole Petrovi\u0107a u Ulcinju koji \u0107e Cungu ugostiti u [&hellip;]<\/p>\n","protected":false},"author":1,"featured_media":0,"comment_status":"open","ping_status":"closed","sticky":false,"template":"","format":"standard","meta":{"spay_email":"","jetpack_publicize_message":"","jetpack_is_tweetstorm":false,"jetpack_publicize_feature_enabled":true},"categories":[8337],"tags":[118,21774,19],"jetpack_publicize_connections":[],"yoast_head":"<!-- This site is optimized with the Yoast SEO plugin v19.1 - https:\/\/yoast.com\/wordpress\/plugins\/seo\/ -->\n<title>Princ Nikola Petrovi\u0107 Njego\u0161 posjetio Ulcinj - Lajme nga Ulqini<\/title>\n<meta name=\"description\" content=\"Predsjednik Cungu ugostio je princa Nikolu Petrovi\u0107-Njego\u0161a Predsjednik op\u0161tine Ulcinj Nazif Cungu ugostio je princa Nikolu Petrovi\u0107-Njego\u0161a, sa kojim je\" \/>\n<meta name=\"robots\" content=\"index, follow, max-snippet:-1, max-image-preview:large, max-video-preview:-1\" \/>\n<link rel=\"canonical\" href=\"https:\/\/www.visit-ulcinj.com\/blog\/2013\/02\/08\/princ-nikola-petrovic-njegos-posjetio-ulcinj\/\" \/>\n<meta property=\"og:locale\" content=\"en_US\" \/>\n<meta property=\"og:type\" content=\"article\" \/>\n<meta property=\"og:title\" content=\"Princ Nikola Petrovi\u0107 Njego\u0161 posjetio Ulcinj - Lajme nga Ulqini\" \/>\n<meta property=\"og:description\" content=\"Predsjednik Cungu ugostio je princa Nikolu Petrovi\u0107-Njego\u0161a Predsjednik op\u0161tine Ulcinj Nazif Cungu ugostio je princa Nikolu Petrovi\u0107-Njego\u0161a, sa kojim je\" \/>\n<meta property=\"og:url\" content=\"https:\/\/www.visit-ulcinj.com\/blog\/2013\/02\/08\/princ-nikola-petrovic-njegos-posjetio-ulcinj\/\" \/>\n<meta property=\"og:site_name\" content=\"Lajme nga Ulqini\" \/>\n<meta property=\"article:published_time\" content=\"2013-02-08T14:17:36+00:00\" \/>\n<meta property=\"article:modified_time\" content=\"2013-02-08T14:18:45+00:00\" \/>\n<meta property=\"og:image\" content=\"http:\/\/www.visit-ulcinj.com\/blog\/wp-content\/uploads\/2013\/02\/Nazif-Cungu-Princ-Nikola-Petrovic-Njegos-ulcinj.1.jpg\" \/>\n<meta name=\"twitter:label1\" content=\"Written by\" \/>\n\t<meta name=\"twitter:data1\" content=\"ulqini\" \/>\n\t<meta name=\"twitter:label2\" content=\"Est. reading time\" \/>\n\t<meta name=\"twitter:data2\" content=\"1 minute\" \/>\n<script type=\"application\/ld+json\" class=\"yoast-schema-graph\">{\"@context\":\"https:\/\/schema.org\",\"@graph\":[{\"@type\":\"WebSite\",\"@id\":\"https:\/\/www.visit-ulcinj.com\/blog\/#website\",\"url\":\"https:\/\/www.visit-ulcinj.com\/blog\/\",\"name\":\"Lajme nga Ulqini\",\"description\":\"Lajme,Vijesti,Ulqini,Ulqin,Crna Gora,Mali i Zi\",\"potentialAction\":[{\"@type\":\"SearchAction\",\"target\":{\"@type\":\"EntryPoint\",\"urlTemplate\":\"https:\/\/www.visit-ulcinj.com\/blog\/?s={search_term_string}\"},\"query-input\":\"required name=search_term_string\"}],\"inLanguage\":\"en-US\"},{\"@type\":\"ImageObject\",\"inLanguage\":\"en-US\",\"@id\":\"https:\/\/www.visit-ulcinj.com\/blog\/2013\/02\/08\/princ-nikola-petrovic-njegos-posjetio-ulcinj\/#primaryimage\",\"url\":\"https:\/\/www.visit-ulcinj.com\/blog\/wp-content\/uploads\/2013\/02\/Nazif-Cungu-Princ-Nikola-Petrovic-Njegos-ulcinj.1.jpg\",\"contentUrl\":\"https:\/\/www.visit-ulcinj.com\/blog\/wp-content\/uploads\/2013\/02\/Nazif-Cungu-Princ-Nikola-Petrovic-Njegos-ulcinj.1.jpg\",\"width\":640,\"height\":424},{\"@type\":\"WebPage\",\"@id\":\"https:\/\/www.visit-ulcinj.com\/blog\/2013\/02\/08\/princ-nikola-petrovic-njegos-posjetio-ulcinj\/#webpage\",\"url\":\"https:\/\/www.visit-ulcinj.com\/blog\/2013\/02\/08\/princ-nikola-petrovic-njegos-posjetio-ulcinj\/\",\"name\":\"Princ Nikola Petrovi\u0107 Njego\u0161 posjetio Ulcinj - Lajme nga Ulqini\",\"isPartOf\":{\"@id\":\"https:\/\/www.visit-ulcinj.com\/blog\/#website\"},\"primaryImageOfPage\":{\"@id\":\"https:\/\/www.visit-ulcinj.com\/blog\/2013\/02\/08\/princ-nikola-petrovic-njegos-posjetio-ulcinj\/#primaryimage\"},\"datePublished\":\"2013-02-08T14:17:36+00:00\",\"dateModified\":\"2013-02-08T14:18:45+00:00\",\"author\":{\"@id\":\"https:\/\/www.visit-ulcinj.com\/blog\/#\/schema\/person\/dcab619c614d3038751c63bc2aadc06d\"},\"description\":\"Predsjednik Cungu ugostio je princa Nikolu Petrovi\u0107-Njego\u0161a Predsjednik op\u0161tine Ulcinj Nazif Cungu ugostio je princa Nikolu Petrovi\u0107-Njego\u0161a, sa kojim je\",\"breadcrumb\":{\"@id\":\"https:\/\/www.visit-ulcinj.com\/blog\/2013\/02\/08\/princ-nikola-petrovic-njegos-posjetio-ulcinj\/#breadcrumb\"},\"inLanguage\":\"en-US\",\"potentialAction\":[{\"@type\":\"ReadAction\",\"target\":[\"https:\/\/www.visit-ulcinj.com\/blog\/2013\/02\/08\/princ-nikola-petrovic-njegos-posjetio-ulcinj\/\"]}]},{\"@type\":\"BreadcrumbList\",\"@id\":\"https:\/\/www.visit-ulcinj.com\/blog\/2013\/02\/08\/princ-nikola-petrovic-njegos-posjetio-ulcinj\/#breadcrumb\",\"itemListElement\":[{\"@type\":\"ListItem\",\"position\":1,\"name\":\"Princ Nikola Petrovi\u0107 Njego\u0161 posjetio Ulcinj\"}]},{\"@type\":\"Person\",\"@id\":\"https:\/\/www.visit-ulcinj.com\/blog\/#\/schema\/person\/dcab619c614d3038751c63bc2aadc06d\",\"name\":\"ulqini\",\"sameAs\":[\"http:\/\/www.visit-ulcinj.com\"],\"url\":\"https:\/\/www.visit-ulcinj.com\/blog\/author\/admin\/\"}]}<\/script>\n<!-- \/ Yoast SEO plugin. -->","yoast_head_json":{"title":"Princ Nikola Petrovi\u0107 Njego\u0161 posjetio Ulcinj - Lajme nga Ulqini","description":"Predsjednik Cungu ugostio je princa Nikolu Petrovi\u0107-Njego\u0161a Predsjednik op\u0161tine Ulcinj Nazif Cungu ugostio je princa Nikolu Petrovi\u0107-Njego\u0161a, sa kojim je","robots":{"index":"index","follow":"follow","max-snippet":"max-snippet:-1","max-image-preview":"max-image-preview:large","max-video-preview":"max-video-preview:-1"},"canonical":"https:\/\/www.visit-ulcinj.com\/blog\/2013\/02\/08\/princ-nikola-petrovic-njegos-posjetio-ulcinj\/","og_locale":"en_US","og_type":"article","og_title":"Princ Nikola Petrovi\u0107 Njego\u0161 posjetio Ulcinj - Lajme nga Ulqini","og_description":"Predsjednik Cungu ugostio je princa Nikolu Petrovi\u0107-Njego\u0161a Predsjednik op\u0161tine Ulcinj Nazif Cungu ugostio je princa Nikolu Petrovi\u0107-Njego\u0161a, sa kojim je","og_url":"https:\/\/www.visit-ulcinj.com\/blog\/2013\/02\/08\/princ-nikola-petrovic-njegos-posjetio-ulcinj\/","og_site_name":"Lajme nga Ulqini","article_published_time":"2013-02-08T14:17:36+00:00","article_modified_time":"2013-02-08T14:18:45+00:00","og_image":[{"url":"http:\/\/www.visit-ulcinj.com\/blog\/wp-content\/uploads\/2013\/02\/Nazif-Cungu-Princ-Nikola-Petrovic-Njegos-ulcinj.1.jpg"}],"twitter_misc":{"Written by":"ulqini","Est. reading time":"1 minute"},"schema":{"@context":"https:\/\/schema.org","@graph":[{"@type":"WebSite","@id":"https:\/\/www.visit-ulcinj.com\/blog\/#website","url":"https:\/\/www.visit-ulcinj.com\/blog\/","name":"Lajme nga Ulqini","description":"Lajme,Vijesti,Ulqini,Ulqin,Crna Gora,Mali i Zi","potentialAction":[{"@type":"SearchAction","target":{"@type":"EntryPoint","urlTemplate":"https:\/\/www.visit-ulcinj.com\/blog\/?s={search_term_string}"},"query-input":"required name=search_term_string"}],"inLanguage":"en-US"},{"@type":"ImageObject","inLanguage":"en-US","@id":"https:\/\/www.visit-ulcinj.com\/blog\/2013\/02\/08\/princ-nikola-petrovic-njegos-posjetio-ulcinj\/#primaryimage","url":"https:\/\/www.visit-ulcinj.com\/blog\/wp-content\/uploads\/2013\/02\/Nazif-Cungu-Princ-Nikola-Petrovic-Njegos-ulcinj.1.jpg","contentUrl":"https:\/\/www.visit-ulcinj.com\/blog\/wp-content\/uploads\/2013\/02\/Nazif-Cungu-Princ-Nikola-Petrovic-Njegos-ulcinj.1.jpg","width":640,"height":424},{"@type":"WebPage","@id":"https:\/\/www.visit-ulcinj.com\/blog\/2013\/02\/08\/princ-nikola-petrovic-njegos-posjetio-ulcinj\/#webpage","url":"https:\/\/www.visit-ulcinj.com\/blog\/2013\/02\/08\/princ-nikola-petrovic-njegos-posjetio-ulcinj\/","name":"Princ Nikola Petrovi\u0107 Njego\u0161 posjetio Ulcinj - Lajme nga Ulqini","isPartOf":{"@id":"https:\/\/www.visit-ulcinj.com\/blog\/#website"},"primaryImageOfPage":{"@id":"https:\/\/www.visit-ulcinj.com\/blog\/2013\/02\/08\/princ-nikola-petrovic-njegos-posjetio-ulcinj\/#primaryimage"},"datePublished":"2013-02-08T14:17:36+00:00","dateModified":"2013-02-08T14:18:45+00:00","author":{"@id":"https:\/\/www.visit-ulcinj.com\/blog\/#\/schema\/person\/dcab619c614d3038751c63bc2aadc06d"},"description":"Predsjednik Cungu ugostio je princa Nikolu Petrovi\u0107-Njego\u0161a Predsjednik op\u0161tine Ulcinj Nazif Cungu ugostio je princa Nikolu Petrovi\u0107-Njego\u0161a, sa kojim je","breadcrumb":{"@id":"https:\/\/www.visit-ulcinj.com\/blog\/2013\/02\/08\/princ-nikola-petrovic-njegos-posjetio-ulcinj\/#breadcrumb"},"inLanguage":"en-US","potentialAction":[{"@type":"ReadAction","target":["https:\/\/www.visit-ulcinj.com\/blog\/2013\/02\/08\/princ-nikola-petrovic-njegos-posjetio-ulcinj\/"]}]},{"@type":"BreadcrumbList","@id":"https:\/\/www.visit-ulcinj.com\/blog\/2013\/02\/08\/princ-nikola-petrovic-njegos-posjetio-ulcinj\/#breadcrumb","itemListElement":[{"@type":"ListItem","position":1,"name":"Princ Nikola Petrovi\u0107 Njego\u0161 posjetio Ulcinj"}]},{"@type":"Person","@id":"https:\/\/www.visit-ulcinj.com\/blog\/#\/schema\/person\/dcab619c614d3038751c63bc2aadc06d","name":"ulqini","sameAs":["http:\/\/www.visit-ulcinj.com"],"url":"https:\/\/www.visit-ulcinj.com\/blog\/author\/admin\/"}]}},"jetpack_featured_media_url":"","jetpack_sharing_enabled":true,"jetpack_shortlink":"https:\/\/wp.me\/pe6lTn-hNQ","_links":{"self":[{"href":"https:\/\/www.visit-ulcinj.com\/blog\/wp-json\/wp\/v2\/posts\/68438"}],"collection":[{"href":"https:\/\/www.visit-ulcinj.com\/blog\/wp-json\/wp\/v2\/posts"}],"about":[{"href":"https:\/\/www.visit-ulcinj.com\/blog\/wp-json\/wp\/v2\/types\/post"}],"author":[{"embeddable":true,"href":"https:\/\/www.visit-ulcinj.com\/blog\/wp-json\/wp\/v2\/users\/1"}],"replies":[{"embeddable":true,"href":"https:\/\/www.visit-ulcinj.com\/blog\/wp-json\/wp\/v2\/comments?post=68438"}],"version-history":[{"count":3,"href":"https:\/\/www.visit-ulcinj.com\/blog\/wp-json\/wp\/v2\/posts\/68438\/revisions"}],"predecessor-version":[{"id":68456,"href":"https:\/\/www.visit-ulcinj.com\/blog\/wp-json\/wp\/v2\/posts\/68438\/revisions\/68456"}],"wp:attachment":[{"href":"https:\/\/www.visit-ulcinj.com\/blog\/wp-json\/wp\/v2\/media?parent=68438"}],"wp:term":[{"taxonomy":"category","embeddable":true,"href":"https:\/\/www.visit-ulcinj.com\/blog\/wp-json\/wp\/v2\/categories?post=68438"},{"taxonomy":"post_tag","embeddable":true,"href":"https:\/\/www.visit-ulcinj.com\/blog\/wp-json\/wp\/v2\/tags?post=68438"}],"curies":[{"name":"wp","href":"https:\/\/api.w.org\/{rel}","templated":true}]}}