{"id":68444,"date":"2013-02-08T15:30:09","date_gmt":"2013-02-08T14:30:09","guid":{"rendered":"http:\/\/www.visit-ulcinj.com\/blog\/?p=68444"},"modified":"2013-02-09T09:11:16","modified_gmt":"2013-02-09T08:11:16","slug":"gjeka-eshte-koha-e-veprimit-konkretjo-e-deklaratave","status":"publish","type":"post","link":"https:\/\/www.visit-ulcinj.com\/blog\/2013\/02\/08\/gjeka-eshte-koha-e-veprimit-konkretjo-e-deklaratave\/","title":{"rendered":"GJEKA: \u00cbsht\u00eb koha e veprimit konkret,jo e deklaratave"},"content":{"rendered":"<p><a href=\"http:\/\/www.visit-ulcinj.com\/blog\/wp-content\/uploads\/2013\/02\/Fatmir-Gjeka.jpg\"><img loading=\"lazy\" class=\"alignleft  wp-image-68445\" alt=\"Fatmir Gjeka\" src=\"http:\/\/www.visit-ulcinj.com\/blog\/wp-content\/uploads\/2013\/02\/Fatmir-Gjeka.jpg\" width=\"508\" height=\"279\" \/><\/a>Uqlin, 8 shkurt-\u00a0 Kryetari i Partis\u00eb Demokratike,z. Fatmir Gjeka, deputet\u00a0 i\u00a0 Koalicionit shqiptar n\u00eb\u00a0 Parlamentin\u00a0 shtet\u00ebror\u00a0 t\u00eb Malit t\u00eb Zi,ka deklaruar\u00a0 p\u00ebr\u00a0 TV Teuta, se\u00a0 Sht\u00ebpia e sh\u00ebndetit\u00a0 n\u00eb Ulqin,duhet t\u00eb\u00a0 mbetet me statusin e saj autonom nga fusha e financave dhe sistematizimit t\u00eb vendeve t\u00eb pun\u00ebs.<\/p>\n<p>\u201cUn\u00eb\u00a0 shum\u00eb shpejt,mbase \u00a0k\u00ebt\u00eb\u00a0 apo jav\u00ebn q\u00eb vjen,do t\u00eb\u00a0 k\u00ebrkoj\u00a0 takim n\u00eb Ministrin\u00eb e sh\u00ebndet\u00ebsis\u00eb n\u00eb Podgoric\u00eb,p\u00ebr t\u00eb prezantuar edhe k\u00ebrkuar\u00a0 q\u00eb institucioni\u00a0 kryesor\u00a0 sh\u00ebndet\u00ebsor\u00a0 n\u00eb Ulqn mbetet me k\u00ebt\u00eb status , e jo ashtu si\u00e7 parashihet me Planin e\u00a0 riorganizimit t\u00eb institucioneve\u00a0 sh\u00ebndet\u00ebsore\u00a0 n\u00eb Mal t\u00eb Zi\u201d,- thekson z. Gjeka.<\/p>\n<p>N\u00eb pyetjen \u00a0e TVT, se UDSH ka\u00a0 b\u00ebr\u00eb nj\u00eb ftes\u00eb publike p\u00ebr\u00a0 seanc\u00eb t\u00eb jasht\u00ebzakonshme t\u00eb Kuvendit t\u00eb Komun\u00ebs s\u00eb Ulqinit p\u00ebr t\u00eb marr\u00eb q\u00ebndrim mbi \u00e7\u00ebshtjen e Sht\u00ebpis\u00eb s\u00eb sh\u00ebndetit,Gjekaj thot\u00eb se\u00a0 nuk ka t\u00eb keqe asgj\u00eb kjo nism\u00eb,por\u00a0 Sht\u00ebpia e sh\u00ebndetit\u00a0 \u00ebsht\u00eb n\u00eb var\u00ebsi t\u00eb qeveris\u00eb,p\u00ebrkat\u00ebsisht t\u00eb Ministris\u00eb s\u00eb sh\u00ebndet\u00ebsis\u00eb.Atje\u00a0 duhet\u00a0 t\u00eb paraqesim dhe mbrojm\u00eb argumentet e autonomis\u00eb financiare dhe kadrovike t\u00eb Sht\u00ebpis\u00eb s\u00eb sh\u00ebndetit n\u00eb Ulqin.<\/p>\n<p>Gjeka thot\u00eb se ky institucion sh\u00ebndet\u00ebsor ndodhet n\u00eb nj\u00eb komun\u00eb me popull\u00ebsi dominuese autoktone shqiptare.K\u00ebtu punojn\u00eb specialist\u00eb t\u00eb njohur shqiptar\u00eb nga Komuna e Ulqinit,t\u00eb njohur n\u00eb p\u00ebrmasa rajonale, t\u00eb cil\u00ebt kan\u00eb afirmuar edhe vlerat sh\u00ebndet\u00ebsore t\u00eb bregdetit t\u00eb Ulqinit.<\/p>\n<p>Kryetari i PD, deputet i Koalicionit shqiptar n\u00eb pyetjen shtes\u00eb t\u00eb TVT se a do t\u00eb ishte m\u00eb bind\u00ebse k\u00ebrkesa p\u00ebr Sht\u00ebpin\u00eb e sh\u00ebndetit n\u00ebse ,p\u00ebrve\u00e7 deputet\u00ebve nga Ulqini,t\u00eb jen\u00eb edhe p\u00ebrfaq\u00ebsues t\u00eb qeverisjes vendore dhe t\u00eb Sht\u00ebpis\u00eb s\u00eb sh\u00ebndetit, ajo e p\u00ebrkrah k\u00ebt\u00eb, por thekson se p\u00ebr k\u00ebt\u00eb \u00e7\u00ebshtje duhet t\u00eb jemi unik\u00eb , me veprime konkrete, jo me deklarata p\u00ebr t\u00eb fituar poena politik\u00eb.<\/p>\n<p>&nbsp;<\/p>\n<p><strong>Sh\u00ebrbimi p\u00ebr Informim i PD-se.<\/strong><\/p>\n","protected":false},"excerpt":{"rendered":"<p>Uqlin, 8 shkurt-\u00a0 Kryetari i Partis\u00eb Demokratike,z. Fatmir Gjeka, deputet\u00a0 i\u00a0 Koalicionit shqiptar n\u00eb\u00a0 Parlamentin\u00a0 shtet\u00ebror\u00a0 t\u00eb Malit t\u00eb Zi,ka deklaruar\u00a0 p\u00ebr\u00a0 TV Teuta, se\u00a0 Sht\u00ebpia e sh\u00ebndetit\u00a0 n\u00eb Ulqin,duhet t\u00eb\u00a0 mbetet me statusin e saj autonom nga fusha e financave dhe sistematizimit t\u00eb vendeve t\u00eb pun\u00ebs. \u201cUn\u00eb\u00a0 shum\u00eb shpejt,mbase \u00a0k\u00ebt\u00eb\u00a0 apo jav\u00ebn q\u00eb vjen,do [&hellip;]<\/p>\n","protected":false},"author":1,"featured_media":0,"comment_status":"open","ping_status":"closed","sticky":false,"template":"","format":"standard","meta":{"spay_email":"","jetpack_publicize_message":"","jetpack_is_tweetstorm":false,"jetpack_publicize_feature_enabled":true},"categories":[1,6],"tags":[4607,20968,200],"jetpack_publicize_connections":[],"yoast_head":"<!-- This site is optimized with the Yoast SEO plugin v19.1 - https:\/\/yoast.com\/wordpress\/plugins\/seo\/ -->\n<title>GJEKA: \u00cbsht\u00eb koha e veprimit konkret,jo e deklaratave - Lajme nga Ulqini<\/title>\n<meta name=\"description\" content=\"Uqlin, 8 shkurt-\u00a0 Kryetari i Partis\u00eb Demokratike,z. Fatmir Gjeka, deputet\u00a0 i\u00a0 Koalicionit shqiptar n\u00eb\u00a0 Parlamentin\u00a0 shtet\u00ebror\u00a0 t\u00eb Malit t\u00eb Zi,ka\" \/>\n<meta name=\"robots\" content=\"index, follow, max-snippet:-1, max-image-preview:large, max-video-preview:-1\" \/>\n<link rel=\"canonical\" href=\"https:\/\/www.visit-ulcinj.com\/blog\/2013\/02\/08\/gjeka-eshte-koha-e-veprimit-konkretjo-e-deklaratave\/\" \/>\n<meta property=\"og:locale\" content=\"en_US\" \/>\n<meta property=\"og:type\" content=\"article\" \/>\n<meta property=\"og:title\" content=\"GJEKA: \u00cbsht\u00eb koha e veprimit konkret,jo e deklaratave - Lajme nga Ulqini\" \/>\n<meta property=\"og:description\" content=\"Uqlin, 8 shkurt-\u00a0 Kryetari i Partis\u00eb Demokratike,z. Fatmir Gjeka, deputet\u00a0 i\u00a0 Koalicionit shqiptar n\u00eb\u00a0 Parlamentin\u00a0 shtet\u00ebror\u00a0 t\u00eb Malit t\u00eb Zi,ka\" \/>\n<meta property=\"og:url\" content=\"https:\/\/www.visit-ulcinj.com\/blog\/2013\/02\/08\/gjeka-eshte-koha-e-veprimit-konkretjo-e-deklaratave\/\" \/>\n<meta property=\"og:site_name\" content=\"Lajme nga Ulqini\" \/>\n<meta property=\"article:published_time\" content=\"2013-02-08T14:30:09+00:00\" \/>\n<meta property=\"article:modified_time\" content=\"2013-02-09T08:11:16+00:00\" \/>\n<meta property=\"og:image\" content=\"http:\/\/www.visit-ulcinj.com\/blog\/wp-content\/uploads\/2013\/02\/Fatmir-Gjeka.jpg\" \/>\n<meta name=\"twitter:label1\" content=\"Written by\" \/>\n\t<meta name=\"twitter:data1\" content=\"ulqini\" \/>\n\t<meta name=\"twitter:label2\" content=\"Est. reading time\" \/>\n\t<meta name=\"twitter:data2\" content=\"2 minutes\" \/>\n<script type=\"application\/ld+json\" class=\"yoast-schema-graph\">{\"@context\":\"https:\/\/schema.org\",\"@graph\":[{\"@type\":\"WebSite\",\"@id\":\"https:\/\/www.visit-ulcinj.com\/blog\/#website\",\"url\":\"https:\/\/www.visit-ulcinj.com\/blog\/\",\"name\":\"Lajme nga Ulqini\",\"description\":\"Lajme,Vijesti,Ulqini,Ulqin,Crna Gora,Mali i Zi\",\"potentialAction\":[{\"@type\":\"SearchAction\",\"target\":{\"@type\":\"EntryPoint\",\"urlTemplate\":\"https:\/\/www.visit-ulcinj.com\/blog\/?s={search_term_string}\"},\"query-input\":\"required name=search_term_string\"}],\"inLanguage\":\"en-US\"},{\"@type\":\"ImageObject\",\"inLanguage\":\"en-US\",\"@id\":\"https:\/\/www.visit-ulcinj.com\/blog\/2013\/02\/08\/gjeka-eshte-koha-e-veprimit-konkretjo-e-deklaratave\/#primaryimage\",\"url\":\"https:\/\/www.visit-ulcinj.com\/blog\/wp-content\/uploads\/2013\/02\/Fatmir-Gjeka.jpg\",\"contentUrl\":\"https:\/\/www.visit-ulcinj.com\/blog\/wp-content\/uploads\/2013\/02\/Fatmir-Gjeka.jpg\",\"width\":477,\"height\":279},{\"@type\":\"WebPage\",\"@id\":\"https:\/\/www.visit-ulcinj.com\/blog\/2013\/02\/08\/gjeka-eshte-koha-e-veprimit-konkretjo-e-deklaratave\/#webpage\",\"url\":\"https:\/\/www.visit-ulcinj.com\/blog\/2013\/02\/08\/gjeka-eshte-koha-e-veprimit-konkretjo-e-deklaratave\/\",\"name\":\"GJEKA: \u00cbsht\u00eb koha e veprimit konkret,jo e deklaratave - Lajme nga Ulqini\",\"isPartOf\":{\"@id\":\"https:\/\/www.visit-ulcinj.com\/blog\/#website\"},\"primaryImageOfPage\":{\"@id\":\"https:\/\/www.visit-ulcinj.com\/blog\/2013\/02\/08\/gjeka-eshte-koha-e-veprimit-konkretjo-e-deklaratave\/#primaryimage\"},\"datePublished\":\"2013-02-08T14:30:09+00:00\",\"dateModified\":\"2013-02-09T08:11:16+00:00\",\"author\":{\"@id\":\"https:\/\/www.visit-ulcinj.com\/blog\/#\/schema\/person\/dcab619c614d3038751c63bc2aadc06d\"},\"description\":\"Uqlin, 8 shkurt-\u00a0 Kryetari i Partis\u00eb Demokratike,z. Fatmir Gjeka, deputet\u00a0 i\u00a0 Koalicionit shqiptar n\u00eb\u00a0 Parlamentin\u00a0 shtet\u00ebror\u00a0 t\u00eb Malit t\u00eb Zi,ka\",\"breadcrumb\":{\"@id\":\"https:\/\/www.visit-ulcinj.com\/blog\/2013\/02\/08\/gjeka-eshte-koha-e-veprimit-konkretjo-e-deklaratave\/#breadcrumb\"},\"inLanguage\":\"en-US\",\"potentialAction\":[{\"@type\":\"ReadAction\",\"target\":[\"https:\/\/www.visit-ulcinj.com\/blog\/2013\/02\/08\/gjeka-eshte-koha-e-veprimit-konkretjo-e-deklaratave\/\"]}]},{\"@type\":\"BreadcrumbList\",\"@id\":\"https:\/\/www.visit-ulcinj.com\/blog\/2013\/02\/08\/gjeka-eshte-koha-e-veprimit-konkretjo-e-deklaratave\/#breadcrumb\",\"itemListElement\":[{\"@type\":\"ListItem\",\"position\":1,\"name\":\"GJEKA: \u00cbsht\u00eb koha e veprimit konkret,jo e deklaratave\"}]},{\"@type\":\"Person\",\"@id\":\"https:\/\/www.visit-ulcinj.com\/blog\/#\/schema\/person\/dcab619c614d3038751c63bc2aadc06d\",\"name\":\"ulqini\",\"sameAs\":[\"http:\/\/www.visit-ulcinj.com\"],\"url\":\"https:\/\/www.visit-ulcinj.com\/blog\/author\/admin\/\"}]}<\/script>\n<!-- \/ Yoast SEO plugin. -->","yoast_head_json":{"title":"GJEKA: \u00cbsht\u00eb koha e veprimit konkret,jo e deklaratave - Lajme nga Ulqini","description":"Uqlin, 8 shkurt-\u00a0 Kryetari i Partis\u00eb Demokratike,z. Fatmir Gjeka, deputet\u00a0 i\u00a0 Koalicionit shqiptar n\u00eb\u00a0 Parlamentin\u00a0 shtet\u00ebror\u00a0 t\u00eb Malit t\u00eb Zi,ka","robots":{"index":"index","follow":"follow","max-snippet":"max-snippet:-1","max-image-preview":"max-image-preview:large","max-video-preview":"max-video-preview:-1"},"canonical":"https:\/\/www.visit-ulcinj.com\/blog\/2013\/02\/08\/gjeka-eshte-koha-e-veprimit-konkretjo-e-deklaratave\/","og_locale":"en_US","og_type":"article","og_title":"GJEKA: \u00cbsht\u00eb koha e veprimit konkret,jo e deklaratave - Lajme nga Ulqini","og_description":"Uqlin, 8 shkurt-\u00a0 Kryetari i Partis\u00eb Demokratike,z. Fatmir Gjeka, deputet\u00a0 i\u00a0 Koalicionit shqiptar n\u00eb\u00a0 Parlamentin\u00a0 shtet\u00ebror\u00a0 t\u00eb Malit t\u00eb Zi,ka","og_url":"https:\/\/www.visit-ulcinj.com\/blog\/2013\/02\/08\/gjeka-eshte-koha-e-veprimit-konkretjo-e-deklaratave\/","og_site_name":"Lajme nga Ulqini","article_published_time":"2013-02-08T14:30:09+00:00","article_modified_time":"2013-02-09T08:11:16+00:00","og_image":[{"url":"http:\/\/www.visit-ulcinj.com\/blog\/wp-content\/uploads\/2013\/02\/Fatmir-Gjeka.jpg"}],"twitter_misc":{"Written by":"ulqini","Est. reading time":"2 minutes"},"schema":{"@context":"https:\/\/schema.org","@graph":[{"@type":"WebSite","@id":"https:\/\/www.visit-ulcinj.com\/blog\/#website","url":"https:\/\/www.visit-ulcinj.com\/blog\/","name":"Lajme nga Ulqini","description":"Lajme,Vijesti,Ulqini,Ulqin,Crna Gora,Mali i Zi","potentialAction":[{"@type":"SearchAction","target":{"@type":"EntryPoint","urlTemplate":"https:\/\/www.visit-ulcinj.com\/blog\/?s={search_term_string}"},"query-input":"required name=search_term_string"}],"inLanguage":"en-US"},{"@type":"ImageObject","inLanguage":"en-US","@id":"https:\/\/www.visit-ulcinj.com\/blog\/2013\/02\/08\/gjeka-eshte-koha-e-veprimit-konkretjo-e-deklaratave\/#primaryimage","url":"https:\/\/www.visit-ulcinj.com\/blog\/wp-content\/uploads\/2013\/02\/Fatmir-Gjeka.jpg","contentUrl":"https:\/\/www.visit-ulcinj.com\/blog\/wp-content\/uploads\/2013\/02\/Fatmir-Gjeka.jpg","width":477,"height":279},{"@type":"WebPage","@id":"https:\/\/www.visit-ulcinj.com\/blog\/2013\/02\/08\/gjeka-eshte-koha-e-veprimit-konkretjo-e-deklaratave\/#webpage","url":"https:\/\/www.visit-ulcinj.com\/blog\/2013\/02\/08\/gjeka-eshte-koha-e-veprimit-konkretjo-e-deklaratave\/","name":"GJEKA: \u00cbsht\u00eb koha e veprimit konkret,jo e deklaratave - Lajme nga Ulqini","isPartOf":{"@id":"https:\/\/www.visit-ulcinj.com\/blog\/#website"},"primaryImageOfPage":{"@id":"https:\/\/www.visit-ulcinj.com\/blog\/2013\/02\/08\/gjeka-eshte-koha-e-veprimit-konkretjo-e-deklaratave\/#primaryimage"},"datePublished":"2013-02-08T14:30:09+00:00","dateModified":"2013-02-09T08:11:16+00:00","author":{"@id":"https:\/\/www.visit-ulcinj.com\/blog\/#\/schema\/person\/dcab619c614d3038751c63bc2aadc06d"},"description":"Uqlin, 8 shkurt-\u00a0 Kryetari i Partis\u00eb Demokratike,z. Fatmir Gjeka, deputet\u00a0 i\u00a0 Koalicionit shqiptar n\u00eb\u00a0 Parlamentin\u00a0 shtet\u00ebror\u00a0 t\u00eb Malit t\u00eb Zi,ka","breadcrumb":{"@id":"https:\/\/www.visit-ulcinj.com\/blog\/2013\/02\/08\/gjeka-eshte-koha-e-veprimit-konkretjo-e-deklaratave\/#breadcrumb"},"inLanguage":"en-US","potentialAction":[{"@type":"ReadAction","target":["https:\/\/www.visit-ulcinj.com\/blog\/2013\/02\/08\/gjeka-eshte-koha-e-veprimit-konkretjo-e-deklaratave\/"]}]},{"@type":"BreadcrumbList","@id":"https:\/\/www.visit-ulcinj.com\/blog\/2013\/02\/08\/gjeka-eshte-koha-e-veprimit-konkretjo-e-deklaratave\/#breadcrumb","itemListElement":[{"@type":"ListItem","position":1,"name":"GJEKA: \u00cbsht\u00eb koha e veprimit konkret,jo e deklaratave"}]},{"@type":"Person","@id":"https:\/\/www.visit-ulcinj.com\/blog\/#\/schema\/person\/dcab619c614d3038751c63bc2aadc06d","name":"ulqini","sameAs":["http:\/\/www.visit-ulcinj.com"],"url":"https:\/\/www.visit-ulcinj.com\/blog\/author\/admin\/"}]}},"jetpack_featured_media_url":"","jetpack_sharing_enabled":true,"jetpack_shortlink":"https:\/\/wp.me\/pe6lTn-hNW","_links":{"self":[{"href":"https:\/\/www.visit-ulcinj.com\/blog\/wp-json\/wp\/v2\/posts\/68444"}],"collection":[{"href":"https:\/\/www.visit-ulcinj.com\/blog\/wp-json\/wp\/v2\/posts"}],"about":[{"href":"https:\/\/www.visit-ulcinj.com\/blog\/wp-json\/wp\/v2\/types\/post"}],"author":[{"embeddable":true,"href":"https:\/\/www.visit-ulcinj.com\/blog\/wp-json\/wp\/v2\/users\/1"}],"replies":[{"embeddable":true,"href":"https:\/\/www.visit-ulcinj.com\/blog\/wp-json\/wp\/v2\/comments?post=68444"}],"version-history":[{"count":2,"href":"https:\/\/www.visit-ulcinj.com\/blog\/wp-json\/wp\/v2\/posts\/68444\/revisions"}],"predecessor-version":[{"id":68519,"href":"https:\/\/www.visit-ulcinj.com\/blog\/wp-json\/wp\/v2\/posts\/68444\/revisions\/68519"}],"wp:attachment":[{"href":"https:\/\/www.visit-ulcinj.com\/blog\/wp-json\/wp\/v2\/media?parent=68444"}],"wp:term":[{"taxonomy":"category","embeddable":true,"href":"https:\/\/www.visit-ulcinj.com\/blog\/wp-json\/wp\/v2\/categories?post=68444"},{"taxonomy":"post_tag","embeddable":true,"href":"https:\/\/www.visit-ulcinj.com\/blog\/wp-json\/wp\/v2\/tags?post=68444"}],"curies":[{"name":"wp","href":"https:\/\/api.w.org\/{rel}","templated":true}]}}