{"id":68465,"date":"2013-02-08T22:51:15","date_gmt":"2013-02-08T21:51:15","guid":{"rendered":"http:\/\/www.visit-ulcinj.com\/blog\/?p=68465"},"modified":"2013-02-08T23:25:28","modified_gmt":"2013-02-08T22:25:28","slug":"aferdita-ne-krahet-e-di-caprios-reagon-shpati","status":"publish","type":"post","link":"https:\/\/www.visit-ulcinj.com\/blog\/2013\/02\/08\/aferdita-ne-krahet-e-di-caprios-reagon-shpati\/","title":{"rendered":"Aferdita ne krahet e Di Caprios- Reagon Shpati"},"content":{"rendered":"<p><strong><a href=\"http:\/\/www.visit-ulcinj.com\/blog\/wp-content\/uploads\/2013\/02\/Aferdita-Dreshaj_Leonardo-Dicaprio.1.jpg\"><img loading=\"lazy\" class=\"alignleft  wp-image-68467\" alt=\"Aferdita Dreshaj_Leonardo Dicaprio.1\" src=\"http:\/\/www.visit-ulcinj.com\/blog\/wp-content\/uploads\/2013\/02\/Aferdita-Dreshaj_Leonardo-Dicaprio.1.jpg\" width=\"508\" height=\"360\" \/><\/a>Aferdita ne krahet e Di Caprios? Reagon Shpati: E kam shok, kemi pire kafe&#8230;<\/strong><\/p>\n<p><strong>Shpati \u00ebsht\u00eb p\u00ebrpjekur t\u00eb sqaroj\u00eb situat\u00ebn n\u00eb emisionin &#8220;Silikon&#8221;<\/strong><br \/>\nPasi mor\u00ebn \u201cdhen\u00eb\u201d fotot disi komprometuese t\u00eb Af\u00ebrdita Dreshajt n\u00eb krah\u00ebt e Leo Di Kaprios, nuk ka vonuar edhe reagimi i Shpat Kasapit, i cili duket se vazhdon t\u00eb jet\u00eb ende i fejuari i modeles kosovare. I ftuar n\u00eb emisionin \u201cSilikon\u201d t\u00eb radio \u201cNRG\u201d, Shpati \u00ebsht\u00eb p\u00ebrpjekur t\u00eb sqaroj\u00eb situat\u00ebn, p\u00ebrsa i takon atyre fotove t\u00eb dala fillimisht n\u00eb mediat amerikane e britanike, e m\u00eb pas n\u00eb ato shqiptare.<br \/>\n<a href=\"http:\/\/www.visit-ulcinj.com\/blog\/wp-content\/uploads\/2013\/02\/Aferdita-Dreshaj_Leonardo-Dicaprio.jpg\"><img loading=\"lazy\" class=\"alignleft  wp-image-68466\" alt=\"Aferdita Dreshaj_Leonardo Dicaprio\" src=\"http:\/\/www.visit-ulcinj.com\/blog\/wp-content\/uploads\/2013\/02\/Aferdita-Dreshaj_Leonardo-Dicaprio.jpg\" width=\"300\" height=\"350\" \/><\/a>&#8220;Leonardon e njoh dhe une. E kemi mik. Kemi pire kafe bashke \u2013 ka deklaruar Shpati, n\u00eb lidhje me imazhet e publikuara -. Af\u00ebrdita ka qene ne grup bashke me modelen Tika Ivezaj. Kushdo q\u00eb t\u00eb kishte qen\u00eb n\u00eb vend t\u00eb Af\u00ebrdit\u00ebs, do t\u00eb fotografohej prej paparac\u00ebve, sepse Leo \u00ebsht\u00eb shume i famsh\u00ebm&#8221;. Kjo ka qen\u00eb pak a shum\u00eb deklarata e b\u00ebr\u00eb nga k\u00ebng\u00ebtari, nd\u00ebrkoh\u00eb edhe vet\u00eb Af\u00ebrdita e kishte mohuar se mes asaj dhe Leos mund t\u00eb kishte di\u00e7ka m\u00eb shum\u00eb sesa miq\u00ebsi.<\/p>\n<p>(NRG Radio)<br \/>\n<a href=\"http:\/\/www.visit-ulcinj.com\/blog\/wp-content\/uploads\/2013\/02\/Aferdita-Dreshaj_Leonardo-Dicaprio.2.jpg\"><img loading=\"lazy\" class=\"alignleft  wp-image-68470\" alt=\"Aferdita Dreshaj_Leonardo Dicaprio.2\" src=\"http:\/\/www.visit-ulcinj.com\/blog\/wp-content\/uploads\/2013\/02\/Aferdita-Dreshaj_Leonardo-Dicaprio.2.jpg\" width=\"508\" height=\"360\" \/><\/a><\/p>\n<p><strong>Bjondia misterioze me Leo Di Caprion eshte&#8230; kosovare<\/strong><br \/>\nMos e besoni po desh\u00ebt, por sipas &#8220;Daily Mail&#8221;, b\u00ebhet fjal\u00eb ekzakt\u00ebsisht p\u00ebr Aferdita Dreshajn<br \/>\nBjondia misterioze, e fotografuar n\u00eb ballkonin e hotelit me Leo Di Caprion duket se nuk \u00ebsht\u00eb Margot Robbie, aktore q\u00eb para pak dit\u00ebsh thuhej se i ka marr\u00eb mendjen amerikanit t\u00eb filmave. Mos e besoni po desh\u00ebt, por sipas &#8220;Daily Mail&#8221;, b\u00ebhet fjal\u00eb ekzakt\u00ebsisht p\u00ebr Aferdita Dreshajn, bukuroshen e famshme kosovare, e cila ka marr\u00eb pjes\u00eb edhe n\u00eb finalen e &#8220;Miss Universe 2011&#8221;.<br \/>\nMir\u00ebpo, vet\u00eb modelja kosovare, q\u00eb duhet th\u00ebn\u00eb se \u00ebsht\u00eb e lidhur me Shpat Kasapin, ka dashur t\u00eb sqaroj\u00eb menj\u00ebher\u00eb gj\u00ebrat, duke th\u00ebn\u00eb se mes asaj dhe Di Caprion &#8220;nuk ka asgj\u00eb m\u00eb shum\u00eb sesa miq\u00ebsi&#8221;.<br \/>\nGjithsesi n\u00eb fakt t\u00eb b\u00ebjn\u00eb t\u00eb dyshosh fotot, ku bjondia shfaqet duke i hedhur dor\u00ebn n\u00eb qaf\u00eb aktorit amerikan, i cili \u00ebsht\u00eb gjysm\u00eb i zhveshur. &#8220;Thjesht, aty kishim dal\u00eb si shok\u00eb, pasi mor\u00ebm pjes\u00eb n\u00eb nj\u00eb fest\u00eb&#8221;, ka deklaruar Dreshaj p\u00ebr faqen &#8220;E-online&#8221;. Nd\u00ebrkoh\u00eb q\u00eb n\u00eb Twitter, ajo at\u00eb dit\u00eb, kur u shkrep\u00ebn fotot, kishte shkruar vet\u00ebm: &#8220;Boh!!!! Dit\u00eb e \u00e7mendur!&#8221;.<\/p>\n<p><strong>Burimi: Daily Mail<br \/>\n<!--YouTube Error: bad URL entered--><br \/>\n<\/strong><\/p>\n","protected":false},"excerpt":{"rendered":"<p>Aferdita ne krahet e Di Caprios? Reagon Shpati: E kam shok, kemi pire kafe&#8230; Shpati \u00ebsht\u00eb p\u00ebrpjekur t\u00eb sqaroj\u00eb situat\u00ebn n\u00eb emisionin &#8220;Silikon&#8221; Pasi mor\u00ebn \u201cdhen\u00eb\u201d fotot disi komprometuese t\u00eb Af\u00ebrdita Dreshajt n\u00eb krah\u00ebt e Leo Di Kaprios, nuk ka vonuar edhe reagimi i Shpat Kasapit, i cili duket se vazhdon t\u00eb jet\u00eb ende i [&hellip;]<\/p>\n","protected":false},"author":1,"featured_media":0,"comment_status":"open","ping_status":"closed","sticky":false,"template":"","format":"standard","meta":{"spay_email":"","jetpack_publicize_message":"","jetpack_is_tweetstorm":false,"jetpack_publicize_feature_enabled":true},"categories":[1],"tags":[6121,21776],"jetpack_publicize_connections":[],"yoast_head":"<!-- This site is optimized with the Yoast SEO plugin v19.1 - https:\/\/yoast.com\/wordpress\/plugins\/seo\/ -->\n<title>Aferdita ne krahet e Di Caprios- Reagon Shpati - Lajme nga Ulqini<\/title>\n<meta name=\"description\" content=\"Aferdita ne krahet e Di Caprios? Reagon Shpati: E kam shok, kemi pire kafe... Shpati \u00ebsht\u00eb p\u00ebrpjekur t\u00eb sqaroj\u00eb situat\u00ebn n\u00eb emisionin &quot;Silikon&quot; Pasi mor\u00ebn\" \/>\n<meta name=\"robots\" content=\"index, follow, max-snippet:-1, max-image-preview:large, max-video-preview:-1\" \/>\n<link rel=\"canonical\" href=\"https:\/\/www.visit-ulcinj.com\/blog\/2013\/02\/08\/aferdita-ne-krahet-e-di-caprios-reagon-shpati\/\" \/>\n<meta property=\"og:locale\" content=\"en_US\" \/>\n<meta property=\"og:type\" content=\"article\" \/>\n<meta property=\"og:title\" content=\"Aferdita ne krahet e Di Caprios- Reagon Shpati - Lajme nga Ulqini\" \/>\n<meta property=\"og:description\" content=\"Aferdita ne krahet e Di Caprios? Reagon Shpati: E kam shok, kemi pire kafe... Shpati \u00ebsht\u00eb p\u00ebrpjekur t\u00eb sqaroj\u00eb situat\u00ebn n\u00eb emisionin &quot;Silikon&quot; Pasi mor\u00ebn\" \/>\n<meta property=\"og:url\" content=\"https:\/\/www.visit-ulcinj.com\/blog\/2013\/02\/08\/aferdita-ne-krahet-e-di-caprios-reagon-shpati\/\" \/>\n<meta property=\"og:site_name\" content=\"Lajme nga Ulqini\" \/>\n<meta property=\"article:published_time\" content=\"2013-02-08T21:51:15+00:00\" \/>\n<meta property=\"article:modified_time\" content=\"2013-02-08T22:25:28+00:00\" \/>\n<meta property=\"og:image\" content=\"http:\/\/www.visit-ulcinj.com\/blog\/wp-content\/uploads\/2013\/02\/Aferdita-Dreshaj_Leonardo-Dicaprio.1.jpg\" \/>\n<meta name=\"twitter:label1\" content=\"Written by\" \/>\n\t<meta name=\"twitter:data1\" content=\"ulqini\" \/>\n\t<meta name=\"twitter:label2\" content=\"Est. reading time\" \/>\n\t<meta name=\"twitter:data2\" content=\"2 minutes\" \/>\n<script type=\"application\/ld+json\" class=\"yoast-schema-graph\">{\"@context\":\"https:\/\/schema.org\",\"@graph\":[{\"@type\":\"WebSite\",\"@id\":\"https:\/\/www.visit-ulcinj.com\/blog\/#website\",\"url\":\"https:\/\/www.visit-ulcinj.com\/blog\/\",\"name\":\"Lajme nga Ulqini\",\"description\":\"Lajme,Vijesti,Ulqini,Ulqin,Crna Gora,Mali i Zi\",\"potentialAction\":[{\"@type\":\"SearchAction\",\"target\":{\"@type\":\"EntryPoint\",\"urlTemplate\":\"https:\/\/www.visit-ulcinj.com\/blog\/?s={search_term_string}\"},\"query-input\":\"required name=search_term_string\"}],\"inLanguage\":\"en-US\"},{\"@type\":\"ImageObject\",\"inLanguage\":\"en-US\",\"@id\":\"https:\/\/www.visit-ulcinj.com\/blog\/2013\/02\/08\/aferdita-ne-krahet-e-di-caprios-reagon-shpati\/#primaryimage\",\"url\":\"http:\/\/www.visit-ulcinj.com\/blog\/wp-content\/uploads\/2013\/02\/Aferdita-Dreshaj_Leonardo-Dicaprio.1.jpg\",\"contentUrl\":\"http:\/\/www.visit-ulcinj.com\/blog\/wp-content\/uploads\/2013\/02\/Aferdita-Dreshaj_Leonardo-Dicaprio.1.jpg\"},{\"@type\":\"WebPage\",\"@id\":\"https:\/\/www.visit-ulcinj.com\/blog\/2013\/02\/08\/aferdita-ne-krahet-e-di-caprios-reagon-shpati\/#webpage\",\"url\":\"https:\/\/www.visit-ulcinj.com\/blog\/2013\/02\/08\/aferdita-ne-krahet-e-di-caprios-reagon-shpati\/\",\"name\":\"Aferdita ne krahet e Di Caprios- Reagon Shpati - Lajme nga Ulqini\",\"isPartOf\":{\"@id\":\"https:\/\/www.visit-ulcinj.com\/blog\/#website\"},\"primaryImageOfPage\":{\"@id\":\"https:\/\/www.visit-ulcinj.com\/blog\/2013\/02\/08\/aferdita-ne-krahet-e-di-caprios-reagon-shpati\/#primaryimage\"},\"datePublished\":\"2013-02-08T21:51:15+00:00\",\"dateModified\":\"2013-02-08T22:25:28+00:00\",\"author\":{\"@id\":\"https:\/\/www.visit-ulcinj.com\/blog\/#\/schema\/person\/dcab619c614d3038751c63bc2aadc06d\"},\"description\":\"Aferdita ne krahet e Di Caprios? Reagon Shpati: E kam shok, kemi pire kafe... Shpati \u00ebsht\u00eb p\u00ebrpjekur t\u00eb sqaroj\u00eb situat\u00ebn n\u00eb emisionin \\\"Silikon\\\" Pasi mor\u00ebn\",\"breadcrumb\":{\"@id\":\"https:\/\/www.visit-ulcinj.com\/blog\/2013\/02\/08\/aferdita-ne-krahet-e-di-caprios-reagon-shpati\/#breadcrumb\"},\"inLanguage\":\"en-US\",\"potentialAction\":[{\"@type\":\"ReadAction\",\"target\":[\"https:\/\/www.visit-ulcinj.com\/blog\/2013\/02\/08\/aferdita-ne-krahet-e-di-caprios-reagon-shpati\/\"]}]},{\"@type\":\"BreadcrumbList\",\"@id\":\"https:\/\/www.visit-ulcinj.com\/blog\/2013\/02\/08\/aferdita-ne-krahet-e-di-caprios-reagon-shpati\/#breadcrumb\",\"itemListElement\":[{\"@type\":\"ListItem\",\"position\":1,\"name\":\"Aferdita ne krahet e Di Caprios- Reagon Shpati\"}]},{\"@type\":\"Person\",\"@id\":\"https:\/\/www.visit-ulcinj.com\/blog\/#\/schema\/person\/dcab619c614d3038751c63bc2aadc06d\",\"name\":\"ulqini\",\"sameAs\":[\"http:\/\/www.visit-ulcinj.com\"],\"url\":\"https:\/\/www.visit-ulcinj.com\/blog\/author\/admin\/\"}]}<\/script>\n<!-- \/ Yoast SEO plugin. -->","yoast_head_json":{"title":"Aferdita ne krahet e Di Caprios- Reagon Shpati - Lajme nga Ulqini","description":"Aferdita ne krahet e Di Caprios? Reagon Shpati: E kam shok, kemi pire kafe... Shpati \u00ebsht\u00eb p\u00ebrpjekur t\u00eb sqaroj\u00eb situat\u00ebn n\u00eb emisionin \"Silikon\" Pasi mor\u00ebn","robots":{"index":"index","follow":"follow","max-snippet":"max-snippet:-1","max-image-preview":"max-image-preview:large","max-video-preview":"max-video-preview:-1"},"canonical":"https:\/\/www.visit-ulcinj.com\/blog\/2013\/02\/08\/aferdita-ne-krahet-e-di-caprios-reagon-shpati\/","og_locale":"en_US","og_type":"article","og_title":"Aferdita ne krahet e Di Caprios- Reagon Shpati - Lajme nga Ulqini","og_description":"Aferdita ne krahet e Di Caprios? Reagon Shpati: E kam shok, kemi pire kafe... Shpati \u00ebsht\u00eb p\u00ebrpjekur t\u00eb sqaroj\u00eb situat\u00ebn n\u00eb emisionin \"Silikon\" Pasi mor\u00ebn","og_url":"https:\/\/www.visit-ulcinj.com\/blog\/2013\/02\/08\/aferdita-ne-krahet-e-di-caprios-reagon-shpati\/","og_site_name":"Lajme nga Ulqini","article_published_time":"2013-02-08T21:51:15+00:00","article_modified_time":"2013-02-08T22:25:28+00:00","og_image":[{"url":"http:\/\/www.visit-ulcinj.com\/blog\/wp-content\/uploads\/2013\/02\/Aferdita-Dreshaj_Leonardo-Dicaprio.1.jpg"}],"twitter_misc":{"Written by":"ulqini","Est. reading time":"2 minutes"},"schema":{"@context":"https:\/\/schema.org","@graph":[{"@type":"WebSite","@id":"https:\/\/www.visit-ulcinj.com\/blog\/#website","url":"https:\/\/www.visit-ulcinj.com\/blog\/","name":"Lajme nga Ulqini","description":"Lajme,Vijesti,Ulqini,Ulqin,Crna Gora,Mali i Zi","potentialAction":[{"@type":"SearchAction","target":{"@type":"EntryPoint","urlTemplate":"https:\/\/www.visit-ulcinj.com\/blog\/?s={search_term_string}"},"query-input":"required name=search_term_string"}],"inLanguage":"en-US"},{"@type":"ImageObject","inLanguage":"en-US","@id":"https:\/\/www.visit-ulcinj.com\/blog\/2013\/02\/08\/aferdita-ne-krahet-e-di-caprios-reagon-shpati\/#primaryimage","url":"http:\/\/www.visit-ulcinj.com\/blog\/wp-content\/uploads\/2013\/02\/Aferdita-Dreshaj_Leonardo-Dicaprio.1.jpg","contentUrl":"http:\/\/www.visit-ulcinj.com\/blog\/wp-content\/uploads\/2013\/02\/Aferdita-Dreshaj_Leonardo-Dicaprio.1.jpg"},{"@type":"WebPage","@id":"https:\/\/www.visit-ulcinj.com\/blog\/2013\/02\/08\/aferdita-ne-krahet-e-di-caprios-reagon-shpati\/#webpage","url":"https:\/\/www.visit-ulcinj.com\/blog\/2013\/02\/08\/aferdita-ne-krahet-e-di-caprios-reagon-shpati\/","name":"Aferdita ne krahet e Di Caprios- Reagon Shpati - Lajme nga Ulqini","isPartOf":{"@id":"https:\/\/www.visit-ulcinj.com\/blog\/#website"},"primaryImageOfPage":{"@id":"https:\/\/www.visit-ulcinj.com\/blog\/2013\/02\/08\/aferdita-ne-krahet-e-di-caprios-reagon-shpati\/#primaryimage"},"datePublished":"2013-02-08T21:51:15+00:00","dateModified":"2013-02-08T22:25:28+00:00","author":{"@id":"https:\/\/www.visit-ulcinj.com\/blog\/#\/schema\/person\/dcab619c614d3038751c63bc2aadc06d"},"description":"Aferdita ne krahet e Di Caprios? Reagon Shpati: E kam shok, kemi pire kafe... Shpati \u00ebsht\u00eb p\u00ebrpjekur t\u00eb sqaroj\u00eb situat\u00ebn n\u00eb emisionin \"Silikon\" Pasi mor\u00ebn","breadcrumb":{"@id":"https:\/\/www.visit-ulcinj.com\/blog\/2013\/02\/08\/aferdita-ne-krahet-e-di-caprios-reagon-shpati\/#breadcrumb"},"inLanguage":"en-US","potentialAction":[{"@type":"ReadAction","target":["https:\/\/www.visit-ulcinj.com\/blog\/2013\/02\/08\/aferdita-ne-krahet-e-di-caprios-reagon-shpati\/"]}]},{"@type":"BreadcrumbList","@id":"https:\/\/www.visit-ulcinj.com\/blog\/2013\/02\/08\/aferdita-ne-krahet-e-di-caprios-reagon-shpati\/#breadcrumb","itemListElement":[{"@type":"ListItem","position":1,"name":"Aferdita ne krahet e Di Caprios- Reagon Shpati"}]},{"@type":"Person","@id":"https:\/\/www.visit-ulcinj.com\/blog\/#\/schema\/person\/dcab619c614d3038751c63bc2aadc06d","name":"ulqini","sameAs":["http:\/\/www.visit-ulcinj.com"],"url":"https:\/\/www.visit-ulcinj.com\/blog\/author\/admin\/"}]}},"jetpack_featured_media_url":"","jetpack_sharing_enabled":true,"jetpack_shortlink":"https:\/\/wp.me\/pe6lTn-hOh","_links":{"self":[{"href":"https:\/\/www.visit-ulcinj.com\/blog\/wp-json\/wp\/v2\/posts\/68465"}],"collection":[{"href":"https:\/\/www.visit-ulcinj.com\/blog\/wp-json\/wp\/v2\/posts"}],"about":[{"href":"https:\/\/www.visit-ulcinj.com\/blog\/wp-json\/wp\/v2\/types\/post"}],"author":[{"embeddable":true,"href":"https:\/\/www.visit-ulcinj.com\/blog\/wp-json\/wp\/v2\/users\/1"}],"replies":[{"embeddable":true,"href":"https:\/\/www.visit-ulcinj.com\/blog\/wp-json\/wp\/v2\/comments?post=68465"}],"version-history":[{"count":4,"href":"https:\/\/www.visit-ulcinj.com\/blog\/wp-json\/wp\/v2\/posts\/68465\/revisions"}],"predecessor-version":[{"id":68472,"href":"https:\/\/www.visit-ulcinj.com\/blog\/wp-json\/wp\/v2\/posts\/68465\/revisions\/68472"}],"wp:attachment":[{"href":"https:\/\/www.visit-ulcinj.com\/blog\/wp-json\/wp\/v2\/media?parent=68465"}],"wp:term":[{"taxonomy":"category","embeddable":true,"href":"https:\/\/www.visit-ulcinj.com\/blog\/wp-json\/wp\/v2\/categories?post=68465"},{"taxonomy":"post_tag","embeddable":true,"href":"https:\/\/www.visit-ulcinj.com\/blog\/wp-json\/wp\/v2\/tags?post=68465"}],"curies":[{"name":"wp","href":"https:\/\/api.w.org\/{rel}","templated":true}]}}