{"id":6847,"date":"2008-12-04T21:12:19","date_gmt":"2008-12-04T20:12:19","guid":{"rendered":"http:\/\/www.visit-ulcinj.com\/blog\/?p=6847"},"modified":"2008-12-04T21:12:19","modified_gmt":"2008-12-04T20:12:19","slug":"mehmet-bardhi-pershendet-kuvendin-e-5-te-te-aak-es","status":"publish","type":"post","link":"https:\/\/www.visit-ulcinj.com\/blog\/2008\/12\/04\/mehmet-bardhi-pershendet-kuvendin-e-5-te-te-aak-es\/","title":{"rendered":"Mehmet Bardhi p\u00ebrsh\u00ebndet kuvendin e 5-t\u00eb t\u00eb AAK-\u00ebs"},"content":{"rendered":"<p><a href=\"http:\/\/www.visit-ulcinj.com\/blog\/wp-content\/uploads\/2008\/12\/mehmet-bardhi.jpg\"><img loading=\"lazy\" class=\"alignleft size-medium wp-image-6848\" title=\"mehmet-bardhi\" src=\"http:\/\/www.visit-ulcinj.com\/blog\/wp-content\/uploads\/2008\/12\/mehmet-bardhi-300x225.jpg\" alt=\"\" width=\"361\" height=\"271\" srcset=\"https:\/\/www.visit-ulcinj.com\/blog\/wp-content\/uploads\/2008\/12\/mehmet-bardhi-300x225.jpg 300w, https:\/\/www.visit-ulcinj.com\/blog\/wp-content\/uploads\/2008\/12\/mehmet-bardhi.jpg 600w\" sizes=\"(max-width: 361px) 100vw, 361px\" \/><\/a><strong>Mehmet BARDHI, kryetar i Lidhjes Demokratike n\u00eb Mal t\u00eb Zi, fjala p\u00ebrsh\u00ebndet\u00ebse n\u00eb Kuvendin e 5-t\u00eb t\u00eb Alenanc\u00ebs p\u00ebr Ardhm\u00ebrin\u00eb e Kosov\u00ebs, mbajtur n\u00eb Sall\u00ebn e Kuqe t\u00eb Pallatit t\u00eb Rinis\u00eb dhe Sporteve n\u00eb Prishtin\u00eb, e diel\u00eb, m\u00eb\u00a0 30. 11. 2008 <\/strong><br \/>\nT\u00eb nderuar delegat\u00eb t\u00eb Aleanc\u00ebs p\u00ebr Ardhm\u00ebrin\u00eb e Kosov\u00ebs,<br \/>\nI nderuar kryetar Ramush Haradinaj,<br \/>\n(I nderuar zot\u00ebri President\u00a0 Fatmir Sejdiu, z\u00ebvend\u00ebskryeminist\u00ebr Ram\u00eb Manaj, i nderuar ambasador William Walker,\u00a0 zot\u00ebri Stiven Shuk)<br \/>\nT\u00eb nderuar mysafir\u00eb, p\u00ebrfaq\u00ebsues\u00a0 diplomat\u00eb, p\u00ebrfaq\u00ebsues t\u00eb mjeteve t\u00eb informimit,<br \/>\nZonja dhe zot\u00ebrinj,<br \/>\nN\u00eb em\u00ebr t\u00eb Lidhjes Demokratike n\u00eb Mal t\u00eb Zi, t\u00eb partis\u00eb s\u00eb\u00a0 par\u00eb politike t\u00eb shqiptar\u00ebve n\u00eb Malin e Zi, t\u00eb formuar m\u00eb 09 shtator 1990, n\u00eb em\u00ebr t\u00eb delegacionit q\u00eb \u00ebsht\u00eb me mua, zot\u00ebrinj\u00ebve: Tahir Gjonbalaj, Nikoll\u00eb Camaj, Kadri Sinani dhe Miftar Balidemaj, ju fal\u00ebnderoj p\u00ebr ftes\u00ebn dhe\u00a0 ju p\u00ebrsh\u00ebndes p\u00ebrzem\u00ebrsisht, nd\u00ebrsa Kuvendit i uroj pun\u00eb t\u00eb mbar\u00eb dhe suksese n\u00eb pun\u00ebn e tij.<br \/>\nKosova u b\u00eb e pavarur dhe sovrane (17 shkurt 2008), por q\u00eb k\u00ebrkon edhe shum\u00eb angazhime, n\u00eb vazhdim\u00ebsi, e vigjilenc\u00eb politike e diplomatike, sepse q\u00ebndrueshm\u00ebria e saj, megjith\u00ebse tashm\u00eb u pranua nga nj\u00eb num\u00ebr i madh shtetesh (52), si t\u00ebr\u00ebsi, varet nga shum\u00eb faktor\u00eb, t\u00eb cil\u00ebt\u00a0 nuk l\u00ebn\u00eb vend p\u00ebr vet\u00ebk\u00ebnaq\u00ebsi.<br \/>\nShqiptar\u00ebt, n\u00eb trojet e veta shekullore, sot n\u00eb Malin e Zi, u g\u00ebzuan pamas\u00eb dhe p\u00ebrsh\u00ebndet\u00ebn pavar\u00ebsin\u00eb e Kosov\u00ebs. Ne, n\u00eb Kosov\u00eb, n\u00eb shkollat e mesme, n\u00eb fillim, e n\u00eb fakultete, gjithnj\u00eb, mor\u00ebm dije, q\u00eb isht\u00eb dhe \u00ebsht\u00eb aq shum\u00eb e nevojshme, jo vet\u00ebm t\u00eb shkenc\u00ebs s\u00eb mir\u00ebfillt\u00eb, por mbi t\u00eb gjitha t\u00eb shkoll\u00ebs s\u00eb atdhetarizm\u00ebs. P\u00ebr k\u00ebt\u00eb edhe nga k\u00ebtu, me plot goj\u00ebn u them: FALIMINDERIT!<br \/>\nZonja dhe zot\u00ebrinj, nga Kosova i kemi syt\u00eb e kthyer edhe sot, madje m\u00eb shum\u00eb se dikur, sepse n\u00eb kurriz t\u00eb shqiptar\u00ebve po vazhdojn\u00eb t\u00eb luhen lojna t\u00eb rrezikshme, e kam fjal\u00ebn p\u00ebr shqiptar\u00ebt n\u00eb trojet e veta shekullore, sot n\u00eb Malin e Zi. Madje, si gjithher\u00eb, n\u00eb k\u00ebto e k\u00ebsi lojnash, fatkeq\u00ebsisht po marrin pjes\u00eb edhe shqiptar\u00ebt, disa, madje edhe struktura politike etj., q\u00eb me loj\u00ebn e rrezikshme, q\u00eb po b\u00ebjn\u00eb p\u00ebr rahatin\u00eb e tyre, t\u00eb kolltuqeve, keqp\u00ebrdorin pozit\u00ebn dhe shpesh thirr\u00ebn n\u00eb Kosov\u00ebn e personalitete t\u00eb ndryshme t\u00eb Kosov\u00ebs, se e kan\u00eb p\u00ebrkrahjen e tyre !<br \/>\nE qart\u00eb \u00ebsht\u00eb se k\u00ebto jan\u00eb manipulime, por q\u00eb d\u00ebmtojn\u00eb, fusin huti n\u00eb popull&#8230;<br \/>\nLidhja Demokratike dhe un\u00eb jemi t\u00eb bindur se n\u00eb AAK-n\u00eb do t\u00eb ken\u00eb p\u00ebrkrahje vet\u00ebm forcat atdhetare dhe demokratike.<br \/>\nZonja dhe zot\u00ebrinj, athua nuk ka kaluar koha q\u00eb p\u00ebr ekzistenc\u00ebn, jetes\u00ebn e gjall\u00ebrimin ton\u00eb, t\u2019i themi dikujt \u201cHVALA LIJEPO&#8230;\u201d (si\u00e7 u p\u00ebrs\u00ebrit edhe para disa dit\u00ebsh(!?)), madje edhe kur\u00a0 na burgosin, kur na \u201cp\u00ebrk\u00ebdhelin\u201d me shkopinj, grushta dhe shqelma, sepse k\u00ebrkonim t\u00eb drejtat tona!? (Kur me an\u00eb t\u00eb\u00a0 ashtuquajturin privatizim, pa pjes\u00ebmarrjen e vendimmarrjen ton\u00eb, po na i okupojn\u00eb e kolonizojn\u00eb pasurit\u00eb tona !? etj. etj.). Jo, zonja dhe zot\u00ebrinj.<br \/>\n\u00c7\u00ebshtja shqiptare, me Kosov\u00ebn e Pavarur, po shkon p\u00ebrpara, por mbetet ende e pazgjidhur. Shqiptar\u00ebt, n\u00eb trojet e veta, sot n\u00eb Malin e Zi, n\u00eb Lugin\u00ebn e Preshev\u00ebs, n\u00eb Serbi, jan\u00eb larg asaj q\u00eb pritem e duhet t\u00eb jemi.<br \/>\nMegjithat\u00eb, me Shqip\u00ebrin\u00eb n\u00eb NATO e Kosov\u00ebn e Pavarur dhe me miqt\u00eb \u2013 SHBA-t\u00eb, aleat\u00ebt veriatlantik\u00eb e UE-n\u00eb, shpresojm\u00eb\u00a0 se edhe shqiptar\u00ebt n\u00eb trojet e veta, sot n\u00eb Malin e Zi, do t\u00eb ken\u00eb dit\u00eb m\u00eb t\u00eb mira e perspektiv\u00eb. Edhe nj\u00eb her\u00eb urime e suksese.<br \/>\nFaleminderit.<\/p>\n<p><strong>Ramush Haradinaj \u00ebsht\u00eb rizgjedhur kryetar i Aleanc\u00ebs p\u00ebr Ardhm\u00ebrin\u00eb e Kosov\u00ebs<\/strong><\/p>\n<div id=\"attachment_1130\" style=\"width: 305px\" class=\"wp-caption alignright\"><a href=\"http:\/\/www.visit-ulcinj.com\/blog\/wp-content\/uploads\/2008\/04\/ramush-haradinaj.jpg\"><img aria-describedby=\"caption-attachment-1130\" loading=\"lazy\" class=\"size-medium wp-image-1130\" title=\"ramush-haradinaj\" src=\"http:\/\/www.visit-ulcinj.com\/blog\/wp-content\/uploads\/2008\/04\/ramush-haradinaj.jpg\" alt=\"Ramush Haradinaj\" width=\"295\" height=\"221\" \/><\/a><p id=\"caption-attachment-1130\" class=\"wp-caption-text\">Ramush Haradinaj<\/p><\/div>\n<p>Delegat\u00ebt e AAK-s\u00eb me shumic\u00eb votash vendos\u00ebn q\u00eb ish-kryeministri i Kosov\u00ebs t\u00eb kryesoj\u00eb partin\u00eb edhe p\u00ebr mandatin e radh\u00ebs.<br \/>\n\u201cEdhe nj\u00eb her\u00eb rikonfirmoj se un\u00eb dhe Aleanca p\u00ebr Ardhm\u00ebrin\u00eb e Kosov\u00ebs do t\u00eb jemi n\u00eb sh\u00ebrbim t\u00eb vendit dhe t\u00eb interesave vitale t\u00eb shoq\u00ebris\u00eb son\u00eb\u201d, tha Haradinaj.<br \/>\nN\u00eb Kuvendin e pest\u00eb zgjedhor t\u00eb AAK-s\u00eb, partis\u00eb edhe zyrtarisht iu bashkua publicisti Blerim Shala, ish-koordinator i ekipit t\u00eb Unitetit. N\u00eb fjalimin e tij t\u00eb par\u00eb si pjes\u00eb e subjektit politik AAK, Shala adresoi nj\u00eb mori kritikash p\u00ebr institucionet vendore dhe nd\u00ebrkomb\u00ebtare.<br \/>\n\u201cRinkofigurimi i UNMIK-ut po shnd\u00ebrrohet n\u00eb deformim t\u00eb pranis\u00eb s\u00eb Bashkimit evropian n\u00eb Kosov\u00eb, n\u00eb dekompozim t\u00eb shtetit t\u00eb Kosov\u00ebs dhe n\u00eb d\u00ebmtim t\u00eb kufijve t\u00eb Kosov\u00ebs\u2026Nuk ka ardhm\u00ebri p\u00ebr qytetar\u00ebt e Kosov\u00ebs pa e b\u00ebr\u00eb Kosov\u00ebn shtet stabil, t\u00eb q\u00ebndruesh\u00ebm; pa e b\u00ebr\u00eb shtetin e Kosov\u00ebs nj\u00eb vler\u00eb politike n\u00eb rajon dhe m\u00eb gjer\u00eb\u201d, tha Shala.<\/p>\n\n\t\t<style type=\"text\/css\">\n\t\t\t#gallery-1 {\n\t\t\t\tmargin: auto;\n\t\t\t}\n\t\t\t#gallery-1 .gallery-item {\n\t\t\t\tfloat: left;\n\t\t\t\tmargin-top: 10px;\n\t\t\t\ttext-align: center;\n\t\t\t\twidth: 33%;\n\t\t\t}\n\t\t\t#gallery-1 img {\n\t\t\t\tborder: 2px solid #cfcfcf;\n\t\t\t}\n\t\t\t#gallery-1 .gallery-caption {\n\t\t\t\tmargin-left: 0;\n\t\t\t}\n\t\t\t\/* see gallery_shortcode() in wp-includes\/media.php *\/\n\t\t<\/style>\n\t\t<div id='gallery-1' class='gallery galleryid-6847 gallery-columns-3 gallery-size-thumbnail'><dl class='gallery-item'>\n\t\t\t<dt class='gallery-icon landscape'>\n\t\t\t\t<a href='https:\/\/www.visit-ulcinj.com\/blog\/2008\/12\/04\/mehmet-bardhi-pershendet-kuvendin-e-5-te-te-aak-es\/mehmet-bardhi-2-2\/'><img width=\"150\" height=\"150\" src=\"https:\/\/www.visit-ulcinj.com\/blog\/wp-content\/uploads\/2008\/12\/mehmet-bardhi-150x150.jpg\" class=\"attachment-thumbnail size-thumbnail\" alt=\"\" loading=\"lazy\" \/><\/a>\n\t\t\t<\/dt><\/dl><dl class='gallery-item'>\n\t\t\t<dt class='gallery-icon landscape'>\n\t\t\t\t<a href='https:\/\/www.visit-ulcinj.com\/blog\/2008\/12\/04\/mehmet-bardhi-pershendet-kuvendin-e-5-te-te-aak-es\/bardhi-dhe-ramush-haradinaj\/'><img width=\"150\" height=\"150\" src=\"https:\/\/www.visit-ulcinj.com\/blog\/wp-content\/uploads\/2008\/12\/bardhi-dhe-ramush-haradinaj-150x150.jpg\" class=\"attachment-thumbnail size-thumbnail\" alt=\"\" loading=\"lazy\" \/><\/a>\n\t\t\t<\/dt><\/dl><dl class='gallery-item'>\n\t\t\t<dt class='gallery-icon landscape'>\n\t\t\t\t<a href='https:\/\/www.visit-ulcinj.com\/blog\/2008\/12\/04\/mehmet-bardhi-pershendet-kuvendin-e-5-te-te-aak-es\/bardhi_camaj_sinani\/'><img width=\"150\" height=\"150\" src=\"https:\/\/www.visit-ulcinj.com\/blog\/wp-content\/uploads\/2008\/12\/bardhi_camaj_sinani-150x150.jpg\" class=\"attachment-thumbnail size-thumbnail\" alt=\"\" loading=\"lazy\" \/><\/a>\n\t\t\t<\/dt><\/dl><br style=\"clear: both\" \/><dl class='gallery-item'>\n\t\t\t<dt class='gallery-icon landscape'>\n\t\t\t\t<a href='https:\/\/www.visit-ulcinj.com\/blog\/2008\/12\/04\/mehmet-bardhi-pershendet-kuvendin-e-5-te-te-aak-es\/camaj_wolker_bardhi\/'><img width=\"150\" height=\"150\" src=\"https:\/\/www.visit-ulcinj.com\/blog\/wp-content\/uploads\/2008\/12\/camaj_wolker_bardhi-150x150.jpg\" class=\"attachment-thumbnail size-thumbnail\" alt=\"\" loading=\"lazy\" \/><\/a>\n\t\t\t<\/dt><\/dl><dl class='gallery-item'>\n\t\t\t<dt class='gallery-icon landscape'>\n\t\t\t\t<a href='https:\/\/www.visit-ulcinj.com\/blog\/2008\/12\/04\/mehmet-bardhi-pershendet-kuvendin-e-5-te-te-aak-es\/mehmet-bardhi-me-delegacion\/'><img width=\"150\" height=\"150\" src=\"https:\/\/www.visit-ulcinj.com\/blog\/wp-content\/uploads\/2008\/12\/mehmet-bardhi-me-delegacion-150x150.jpg\" class=\"attachment-thumbnail size-thumbnail\" alt=\"\" loading=\"lazy\" \/><\/a>\n\t\t\t<\/dt><\/dl><dl class='gallery-item'>\n\t\t\t<dt class='gallery-icon landscape'>\n\t\t\t\t<a href='https:\/\/www.visit-ulcinj.com\/blog\/2008\/12\/04\/mehmet-bardhi-pershendet-kuvendin-e-5-te-te-aak-es\/bardhi_camaj_dhe-te-tjeret\/'><img width=\"150\" height=\"150\" src=\"https:\/\/www.visit-ulcinj.com\/blog\/wp-content\/uploads\/2008\/12\/bardhi_camaj_dhe-te-tjeret-150x150.jpg\" class=\"attachment-thumbnail size-thumbnail\" alt=\"\" loading=\"lazy\" \/><\/a>\n\t\t\t<\/dt><\/dl><br style=\"clear: both\" \/>\n\t\t<\/div>\n\n","protected":false},"excerpt":{"rendered":"<p>Mehmet BARDHI, kryetar i Lidhjes Demokratike n\u00eb Mal t\u00eb Zi, fjala p\u00ebrsh\u00ebndet\u00ebse n\u00eb Kuvendin e 5-t\u00eb t\u00eb Alenanc\u00ebs p\u00ebr Ardhm\u00ebrin\u00eb e Kosov\u00ebs, mbajtur n\u00eb Sall\u00ebn e Kuqe t\u00eb Pallatit t\u00eb Rinis\u00eb dhe Sporteve n\u00eb Prishtin\u00eb, e diel\u00eb, m\u00eb\u00a0 30. 11. 2008 T\u00eb nderuar delegat\u00eb t\u00eb Aleanc\u00ebs p\u00ebr Ardhm\u00ebrin\u00eb e Kosov\u00ebs, I nderuar kryetar Ramush Haradinaj, [&hellip;]<\/p>\n","protected":false},"author":1,"featured_media":0,"comment_status":"open","ping_status":"closed","sticky":false,"template":"","format":"standard","meta":{"spay_email":"","jetpack_publicize_message":"","jetpack_is_tweetstorm":false,"jetpack_publicize_feature_enabled":true},"categories":[13],"tags":[5158,5159,347,2476],"jetpack_publicize_connections":[],"yoast_head":"<!-- This site is optimized with the Yoast SEO plugin v19.1 - https:\/\/yoast.com\/wordpress\/plugins\/seo\/ -->\n<title>Mehmet Bardhi p\u00ebrsh\u00ebndet kuvendin e 5-t\u00eb t\u00eb AAK-\u00ebs - Lajme nga Ulqini<\/title>\n<meta name=\"description\" content=\"Mehmet BARDHI, kryetar i Lidhjes Demokratike n\u00eb Mal t\u00eb Zi, fjala p\u00ebrsh\u00ebndet\u00ebse n\u00eb Kuvendin e 5-t\u00eb t\u00eb Alenanc\u00ebs p\u00ebr Ardhm\u00ebrin\u00eb e Kosov\u00ebs, mbajtur n\u00eb Sall\u00ebn\" \/>\n<meta name=\"robots\" content=\"index, follow, max-snippet:-1, max-image-preview:large, max-video-preview:-1\" \/>\n<link rel=\"canonical\" href=\"https:\/\/www.visit-ulcinj.com\/blog\/2008\/12\/04\/mehmet-bardhi-pershendet-kuvendin-e-5-te-te-aak-es\/\" \/>\n<meta property=\"og:locale\" content=\"en_US\" \/>\n<meta property=\"og:type\" content=\"article\" \/>\n<meta property=\"og:title\" content=\"Mehmet Bardhi p\u00ebrsh\u00ebndet kuvendin e 5-t\u00eb t\u00eb AAK-\u00ebs - Lajme nga Ulqini\" \/>\n<meta property=\"og:description\" content=\"Mehmet BARDHI, kryetar i Lidhjes Demokratike n\u00eb Mal t\u00eb Zi, fjala p\u00ebrsh\u00ebndet\u00ebse n\u00eb Kuvendin e 5-t\u00eb t\u00eb Alenanc\u00ebs p\u00ebr Ardhm\u00ebrin\u00eb e Kosov\u00ebs, mbajtur n\u00eb Sall\u00ebn\" \/>\n<meta property=\"og:url\" content=\"https:\/\/www.visit-ulcinj.com\/blog\/2008\/12\/04\/mehmet-bardhi-pershendet-kuvendin-e-5-te-te-aak-es\/\" \/>\n<meta property=\"og:site_name\" content=\"Lajme nga Ulqini\" \/>\n<meta property=\"article:published_time\" content=\"2008-12-04T20:12:19+00:00\" \/>\n<meta property=\"og:image\" content=\"https:\/\/www.visit-ulcinj.com\/blog\/wp-content\/uploads\/2008\/12\/mehmet-bardhi-150x150.jpg\" \/>\n<meta name=\"twitter:label1\" content=\"Written by\" \/>\n\t<meta name=\"twitter:data1\" content=\"ulqini\" \/>\n\t<meta name=\"twitter:label2\" content=\"Est. reading time\" \/>\n\t<meta name=\"twitter:data2\" content=\"4 minutes\" \/>\n<script type=\"application\/ld+json\" class=\"yoast-schema-graph\">{\"@context\":\"https:\/\/schema.org\",\"@graph\":[{\"@type\":\"WebSite\",\"@id\":\"https:\/\/www.visit-ulcinj.com\/blog\/#website\",\"url\":\"https:\/\/www.visit-ulcinj.com\/blog\/\",\"name\":\"Lajme nga Ulqini\",\"description\":\"Lajme,Vijesti,Ulqini,Ulqin,Crna Gora,Mali i Zi\",\"potentialAction\":[{\"@type\":\"SearchAction\",\"target\":{\"@type\":\"EntryPoint\",\"urlTemplate\":\"https:\/\/www.visit-ulcinj.com\/blog\/?s={search_term_string}\"},\"query-input\":\"required name=search_term_string\"}],\"inLanguage\":\"en-US\"},{\"@type\":\"ImageObject\",\"inLanguage\":\"en-US\",\"@id\":\"https:\/\/www.visit-ulcinj.com\/blog\/2008\/12\/04\/mehmet-bardhi-pershendet-kuvendin-e-5-te-te-aak-es\/#primaryimage\",\"url\":\"http:\/\/www.visit-ulcinj.com\/blog\/wp-content\/uploads\/2008\/12\/mehmet-bardhi-300x225.jpg\",\"contentUrl\":\"http:\/\/www.visit-ulcinj.com\/blog\/wp-content\/uploads\/2008\/12\/mehmet-bardhi-300x225.jpg\"},{\"@type\":\"WebPage\",\"@id\":\"https:\/\/www.visit-ulcinj.com\/blog\/2008\/12\/04\/mehmet-bardhi-pershendet-kuvendin-e-5-te-te-aak-es\/#webpage\",\"url\":\"https:\/\/www.visit-ulcinj.com\/blog\/2008\/12\/04\/mehmet-bardhi-pershendet-kuvendin-e-5-te-te-aak-es\/\",\"name\":\"Mehmet Bardhi p\u00ebrsh\u00ebndet kuvendin e 5-t\u00eb t\u00eb AAK-\u00ebs - Lajme nga Ulqini\",\"isPartOf\":{\"@id\":\"https:\/\/www.visit-ulcinj.com\/blog\/#website\"},\"primaryImageOfPage\":{\"@id\":\"https:\/\/www.visit-ulcinj.com\/blog\/2008\/12\/04\/mehmet-bardhi-pershendet-kuvendin-e-5-te-te-aak-es\/#primaryimage\"},\"datePublished\":\"2008-12-04T20:12:19+00:00\",\"dateModified\":\"2008-12-04T20:12:19+00:00\",\"author\":{\"@id\":\"https:\/\/www.visit-ulcinj.com\/blog\/#\/schema\/person\/dcab619c614d3038751c63bc2aadc06d\"},\"description\":\"Mehmet BARDHI, kryetar i Lidhjes Demokratike n\u00eb Mal t\u00eb Zi, fjala p\u00ebrsh\u00ebndet\u00ebse n\u00eb Kuvendin e 5-t\u00eb t\u00eb Alenanc\u00ebs p\u00ebr Ardhm\u00ebrin\u00eb e Kosov\u00ebs, mbajtur n\u00eb Sall\u00ebn\",\"breadcrumb\":{\"@id\":\"https:\/\/www.visit-ulcinj.com\/blog\/2008\/12\/04\/mehmet-bardhi-pershendet-kuvendin-e-5-te-te-aak-es\/#breadcrumb\"},\"inLanguage\":\"en-US\",\"potentialAction\":[{\"@type\":\"ReadAction\",\"target\":[\"https:\/\/www.visit-ulcinj.com\/blog\/2008\/12\/04\/mehmet-bardhi-pershendet-kuvendin-e-5-te-te-aak-es\/\"]}]},{\"@type\":\"BreadcrumbList\",\"@id\":\"https:\/\/www.visit-ulcinj.com\/blog\/2008\/12\/04\/mehmet-bardhi-pershendet-kuvendin-e-5-te-te-aak-es\/#breadcrumb\",\"itemListElement\":[{\"@type\":\"ListItem\",\"position\":1,\"name\":\"Mehmet Bardhi p\u00ebrsh\u00ebndet kuvendin e 5-t\u00eb t\u00eb AAK-\u00ebs\"}]},{\"@type\":\"Person\",\"@id\":\"https:\/\/www.visit-ulcinj.com\/blog\/#\/schema\/person\/dcab619c614d3038751c63bc2aadc06d\",\"name\":\"ulqini\",\"sameAs\":[\"http:\/\/www.visit-ulcinj.com\"],\"url\":\"https:\/\/www.visit-ulcinj.com\/blog\/author\/admin\/\"}]}<\/script>\n<!-- \/ Yoast SEO plugin. -->","yoast_head_json":{"title":"Mehmet Bardhi p\u00ebrsh\u00ebndet kuvendin e 5-t\u00eb t\u00eb AAK-\u00ebs - Lajme nga Ulqini","description":"Mehmet BARDHI, kryetar i Lidhjes Demokratike n\u00eb Mal t\u00eb Zi, fjala p\u00ebrsh\u00ebndet\u00ebse n\u00eb Kuvendin e 5-t\u00eb t\u00eb Alenanc\u00ebs p\u00ebr Ardhm\u00ebrin\u00eb e Kosov\u00ebs, mbajtur n\u00eb Sall\u00ebn","robots":{"index":"index","follow":"follow","max-snippet":"max-snippet:-1","max-image-preview":"max-image-preview:large","max-video-preview":"max-video-preview:-1"},"canonical":"https:\/\/www.visit-ulcinj.com\/blog\/2008\/12\/04\/mehmet-bardhi-pershendet-kuvendin-e-5-te-te-aak-es\/","og_locale":"en_US","og_type":"article","og_title":"Mehmet Bardhi p\u00ebrsh\u00ebndet kuvendin e 5-t\u00eb t\u00eb AAK-\u00ebs - Lajme nga Ulqini","og_description":"Mehmet BARDHI, kryetar i Lidhjes Demokratike n\u00eb Mal t\u00eb Zi, fjala p\u00ebrsh\u00ebndet\u00ebse n\u00eb Kuvendin e 5-t\u00eb t\u00eb Alenanc\u00ebs p\u00ebr Ardhm\u00ebrin\u00eb e Kosov\u00ebs, mbajtur n\u00eb Sall\u00ebn","og_url":"https:\/\/www.visit-ulcinj.com\/blog\/2008\/12\/04\/mehmet-bardhi-pershendet-kuvendin-e-5-te-te-aak-es\/","og_site_name":"Lajme nga Ulqini","article_published_time":"2008-12-04T20:12:19+00:00","og_image":[{"url":"https:\/\/www.visit-ulcinj.com\/blog\/wp-content\/uploads\/2008\/12\/mehmet-bardhi-150x150.jpg"}],"twitter_misc":{"Written by":"ulqini","Est. reading time":"4 minutes"},"schema":{"@context":"https:\/\/schema.org","@graph":[{"@type":"WebSite","@id":"https:\/\/www.visit-ulcinj.com\/blog\/#website","url":"https:\/\/www.visit-ulcinj.com\/blog\/","name":"Lajme nga Ulqini","description":"Lajme,Vijesti,Ulqini,Ulqin,Crna Gora,Mali i Zi","potentialAction":[{"@type":"SearchAction","target":{"@type":"EntryPoint","urlTemplate":"https:\/\/www.visit-ulcinj.com\/blog\/?s={search_term_string}"},"query-input":"required name=search_term_string"}],"inLanguage":"en-US"},{"@type":"ImageObject","inLanguage":"en-US","@id":"https:\/\/www.visit-ulcinj.com\/blog\/2008\/12\/04\/mehmet-bardhi-pershendet-kuvendin-e-5-te-te-aak-es\/#primaryimage","url":"http:\/\/www.visit-ulcinj.com\/blog\/wp-content\/uploads\/2008\/12\/mehmet-bardhi-300x225.jpg","contentUrl":"http:\/\/www.visit-ulcinj.com\/blog\/wp-content\/uploads\/2008\/12\/mehmet-bardhi-300x225.jpg"},{"@type":"WebPage","@id":"https:\/\/www.visit-ulcinj.com\/blog\/2008\/12\/04\/mehmet-bardhi-pershendet-kuvendin-e-5-te-te-aak-es\/#webpage","url":"https:\/\/www.visit-ulcinj.com\/blog\/2008\/12\/04\/mehmet-bardhi-pershendet-kuvendin-e-5-te-te-aak-es\/","name":"Mehmet Bardhi p\u00ebrsh\u00ebndet kuvendin e 5-t\u00eb t\u00eb AAK-\u00ebs - Lajme nga Ulqini","isPartOf":{"@id":"https:\/\/www.visit-ulcinj.com\/blog\/#website"},"primaryImageOfPage":{"@id":"https:\/\/www.visit-ulcinj.com\/blog\/2008\/12\/04\/mehmet-bardhi-pershendet-kuvendin-e-5-te-te-aak-es\/#primaryimage"},"datePublished":"2008-12-04T20:12:19+00:00","dateModified":"2008-12-04T20:12:19+00:00","author":{"@id":"https:\/\/www.visit-ulcinj.com\/blog\/#\/schema\/person\/dcab619c614d3038751c63bc2aadc06d"},"description":"Mehmet BARDHI, kryetar i Lidhjes Demokratike n\u00eb Mal t\u00eb Zi, fjala p\u00ebrsh\u00ebndet\u00ebse n\u00eb Kuvendin e 5-t\u00eb t\u00eb Alenanc\u00ebs p\u00ebr Ardhm\u00ebrin\u00eb e Kosov\u00ebs, mbajtur n\u00eb Sall\u00ebn","breadcrumb":{"@id":"https:\/\/www.visit-ulcinj.com\/blog\/2008\/12\/04\/mehmet-bardhi-pershendet-kuvendin-e-5-te-te-aak-es\/#breadcrumb"},"inLanguage":"en-US","potentialAction":[{"@type":"ReadAction","target":["https:\/\/www.visit-ulcinj.com\/blog\/2008\/12\/04\/mehmet-bardhi-pershendet-kuvendin-e-5-te-te-aak-es\/"]}]},{"@type":"BreadcrumbList","@id":"https:\/\/www.visit-ulcinj.com\/blog\/2008\/12\/04\/mehmet-bardhi-pershendet-kuvendin-e-5-te-te-aak-es\/#breadcrumb","itemListElement":[{"@type":"ListItem","position":1,"name":"Mehmet Bardhi p\u00ebrsh\u00ebndet kuvendin e 5-t\u00eb t\u00eb AAK-\u00ebs"}]},{"@type":"Person","@id":"https:\/\/www.visit-ulcinj.com\/blog\/#\/schema\/person\/dcab619c614d3038751c63bc2aadc06d","name":"ulqini","sameAs":["http:\/\/www.visit-ulcinj.com"],"url":"https:\/\/www.visit-ulcinj.com\/blog\/author\/admin\/"}]}},"jetpack_featured_media_url":"","jetpack_sharing_enabled":true,"jetpack_shortlink":"https:\/\/wp.me\/pe6lTn-1Mr","_links":{"self":[{"href":"https:\/\/www.visit-ulcinj.com\/blog\/wp-json\/wp\/v2\/posts\/6847"}],"collection":[{"href":"https:\/\/www.visit-ulcinj.com\/blog\/wp-json\/wp\/v2\/posts"}],"about":[{"href":"https:\/\/www.visit-ulcinj.com\/blog\/wp-json\/wp\/v2\/types\/post"}],"author":[{"embeddable":true,"href":"https:\/\/www.visit-ulcinj.com\/blog\/wp-json\/wp\/v2\/users\/1"}],"replies":[{"embeddable":true,"href":"https:\/\/www.visit-ulcinj.com\/blog\/wp-json\/wp\/v2\/comments?post=6847"}],"version-history":[{"count":0,"href":"https:\/\/www.visit-ulcinj.com\/blog\/wp-json\/wp\/v2\/posts\/6847\/revisions"}],"wp:attachment":[{"href":"https:\/\/www.visit-ulcinj.com\/blog\/wp-json\/wp\/v2\/media?parent=6847"}],"wp:term":[{"taxonomy":"category","embeddable":true,"href":"https:\/\/www.visit-ulcinj.com\/blog\/wp-json\/wp\/v2\/categories?post=6847"},{"taxonomy":"post_tag","embeddable":true,"href":"https:\/\/www.visit-ulcinj.com\/blog\/wp-json\/wp\/v2\/tags?post=6847"}],"curies":[{"name":"wp","href":"https:\/\/api.w.org\/{rel}","templated":true}]}}